{"id":93680,"date":"2023-01-30T07:29:14","date_gmt":"2023-01-30T10:29:14","guid":{"rendered":"https:\/\/www.gaveanews.com\/?p=93680"},"modified":"2023-01-30T07:29:17","modified_gmt":"2023-01-30T10:29:17","slug":"flamengo-ira-fazer-mais-quatro-contratacoes-veja-posicoes","status":"publish","type":"post","link":"https:\/\/www.gaveanews.com\/index.php\/2023\/01\/30\/flamengo-ira-fazer-mais-quatro-contratacoes-veja-posicoes\/","title":{"rendered":"Flamengo ir\u00e1 fazer mais quatro contrata\u00e7\u00f5es; veja posi\u00e7\u00f5es"},"content":{"rendered":"\n<p>O Flamengo foi cauteloso no mercado, mas se v\u00ea pronto para focar na busca de refor\u00e7os. A negocia\u00e7\u00e3o de Jo\u00e3o Gomes encheu o cofre rubro-negro, quase dobrando as metas do ano, e deu muni\u00e7\u00e3o para o departamento de futebol dar mais op\u00e7\u00f5es a V\u00edtor Pereira.<\/p>\n\n\n\n<p>O Wolverhampton pagou R$ 103,8 milh\u00f5es para levar o volante para a Inglaterra. A novela desta negocia\u00e7\u00e3o atrasou os cap\u00edtulos iniciais do Flamengo no mercado, j\u00e1 que o clube deixou claro que precisava entrar dinheiro para realizar novas contrata\u00e7\u00f5es.<\/p>\n\n\n\n<p>Al\u00e9m de Jo\u00e3o Gomes, as negocia\u00e7\u00f5es envolvendo Thuler e Ramon aumentam as cifras para cerca de R$ 115 milh\u00f5es em vendas. Agora, boa parte do valor ser\u00e1 investido em contrata\u00e7\u00f5es. A prioridade ser\u00e1 discutida entre V\u00edtor Pereira e o departamento de futebol. Quatro posi\u00e7\u00f5es s\u00e3o debatidas: volante, ponta, meia e lateral.<\/p>\n\n\n\n<p>\u2014 <em>O Flamengo est\u00e1 sempre atento ao mercado. As pessoas t\u00eam que entender que se hoje o Flamengo erra uma contrata\u00e7\u00e3o e o jogador tem quatro, cinco anos de contrato \u00e9 perigo ficar em cima do contrato, isso acontece nos clubes l\u00e1 de fora, Bayern, Real Madrid\u2026 Com certeza vamos nos refor\u00e7ar. N\u00e3o foi no tempo que acreditamos que seria (as negocia\u00e7\u00f5es), antes do Mundial, mas ainda temos toda uma temporada pela frente, vamos criar toda uma musculatura<\/em> &#8211; disse Marcos Braz, vice-presidente de futebol.<\/p>\n\n\n\n<p>A avalia\u00e7\u00e3o \u00e9 que a sa\u00edda de Jo\u00e3o Gomes fez o time perder muito no meio-campo. Apesar de contar com outros volantes no elenco, o Flamengo deve olhar para o mercado em busca de uma reposi\u00e7\u00e3o com as mesmas caracter\u00edsticas do jovem: efetivo no combate e com f\u00f4lego para ocupa\u00e7\u00e3o de espa\u00e7os e ajuda constante na cobertura.<\/p>\n\n\n\n<p>As laterais est\u00e3o em aberto para V\u00edtor Pereira. O treinador j\u00e1 externou a vontade de contar com tr\u00eas op\u00e7\u00f5es para a posi\u00e7\u00e3o &#8211; ainda que seja preciso olhar para a base rubro-negra. Na direita, Varela e Matheuzinho disputam a vaga. Na esquerda, Filipe Lu\u00eds e Ayrton Lucas s\u00e3o os nomes, e a escala\u00e7\u00e3o tem sido por escolhas t\u00e9cnicas e t\u00e1ticas de acordo com o advers\u00e1rio.<\/p>\n\n\n\n<p>Um atacante que atue pelos lados, principalmente o direito, \u00e9 um dos desejos do Flamengo. A miss\u00e3o \u00e9 antiga, j\u00e1 que a posi\u00e7\u00e3o \u00e9 desejada j\u00e1 h\u00e1 algumas janelas. Internamente, muito se fala da dificuldade de encontrar um jogador com essas caracter\u00edsticas. Assim como um meia que atue como reserva imediato do Arrascaeta.<\/p>\n\n\n\n<p>Apesar do mercado europeu ser mais comum nas negocia\u00e7\u00f5es do Flamengo, o mercado sul-americano tamb\u00e9m \u00e9 uma op\u00e7\u00e3o e que vem sendo olhada com carinho. N\u00e3o \u00e0 toa, o clube carioca acertou pr\u00e9-contrato com Agust\u00edn Rossi, que pertence ao Boca Juniors. O argentino chega ao Brasil em julho.<\/p>\n\n\n\n<p>Os pedidos de VP ser\u00e3o atendidos e s\u00e3o considerados justos para manter o elenco cada vez mais forte. Por\u00e9m, apesar da conversa por novas contrata\u00e7\u00f5es, o t\u00e9cnico acredita na qualidade do material humano que tem \u00e0 disposi\u00e7\u00e3o.<\/p>\n\n\n\n<p><em>\u2014 Desde o primeiro momento tinha uma demanda do t\u00e9cnico, mas \u00e0s vezes n\u00e3o se consegue fazer essa contrata\u00e7\u00e3o da maneira e rapidez que quer\u00edamos. O importante \u00e9 deixar claro que o V\u00edtor, mesmo falando de contrata\u00e7\u00f5es, acredita muito no elenco. (\u2026) O Flamengo \u00e9 muito grande para fazer planejamento em cima de resultado<\/em> &#8211; disse Braz.<\/p>\n\n\n\n<p>Retirado de: Globo Esporte<\/p>\n","protected":false},"excerpt":{"rendered":"<p>O Flamengo foi cauteloso no mercado, mas se v\u00ea pronto para focar na busca de refor\u00e7os. A negocia\u00e7\u00e3o de Jo\u00e3o Gomes encheu o cofre rubro-negro, quase dobrando as metas do ano, e deu muni\u00e7\u00e3o para o departamento de futebol dar mais op\u00e7\u00f5es a V\u00edtor Pereira. O Wolverhampton pagou R$ 103,8 milh\u00f5es para levar o volante [&hellip;]<\/p>\n","protected":false},"author":1,"featured_media":75887,"comment_status":"open","ping_status":"closed","sticky":false,"template":"","format":"standard","meta":{"footnotes":""},"categories":[48],"tags":[],"class_list":["post-93680","post","type-post","status-publish","format-standard","has-post-thumbnail","hentry","category-negociacoes"],"yoast_head":"<!-- This site is optimized with the Yoast SEO Premium plugin v24.2 (Yoast SEO v26.9) - https:\/\/yoast.com\/product\/yoast-seo-premium-wordpress\/ -->\n<title>Flamengo ir\u00e1 fazer mais quatro contrata\u00e7\u00f5es; veja posi\u00e7\u00f5es<\/title>\n<meta name=\"robots\" content=\"index, follow, max-snippet:-1, max-image-preview:large, max-video-preview:-1\" \/>\n<link rel=\"canonical\" href=\"https:\/\/www.gaveanews.com\/index.php\/2023\/01\/30\/flamengo-ira-fazer-mais-quatro-contratacoes-veja-posicoes\/\" \/>\n<meta property=\"og:locale\" content=\"pt_BR\" \/>\n<meta property=\"og:type\" content=\"article\" \/>\n<meta property=\"og:title\" content=\"Flamengo ir\u00e1 fazer mais quatro contrata\u00e7\u00f5es; veja posi\u00e7\u00f5es\" \/>\n<meta property=\"og:description\" content=\"O Flamengo foi cauteloso no mercado, mas se v\u00ea pronto para focar na busca de refor\u00e7os. A negocia\u00e7\u00e3o de Jo\u00e3o Gomes encheu o cofre rubro-negro, quase dobrando as metas do ano, e deu muni\u00e7\u00e3o para o departamento de futebol dar mais op\u00e7\u00f5es a V\u00edtor Pereira. O Wolverhampton pagou R$ 103,8 milh\u00f5es para levar o volante [&hellip;]\" \/>\n<meta property=\"og:url\" content=\"https:\/\/www.gaveanews.com\/index.php\/2023\/01\/30\/flamengo-ira-fazer-mais-quatro-contratacoes-veja-posicoes\/\" \/>\n<meta property=\"og:site_name\" content=\"G\u00e1vea News\" \/>\n<meta property=\"article:publisher\" content=\"https:\/\/facebook.com\/gaveaNews\/\" \/>\n<meta property=\"article:published_time\" content=\"2023-01-30T10:29:14+00:00\" \/>\n<meta property=\"article:modified_time\" content=\"2023-01-30T10:29:17+00:00\" \/>\n<meta property=\"og:image\" content=\"https:\/\/www.gaveanews.com\/wp-content\/uploads\/Marcos-Braz-em-entrevista-no-CT-do-Flamengo.webp\" \/>\n\t<meta property=\"og:image:width\" content=\"799\" \/>\n\t<meta property=\"og:image:height\" content=\"533\" \/>\n\t<meta property=\"og:image:type\" content=\"image\/jpeg\" \/>\n<meta name=\"author\" content=\"Equipe G\u00e1vea News\" \/>\n<meta name=\"twitter:card\" content=\"summary_large_image\" \/>\n<meta name=\"twitter:label1\" content=\"Escrito por\" \/>\n\t<meta name=\"twitter:data1\" content=\"Equipe G\u00e1vea News\" \/>\n\t<meta name=\"twitter:label2\" content=\"Est. tempo de leitura\" \/>\n\t<meta name=\"twitter:data2\" content=\"3 minutos\" \/>\n<script type=\"application\/ld+json\" class=\"yoast-schema-graph\">{\"@context\":\"https:\/\/schema.org\",\"@graph\":[{\"@type\":\"NewsArticle\",\"@id\":\"https:\/\/www.gaveanews.com\/index.php\/2023\/01\/30\/flamengo-ira-fazer-mais-quatro-contratacoes-veja-posicoes\/#article\",\"isPartOf\":{\"@id\":\"https:\/\/www.gaveanews.com\/index.php\/2023\/01\/30\/flamengo-ira-fazer-mais-quatro-contratacoes-veja-posicoes\/\"},\"author\":{\"name\":\"Equipe G\u00e1vea News\",\"@id\":\"https:\/\/www.gaveanews.com\/#\/schema\/person\/2ec14f73fb96be2caf28f91afb14749d\"},\"headline\":\"Flamengo ir\u00e1 fazer mais quatro contrata\u00e7\u00f5es; veja posi\u00e7\u00f5es\",\"datePublished\":\"2023-01-30T10:29:14+00:00\",\"dateModified\":\"2023-01-30T10:29:17+00:00\",\"mainEntityOfPage\":{\"@id\":\"https:\/\/www.gaveanews.com\/index.php\/2023\/01\/30\/flamengo-ira-fazer-mais-quatro-contratacoes-veja-posicoes\/\"},\"wordCount\":599,\"commentCount\":0,\"image\":{\"@id\":\"https:\/\/www.gaveanews.com\/index.php\/2023\/01\/30\/flamengo-ira-fazer-mais-quatro-contratacoes-veja-posicoes\/#primaryimage\"},\"thumbnailUrl\":\"https:\/\/www.gaveanews.com\/wp-content\/uploads\/Marcos-Braz-em-entrevista-no-CT-do-Flamengo.webp\",\"articleSection\":[\"Negocia\u00e7\u00f5es\"],\"inLanguage\":\"pt-BR\",\"potentialAction\":[{\"@type\":\"CommentAction\",\"name\":\"Comment\",\"target\":[\"https:\/\/www.gaveanews.com\/index.php\/2023\/01\/30\/flamengo-ira-fazer-mais-quatro-contratacoes-veja-posicoes\/#respond\"]}],\"copyrightYear\":\"2023\",\"copyrightHolder\":{\"@id\":\"https:\/\/www.gaveanews.com\/#organization\"}},{\"@type\":\"WebPage\",\"@id\":\"https:\/\/www.gaveanews.com\/index.php\/2023\/01\/30\/flamengo-ira-fazer-mais-quatro-contratacoes-veja-posicoes\/\",\"url\":\"https:\/\/www.gaveanews.com\/index.php\/2023\/01\/30\/flamengo-ira-fazer-mais-quatro-contratacoes-veja-posicoes\/\",\"name\":\"Flamengo ir\u00e1 fazer mais quatro contrata\u00e7\u00f5es; veja posi\u00e7\u00f5es\",\"isPartOf\":{\"@id\":\"https:\/\/www.gaveanews.com\/#website\"},\"primaryImageOfPage\":{\"@id\":\"https:\/\/www.gaveanews.com\/index.php\/2023\/01\/30\/flamengo-ira-fazer-mais-quatro-contratacoes-veja-posicoes\/#primaryimage\"},\"image\":{\"@id\":\"https:\/\/www.gaveanews.com\/index.php\/2023\/01\/30\/flamengo-ira-fazer-mais-quatro-contratacoes-veja-posicoes\/#primaryimage\"},\"thumbnailUrl\":\"https:\/\/www.gaveanews.com\/wp-content\/uploads\/Marcos-Braz-em-entrevista-no-CT-do-Flamengo.webp\",\"datePublished\":\"2023-01-30T10:29:14+00:00\",\"dateModified\":\"2023-01-30T10:29:17+00:00\",\"author\":{\"@id\":\"https:\/\/www.gaveanews.com\/#\/schema\/person\/2ec14f73fb96be2caf28f91afb14749d\"},\"breadcrumb\":{\"@id\":\"https:\/\/www.gaveanews.com\/index.php\/2023\/01\/30\/flamengo-ira-fazer-mais-quatro-contratacoes-veja-posicoes\/#breadcrumb\"},\"inLanguage\":\"pt-BR\",\"potentialAction\":[{\"@type\":\"ReadAction\",\"target\":[\"https:\/\/www.gaveanews.com\/index.php\/2023\/01\/30\/flamengo-ira-fazer-mais-quatro-contratacoes-veja-posicoes\/\"]}]},{\"@type\":\"ImageObject\",\"inLanguage\":\"pt-BR\",\"@id\":\"https:\/\/www.gaveanews.com\/index.php\/2023\/01\/30\/flamengo-ira-fazer-mais-quatro-contratacoes-veja-posicoes\/#primaryimage\",\"url\":\"https:\/\/www.gaveanews.com\/wp-content\/uploads\/Marcos-Braz-em-entrevista-no-CT-do-Flamengo.webp\",\"contentUrl\":\"https:\/\/www.gaveanews.com\/wp-content\/uploads\/Marcos-Braz-em-entrevista-no-CT-do-Flamengo.webp\",\"width\":799,\"height\":533,\"caption\":\"Marcos Braz em entrevista no CT do Flamengo (Foto: Gilvan de Souza\/Flamengo)\"},{\"@type\":\"BreadcrumbList\",\"@id\":\"https:\/\/www.gaveanews.com\/index.php\/2023\/01\/30\/flamengo-ira-fazer-mais-quatro-contratacoes-veja-posicoes\/#breadcrumb\",\"itemListElement\":[{\"@type\":\"ListItem\",\"position\":1,\"name\":\"Home\",\"item\":\"https:\/\/www.gaveanews.com\/\"},{\"@type\":\"ListItem\",\"position\":2,\"name\":\"Flamengo ir\u00e1 fazer mais quatro contrata\u00e7\u00f5es; veja posi\u00e7\u00f5es\"}]},{\"@type\":\"WebSite\",\"@id\":\"https:\/\/www.gaveanews.com\/#website\",\"url\":\"https:\/\/www.gaveanews.com\/\",\"name\":\"G\u00e1vea News\",\"description\":\"Veja todas as not\u00edcias sobre o Flamengo: Contrata\u00e7\u00f5es, categorias de base, resultados das partidas, tabela de classifica\u00e7\u00e3o, pr\u00f3ximos jogos!\",\"potentialAction\":[{\"@type\":\"SearchAction\",\"target\":{\"@type\":\"EntryPoint\",\"urlTemplate\":\"https:\/\/www.gaveanews.com\/?s={search_term_string}\"},\"query-input\":{\"@type\":\"PropertyValueSpecification\",\"valueRequired\":true,\"valueName\":\"search_term_string\"}}],\"inLanguage\":\"pt-BR\"},{\"@type\":\"Person\",\"@id\":\"https:\/\/www.gaveanews.com\/#\/schema\/person\/2ec14f73fb96be2caf28f91afb14749d\",\"name\":\"Equipe G\u00e1vea News\",\"image\":{\"@type\":\"ImageObject\",\"inLanguage\":\"pt-BR\",\"@id\":\"https:\/\/www.gaveanews.com\/#\/schema\/person\/image\/\",\"url\":\"https:\/\/secure.gravatar.com\/avatar\/1e1956f1facbffd3f8fa53a326721950116b3b9dc9bd44939c01180fd4a745a9?s=96&d=mm&r=g\",\"contentUrl\":\"https:\/\/secure.gravatar.com\/avatar\/1e1956f1facbffd3f8fa53a326721950116b3b9dc9bd44939c01180fd4a745a9?s=96&d=mm&r=g\",\"caption\":\"Equipe G\u00e1vea News\"}}]}<\/script>\n<!-- \/ Yoast SEO Premium plugin. -->","yoast_head_json":{"title":"Flamengo ir\u00e1 fazer mais quatro contrata\u00e7\u00f5es; veja posi\u00e7\u00f5es","robots":{"index":"index","follow":"follow","max-snippet":"max-snippet:-1","max-image-preview":"max-image-preview:large","max-video-preview":"max-video-preview:-1"},"canonical":"https:\/\/www.gaveanews.com\/index.php\/2023\/01\/30\/flamengo-ira-fazer-mais-quatro-contratacoes-veja-posicoes\/","og_locale":"pt_BR","og_type":"article","og_title":"Flamengo ir\u00e1 fazer mais quatro contrata\u00e7\u00f5es; veja posi\u00e7\u00f5es","og_description":"O Flamengo foi cauteloso no mercado, mas se v\u00ea pronto para focar na busca de refor\u00e7os. A negocia\u00e7\u00e3o de Jo\u00e3o Gomes encheu o cofre rubro-negro, quase dobrando as metas do ano, e deu muni\u00e7\u00e3o para o departamento de futebol dar mais op\u00e7\u00f5es a V\u00edtor Pereira. O Wolverhampton pagou R$ 103,8 milh\u00f5es para levar o volante [&hellip;]","og_url":"https:\/\/www.gaveanews.com\/index.php\/2023\/01\/30\/flamengo-ira-fazer-mais-quatro-contratacoes-veja-posicoes\/","og_site_name":"G\u00e1vea News","article_publisher":"https:\/\/facebook.com\/gaveaNews\/","article_published_time":"2023-01-30T10:29:14+00:00","article_modified_time":"2023-01-30T10:29:17+00:00","og_image":[{"width":799,"height":533,"url":"https:\/\/www.gaveanews.com\/wp-content\/uploads\/Marcos-Braz-em-entrevista-no-CT-do-Flamengo.webp","type":"image\/jpeg"}],"author":"Equipe G\u00e1vea News","twitter_card":"summary_large_image","twitter_misc":{"Escrito por":"Equipe G\u00e1vea News","Est. tempo de leitura":"3 minutos"},"schema":{"@context":"https:\/\/schema.org","@graph":[{"@type":"NewsArticle","@id":"https:\/\/www.gaveanews.com\/index.php\/2023\/01\/30\/flamengo-ira-fazer-mais-quatro-contratacoes-veja-posicoes\/#article","isPartOf":{"@id":"https:\/\/www.gaveanews.com\/index.php\/2023\/01\/30\/flamengo-ira-fazer-mais-quatro-contratacoes-veja-posicoes\/"},"author":{"name":"Equipe G\u00e1vea News","@id":"https:\/\/www.gaveanews.com\/#\/schema\/person\/2ec14f73fb96be2caf28f91afb14749d"},"headline":"Flamengo ir\u00e1 fazer mais quatro contrata\u00e7\u00f5es; veja posi\u00e7\u00f5es","datePublished":"2023-01-30T10:29:14+00:00","dateModified":"2023-01-30T10:29:17+00:00","mainEntityOfPage":{"@id":"https:\/\/www.gaveanews.com\/index.php\/2023\/01\/30\/flamengo-ira-fazer-mais-quatro-contratacoes-veja-posicoes\/"},"wordCount":599,"commentCount":0,"image":{"@id":"https:\/\/www.gaveanews.com\/index.php\/2023\/01\/30\/flamengo-ira-fazer-mais-quatro-contratacoes-veja-posicoes\/#primaryimage"},"thumbnailUrl":"https:\/\/www.gaveanews.com\/wp-content\/uploads\/Marcos-Braz-em-entrevista-no-CT-do-Flamengo.webp","articleSection":["Negocia\u00e7\u00f5es"],"inLanguage":"pt-BR","potentialAction":[{"@type":"CommentAction","name":"Comment","target":["https:\/\/www.gaveanews.com\/index.php\/2023\/01\/30\/flamengo-ira-fazer-mais-quatro-contratacoes-veja-posicoes\/#respond"]}],"copyrightYear":"2023","copyrightHolder":{"@id":"https:\/\/www.gaveanews.com\/#organization"}},{"@type":"WebPage","@id":"https:\/\/www.gaveanews.com\/index.php\/2023\/01\/30\/flamengo-ira-fazer-mais-quatro-contratacoes-veja-posicoes\/","url":"https:\/\/www.gaveanews.com\/index.php\/2023\/01\/30\/flamengo-ira-fazer-mais-quatro-contratacoes-veja-posicoes\/","name":"Flamengo ir\u00e1 fazer mais quatro contrata\u00e7\u00f5es; veja posi\u00e7\u00f5es","isPartOf":{"@id":"https:\/\/www.gaveanews.com\/#website"},"primaryImageOfPage":{"@id":"https:\/\/www.gaveanews.com\/index.php\/2023\/01\/30\/flamengo-ira-fazer-mais-quatro-contratacoes-veja-posicoes\/#primaryimage"},"image":{"@id":"https:\/\/www.gaveanews.com\/index.php\/2023\/01\/30\/flamengo-ira-fazer-mais-quatro-contratacoes-veja-posicoes\/#primaryimage"},"thumbnailUrl":"https:\/\/www.gaveanews.com\/wp-content\/uploads\/Marcos-Braz-em-entrevista-no-CT-do-Flamengo.webp","datePublished":"2023-01-30T10:29:14+00:00","dateModified":"2023-01-30T10:29:17+00:00","author":{"@id":"https:\/\/www.gaveanews.com\/#\/schema\/person\/2ec14f73fb96be2caf28f91afb14749d"},"breadcrumb":{"@id":"https:\/\/www.gaveanews.com\/index.php\/2023\/01\/30\/flamengo-ira-fazer-mais-quatro-contratacoes-veja-posicoes\/#breadcrumb"},"inLanguage":"pt-BR","potentialAction":[{"@type":"ReadAction","target":["https:\/\/www.gaveanews.com\/index.php\/2023\/01\/30\/flamengo-ira-fazer-mais-quatro-contratacoes-veja-posicoes\/"]}]},{"@type":"ImageObject","inLanguage":"pt-BR","@id":"https:\/\/www.gaveanews.com\/index.php\/2023\/01\/30\/flamengo-ira-fazer-mais-quatro-contratacoes-veja-posicoes\/#primaryimage","url":"https:\/\/www.gaveanews.com\/wp-content\/uploads\/Marcos-Braz-em-entrevista-no-CT-do-Flamengo.webp","contentUrl":"https:\/\/www.gaveanews.com\/wp-content\/uploads\/Marcos-Braz-em-entrevista-no-CT-do-Flamengo.webp","width":799,"height":533,"caption":"Marcos Braz em entrevista no CT do Flamengo (Foto: Gilvan de Souza\/Flamengo)"},{"@type":"BreadcrumbList","@id":"https:\/\/www.gaveanews.com\/index.php\/2023\/01\/30\/flamengo-ira-fazer-mais-quatro-contratacoes-veja-posicoes\/#breadcrumb","itemListElement":[{"@type":"ListItem","position":1,"name":"Home","item":"https:\/\/www.gaveanews.com\/"},{"@type":"ListItem","position":2,"name":"Flamengo ir\u00e1 fazer mais quatro contrata\u00e7\u00f5es; veja posi\u00e7\u00f5es"}]},{"@type":"WebSite","@id":"https:\/\/www.gaveanews.com\/#website","url":"https:\/\/www.gaveanews.com\/","name":"G\u00e1vea News","description":"Veja todas as not\u00edcias sobre o Flamengo: Contrata\u00e7\u00f5es, categorias de base, resultados das partidas, tabela de classifica\u00e7\u00e3o, pr\u00f3ximos jogos!","potentialAction":[{"@type":"SearchAction","target":{"@type":"EntryPoint","urlTemplate":"https:\/\/www.gaveanews.com\/?s={search_term_string}"},"query-input":{"@type":"PropertyValueSpecification","valueRequired":true,"valueName":"search_term_string"}}],"inLanguage":"pt-BR"},{"@type":"Person","@id":"https:\/\/www.gaveanews.com\/#\/schema\/person\/2ec14f73fb96be2caf28f91afb14749d","name":"Equipe G\u00e1vea News","image":{"@type":"ImageObject","inLanguage":"pt-BR","@id":"https:\/\/www.gaveanews.com\/#\/schema\/person\/image\/","url":"https:\/\/secure.gravatar.com\/avatar\/1e1956f1facbffd3f8fa53a326721950116b3b9dc9bd44939c01180fd4a745a9?s=96&d=mm&r=g","contentUrl":"https:\/\/secure.gravatar.com\/avatar\/1e1956f1facbffd3f8fa53a326721950116b3b9dc9bd44939c01180fd4a745a9?s=96&d=mm&r=g","caption":"Equipe G\u00e1vea News"}}]}},"_links":{"self":[{"href":"https:\/\/www.gaveanews.com\/index.php\/wp-json\/wp\/v2\/posts\/93680","targetHints":{"allow":["GET"]}}],"collection":[{"href":"https:\/\/www.gaveanews.com\/index.php\/wp-json\/wp\/v2\/posts"}],"about":[{"href":"https:\/\/www.gaveanews.com\/index.php\/wp-json\/wp\/v2\/types\/post"}],"author":[{"embeddable":true,"href":"https:\/\/www.gaveanews.com\/index.php\/wp-json\/wp\/v2\/users\/1"}],"replies":[{"embeddable":true,"href":"https:\/\/www.gaveanews.com\/index.php\/wp-json\/wp\/v2\/comments?post=93680"}],"version-history":[{"count":0,"href":"https:\/\/www.gaveanews.com\/index.php\/wp-json\/wp\/v2\/posts\/93680\/revisions"}],"wp:featuredmedia":[{"embeddable":true,"href":"https:\/\/www.gaveanews.com\/index.php\/wp-json\/wp\/v2\/media\/75887"}],"wp:attachment":[{"href":"https:\/\/www.gaveanews.com\/index.php\/wp-json\/wp\/v2\/media?parent=93680"}],"wp:term":[{"taxonomy":"category","embeddable":true,"href":"https:\/\/www.gaveanews.com\/index.php\/wp-json\/wp\/v2\/categories?post=93680"},{"taxonomy":"post_tag","embeddable":true,"href":"https:\/\/www.gaveanews.com\/index.php\/wp-json\/wp\/v2\/tags?post=93680"}],"curies":[{"name":"wp","href":"https:\/\/api.w.org\/{rel}","templated":true}]}}