{"id":93738,"date":"2023-02-01T18:03:37","date_gmt":"2023-02-01T21:03:37","guid":{"rendered":"https:\/\/www.gaveanews.com\/?p=93738"},"modified":"2023-02-01T18:03:39","modified_gmt":"2023-02-01T21:03:39","slug":"mundial-de-clubes-recopa-e-campeonato-carioca-veja-a-agenda-de-jogos-do-flamengo-de-fevereiro","status":"publish","type":"post","link":"https:\/\/www.gaveanews.com\/index.php\/2023\/02\/01\/mundial-de-clubes-recopa-e-campeonato-carioca-veja-a-agenda-de-jogos-do-flamengo-de-fevereiro\/","title":{"rendered":"Mundial de Clubes, Recopa e Campeonato Carioca: veja a agenda de jogos do Flamengo de fevereiro"},"content":{"rendered":"\n<p>O Flamengo inicia o segundo m\u00eas de 2023 bastante atarefado. A equipe vai esta noite ao Maracan\u00e3 para receber o Boavista pela 6 \u00aa rodada da Ta\u00e7a Guanabara em seu \u00faltimo compromisso antes do Mundial de Clubes.<\/p>\n\n\n\n<p>A delega\u00e7\u00e3o rubro-negra embarca logo no dia seguinte (quinta-feira) rumo ao Marrocos, onde far\u00e1 os ajustes finais para a competi\u00e7\u00e3o que poder\u00e1 render uma segunda estrela acima do escudo.<\/p>\n\n\n\n<p>O Mais Querido estreia no Mundial somente na semifinal. Neste confronto, o advers\u00e1rio ser\u00e1 o vencedor de Al Hilal x Wydad Casablanca. A partida acontecer\u00e1 na pr\u00f3xima ter\u00e7a-feira (07), \u00e0s 16h (hor\u00e1rio de Bras\u00edlia).<\/p>\n\n\n\n<p>Caso ven\u00e7a o duelo acima, o Fla segue para a final do torneio, que acontece no s\u00e1bado seguinte (11), \u00e0s 16h. Em caso de derrota, a equipe disputar\u00e1 o terceiro lugar \u00e0s 12h30, tamb\u00e9m no s\u00e1bado.<\/p>\n\n\n\n<p>A delega\u00e7\u00e3o retorna ao Brasil em seguida e tem outras duas competi\u00e7\u00f5es pela frente. No dia 15 o Rubro-Negro visita o Volta Redonda, e no dia 18 encontra o Resende pela Ta\u00e7a Guanabara.<\/p>\n\n\n\n<p>Na semana seguinte, a delega\u00e7\u00e3o rubro-negra vai \u00e0 capital do Equador para encontrar o Independiente del Valle no jogo de ida pela final da Recopa Sul-Americana. O duelo acontecer\u00e1 no dia 21. A volta ser\u00e1 disputada no Maracan\u00e3 no dia 28. Ambas as partidas acontecer\u00e3o ter\u00e7a-feira.<\/p>\n\n\n\n<p>Entre os dois jogos pela Recopa, o Flamengo tem um cl\u00e1ssico contra o Botafogo pelo Carioca. A previs\u00e3o \u00e9 de que ele aconte\u00e7a no dia 25 (s\u00e1bado). A FERJ ainda n\u00e3o divulgou mais detalhes da partida.<\/p>\n\n\n\n<h2 class=\"wp-block-heading\" id=\"h-agenda-do-flamengo-em-fevereiro\">Agenda do Flamengo em fevereiro:<\/h2>\n\n\n\n<p>01\/02 Flamengo x Boavista &#8211; 21h10 &#8211; Maracan\u00e3<br>07\/02 Flamengo x <em>(a definir) <\/em>&#8211; 16h &#8211; Ibn Batouta Stadium<br>11\/02<em> (a definir)<\/em><br>15\/02 Volta Redonda x Flamengo &#8211; 21h10 &#8211; Raulino de Oliveira<br>18\/02 Resende x Flamengo &#8211; 16h &#8211; <em>(a definir)<\/em><br>21\/02 I. del Valle x Flamengo &#8211; 21h30 &#8211; Complejo Independiente del Valle<br>25\/02 Botafogo x Flamengo &#8211; <em>(a definir)<\/em> &#8211; Nilton Santos<br>28\/02 Flamengo x I. del Valle &#8211; 21h30 &#8211; Maracan\u00e3<\/p>\n","protected":false},"excerpt":{"rendered":"<p>O Flamengo inicia o segundo m\u00eas de 2023 bastante atarefado. A equipe vai esta noite ao Maracan\u00e3 para receber o Boavista pela 6 \u00aa rodada da Ta\u00e7a Guanabara em seu \u00faltimo compromisso antes do Mundial de Clubes. A delega\u00e7\u00e3o rubro-negra embarca logo no dia seguinte (quinta-feira) rumo ao Marrocos, onde far\u00e1 os ajustes finais para [&hellip;]<\/p>\n","protected":false},"author":4,"featured_media":89087,"comment_status":"open","ping_status":"closed","sticky":false,"template":"","format":"standard","meta":{"footnotes":""},"categories":[47],"tags":[],"class_list":["post-93738","post","type-post","status-publish","format-standard","has-post-thumbnail","hentry","category-destaques"],"yoast_head":"<!-- This site is optimized with the Yoast SEO Premium plugin v24.2 (Yoast SEO v26.9) - https:\/\/yoast.com\/product\/yoast-seo-premium-wordpress\/ -->\n<title>Mundial de Clubes, Recopa e Campeonato Carioca: veja a agenda de jogos do Flamengo de fevereiro<\/title>\n<meta name=\"robots\" content=\"index, follow, max-snippet:-1, max-image-preview:large, max-video-preview:-1\" \/>\n<link rel=\"canonical\" href=\"https:\/\/www.gaveanews.com\/index.php\/2023\/02\/01\/mundial-de-clubes-recopa-e-campeonato-carioca-veja-a-agenda-de-jogos-do-flamengo-de-fevereiro\/\" \/>\n<meta property=\"og:locale\" content=\"pt_BR\" \/>\n<meta property=\"og:type\" content=\"article\" \/>\n<meta property=\"og:title\" content=\"Mundial de Clubes, Recopa e Campeonato Carioca: veja a agenda de jogos do Flamengo de fevereiro\" \/>\n<meta property=\"og:description\" content=\"O Flamengo inicia o segundo m\u00eas de 2023 bastante atarefado. A equipe vai esta noite ao Maracan\u00e3 para receber o Boavista pela 6 \u00aa rodada da Ta\u00e7a Guanabara em seu \u00faltimo compromisso antes do Mundial de Clubes. A delega\u00e7\u00e3o rubro-negra embarca logo no dia seguinte (quinta-feira) rumo ao Marrocos, onde far\u00e1 os ajustes finais para [&hellip;]\" \/>\n<meta property=\"og:url\" content=\"https:\/\/www.gaveanews.com\/index.php\/2023\/02\/01\/mundial-de-clubes-recopa-e-campeonato-carioca-veja-a-agenda-de-jogos-do-flamengo-de-fevereiro\/\" \/>\n<meta property=\"og:site_name\" content=\"G\u00e1vea News\" \/>\n<meta property=\"article:publisher\" content=\"https:\/\/facebook.com\/gaveaNews\/\" \/>\n<meta property=\"article:published_time\" content=\"2023-02-01T21:03:37+00:00\" \/>\n<meta property=\"article:modified_time\" content=\"2023-02-01T21:03:39+00:00\" \/>\n<meta property=\"og:image\" content=\"https:\/\/www.gaveanews.com\/wp-content\/uploads\/Torcida-do-Flamengo-faz-show-com-luzes-no-Maracana.webp\" \/>\n\t<meta property=\"og:image:width\" content=\"799\" \/>\n\t<meta property=\"og:image:height\" content=\"533\" \/>\n\t<meta property=\"og:image:type\" content=\"image\/jpeg\" \/>\n<meta name=\"author\" content=\"Let\u00edcia Gerheim\" \/>\n<meta name=\"twitter:card\" content=\"summary_large_image\" \/>\n<meta name=\"twitter:label1\" content=\"Escrito por\" \/>\n\t<meta name=\"twitter:data1\" content=\"Let\u00edcia Gerheim\" \/>\n<script type=\"application\/ld+json\" class=\"yoast-schema-graph\">{\"@context\":\"https:\/\/schema.org\",\"@graph\":[{\"@type\":\"NewsArticle\",\"@id\":\"https:\/\/www.gaveanews.com\/index.php\/2023\/02\/01\/mundial-de-clubes-recopa-e-campeonato-carioca-veja-a-agenda-de-jogos-do-flamengo-de-fevereiro\/#article\",\"isPartOf\":{\"@id\":\"https:\/\/www.gaveanews.com\/index.php\/2023\/02\/01\/mundial-de-clubes-recopa-e-campeonato-carioca-veja-a-agenda-de-jogos-do-flamengo-de-fevereiro\/\"},\"author\":{\"name\":\"Let\u00edcia Gerheim\",\"@id\":\"https:\/\/www.gaveanews.com\/#\/schema\/person\/714c67050b836198af2450ba1c142a67\"},\"headline\":\"Mundial de Clubes, Recopa e Campeonato Carioca: veja a agenda de jogos do Flamengo de fevereiro\",\"datePublished\":\"2023-02-01T21:03:37+00:00\",\"dateModified\":\"2023-02-01T21:03:39+00:00\",\"mainEntityOfPage\":{\"@id\":\"https:\/\/www.gaveanews.com\/index.php\/2023\/02\/01\/mundial-de-clubes-recopa-e-campeonato-carioca-veja-a-agenda-de-jogos-do-flamengo-de-fevereiro\/\"},\"wordCount\":351,\"commentCount\":0,\"image\":{\"@id\":\"https:\/\/www.gaveanews.com\/index.php\/2023\/02\/01\/mundial-de-clubes-recopa-e-campeonato-carioca-veja-a-agenda-de-jogos-do-flamengo-de-fevereiro\/#primaryimage\"},\"thumbnailUrl\":\"https:\/\/www.gaveanews.com\/wp-content\/uploads\/Torcida-do-Flamengo-faz-show-com-luzes-no-Maracana.webp\",\"articleSection\":[\"Destaques\"],\"inLanguage\":\"pt-BR\",\"potentialAction\":[{\"@type\":\"CommentAction\",\"name\":\"Comment\",\"target\":[\"https:\/\/www.gaveanews.com\/index.php\/2023\/02\/01\/mundial-de-clubes-recopa-e-campeonato-carioca-veja-a-agenda-de-jogos-do-flamengo-de-fevereiro\/#respond\"]}],\"copyrightYear\":\"2023\",\"copyrightHolder\":{\"@id\":\"https:\/\/www.gaveanews.com\/#organization\"}},{\"@type\":\"WebPage\",\"@id\":\"https:\/\/www.gaveanews.com\/index.php\/2023\/02\/01\/mundial-de-clubes-recopa-e-campeonato-carioca-veja-a-agenda-de-jogos-do-flamengo-de-fevereiro\/\",\"url\":\"https:\/\/www.gaveanews.com\/index.php\/2023\/02\/01\/mundial-de-clubes-recopa-e-campeonato-carioca-veja-a-agenda-de-jogos-do-flamengo-de-fevereiro\/\",\"name\":\"Mundial de Clubes, Recopa e Campeonato Carioca: veja a agenda de jogos do Flamengo de fevereiro\",\"isPartOf\":{\"@id\":\"https:\/\/www.gaveanews.com\/#website\"},\"primaryImageOfPage\":{\"@id\":\"https:\/\/www.gaveanews.com\/index.php\/2023\/02\/01\/mundial-de-clubes-recopa-e-campeonato-carioca-veja-a-agenda-de-jogos-do-flamengo-de-fevereiro\/#primaryimage\"},\"image\":{\"@id\":\"https:\/\/www.gaveanews.com\/index.php\/2023\/02\/01\/mundial-de-clubes-recopa-e-campeonato-carioca-veja-a-agenda-de-jogos-do-flamengo-de-fevereiro\/#primaryimage\"},\"thumbnailUrl\":\"https:\/\/www.gaveanews.com\/wp-content\/uploads\/Torcida-do-Flamengo-faz-show-com-luzes-no-Maracana.webp\",\"datePublished\":\"2023-02-01T21:03:37+00:00\",\"dateModified\":\"2023-02-01T21:03:39+00:00\",\"author\":{\"@id\":\"https:\/\/www.gaveanews.com\/#\/schema\/person\/714c67050b836198af2450ba1c142a67\"},\"breadcrumb\":{\"@id\":\"https:\/\/www.gaveanews.com\/index.php\/2023\/02\/01\/mundial-de-clubes-recopa-e-campeonato-carioca-veja-a-agenda-de-jogos-do-flamengo-de-fevereiro\/#breadcrumb\"},\"inLanguage\":\"pt-BR\",\"potentialAction\":[{\"@type\":\"ReadAction\",\"target\":[\"https:\/\/www.gaveanews.com\/index.php\/2023\/02\/01\/mundial-de-clubes-recopa-e-campeonato-carioca-veja-a-agenda-de-jogos-do-flamengo-de-fevereiro\/\"]}]},{\"@type\":\"ImageObject\",\"inLanguage\":\"pt-BR\",\"@id\":\"https:\/\/www.gaveanews.com\/index.php\/2023\/02\/01\/mundial-de-clubes-recopa-e-campeonato-carioca-veja-a-agenda-de-jogos-do-flamengo-de-fevereiro\/#primaryimage\",\"url\":\"https:\/\/www.gaveanews.com\/wp-content\/uploads\/Torcida-do-Flamengo-faz-show-com-luzes-no-Maracana.webp\",\"contentUrl\":\"https:\/\/www.gaveanews.com\/wp-content\/uploads\/Torcida-do-Flamengo-faz-show-com-luzes-no-Maracana.webp\",\"width\":799,\"height\":533,\"caption\":\"Torcida do Flamengo faz show com luzes no Maracan\u00e3 (Foto: Gilvan de Souza\/Flamengo)\"},{\"@type\":\"BreadcrumbList\",\"@id\":\"https:\/\/www.gaveanews.com\/index.php\/2023\/02\/01\/mundial-de-clubes-recopa-e-campeonato-carioca-veja-a-agenda-de-jogos-do-flamengo-de-fevereiro\/#breadcrumb\",\"itemListElement\":[{\"@type\":\"ListItem\",\"position\":1,\"name\":\"Home\",\"item\":\"https:\/\/www.gaveanews.com\/\"},{\"@type\":\"ListItem\",\"position\":2,\"name\":\"Mundial de Clubes, Recopa e Campeonato Carioca: veja a agenda de jogos do Flamengo de fevereiro\"}]},{\"@type\":\"WebSite\",\"@id\":\"https:\/\/www.gaveanews.com\/#website\",\"url\":\"https:\/\/www.gaveanews.com\/\",\"name\":\"G\u00e1vea News\",\"description\":\"Veja todas as not\u00edcias sobre o Flamengo: Contrata\u00e7\u00f5es, categorias de base, resultados das partidas, tabela de classifica\u00e7\u00e3o, pr\u00f3ximos jogos!\",\"potentialAction\":[{\"@type\":\"SearchAction\",\"target\":{\"@type\":\"EntryPoint\",\"urlTemplate\":\"https:\/\/www.gaveanews.com\/?s={search_term_string}\"},\"query-input\":{\"@type\":\"PropertyValueSpecification\",\"valueRequired\":true,\"valueName\":\"search_term_string\"}}],\"inLanguage\":\"pt-BR\"},{\"@type\":\"Person\",\"@id\":\"https:\/\/www.gaveanews.com\/#\/schema\/person\/714c67050b836198af2450ba1c142a67\",\"name\":\"Let\u00edcia Gerheim\",\"image\":{\"@type\":\"ImageObject\",\"inLanguage\":\"pt-BR\",\"@id\":\"https:\/\/www.gaveanews.com\/#\/schema\/person\/image\/\",\"url\":\"https:\/\/secure.gravatar.com\/avatar\/60734739c50fcebfbac509e2a826ccd0ff405c019bc73aab9354f19ecad1dcb4?s=96&d=mm&r=g\",\"contentUrl\":\"https:\/\/secure.gravatar.com\/avatar\/60734739c50fcebfbac509e2a826ccd0ff405c019bc73aab9354f19ecad1dcb4?s=96&d=mm&r=g\",\"caption\":\"Let\u00edcia Gerheim\"}}]}<\/script>\n<!-- \/ Yoast SEO Premium plugin. -->","yoast_head_json":{"title":"Mundial de Clubes, Recopa e Campeonato Carioca: veja a agenda de jogos do Flamengo de fevereiro","robots":{"index":"index","follow":"follow","max-snippet":"max-snippet:-1","max-image-preview":"max-image-preview:large","max-video-preview":"max-video-preview:-1"},"canonical":"https:\/\/www.gaveanews.com\/index.php\/2023\/02\/01\/mundial-de-clubes-recopa-e-campeonato-carioca-veja-a-agenda-de-jogos-do-flamengo-de-fevereiro\/","og_locale":"pt_BR","og_type":"article","og_title":"Mundial de Clubes, Recopa e Campeonato Carioca: veja a agenda de jogos do Flamengo de fevereiro","og_description":"O Flamengo inicia o segundo m\u00eas de 2023 bastante atarefado. A equipe vai esta noite ao Maracan\u00e3 para receber o Boavista pela 6 \u00aa rodada da Ta\u00e7a Guanabara em seu \u00faltimo compromisso antes do Mundial de Clubes. A delega\u00e7\u00e3o rubro-negra embarca logo no dia seguinte (quinta-feira) rumo ao Marrocos, onde far\u00e1 os ajustes finais para [&hellip;]","og_url":"https:\/\/www.gaveanews.com\/index.php\/2023\/02\/01\/mundial-de-clubes-recopa-e-campeonato-carioca-veja-a-agenda-de-jogos-do-flamengo-de-fevereiro\/","og_site_name":"G\u00e1vea News","article_publisher":"https:\/\/facebook.com\/gaveaNews\/","article_published_time":"2023-02-01T21:03:37+00:00","article_modified_time":"2023-02-01T21:03:39+00:00","og_image":[{"width":799,"height":533,"url":"https:\/\/www.gaveanews.com\/wp-content\/uploads\/Torcida-do-Flamengo-faz-show-com-luzes-no-Maracana.webp","type":"image\/jpeg"}],"author":"Let\u00edcia Gerheim","twitter_card":"summary_large_image","twitter_misc":{"Escrito por":"Let\u00edcia Gerheim"},"schema":{"@context":"https:\/\/schema.org","@graph":[{"@type":"NewsArticle","@id":"https:\/\/www.gaveanews.com\/index.php\/2023\/02\/01\/mundial-de-clubes-recopa-e-campeonato-carioca-veja-a-agenda-de-jogos-do-flamengo-de-fevereiro\/#article","isPartOf":{"@id":"https:\/\/www.gaveanews.com\/index.php\/2023\/02\/01\/mundial-de-clubes-recopa-e-campeonato-carioca-veja-a-agenda-de-jogos-do-flamengo-de-fevereiro\/"},"author":{"name":"Let\u00edcia Gerheim","@id":"https:\/\/www.gaveanews.com\/#\/schema\/person\/714c67050b836198af2450ba1c142a67"},"headline":"Mundial de Clubes, Recopa e Campeonato Carioca: veja a agenda de jogos do Flamengo de fevereiro","datePublished":"2023-02-01T21:03:37+00:00","dateModified":"2023-02-01T21:03:39+00:00","mainEntityOfPage":{"@id":"https:\/\/www.gaveanews.com\/index.php\/2023\/02\/01\/mundial-de-clubes-recopa-e-campeonato-carioca-veja-a-agenda-de-jogos-do-flamengo-de-fevereiro\/"},"wordCount":351,"commentCount":0,"image":{"@id":"https:\/\/www.gaveanews.com\/index.php\/2023\/02\/01\/mundial-de-clubes-recopa-e-campeonato-carioca-veja-a-agenda-de-jogos-do-flamengo-de-fevereiro\/#primaryimage"},"thumbnailUrl":"https:\/\/www.gaveanews.com\/wp-content\/uploads\/Torcida-do-Flamengo-faz-show-com-luzes-no-Maracana.webp","articleSection":["Destaques"],"inLanguage":"pt-BR","potentialAction":[{"@type":"CommentAction","name":"Comment","target":["https:\/\/www.gaveanews.com\/index.php\/2023\/02\/01\/mundial-de-clubes-recopa-e-campeonato-carioca-veja-a-agenda-de-jogos-do-flamengo-de-fevereiro\/#respond"]}],"copyrightYear":"2023","copyrightHolder":{"@id":"https:\/\/www.gaveanews.com\/#organization"}},{"@type":"WebPage","@id":"https:\/\/www.gaveanews.com\/index.php\/2023\/02\/01\/mundial-de-clubes-recopa-e-campeonato-carioca-veja-a-agenda-de-jogos-do-flamengo-de-fevereiro\/","url":"https:\/\/www.gaveanews.com\/index.php\/2023\/02\/01\/mundial-de-clubes-recopa-e-campeonato-carioca-veja-a-agenda-de-jogos-do-flamengo-de-fevereiro\/","name":"Mundial de Clubes, Recopa e Campeonato Carioca: veja a agenda de jogos do Flamengo de fevereiro","isPartOf":{"@id":"https:\/\/www.gaveanews.com\/#website"},"primaryImageOfPage":{"@id":"https:\/\/www.gaveanews.com\/index.php\/2023\/02\/01\/mundial-de-clubes-recopa-e-campeonato-carioca-veja-a-agenda-de-jogos-do-flamengo-de-fevereiro\/#primaryimage"},"image":{"@id":"https:\/\/www.gaveanews.com\/index.php\/2023\/02\/01\/mundial-de-clubes-recopa-e-campeonato-carioca-veja-a-agenda-de-jogos-do-flamengo-de-fevereiro\/#primaryimage"},"thumbnailUrl":"https:\/\/www.gaveanews.com\/wp-content\/uploads\/Torcida-do-Flamengo-faz-show-com-luzes-no-Maracana.webp","datePublished":"2023-02-01T21:03:37+00:00","dateModified":"2023-02-01T21:03:39+00:00","author":{"@id":"https:\/\/www.gaveanews.com\/#\/schema\/person\/714c67050b836198af2450ba1c142a67"},"breadcrumb":{"@id":"https:\/\/www.gaveanews.com\/index.php\/2023\/02\/01\/mundial-de-clubes-recopa-e-campeonato-carioca-veja-a-agenda-de-jogos-do-flamengo-de-fevereiro\/#breadcrumb"},"inLanguage":"pt-BR","potentialAction":[{"@type":"ReadAction","target":["https:\/\/www.gaveanews.com\/index.php\/2023\/02\/01\/mundial-de-clubes-recopa-e-campeonato-carioca-veja-a-agenda-de-jogos-do-flamengo-de-fevereiro\/"]}]},{"@type":"ImageObject","inLanguage":"pt-BR","@id":"https:\/\/www.gaveanews.com\/index.php\/2023\/02\/01\/mundial-de-clubes-recopa-e-campeonato-carioca-veja-a-agenda-de-jogos-do-flamengo-de-fevereiro\/#primaryimage","url":"https:\/\/www.gaveanews.com\/wp-content\/uploads\/Torcida-do-Flamengo-faz-show-com-luzes-no-Maracana.webp","contentUrl":"https:\/\/www.gaveanews.com\/wp-content\/uploads\/Torcida-do-Flamengo-faz-show-com-luzes-no-Maracana.webp","width":799,"height":533,"caption":"Torcida do Flamengo faz show com luzes no Maracan\u00e3 (Foto: Gilvan de Souza\/Flamengo)"},{"@type":"BreadcrumbList","@id":"https:\/\/www.gaveanews.com\/index.php\/2023\/02\/01\/mundial-de-clubes-recopa-e-campeonato-carioca-veja-a-agenda-de-jogos-do-flamengo-de-fevereiro\/#breadcrumb","itemListElement":[{"@type":"ListItem","position":1,"name":"Home","item":"https:\/\/www.gaveanews.com\/"},{"@type":"ListItem","position":2,"name":"Mundial de Clubes, Recopa e Campeonato Carioca: veja a agenda de jogos do Flamengo de fevereiro"}]},{"@type":"WebSite","@id":"https:\/\/www.gaveanews.com\/#website","url":"https:\/\/www.gaveanews.com\/","name":"G\u00e1vea News","description":"Veja todas as not\u00edcias sobre o Flamengo: Contrata\u00e7\u00f5es, categorias de base, resultados das partidas, tabela de classifica\u00e7\u00e3o, pr\u00f3ximos jogos!","potentialAction":[{"@type":"SearchAction","target":{"@type":"EntryPoint","urlTemplate":"https:\/\/www.gaveanews.com\/?s={search_term_string}"},"query-input":{"@type":"PropertyValueSpecification","valueRequired":true,"valueName":"search_term_string"}}],"inLanguage":"pt-BR"},{"@type":"Person","@id":"https:\/\/www.gaveanews.com\/#\/schema\/person\/714c67050b836198af2450ba1c142a67","name":"Let\u00edcia Gerheim","image":{"@type":"ImageObject","inLanguage":"pt-BR","@id":"https:\/\/www.gaveanews.com\/#\/schema\/person\/image\/","url":"https:\/\/secure.gravatar.com\/avatar\/60734739c50fcebfbac509e2a826ccd0ff405c019bc73aab9354f19ecad1dcb4?s=96&d=mm&r=g","contentUrl":"https:\/\/secure.gravatar.com\/avatar\/60734739c50fcebfbac509e2a826ccd0ff405c019bc73aab9354f19ecad1dcb4?s=96&d=mm&r=g","caption":"Let\u00edcia Gerheim"}}]}},"_links":{"self":[{"href":"https:\/\/www.gaveanews.com\/index.php\/wp-json\/wp\/v2\/posts\/93738","targetHints":{"allow":["GET"]}}],"collection":[{"href":"https:\/\/www.gaveanews.com\/index.php\/wp-json\/wp\/v2\/posts"}],"about":[{"href":"https:\/\/www.gaveanews.com\/index.php\/wp-json\/wp\/v2\/types\/post"}],"author":[{"embeddable":true,"href":"https:\/\/www.gaveanews.com\/index.php\/wp-json\/wp\/v2\/users\/4"}],"replies":[{"embeddable":true,"href":"https:\/\/www.gaveanews.com\/index.php\/wp-json\/wp\/v2\/comments?post=93738"}],"version-history":[{"count":0,"href":"https:\/\/www.gaveanews.com\/index.php\/wp-json\/wp\/v2\/posts\/93738\/revisions"}],"wp:featuredmedia":[{"embeddable":true,"href":"https:\/\/www.gaveanews.com\/index.php\/wp-json\/wp\/v2\/media\/89087"}],"wp:attachment":[{"href":"https:\/\/www.gaveanews.com\/index.php\/wp-json\/wp\/v2\/media?parent=93738"}],"wp:term":[{"taxonomy":"category","embeddable":true,"href":"https:\/\/www.gaveanews.com\/index.php\/wp-json\/wp\/v2\/categories?post=93738"},{"taxonomy":"post_tag","embeddable":true,"href":"https:\/\/www.gaveanews.com\/index.php\/wp-json\/wp\/v2\/tags?post=93738"}],"curies":[{"name":"wp","href":"https:\/\/api.w.org\/{rel}","templated":true}]}}