{"id":94159,"date":"2023-02-15T10:05:36","date_gmt":"2023-02-15T13:05:36","guid":{"rendered":"https:\/\/www.gaveanews.com\/?p=94159"},"modified":"2023-04-22T00:59:54","modified_gmt":"2023-04-22T03:59:54","slug":"veja-a-lista-de-relacionados-pelo-flamengo-contra-o-volta-redonda","status":"publish","type":"post","link":"https:\/\/www.gaveanews.com\/index.php\/2023\/02\/15\/veja-a-lista-de-relacionados-pelo-flamengo-contra-o-volta-redonda\/","title":{"rendered":"Veja a lista de relacionados pelo Flamengo contra o Volta Redonda"},"content":{"rendered":"\n<p>Nesta noite, o Flamengo volta a campo pela Ta\u00e7a Guanabara e encontra o Volta Redonda. O duelo acontece \u00e0s 21h10 (hor\u00e1rio de Bras\u00edlia), no Raulino de Oliveira.<\/p>\n\n\n\n<p>O Mais Querido caiu duas posi\u00e7\u00f5es na tabela do estadual e tem a oportunidade de retomar a lideran\u00e7a nesta partida. Isso porque a desvantagem aconteceu nesta rodada, e o Fla faz o \u00faltimo jogo da etapa nesta quarta-feira (15).<\/p>\n\n\n\n<p>V\u00edtor Pereira segue a programa\u00e7\u00e3o do time como o planejado e ir\u00e1 com o time principal para a partida. Vale destacar, no entanto, que a equipe segue com uma lista de desfalques.<\/p>\n\n\n\n<p>Bruno Henrique e Victor Hugo seguem em processo de recupera\u00e7\u00e3o f\u00edsica para retornar ao elenco e <a href=\"https:\/\/www.gaveanews.com\/index.php\/2023\/02\/09\/flamengo-confirma-lesoes-de-dois-jogadores\/\">L\u00e9o Pereira e Filipe Lu\u00eds tratam les\u00e3o.<\/a><\/p>\n\n\n\n<p>Com 14 pontos somados, o Flamengo \u00e9 o atual terceiro colocado na tabela da Ta\u00e7a Guanabara. Botafogo e Fluminense est\u00e3o logo \u00e0 frente, empatados com 16 pontos.<\/p>\n\n\n\n<h2 class=\"wp-block-heading\" id=\"h-lista-de-relacionados-pelo-flamengo\">Lista de relacionados pelo Flamengo:<\/h2>\n\n\n\n<figure class=\"wp-block-image size-large\"><img decoding=\"async\" src=\"https:\/\/pbs.twimg.com\/media\/FuSkBdJX0AE-gKk?format=png\" alt=\"\"\/><figcaption class=\"wp-element-caption\">(Foto: Divulga\u00e7\u00e3o\/Flamengo)<\/figcaption><\/figure>\n","protected":false},"excerpt":{"rendered":"<p>Nesta noite, o Flamengo volta a campo pela Ta\u00e7a Guanabara e encontra o Volta Redonda. O duelo acontece \u00e0s 21h10 (hor\u00e1rio de Bras\u00edlia), no Raulino de Oliveira. O Mais Querido caiu duas posi\u00e7\u00f5es na tabela do estadual e tem a oportunidade de retomar a lideran\u00e7a nesta partida. Isso porque a desvantagem aconteceu nesta rodada, e [&hellip;]<\/p>\n","protected":false},"author":4,"featured_media":93326,"comment_status":"open","ping_status":"closed","sticky":false,"template":"","format":"standard","meta":{"footnotes":""},"categories":[1],"tags":[],"class_list":["post-94159","post","type-post","status-publish","format-standard","has-post-thumbnail","hentry","category-flamengo"],"yoast_head":"<!-- This site is optimized with the Yoast SEO Premium plugin v24.2 (Yoast SEO v26.9) - https:\/\/yoast.com\/product\/yoast-seo-premium-wordpress\/ -->\n<title>Veja a lista de relacionados pelo Flamengo contra o Volta Redonda<\/title>\n<meta name=\"robots\" content=\"index, follow, max-snippet:-1, max-image-preview:large, max-video-preview:-1\" \/>\n<link rel=\"canonical\" href=\"https:\/\/www.gaveanews.com\/index.php\/2023\/02\/15\/veja-a-lista-de-relacionados-pelo-flamengo-contra-o-volta-redonda\/\" \/>\n<meta property=\"og:locale\" content=\"pt_BR\" \/>\n<meta property=\"og:type\" content=\"article\" \/>\n<meta property=\"og:title\" content=\"Veja a lista de relacionados pelo Flamengo contra o Volta Redonda\" \/>\n<meta property=\"og:description\" content=\"Nesta noite, o Flamengo volta a campo pela Ta\u00e7a Guanabara e encontra o Volta Redonda. O duelo acontece \u00e0s 21h10 (hor\u00e1rio de Bras\u00edlia), no Raulino de Oliveira. O Mais Querido caiu duas posi\u00e7\u00f5es na tabela do estadual e tem a oportunidade de retomar a lideran\u00e7a nesta partida. Isso porque a desvantagem aconteceu nesta rodada, e [&hellip;]\" \/>\n<meta property=\"og:url\" content=\"https:\/\/www.gaveanews.com\/index.php\/2023\/02\/15\/veja-a-lista-de-relacionados-pelo-flamengo-contra-o-volta-redonda\/\" \/>\n<meta property=\"og:site_name\" content=\"G\u00e1vea News\" \/>\n<meta property=\"article:publisher\" content=\"https:\/\/facebook.com\/gaveaNews\/\" \/>\n<meta property=\"article:published_time\" content=\"2023-02-15T13:05:36+00:00\" \/>\n<meta property=\"article:modified_time\" content=\"2023-04-22T03:59:54+00:00\" \/>\n<meta property=\"og:image\" content=\"https:\/\/www.gaveanews.com\/wp-content\/uploads\/pedro-flamengo.webp\" \/>\n\t<meta property=\"og:image:width\" content=\"680\" \/>\n\t<meta property=\"og:image:height\" content=\"454\" \/>\n\t<meta property=\"og:image:type\" content=\"image\/jpeg\" \/>\n<meta name=\"author\" content=\"Let\u00edcia Gerheim\" \/>\n<meta name=\"twitter:card\" content=\"summary_large_image\" \/>\n<meta name=\"twitter:label1\" content=\"Escrito por\" \/>\n\t<meta name=\"twitter:data1\" content=\"Let\u00edcia Gerheim\" \/>\n\t<meta name=\"twitter:label2\" content=\"Est. tempo de leitura\" \/>\n\t<meta name=\"twitter:data2\" content=\"2 minutos\" \/>\n<script type=\"application\/ld+json\" class=\"yoast-schema-graph\">{\"@context\":\"https:\/\/schema.org\",\"@graph\":[{\"@type\":\"NewsArticle\",\"@id\":\"https:\/\/www.gaveanews.com\/index.php\/2023\/02\/15\/veja-a-lista-de-relacionados-pelo-flamengo-contra-o-volta-redonda\/#article\",\"isPartOf\":{\"@id\":\"https:\/\/www.gaveanews.com\/index.php\/2023\/02\/15\/veja-a-lista-de-relacionados-pelo-flamengo-contra-o-volta-redonda\/\"},\"author\":{\"name\":\"Let\u00edcia Gerheim\",\"@id\":\"https:\/\/www.gaveanews.com\/#\/schema\/person\/714c67050b836198af2450ba1c142a67\"},\"headline\":\"Veja a lista de relacionados pelo Flamengo contra o Volta Redonda\",\"datePublished\":\"2023-02-15T13:05:36+00:00\",\"dateModified\":\"2023-04-22T03:59:54+00:00\",\"mainEntityOfPage\":{\"@id\":\"https:\/\/www.gaveanews.com\/index.php\/2023\/02\/15\/veja-a-lista-de-relacionados-pelo-flamengo-contra-o-volta-redonda\/\"},\"wordCount\":177,\"commentCount\":0,\"image\":{\"@id\":\"https:\/\/www.gaveanews.com\/index.php\/2023\/02\/15\/veja-a-lista-de-relacionados-pelo-flamengo-contra-o-volta-redonda\/#primaryimage\"},\"thumbnailUrl\":\"https:\/\/www.gaveanews.com\/wp-content\/uploads\/pedro-flamengo.webp\",\"articleSection\":[\"Flamengo\"],\"inLanguage\":\"pt-BR\",\"potentialAction\":[{\"@type\":\"CommentAction\",\"name\":\"Comment\",\"target\":[\"https:\/\/www.gaveanews.com\/index.php\/2023\/02\/15\/veja-a-lista-de-relacionados-pelo-flamengo-contra-o-volta-redonda\/#respond\"]}],\"copyrightYear\":\"2023\",\"copyrightHolder\":{\"@id\":\"https:\/\/www.gaveanews.com\/#organization\"}},{\"@type\":\"WebPage\",\"@id\":\"https:\/\/www.gaveanews.com\/index.php\/2023\/02\/15\/veja-a-lista-de-relacionados-pelo-flamengo-contra-o-volta-redonda\/\",\"url\":\"https:\/\/www.gaveanews.com\/index.php\/2023\/02\/15\/veja-a-lista-de-relacionados-pelo-flamengo-contra-o-volta-redonda\/\",\"name\":\"Veja a lista de relacionados pelo Flamengo contra o Volta Redonda\",\"isPartOf\":{\"@id\":\"https:\/\/www.gaveanews.com\/#website\"},\"primaryImageOfPage\":{\"@id\":\"https:\/\/www.gaveanews.com\/index.php\/2023\/02\/15\/veja-a-lista-de-relacionados-pelo-flamengo-contra-o-volta-redonda\/#primaryimage\"},\"image\":{\"@id\":\"https:\/\/www.gaveanews.com\/index.php\/2023\/02\/15\/veja-a-lista-de-relacionados-pelo-flamengo-contra-o-volta-redonda\/#primaryimage\"},\"thumbnailUrl\":\"https:\/\/www.gaveanews.com\/wp-content\/uploads\/pedro-flamengo.webp\",\"datePublished\":\"2023-02-15T13:05:36+00:00\",\"dateModified\":\"2023-04-22T03:59:54+00:00\",\"author\":{\"@id\":\"https:\/\/www.gaveanews.com\/#\/schema\/person\/714c67050b836198af2450ba1c142a67\"},\"breadcrumb\":{\"@id\":\"https:\/\/www.gaveanews.com\/index.php\/2023\/02\/15\/veja-a-lista-de-relacionados-pelo-flamengo-contra-o-volta-redonda\/#breadcrumb\"},\"inLanguage\":\"pt-BR\",\"potentialAction\":[{\"@type\":\"ReadAction\",\"target\":[\"https:\/\/www.gaveanews.com\/index.php\/2023\/02\/15\/veja-a-lista-de-relacionados-pelo-flamengo-contra-o-volta-redonda\/\"]}]},{\"@type\":\"ImageObject\",\"inLanguage\":\"pt-BR\",\"@id\":\"https:\/\/www.gaveanews.com\/index.php\/2023\/02\/15\/veja-a-lista-de-relacionados-pelo-flamengo-contra-o-volta-redonda\/#primaryimage\",\"url\":\"https:\/\/www.gaveanews.com\/wp-content\/uploads\/pedro-flamengo.webp\",\"contentUrl\":\"https:\/\/www.gaveanews.com\/wp-content\/uploads\/pedro-flamengo.webp\",\"width\":680,\"height\":454,\"caption\":\"Pedro em a\u00e7\u00e3o pelo Flamengo contra a Portuguesa pelo Campeonato Carioca (Foto: Gilvan de Souza\/Flamengo)\"},{\"@type\":\"BreadcrumbList\",\"@id\":\"https:\/\/www.gaveanews.com\/index.php\/2023\/02\/15\/veja-a-lista-de-relacionados-pelo-flamengo-contra-o-volta-redonda\/#breadcrumb\",\"itemListElement\":[{\"@type\":\"ListItem\",\"position\":1,\"name\":\"Home\",\"item\":\"https:\/\/www.gaveanews.com\/\"},{\"@type\":\"ListItem\",\"position\":2,\"name\":\"Veja a lista de relacionados pelo Flamengo contra o Volta Redonda\"}]},{\"@type\":\"WebSite\",\"@id\":\"https:\/\/www.gaveanews.com\/#website\",\"url\":\"https:\/\/www.gaveanews.com\/\",\"name\":\"G\u00e1vea News\",\"description\":\"Veja todas as not\u00edcias sobre o Flamengo: Contrata\u00e7\u00f5es, categorias de base, resultados das partidas, tabela de classifica\u00e7\u00e3o, pr\u00f3ximos jogos!\",\"potentialAction\":[{\"@type\":\"SearchAction\",\"target\":{\"@type\":\"EntryPoint\",\"urlTemplate\":\"https:\/\/www.gaveanews.com\/?s={search_term_string}\"},\"query-input\":{\"@type\":\"PropertyValueSpecification\",\"valueRequired\":true,\"valueName\":\"search_term_string\"}}],\"inLanguage\":\"pt-BR\"},{\"@type\":\"Person\",\"@id\":\"https:\/\/www.gaveanews.com\/#\/schema\/person\/714c67050b836198af2450ba1c142a67\",\"name\":\"Let\u00edcia Gerheim\",\"image\":{\"@type\":\"ImageObject\",\"inLanguage\":\"pt-BR\",\"@id\":\"https:\/\/www.gaveanews.com\/#\/schema\/person\/image\/\",\"url\":\"https:\/\/secure.gravatar.com\/avatar\/60734739c50fcebfbac509e2a826ccd0ff405c019bc73aab9354f19ecad1dcb4?s=96&d=mm&r=g\",\"contentUrl\":\"https:\/\/secure.gravatar.com\/avatar\/60734739c50fcebfbac509e2a826ccd0ff405c019bc73aab9354f19ecad1dcb4?s=96&d=mm&r=g\",\"caption\":\"Let\u00edcia Gerheim\"}}]}<\/script>\n<!-- \/ Yoast SEO Premium plugin. -->","yoast_head_json":{"title":"Veja a lista de relacionados pelo Flamengo contra o Volta Redonda","robots":{"index":"index","follow":"follow","max-snippet":"max-snippet:-1","max-image-preview":"max-image-preview:large","max-video-preview":"max-video-preview:-1"},"canonical":"https:\/\/www.gaveanews.com\/index.php\/2023\/02\/15\/veja-a-lista-de-relacionados-pelo-flamengo-contra-o-volta-redonda\/","og_locale":"pt_BR","og_type":"article","og_title":"Veja a lista de relacionados pelo Flamengo contra o Volta Redonda","og_description":"Nesta noite, o Flamengo volta a campo pela Ta\u00e7a Guanabara e encontra o Volta Redonda. O duelo acontece \u00e0s 21h10 (hor\u00e1rio de Bras\u00edlia), no Raulino de Oliveira. O Mais Querido caiu duas posi\u00e7\u00f5es na tabela do estadual e tem a oportunidade de retomar a lideran\u00e7a nesta partida. Isso porque a desvantagem aconteceu nesta rodada, e [&hellip;]","og_url":"https:\/\/www.gaveanews.com\/index.php\/2023\/02\/15\/veja-a-lista-de-relacionados-pelo-flamengo-contra-o-volta-redonda\/","og_site_name":"G\u00e1vea News","article_publisher":"https:\/\/facebook.com\/gaveaNews\/","article_published_time":"2023-02-15T13:05:36+00:00","article_modified_time":"2023-04-22T03:59:54+00:00","og_image":[{"width":680,"height":454,"url":"https:\/\/www.gaveanews.com\/wp-content\/uploads\/pedro-flamengo.webp","type":"image\/jpeg"}],"author":"Let\u00edcia Gerheim","twitter_card":"summary_large_image","twitter_misc":{"Escrito por":"Let\u00edcia Gerheim","Est. tempo de leitura":"2 minutos"},"schema":{"@context":"https:\/\/schema.org","@graph":[{"@type":"NewsArticle","@id":"https:\/\/www.gaveanews.com\/index.php\/2023\/02\/15\/veja-a-lista-de-relacionados-pelo-flamengo-contra-o-volta-redonda\/#article","isPartOf":{"@id":"https:\/\/www.gaveanews.com\/index.php\/2023\/02\/15\/veja-a-lista-de-relacionados-pelo-flamengo-contra-o-volta-redonda\/"},"author":{"name":"Let\u00edcia Gerheim","@id":"https:\/\/www.gaveanews.com\/#\/schema\/person\/714c67050b836198af2450ba1c142a67"},"headline":"Veja a lista de relacionados pelo Flamengo contra o Volta Redonda","datePublished":"2023-02-15T13:05:36+00:00","dateModified":"2023-04-22T03:59:54+00:00","mainEntityOfPage":{"@id":"https:\/\/www.gaveanews.com\/index.php\/2023\/02\/15\/veja-a-lista-de-relacionados-pelo-flamengo-contra-o-volta-redonda\/"},"wordCount":177,"commentCount":0,"image":{"@id":"https:\/\/www.gaveanews.com\/index.php\/2023\/02\/15\/veja-a-lista-de-relacionados-pelo-flamengo-contra-o-volta-redonda\/#primaryimage"},"thumbnailUrl":"https:\/\/www.gaveanews.com\/wp-content\/uploads\/pedro-flamengo.webp","articleSection":["Flamengo"],"inLanguage":"pt-BR","potentialAction":[{"@type":"CommentAction","name":"Comment","target":["https:\/\/www.gaveanews.com\/index.php\/2023\/02\/15\/veja-a-lista-de-relacionados-pelo-flamengo-contra-o-volta-redonda\/#respond"]}],"copyrightYear":"2023","copyrightHolder":{"@id":"https:\/\/www.gaveanews.com\/#organization"}},{"@type":"WebPage","@id":"https:\/\/www.gaveanews.com\/index.php\/2023\/02\/15\/veja-a-lista-de-relacionados-pelo-flamengo-contra-o-volta-redonda\/","url":"https:\/\/www.gaveanews.com\/index.php\/2023\/02\/15\/veja-a-lista-de-relacionados-pelo-flamengo-contra-o-volta-redonda\/","name":"Veja a lista de relacionados pelo Flamengo contra o Volta Redonda","isPartOf":{"@id":"https:\/\/www.gaveanews.com\/#website"},"primaryImageOfPage":{"@id":"https:\/\/www.gaveanews.com\/index.php\/2023\/02\/15\/veja-a-lista-de-relacionados-pelo-flamengo-contra-o-volta-redonda\/#primaryimage"},"image":{"@id":"https:\/\/www.gaveanews.com\/index.php\/2023\/02\/15\/veja-a-lista-de-relacionados-pelo-flamengo-contra-o-volta-redonda\/#primaryimage"},"thumbnailUrl":"https:\/\/www.gaveanews.com\/wp-content\/uploads\/pedro-flamengo.webp","datePublished":"2023-02-15T13:05:36+00:00","dateModified":"2023-04-22T03:59:54+00:00","author":{"@id":"https:\/\/www.gaveanews.com\/#\/schema\/person\/714c67050b836198af2450ba1c142a67"},"breadcrumb":{"@id":"https:\/\/www.gaveanews.com\/index.php\/2023\/02\/15\/veja-a-lista-de-relacionados-pelo-flamengo-contra-o-volta-redonda\/#breadcrumb"},"inLanguage":"pt-BR","potentialAction":[{"@type":"ReadAction","target":["https:\/\/www.gaveanews.com\/index.php\/2023\/02\/15\/veja-a-lista-de-relacionados-pelo-flamengo-contra-o-volta-redonda\/"]}]},{"@type":"ImageObject","inLanguage":"pt-BR","@id":"https:\/\/www.gaveanews.com\/index.php\/2023\/02\/15\/veja-a-lista-de-relacionados-pelo-flamengo-contra-o-volta-redonda\/#primaryimage","url":"https:\/\/www.gaveanews.com\/wp-content\/uploads\/pedro-flamengo.webp","contentUrl":"https:\/\/www.gaveanews.com\/wp-content\/uploads\/pedro-flamengo.webp","width":680,"height":454,"caption":"Pedro em a\u00e7\u00e3o pelo Flamengo contra a Portuguesa pelo Campeonato Carioca (Foto: Gilvan de Souza\/Flamengo)"},{"@type":"BreadcrumbList","@id":"https:\/\/www.gaveanews.com\/index.php\/2023\/02\/15\/veja-a-lista-de-relacionados-pelo-flamengo-contra-o-volta-redonda\/#breadcrumb","itemListElement":[{"@type":"ListItem","position":1,"name":"Home","item":"https:\/\/www.gaveanews.com\/"},{"@type":"ListItem","position":2,"name":"Veja a lista de relacionados pelo Flamengo contra o Volta Redonda"}]},{"@type":"WebSite","@id":"https:\/\/www.gaveanews.com\/#website","url":"https:\/\/www.gaveanews.com\/","name":"G\u00e1vea News","description":"Veja todas as not\u00edcias sobre o Flamengo: Contrata\u00e7\u00f5es, categorias de base, resultados das partidas, tabela de classifica\u00e7\u00e3o, pr\u00f3ximos jogos!","potentialAction":[{"@type":"SearchAction","target":{"@type":"EntryPoint","urlTemplate":"https:\/\/www.gaveanews.com\/?s={search_term_string}"},"query-input":{"@type":"PropertyValueSpecification","valueRequired":true,"valueName":"search_term_string"}}],"inLanguage":"pt-BR"},{"@type":"Person","@id":"https:\/\/www.gaveanews.com\/#\/schema\/person\/714c67050b836198af2450ba1c142a67","name":"Let\u00edcia Gerheim","image":{"@type":"ImageObject","inLanguage":"pt-BR","@id":"https:\/\/www.gaveanews.com\/#\/schema\/person\/image\/","url":"https:\/\/secure.gravatar.com\/avatar\/60734739c50fcebfbac509e2a826ccd0ff405c019bc73aab9354f19ecad1dcb4?s=96&d=mm&r=g","contentUrl":"https:\/\/secure.gravatar.com\/avatar\/60734739c50fcebfbac509e2a826ccd0ff405c019bc73aab9354f19ecad1dcb4?s=96&d=mm&r=g","caption":"Let\u00edcia Gerheim"}}]}},"_links":{"self":[{"href":"https:\/\/www.gaveanews.com\/index.php\/wp-json\/wp\/v2\/posts\/94159","targetHints":{"allow":["GET"]}}],"collection":[{"href":"https:\/\/www.gaveanews.com\/index.php\/wp-json\/wp\/v2\/posts"}],"about":[{"href":"https:\/\/www.gaveanews.com\/index.php\/wp-json\/wp\/v2\/types\/post"}],"author":[{"embeddable":true,"href":"https:\/\/www.gaveanews.com\/index.php\/wp-json\/wp\/v2\/users\/4"}],"replies":[{"embeddable":true,"href":"https:\/\/www.gaveanews.com\/index.php\/wp-json\/wp\/v2\/comments?post=94159"}],"version-history":[{"count":0,"href":"https:\/\/www.gaveanews.com\/index.php\/wp-json\/wp\/v2\/posts\/94159\/revisions"}],"wp:featuredmedia":[{"embeddable":true,"href":"https:\/\/www.gaveanews.com\/index.php\/wp-json\/wp\/v2\/media\/93326"}],"wp:attachment":[{"href":"https:\/\/www.gaveanews.com\/index.php\/wp-json\/wp\/v2\/media?parent=94159"}],"wp:term":[{"taxonomy":"category","embeddable":true,"href":"https:\/\/www.gaveanews.com\/index.php\/wp-json\/wp\/v2\/categories?post=94159"},{"taxonomy":"post_tag","embeddable":true,"href":"https:\/\/www.gaveanews.com\/index.php\/wp-json\/wp\/v2\/tags?post=94159"}],"curies":[{"name":"wp","href":"https:\/\/api.w.org\/{rel}","templated":true}]}}