{"id":94218,"date":"2023-02-16T23:24:46","date_gmt":"2023-02-17T02:24:46","guid":{"rendered":"https:\/\/www.gaveanews.com\/?p=94218"},"modified":"2024-04-06T23:04:15","modified_gmt":"2024-04-07T02:04:15","slug":"mauro-cezar-pereira-diz-que-flamengo-jogou-mal-e-aponta-quem-brilhou-no-carioca","status":"publish","type":"post","link":"https:\/\/www.gaveanews.com\/index.php\/2023\/02\/16\/mauro-cezar-pereira-diz-que-flamengo-jogou-mal-e-aponta-quem-brilhou-no-carioca\/","title":{"rendered":"Mauro Cezar Pereira diz que Flamengo jogou mal e aponta quem \u201cbrilhou\u201d no Carioca"},"content":{"rendered":"\n<p>Mauro Cezar defendeu V\u00edtor Pereira das constantes cr\u00edticas que recebeu desde a derrota contra o Palmeiras, pela Supercopa do Brasil, no final de janeiro. Entretanto, algumas mudan\u00e7as e an\u00e1lises tamb\u00e9m foram feitas pelo jornalista em rela\u00e7\u00e3o ao Flamengo. Confira detalhes do abordado no programa \u201cBate Ponto\u201d da \u201cJovem Pan\u201d.<\/p>\n\n\n\n<p>Sobre a situa\u00e7\u00e3o atual do Mais Querido no Estadual, Mauro Cezar foi enf\u00e1tico: \u201co t\u00e9cnico precisa fazer experi\u00eancias, at\u00e9 mais profundas do que essa. Tem que botar o Cebolinha para jogar, o Arrascaeta est\u00e1 mal fisicamente. \u201cAh vai tirar o \u00c9verton Ribeiro\u201d, sim, se estiver mal, vai sair. O De Bruyne j\u00e1 ficou no banco do Manchester City. Isso n\u00e3o significa que n\u00e3o vai mais jogar, vai ser banido. Vai continuar sendo atleta do Flamengo, jogando, tem que testar, fazer experi\u00eancias. Para isso que serve o Campeonato Estadual, para mais nada\u201d.<\/p>\n\n\n\n<p>O jornalista da Jovem Pan tamb\u00e9m criticou duramente o meia-atacante. Segundo ele, \u00c9verton Ribeiro n\u00e3o est\u00e1 na sua melhor forma. Inclusive, classificou como \u201cconstrangedora\u201d a cena onde ficou ca\u00eddo durante o segundo gol do Al Ahly na disputa do terceiro lugar do Mundial de Clubes. Al\u00e9m disso, se posicionou contra as rea\u00e7\u00f5es negativas dos torcedores que reclamaram que o atleta fosse para o banco.<\/p>\n\n\n\n<p>Retirado de: Torcedores<\/p>\n","protected":false},"excerpt":{"rendered":"<p>Mauro Cezar defendeu V\u00edtor Pereira das constantes cr\u00edticas que recebeu desde a derrota contra o Palmeiras, pela Supercopa do Brasil, no final de janeiro. Entretanto, algumas mudan\u00e7as e an\u00e1lises tamb\u00e9m foram feitas pelo jornalista em rela\u00e7\u00e3o ao Flamengo. Confira detalhes do abordado no programa \u201cBate Ponto\u201d da \u201cJovem Pan\u201d. Sobre a situa\u00e7\u00e3o atual do Mais [&hellip;]<\/p>\n","protected":false},"author":1,"featured_media":56367,"comment_status":"open","ping_status":"closed","sticky":false,"template":"","format":"standard","meta":{"footnotes":""},"categories":[1],"tags":[170],"class_list":["post-94218","post","type-post","status-publish","format-standard","has-post-thumbnail","hentry","category-flamengo","tag-mauro-cezar-pereira"],"yoast_head":"<!-- This site is optimized with the Yoast SEO Premium plugin v24.2 (Yoast SEO v26.9) - https:\/\/yoast.com\/product\/yoast-seo-premium-wordpress\/ -->\n<title>Mauro Cezar Pereira diz que Flamengo jogou mal e aponta quem \u201cbrilhou\u201d no Carioca<\/title>\n<meta name=\"robots\" content=\"index, follow, max-snippet:-1, max-image-preview:large, max-video-preview:-1\" \/>\n<link rel=\"canonical\" href=\"https:\/\/www.gaveanews.com\/index.php\/2023\/02\/16\/mauro-cezar-pereira-diz-que-flamengo-jogou-mal-e-aponta-quem-brilhou-no-carioca\/\" \/>\n<meta property=\"og:locale\" content=\"pt_BR\" \/>\n<meta property=\"og:type\" content=\"article\" \/>\n<meta property=\"og:title\" content=\"Mauro Cezar Pereira diz que Flamengo jogou mal e aponta quem \u201cbrilhou\u201d no Carioca\" \/>\n<meta property=\"og:description\" content=\"Mauro Cezar defendeu V\u00edtor Pereira das constantes cr\u00edticas que recebeu desde a derrota contra o Palmeiras, pela Supercopa do Brasil, no final de janeiro. Entretanto, algumas mudan\u00e7as e an\u00e1lises tamb\u00e9m foram feitas pelo jornalista em rela\u00e7\u00e3o ao Flamengo. Confira detalhes do abordado no programa \u201cBate Ponto\u201d da \u201cJovem Pan\u201d. Sobre a situa\u00e7\u00e3o atual do Mais [&hellip;]\" \/>\n<meta property=\"og:url\" content=\"https:\/\/www.gaveanews.com\/index.php\/2023\/02\/16\/mauro-cezar-pereira-diz-que-flamengo-jogou-mal-e-aponta-quem-brilhou-no-carioca\/\" \/>\n<meta property=\"og:site_name\" content=\"G\u00e1vea News\" \/>\n<meta property=\"article:publisher\" content=\"https:\/\/facebook.com\/gaveaNews\/\" \/>\n<meta property=\"article:published_time\" content=\"2023-02-17T02:24:46+00:00\" \/>\n<meta property=\"article:modified_time\" content=\"2024-04-07T02:04:15+00:00\" \/>\n<meta property=\"og:image\" content=\"https:\/\/www.gaveanews.com\/wp-content\/uploads\/Mauro-Cezar-em-participacao-na-Uol-Esporte.webp\" \/>\n\t<meta property=\"og:image:width\" content=\"900\" \/>\n\t<meta property=\"og:image:height\" content=\"506\" \/>\n\t<meta property=\"og:image:type\" content=\"image\/png\" \/>\n<meta name=\"author\" content=\"Equipe G\u00e1vea News\" \/>\n<meta name=\"twitter:card\" content=\"summary_large_image\" \/>\n<meta name=\"twitter:label1\" content=\"Escrito por\" \/>\n\t<meta name=\"twitter:data1\" content=\"Equipe G\u00e1vea News\" \/>\n\t<meta name=\"twitter:label2\" content=\"Est. tempo de leitura\" \/>\n\t<meta name=\"twitter:data2\" content=\"2 minutos\" \/>\n<script type=\"application\/ld+json\" class=\"yoast-schema-graph\">{\"@context\":\"https:\/\/schema.org\",\"@graph\":[{\"@type\":\"NewsArticle\",\"@id\":\"https:\/\/www.gaveanews.com\/index.php\/2023\/02\/16\/mauro-cezar-pereira-diz-que-flamengo-jogou-mal-e-aponta-quem-brilhou-no-carioca\/#article\",\"isPartOf\":{\"@id\":\"https:\/\/www.gaveanews.com\/index.php\/2023\/02\/16\/mauro-cezar-pereira-diz-que-flamengo-jogou-mal-e-aponta-quem-brilhou-no-carioca\/\"},\"author\":{\"name\":\"Equipe G\u00e1vea News\",\"@id\":\"https:\/\/www.gaveanews.com\/#\/schema\/person\/2ec14f73fb96be2caf28f91afb14749d\"},\"headline\":\"Mauro Cezar Pereira diz que Flamengo jogou mal e aponta quem \u201cbrilhou\u201d no Carioca\",\"datePublished\":\"2023-02-17T02:24:46+00:00\",\"dateModified\":\"2024-04-07T02:04:15+00:00\",\"mainEntityOfPage\":{\"@id\":\"https:\/\/www.gaveanews.com\/index.php\/2023\/02\/16\/mauro-cezar-pereira-diz-que-flamengo-jogou-mal-e-aponta-quem-brilhou-no-carioca\/\"},\"wordCount\":239,\"commentCount\":0,\"image\":{\"@id\":\"https:\/\/www.gaveanews.com\/index.php\/2023\/02\/16\/mauro-cezar-pereira-diz-que-flamengo-jogou-mal-e-aponta-quem-brilhou-no-carioca\/#primaryimage\"},\"thumbnailUrl\":\"https:\/\/www.gaveanews.com\/wp-content\/uploads\/Mauro-Cezar-em-participacao-na-Uol-Esporte.webp\",\"keywords\":[\"Mauro Cezar Pereira\"],\"articleSection\":[\"Flamengo\"],\"inLanguage\":\"pt-BR\",\"potentialAction\":[{\"@type\":\"CommentAction\",\"name\":\"Comment\",\"target\":[\"https:\/\/www.gaveanews.com\/index.php\/2023\/02\/16\/mauro-cezar-pereira-diz-que-flamengo-jogou-mal-e-aponta-quem-brilhou-no-carioca\/#respond\"]}],\"copyrightYear\":\"2023\",\"copyrightHolder\":{\"@id\":\"https:\/\/www.gaveanews.com\/#organization\"}},{\"@type\":\"WebPage\",\"@id\":\"https:\/\/www.gaveanews.com\/index.php\/2023\/02\/16\/mauro-cezar-pereira-diz-que-flamengo-jogou-mal-e-aponta-quem-brilhou-no-carioca\/\",\"url\":\"https:\/\/www.gaveanews.com\/index.php\/2023\/02\/16\/mauro-cezar-pereira-diz-que-flamengo-jogou-mal-e-aponta-quem-brilhou-no-carioca\/\",\"name\":\"Mauro Cezar Pereira diz que Flamengo jogou mal e aponta quem \u201cbrilhou\u201d no Carioca\",\"isPartOf\":{\"@id\":\"https:\/\/www.gaveanews.com\/#website\"},\"primaryImageOfPage\":{\"@id\":\"https:\/\/www.gaveanews.com\/index.php\/2023\/02\/16\/mauro-cezar-pereira-diz-que-flamengo-jogou-mal-e-aponta-quem-brilhou-no-carioca\/#primaryimage\"},\"image\":{\"@id\":\"https:\/\/www.gaveanews.com\/index.php\/2023\/02\/16\/mauro-cezar-pereira-diz-que-flamengo-jogou-mal-e-aponta-quem-brilhou-no-carioca\/#primaryimage\"},\"thumbnailUrl\":\"https:\/\/www.gaveanews.com\/wp-content\/uploads\/Mauro-Cezar-em-participacao-na-Uol-Esporte.webp\",\"datePublished\":\"2023-02-17T02:24:46+00:00\",\"dateModified\":\"2024-04-07T02:04:15+00:00\",\"author\":{\"@id\":\"https:\/\/www.gaveanews.com\/#\/schema\/person\/2ec14f73fb96be2caf28f91afb14749d\"},\"breadcrumb\":{\"@id\":\"https:\/\/www.gaveanews.com\/index.php\/2023\/02\/16\/mauro-cezar-pereira-diz-que-flamengo-jogou-mal-e-aponta-quem-brilhou-no-carioca\/#breadcrumb\"},\"inLanguage\":\"pt-BR\",\"potentialAction\":[{\"@type\":\"ReadAction\",\"target\":[\"https:\/\/www.gaveanews.com\/index.php\/2023\/02\/16\/mauro-cezar-pereira-diz-que-flamengo-jogou-mal-e-aponta-quem-brilhou-no-carioca\/\"]}]},{\"@type\":\"ImageObject\",\"inLanguage\":\"pt-BR\",\"@id\":\"https:\/\/www.gaveanews.com\/index.php\/2023\/02\/16\/mauro-cezar-pereira-diz-que-flamengo-jogou-mal-e-aponta-quem-brilhou-no-carioca\/#primaryimage\",\"url\":\"https:\/\/www.gaveanews.com\/wp-content\/uploads\/Mauro-Cezar-em-participacao-na-Uol-Esporte.webp\",\"contentUrl\":\"https:\/\/www.gaveanews.com\/wp-content\/uploads\/Mauro-Cezar-em-participacao-na-Uol-Esporte.webp\",\"width\":900,\"height\":506,\"caption\":\"Mauro Cezar, comentarista da UOL Esporte (Foto: Reprodu\u00e7\u00e3o\/UOL Esporte)\"},{\"@type\":\"BreadcrumbList\",\"@id\":\"https:\/\/www.gaveanews.com\/index.php\/2023\/02\/16\/mauro-cezar-pereira-diz-que-flamengo-jogou-mal-e-aponta-quem-brilhou-no-carioca\/#breadcrumb\",\"itemListElement\":[{\"@type\":\"ListItem\",\"position\":1,\"name\":\"Home\",\"item\":\"https:\/\/www.gaveanews.com\/\"},{\"@type\":\"ListItem\",\"position\":2,\"name\":\"Mauro Cezar Pereira diz que Flamengo jogou mal e aponta quem \u201cbrilhou\u201d no Carioca\"}]},{\"@type\":\"WebSite\",\"@id\":\"https:\/\/www.gaveanews.com\/#website\",\"url\":\"https:\/\/www.gaveanews.com\/\",\"name\":\"G\u00e1vea News\",\"description\":\"Veja todas as not\u00edcias sobre o Flamengo: Contrata\u00e7\u00f5es, categorias de base, resultados das partidas, tabela de classifica\u00e7\u00e3o, pr\u00f3ximos jogos!\",\"potentialAction\":[{\"@type\":\"SearchAction\",\"target\":{\"@type\":\"EntryPoint\",\"urlTemplate\":\"https:\/\/www.gaveanews.com\/?s={search_term_string}\"},\"query-input\":{\"@type\":\"PropertyValueSpecification\",\"valueRequired\":true,\"valueName\":\"search_term_string\"}}],\"inLanguage\":\"pt-BR\"},{\"@type\":\"Person\",\"@id\":\"https:\/\/www.gaveanews.com\/#\/schema\/person\/2ec14f73fb96be2caf28f91afb14749d\",\"name\":\"Equipe G\u00e1vea News\",\"image\":{\"@type\":\"ImageObject\",\"inLanguage\":\"pt-BR\",\"@id\":\"https:\/\/www.gaveanews.com\/#\/schema\/person\/image\/\",\"url\":\"https:\/\/secure.gravatar.com\/avatar\/1e1956f1facbffd3f8fa53a326721950116b3b9dc9bd44939c01180fd4a745a9?s=96&d=mm&r=g\",\"contentUrl\":\"https:\/\/secure.gravatar.com\/avatar\/1e1956f1facbffd3f8fa53a326721950116b3b9dc9bd44939c01180fd4a745a9?s=96&d=mm&r=g\",\"caption\":\"Equipe G\u00e1vea News\"}}]}<\/script>\n<!-- \/ Yoast SEO Premium plugin. -->","yoast_head_json":{"title":"Mauro Cezar Pereira diz que Flamengo jogou mal e aponta quem \u201cbrilhou\u201d no Carioca","robots":{"index":"index","follow":"follow","max-snippet":"max-snippet:-1","max-image-preview":"max-image-preview:large","max-video-preview":"max-video-preview:-1"},"canonical":"https:\/\/www.gaveanews.com\/index.php\/2023\/02\/16\/mauro-cezar-pereira-diz-que-flamengo-jogou-mal-e-aponta-quem-brilhou-no-carioca\/","og_locale":"pt_BR","og_type":"article","og_title":"Mauro Cezar Pereira diz que Flamengo jogou mal e aponta quem \u201cbrilhou\u201d no Carioca","og_description":"Mauro Cezar defendeu V\u00edtor Pereira das constantes cr\u00edticas que recebeu desde a derrota contra o Palmeiras, pela Supercopa do Brasil, no final de janeiro. Entretanto, algumas mudan\u00e7as e an\u00e1lises tamb\u00e9m foram feitas pelo jornalista em rela\u00e7\u00e3o ao Flamengo. Confira detalhes do abordado no programa \u201cBate Ponto\u201d da \u201cJovem Pan\u201d. Sobre a situa\u00e7\u00e3o atual do Mais [&hellip;]","og_url":"https:\/\/www.gaveanews.com\/index.php\/2023\/02\/16\/mauro-cezar-pereira-diz-que-flamengo-jogou-mal-e-aponta-quem-brilhou-no-carioca\/","og_site_name":"G\u00e1vea News","article_publisher":"https:\/\/facebook.com\/gaveaNews\/","article_published_time":"2023-02-17T02:24:46+00:00","article_modified_time":"2024-04-07T02:04:15+00:00","og_image":[{"width":900,"height":506,"url":"https:\/\/www.gaveanews.com\/wp-content\/uploads\/Mauro-Cezar-em-participacao-na-Uol-Esporte.webp","type":"image\/png"}],"author":"Equipe G\u00e1vea News","twitter_card":"summary_large_image","twitter_misc":{"Escrito por":"Equipe G\u00e1vea News","Est. tempo de leitura":"2 minutos"},"schema":{"@context":"https:\/\/schema.org","@graph":[{"@type":"NewsArticle","@id":"https:\/\/www.gaveanews.com\/index.php\/2023\/02\/16\/mauro-cezar-pereira-diz-que-flamengo-jogou-mal-e-aponta-quem-brilhou-no-carioca\/#article","isPartOf":{"@id":"https:\/\/www.gaveanews.com\/index.php\/2023\/02\/16\/mauro-cezar-pereira-diz-que-flamengo-jogou-mal-e-aponta-quem-brilhou-no-carioca\/"},"author":{"name":"Equipe G\u00e1vea News","@id":"https:\/\/www.gaveanews.com\/#\/schema\/person\/2ec14f73fb96be2caf28f91afb14749d"},"headline":"Mauro Cezar Pereira diz que Flamengo jogou mal e aponta quem \u201cbrilhou\u201d no Carioca","datePublished":"2023-02-17T02:24:46+00:00","dateModified":"2024-04-07T02:04:15+00:00","mainEntityOfPage":{"@id":"https:\/\/www.gaveanews.com\/index.php\/2023\/02\/16\/mauro-cezar-pereira-diz-que-flamengo-jogou-mal-e-aponta-quem-brilhou-no-carioca\/"},"wordCount":239,"commentCount":0,"image":{"@id":"https:\/\/www.gaveanews.com\/index.php\/2023\/02\/16\/mauro-cezar-pereira-diz-que-flamengo-jogou-mal-e-aponta-quem-brilhou-no-carioca\/#primaryimage"},"thumbnailUrl":"https:\/\/www.gaveanews.com\/wp-content\/uploads\/Mauro-Cezar-em-participacao-na-Uol-Esporte.webp","keywords":["Mauro Cezar Pereira"],"articleSection":["Flamengo"],"inLanguage":"pt-BR","potentialAction":[{"@type":"CommentAction","name":"Comment","target":["https:\/\/www.gaveanews.com\/index.php\/2023\/02\/16\/mauro-cezar-pereira-diz-que-flamengo-jogou-mal-e-aponta-quem-brilhou-no-carioca\/#respond"]}],"copyrightYear":"2023","copyrightHolder":{"@id":"https:\/\/www.gaveanews.com\/#organization"}},{"@type":"WebPage","@id":"https:\/\/www.gaveanews.com\/index.php\/2023\/02\/16\/mauro-cezar-pereira-diz-que-flamengo-jogou-mal-e-aponta-quem-brilhou-no-carioca\/","url":"https:\/\/www.gaveanews.com\/index.php\/2023\/02\/16\/mauro-cezar-pereira-diz-que-flamengo-jogou-mal-e-aponta-quem-brilhou-no-carioca\/","name":"Mauro Cezar Pereira diz que Flamengo jogou mal e aponta quem \u201cbrilhou\u201d no Carioca","isPartOf":{"@id":"https:\/\/www.gaveanews.com\/#website"},"primaryImageOfPage":{"@id":"https:\/\/www.gaveanews.com\/index.php\/2023\/02\/16\/mauro-cezar-pereira-diz-que-flamengo-jogou-mal-e-aponta-quem-brilhou-no-carioca\/#primaryimage"},"image":{"@id":"https:\/\/www.gaveanews.com\/index.php\/2023\/02\/16\/mauro-cezar-pereira-diz-que-flamengo-jogou-mal-e-aponta-quem-brilhou-no-carioca\/#primaryimage"},"thumbnailUrl":"https:\/\/www.gaveanews.com\/wp-content\/uploads\/Mauro-Cezar-em-participacao-na-Uol-Esporte.webp","datePublished":"2023-02-17T02:24:46+00:00","dateModified":"2024-04-07T02:04:15+00:00","author":{"@id":"https:\/\/www.gaveanews.com\/#\/schema\/person\/2ec14f73fb96be2caf28f91afb14749d"},"breadcrumb":{"@id":"https:\/\/www.gaveanews.com\/index.php\/2023\/02\/16\/mauro-cezar-pereira-diz-que-flamengo-jogou-mal-e-aponta-quem-brilhou-no-carioca\/#breadcrumb"},"inLanguage":"pt-BR","potentialAction":[{"@type":"ReadAction","target":["https:\/\/www.gaveanews.com\/index.php\/2023\/02\/16\/mauro-cezar-pereira-diz-que-flamengo-jogou-mal-e-aponta-quem-brilhou-no-carioca\/"]}]},{"@type":"ImageObject","inLanguage":"pt-BR","@id":"https:\/\/www.gaveanews.com\/index.php\/2023\/02\/16\/mauro-cezar-pereira-diz-que-flamengo-jogou-mal-e-aponta-quem-brilhou-no-carioca\/#primaryimage","url":"https:\/\/www.gaveanews.com\/wp-content\/uploads\/Mauro-Cezar-em-participacao-na-Uol-Esporte.webp","contentUrl":"https:\/\/www.gaveanews.com\/wp-content\/uploads\/Mauro-Cezar-em-participacao-na-Uol-Esporte.webp","width":900,"height":506,"caption":"Mauro Cezar, comentarista da UOL Esporte (Foto: Reprodu\u00e7\u00e3o\/UOL Esporte)"},{"@type":"BreadcrumbList","@id":"https:\/\/www.gaveanews.com\/index.php\/2023\/02\/16\/mauro-cezar-pereira-diz-que-flamengo-jogou-mal-e-aponta-quem-brilhou-no-carioca\/#breadcrumb","itemListElement":[{"@type":"ListItem","position":1,"name":"Home","item":"https:\/\/www.gaveanews.com\/"},{"@type":"ListItem","position":2,"name":"Mauro Cezar Pereira diz que Flamengo jogou mal e aponta quem \u201cbrilhou\u201d no Carioca"}]},{"@type":"WebSite","@id":"https:\/\/www.gaveanews.com\/#website","url":"https:\/\/www.gaveanews.com\/","name":"G\u00e1vea News","description":"Veja todas as not\u00edcias sobre o Flamengo: Contrata\u00e7\u00f5es, categorias de base, resultados das partidas, tabela de classifica\u00e7\u00e3o, pr\u00f3ximos jogos!","potentialAction":[{"@type":"SearchAction","target":{"@type":"EntryPoint","urlTemplate":"https:\/\/www.gaveanews.com\/?s={search_term_string}"},"query-input":{"@type":"PropertyValueSpecification","valueRequired":true,"valueName":"search_term_string"}}],"inLanguage":"pt-BR"},{"@type":"Person","@id":"https:\/\/www.gaveanews.com\/#\/schema\/person\/2ec14f73fb96be2caf28f91afb14749d","name":"Equipe G\u00e1vea News","image":{"@type":"ImageObject","inLanguage":"pt-BR","@id":"https:\/\/www.gaveanews.com\/#\/schema\/person\/image\/","url":"https:\/\/secure.gravatar.com\/avatar\/1e1956f1facbffd3f8fa53a326721950116b3b9dc9bd44939c01180fd4a745a9?s=96&d=mm&r=g","contentUrl":"https:\/\/secure.gravatar.com\/avatar\/1e1956f1facbffd3f8fa53a326721950116b3b9dc9bd44939c01180fd4a745a9?s=96&d=mm&r=g","caption":"Equipe G\u00e1vea News"}}]}},"_links":{"self":[{"href":"https:\/\/www.gaveanews.com\/index.php\/wp-json\/wp\/v2\/posts\/94218","targetHints":{"allow":["GET"]}}],"collection":[{"href":"https:\/\/www.gaveanews.com\/index.php\/wp-json\/wp\/v2\/posts"}],"about":[{"href":"https:\/\/www.gaveanews.com\/index.php\/wp-json\/wp\/v2\/types\/post"}],"author":[{"embeddable":true,"href":"https:\/\/www.gaveanews.com\/index.php\/wp-json\/wp\/v2\/users\/1"}],"replies":[{"embeddable":true,"href":"https:\/\/www.gaveanews.com\/index.php\/wp-json\/wp\/v2\/comments?post=94218"}],"version-history":[{"count":1,"href":"https:\/\/www.gaveanews.com\/index.php\/wp-json\/wp\/v2\/posts\/94218\/revisions"}],"predecessor-version":[{"id":134493,"href":"https:\/\/www.gaveanews.com\/index.php\/wp-json\/wp\/v2\/posts\/94218\/revisions\/134493"}],"wp:featuredmedia":[{"embeddable":true,"href":"https:\/\/www.gaveanews.com\/index.php\/wp-json\/wp\/v2\/media\/56367"}],"wp:attachment":[{"href":"https:\/\/www.gaveanews.com\/index.php\/wp-json\/wp\/v2\/media?parent=94218"}],"wp:term":[{"taxonomy":"category","embeddable":true,"href":"https:\/\/www.gaveanews.com\/index.php\/wp-json\/wp\/v2\/categories?post=94218"},{"taxonomy":"post_tag","embeddable":true,"href":"https:\/\/www.gaveanews.com\/index.php\/wp-json\/wp\/v2\/tags?post=94218"}],"curies":[{"name":"wp","href":"https:\/\/api.w.org\/{rel}","templated":true}]}}