{"id":94272,"date":"2023-02-19T18:10:47","date_gmt":"2023-02-19T21:10:47","guid":{"rendered":"https:\/\/www.gaveanews.com\/?p=94272"},"modified":"2023-02-19T18:10:49","modified_gmt":"2023-02-19T21:10:49","slug":"zico-diz-qual-e-a-maior-dificuldade-de-vitor-pereira-no-flamengo","status":"publish","type":"post","link":"https:\/\/www.gaveanews.com\/index.php\/2023\/02\/19\/zico-diz-qual-e-a-maior-dificuldade-de-vitor-pereira-no-flamengo\/","title":{"rendered":"Zico diz qual \u00e9 a maior dificuldade de V\u00edtor Pereira no Flamengo"},"content":{"rendered":"\n<p>Vitor Pereira est\u00e1 longe de ter o in\u00edcio dos sonhos no comando do Flamengo. Depois das conquistas da Copa do Brasil e da Conmebol Libertadores com Dorival, o time acumula as decep\u00e7\u00f5es da Supercopa do Brasil e do Mundial de Clubes.<\/p>\n\n\n\n<p>Em entrevista exclusiva \u00e0 ESPN, Zico fez uma an\u00e1lise sobre o trabalho do portugu\u00eas at\u00e9 o momento e elegeu a maior dificuldade encontrada at\u00e9 o momento.<\/p>\n\n\n\n<p>\u201cN\u00e3o fa\u00e7o compara\u00e7\u00e3o de nada, de trabalhos. O que eu acho \u00e9 que o Dorival pegou o time quase perto da zona de rebaixamento, reagiu, s\u00f3 que nunca dependeu dele para ser campe\u00e3o. O Palmeiras n\u00e3o deu chances e ganhou (o Brasileir\u00e3o). Ele foi l\u00e1, equilibrou o time, o time passou a ter mais confian\u00e7a, mais sorriso, alegria de jogar futebol, ganhou a Copa do Brasil, Libertadores\u201d, disse.<\/p>\n\n\n\n<p>\u201cNo momento que voc\u00ea define quem vem depois, n\u00e3o vai ter tempo. Quem veio s\u00f3 poderia se apresentar em janeiro. Ningu\u00e9m \u00e9 m\u00e1gico. Por mais que conhe\u00e7a o time, n\u00e3o houve parte de ningu\u00e9m para preparar antes. Vamos jogar a competi\u00e7\u00e3o mais importante do ano, torcida quer, todo mundo quer\u201d, continuou.<\/p>\n\n\n\n<p>\u201cTinha gente do mundo inteiro que foi para l\u00e1 (Marrocos), do Brasil inteiro, se deslocou na confian\u00e7a. Mas eles n\u00e3o sabiam de como o Flamengo estava mal preparado. Acho que ningu\u00e9m faz milagre em um m\u00eas de trabalho. N\u00e3o teve uma prepara\u00e7\u00e3o antes para que o novo treinador chegasse com algo pronto, ele teve que come\u00e7ar o trabalho ali. A forma como tudo aconteceu n\u00e3o deu certo\u201d, completou.<\/p>\n\n\n\n<p>Apesar das decep\u00e7\u00f5es recentes, Zico evitou dar um peso maior do que o normal para o Campeonato Carioca, citando situa\u00e7\u00f5es da Copa do Mundo.<\/p>\n\n\n\n<p>\u201cN\u00e3o existe mais obriga\u00e7\u00e3o hoje. O pessoal est\u00e1 muito dos nomes, dos jogadores, da tradi\u00e7\u00e3o. Mas \u00e9 quem est\u00e1 melhor preparado. A Argentina abriu os olhos na primeira rodada, os resultados mostraram isso. Ar\u00e1bia Saudita ganhando da Argentina, Camar\u00f5es ganhando do Brasil, grupo de Alemanha e Espanha, o Jap\u00e3o \u00e9 o primeiro\u201d, avaliou.<\/p>\n\n\n\n<p>\u201cHoje todo mundo conhece todo mundo. Vai todo mundo preparado. A prepara\u00e7\u00e3o \u00e9 fundamental, e o profissional. Tem que estar bem preparado para que o futebol renda. N\u00e3o existe obriga\u00e7\u00e3o. Obriga\u00e7\u00e3o \u00e9 correr e lutar. Se fizer isso, a possibilidade aumenta\u201d, acrescentou.<\/p>\n\n\n\n<p>\u201cO plantel do Flamengo \u00e9 excelente, mas se n\u00e3o tiver bem preparado\u2026 empatou com Madureira, dificuldade para ganhar do Volta Redonda, estava complicado. Agora, contra o Al Ahly a mesma coisa, estava 2 a 1, os caras tiveram para fazer o terceiro, se faz iria ser complicado para reagir. N\u00e3o existe mais surpresa, existe talvez resultado inesperado, mas todo mundo pode ganhar de todo mundo\u201d, finalizou.<\/p>\n\n\n\n<p>Retirado de: ESPN<\/p>\n","protected":false},"excerpt":{"rendered":"<p>Vitor Pereira est\u00e1 longe de ter o in\u00edcio dos sonhos no comando do Flamengo. Depois das conquistas da Copa do Brasil e da Conmebol Libertadores com Dorival, o time acumula as decep\u00e7\u00f5es da Supercopa do Brasil e do Mundial de Clubes. Em entrevista exclusiva \u00e0 ESPN, Zico fez uma an\u00e1lise sobre o trabalho do portugu\u00eas [&hellip;]<\/p>\n","protected":false},"author":1,"featured_media":15070,"comment_status":"open","ping_status":"closed","sticky":false,"template":"","format":"standard","meta":{"footnotes":""},"categories":[1],"tags":[],"class_list":["post-94272","post","type-post","status-publish","format-standard","has-post-thumbnail","hentry","category-flamengo"],"yoast_head":"<!-- This site is optimized with the Yoast SEO Premium plugin v24.2 (Yoast SEO v26.9) - https:\/\/yoast.com\/product\/yoast-seo-premium-wordpress\/ -->\n<title>Zico diz qual \u00e9 a maior dificuldade de V\u00edtor Pereira no Flamengo<\/title>\n<meta name=\"robots\" content=\"index, follow, max-snippet:-1, max-image-preview:large, max-video-preview:-1\" \/>\n<link rel=\"canonical\" href=\"https:\/\/www.gaveanews.com\/index.php\/2023\/02\/19\/zico-diz-qual-e-a-maior-dificuldade-de-vitor-pereira-no-flamengo\/\" \/>\n<meta property=\"og:locale\" content=\"pt_BR\" \/>\n<meta property=\"og:type\" content=\"article\" \/>\n<meta property=\"og:title\" content=\"Zico diz qual \u00e9 a maior dificuldade de V\u00edtor Pereira no Flamengo\" \/>\n<meta property=\"og:description\" content=\"Vitor Pereira est\u00e1 longe de ter o in\u00edcio dos sonhos no comando do Flamengo. Depois das conquistas da Copa do Brasil e da Conmebol Libertadores com Dorival, o time acumula as decep\u00e7\u00f5es da Supercopa do Brasil e do Mundial de Clubes. Em entrevista exclusiva \u00e0 ESPN, Zico fez uma an\u00e1lise sobre o trabalho do portugu\u00eas [&hellip;]\" \/>\n<meta property=\"og:url\" content=\"https:\/\/www.gaveanews.com\/index.php\/2023\/02\/19\/zico-diz-qual-e-a-maior-dificuldade-de-vitor-pereira-no-flamengo\/\" \/>\n<meta property=\"og:site_name\" content=\"G\u00e1vea News\" \/>\n<meta property=\"article:publisher\" content=\"https:\/\/facebook.com\/gaveaNews\/\" \/>\n<meta property=\"article:published_time\" content=\"2023-02-19T21:10:47+00:00\" \/>\n<meta property=\"article:modified_time\" content=\"2023-02-19T21:10:49+00:00\" \/>\n<meta property=\"og:image\" content=\"https:\/\/www.gaveanews.com\/wp-content\/uploads\/2019\/03\/Zico-acena-para-os-torcedores-do-Flamengo-durante-partida-no-Maracana.webp\" \/>\n\t<meta property=\"og:image:width\" content=\"1\" \/>\n\t<meta property=\"og:image:height\" content=\"1\" \/>\n\t<meta property=\"og:image:type\" content=\"image\/jpeg\" \/>\n<meta name=\"author\" content=\"Equipe G\u00e1vea News\" \/>\n<meta name=\"twitter:card\" content=\"summary_large_image\" \/>\n<meta name=\"twitter:label1\" content=\"Escrito por\" \/>\n\t<meta name=\"twitter:data1\" content=\"Equipe G\u00e1vea News\" \/>\n\t<meta name=\"twitter:label2\" content=\"Est. tempo de leitura\" \/>\n\t<meta name=\"twitter:data2\" content=\"3 minutos\" \/>\n<script type=\"application\/ld+json\" class=\"yoast-schema-graph\">{\"@context\":\"https:\/\/schema.org\",\"@graph\":[{\"@type\":\"NewsArticle\",\"@id\":\"https:\/\/www.gaveanews.com\/index.php\/2023\/02\/19\/zico-diz-qual-e-a-maior-dificuldade-de-vitor-pereira-no-flamengo\/#article\",\"isPartOf\":{\"@id\":\"https:\/\/www.gaveanews.com\/index.php\/2023\/02\/19\/zico-diz-qual-e-a-maior-dificuldade-de-vitor-pereira-no-flamengo\/\"},\"author\":{\"name\":\"Equipe G\u00e1vea News\",\"@id\":\"https:\/\/www.gaveanews.com\/#\/schema\/person\/2ec14f73fb96be2caf28f91afb14749d\"},\"headline\":\"Zico diz qual \u00e9 a maior dificuldade de V\u00edtor Pereira no Flamengo\",\"datePublished\":\"2023-02-19T21:10:47+00:00\",\"dateModified\":\"2023-02-19T21:10:49+00:00\",\"mainEntityOfPage\":{\"@id\":\"https:\/\/www.gaveanews.com\/index.php\/2023\/02\/19\/zico-diz-qual-e-a-maior-dificuldade-de-vitor-pereira-no-flamengo\/\"},\"wordCount\":484,\"commentCount\":0,\"image\":{\"@id\":\"https:\/\/www.gaveanews.com\/index.php\/2023\/02\/19\/zico-diz-qual-e-a-maior-dificuldade-de-vitor-pereira-no-flamengo\/#primaryimage\"},\"thumbnailUrl\":\"https:\/\/www.gaveanews.com\/wp-content\/uploads\/2019\/03\/Zico-acena-para-os-torcedores-do-Flamengo-durante-partida-no-Maracana.webp\",\"articleSection\":[\"Flamengo\"],\"inLanguage\":\"pt-BR\",\"potentialAction\":[{\"@type\":\"CommentAction\",\"name\":\"Comment\",\"target\":[\"https:\/\/www.gaveanews.com\/index.php\/2023\/02\/19\/zico-diz-qual-e-a-maior-dificuldade-de-vitor-pereira-no-flamengo\/#respond\"]}],\"copyrightYear\":\"2023\",\"copyrightHolder\":{\"@id\":\"https:\/\/www.gaveanews.com\/#organization\"}},{\"@type\":\"WebPage\",\"@id\":\"https:\/\/www.gaveanews.com\/index.php\/2023\/02\/19\/zico-diz-qual-e-a-maior-dificuldade-de-vitor-pereira-no-flamengo\/\",\"url\":\"https:\/\/www.gaveanews.com\/index.php\/2023\/02\/19\/zico-diz-qual-e-a-maior-dificuldade-de-vitor-pereira-no-flamengo\/\",\"name\":\"Zico diz qual \u00e9 a maior dificuldade de V\u00edtor Pereira no Flamengo\",\"isPartOf\":{\"@id\":\"https:\/\/www.gaveanews.com\/#website\"},\"primaryImageOfPage\":{\"@id\":\"https:\/\/www.gaveanews.com\/index.php\/2023\/02\/19\/zico-diz-qual-e-a-maior-dificuldade-de-vitor-pereira-no-flamengo\/#primaryimage\"},\"image\":{\"@id\":\"https:\/\/www.gaveanews.com\/index.php\/2023\/02\/19\/zico-diz-qual-e-a-maior-dificuldade-de-vitor-pereira-no-flamengo\/#primaryimage\"},\"thumbnailUrl\":\"https:\/\/www.gaveanews.com\/wp-content\/uploads\/2019\/03\/Zico-acena-para-os-torcedores-do-Flamengo-durante-partida-no-Maracana.webp\",\"datePublished\":\"2023-02-19T21:10:47+00:00\",\"dateModified\":\"2023-02-19T21:10:49+00:00\",\"author\":{\"@id\":\"https:\/\/www.gaveanews.com\/#\/schema\/person\/2ec14f73fb96be2caf28f91afb14749d\"},\"breadcrumb\":{\"@id\":\"https:\/\/www.gaveanews.com\/index.php\/2023\/02\/19\/zico-diz-qual-e-a-maior-dificuldade-de-vitor-pereira-no-flamengo\/#breadcrumb\"},\"inLanguage\":\"pt-BR\",\"potentialAction\":[{\"@type\":\"ReadAction\",\"target\":[\"https:\/\/www.gaveanews.com\/index.php\/2023\/02\/19\/zico-diz-qual-e-a-maior-dificuldade-de-vitor-pereira-no-flamengo\/\"]}]},{\"@type\":\"ImageObject\",\"inLanguage\":\"pt-BR\",\"@id\":\"https:\/\/www.gaveanews.com\/index.php\/2023\/02\/19\/zico-diz-qual-e-a-maior-dificuldade-de-vitor-pereira-no-flamengo\/#primaryimage\",\"url\":\"https:\/\/www.gaveanews.com\/wp-content\/uploads\/2019\/03\/Zico-acena-para-os-torcedores-do-Flamengo-durante-partida-no-Maracana.webp\",\"contentUrl\":\"https:\/\/www.gaveanews.com\/wp-content\/uploads\/2019\/03\/Zico-acena-para-os-torcedores-do-Flamengo-durante-partida-no-Maracana.webp\",\"width\":900,\"height\":600,\"caption\":\"Zico acena para os torcedores do Flamengo, durante partida no Maracan\u00e3 (Foto: Alexandre Vidal\/Flamengo)\"},{\"@type\":\"BreadcrumbList\",\"@id\":\"https:\/\/www.gaveanews.com\/index.php\/2023\/02\/19\/zico-diz-qual-e-a-maior-dificuldade-de-vitor-pereira-no-flamengo\/#breadcrumb\",\"itemListElement\":[{\"@type\":\"ListItem\",\"position\":1,\"name\":\"Home\",\"item\":\"https:\/\/www.gaveanews.com\/\"},{\"@type\":\"ListItem\",\"position\":2,\"name\":\"Zico diz qual \u00e9 a maior dificuldade de V\u00edtor Pereira no Flamengo\"}]},{\"@type\":\"WebSite\",\"@id\":\"https:\/\/www.gaveanews.com\/#website\",\"url\":\"https:\/\/www.gaveanews.com\/\",\"name\":\"G\u00e1vea News\",\"description\":\"Veja todas as not\u00edcias sobre o Flamengo: Contrata\u00e7\u00f5es, categorias de base, resultados das partidas, tabela de classifica\u00e7\u00e3o, pr\u00f3ximos jogos!\",\"potentialAction\":[{\"@type\":\"SearchAction\",\"target\":{\"@type\":\"EntryPoint\",\"urlTemplate\":\"https:\/\/www.gaveanews.com\/?s={search_term_string}\"},\"query-input\":{\"@type\":\"PropertyValueSpecification\",\"valueRequired\":true,\"valueName\":\"search_term_string\"}}],\"inLanguage\":\"pt-BR\"},{\"@type\":\"Person\",\"@id\":\"https:\/\/www.gaveanews.com\/#\/schema\/person\/2ec14f73fb96be2caf28f91afb14749d\",\"name\":\"Equipe G\u00e1vea News\",\"image\":{\"@type\":\"ImageObject\",\"inLanguage\":\"pt-BR\",\"@id\":\"https:\/\/www.gaveanews.com\/#\/schema\/person\/image\/\",\"url\":\"https:\/\/secure.gravatar.com\/avatar\/1e1956f1facbffd3f8fa53a326721950116b3b9dc9bd44939c01180fd4a745a9?s=96&d=mm&r=g\",\"contentUrl\":\"https:\/\/secure.gravatar.com\/avatar\/1e1956f1facbffd3f8fa53a326721950116b3b9dc9bd44939c01180fd4a745a9?s=96&d=mm&r=g\",\"caption\":\"Equipe G\u00e1vea News\"}}]}<\/script>\n<!-- \/ Yoast SEO Premium plugin. -->","yoast_head_json":{"title":"Zico diz qual \u00e9 a maior dificuldade de V\u00edtor Pereira no Flamengo","robots":{"index":"index","follow":"follow","max-snippet":"max-snippet:-1","max-image-preview":"max-image-preview:large","max-video-preview":"max-video-preview:-1"},"canonical":"https:\/\/www.gaveanews.com\/index.php\/2023\/02\/19\/zico-diz-qual-e-a-maior-dificuldade-de-vitor-pereira-no-flamengo\/","og_locale":"pt_BR","og_type":"article","og_title":"Zico diz qual \u00e9 a maior dificuldade de V\u00edtor Pereira no Flamengo","og_description":"Vitor Pereira est\u00e1 longe de ter o in\u00edcio dos sonhos no comando do Flamengo. Depois das conquistas da Copa do Brasil e da Conmebol Libertadores com Dorival, o time acumula as decep\u00e7\u00f5es da Supercopa do Brasil e do Mundial de Clubes. Em entrevista exclusiva \u00e0 ESPN, Zico fez uma an\u00e1lise sobre o trabalho do portugu\u00eas [&hellip;]","og_url":"https:\/\/www.gaveanews.com\/index.php\/2023\/02\/19\/zico-diz-qual-e-a-maior-dificuldade-de-vitor-pereira-no-flamengo\/","og_site_name":"G\u00e1vea News","article_publisher":"https:\/\/facebook.com\/gaveaNews\/","article_published_time":"2023-02-19T21:10:47+00:00","article_modified_time":"2023-02-19T21:10:49+00:00","og_image":[{"url":"https:\/\/www.gaveanews.com\/wp-content\/uploads\/2019\/03\/Zico-acena-para-os-torcedores-do-Flamengo-durante-partida-no-Maracana.webp","width":1,"height":1,"type":"image\/jpeg"}],"author":"Equipe G\u00e1vea News","twitter_card":"summary_large_image","twitter_misc":{"Escrito por":"Equipe G\u00e1vea News","Est. tempo de leitura":"3 minutos"},"schema":{"@context":"https:\/\/schema.org","@graph":[{"@type":"NewsArticle","@id":"https:\/\/www.gaveanews.com\/index.php\/2023\/02\/19\/zico-diz-qual-e-a-maior-dificuldade-de-vitor-pereira-no-flamengo\/#article","isPartOf":{"@id":"https:\/\/www.gaveanews.com\/index.php\/2023\/02\/19\/zico-diz-qual-e-a-maior-dificuldade-de-vitor-pereira-no-flamengo\/"},"author":{"name":"Equipe G\u00e1vea News","@id":"https:\/\/www.gaveanews.com\/#\/schema\/person\/2ec14f73fb96be2caf28f91afb14749d"},"headline":"Zico diz qual \u00e9 a maior dificuldade de V\u00edtor Pereira no Flamengo","datePublished":"2023-02-19T21:10:47+00:00","dateModified":"2023-02-19T21:10:49+00:00","mainEntityOfPage":{"@id":"https:\/\/www.gaveanews.com\/index.php\/2023\/02\/19\/zico-diz-qual-e-a-maior-dificuldade-de-vitor-pereira-no-flamengo\/"},"wordCount":484,"commentCount":0,"image":{"@id":"https:\/\/www.gaveanews.com\/index.php\/2023\/02\/19\/zico-diz-qual-e-a-maior-dificuldade-de-vitor-pereira-no-flamengo\/#primaryimage"},"thumbnailUrl":"https:\/\/www.gaveanews.com\/wp-content\/uploads\/2019\/03\/Zico-acena-para-os-torcedores-do-Flamengo-durante-partida-no-Maracana.webp","articleSection":["Flamengo"],"inLanguage":"pt-BR","potentialAction":[{"@type":"CommentAction","name":"Comment","target":["https:\/\/www.gaveanews.com\/index.php\/2023\/02\/19\/zico-diz-qual-e-a-maior-dificuldade-de-vitor-pereira-no-flamengo\/#respond"]}],"copyrightYear":"2023","copyrightHolder":{"@id":"https:\/\/www.gaveanews.com\/#organization"}},{"@type":"WebPage","@id":"https:\/\/www.gaveanews.com\/index.php\/2023\/02\/19\/zico-diz-qual-e-a-maior-dificuldade-de-vitor-pereira-no-flamengo\/","url":"https:\/\/www.gaveanews.com\/index.php\/2023\/02\/19\/zico-diz-qual-e-a-maior-dificuldade-de-vitor-pereira-no-flamengo\/","name":"Zico diz qual \u00e9 a maior dificuldade de V\u00edtor Pereira no Flamengo","isPartOf":{"@id":"https:\/\/www.gaveanews.com\/#website"},"primaryImageOfPage":{"@id":"https:\/\/www.gaveanews.com\/index.php\/2023\/02\/19\/zico-diz-qual-e-a-maior-dificuldade-de-vitor-pereira-no-flamengo\/#primaryimage"},"image":{"@id":"https:\/\/www.gaveanews.com\/index.php\/2023\/02\/19\/zico-diz-qual-e-a-maior-dificuldade-de-vitor-pereira-no-flamengo\/#primaryimage"},"thumbnailUrl":"https:\/\/www.gaveanews.com\/wp-content\/uploads\/2019\/03\/Zico-acena-para-os-torcedores-do-Flamengo-durante-partida-no-Maracana.webp","datePublished":"2023-02-19T21:10:47+00:00","dateModified":"2023-02-19T21:10:49+00:00","author":{"@id":"https:\/\/www.gaveanews.com\/#\/schema\/person\/2ec14f73fb96be2caf28f91afb14749d"},"breadcrumb":{"@id":"https:\/\/www.gaveanews.com\/index.php\/2023\/02\/19\/zico-diz-qual-e-a-maior-dificuldade-de-vitor-pereira-no-flamengo\/#breadcrumb"},"inLanguage":"pt-BR","potentialAction":[{"@type":"ReadAction","target":["https:\/\/www.gaveanews.com\/index.php\/2023\/02\/19\/zico-diz-qual-e-a-maior-dificuldade-de-vitor-pereira-no-flamengo\/"]}]},{"@type":"ImageObject","inLanguage":"pt-BR","@id":"https:\/\/www.gaveanews.com\/index.php\/2023\/02\/19\/zico-diz-qual-e-a-maior-dificuldade-de-vitor-pereira-no-flamengo\/#primaryimage","url":"https:\/\/www.gaveanews.com\/wp-content\/uploads\/2019\/03\/Zico-acena-para-os-torcedores-do-Flamengo-durante-partida-no-Maracana.webp","contentUrl":"https:\/\/www.gaveanews.com\/wp-content\/uploads\/2019\/03\/Zico-acena-para-os-torcedores-do-Flamengo-durante-partida-no-Maracana.webp","width":900,"height":600,"caption":"Zico acena para os torcedores do Flamengo, durante partida no Maracan\u00e3 (Foto: Alexandre Vidal\/Flamengo)"},{"@type":"BreadcrumbList","@id":"https:\/\/www.gaveanews.com\/index.php\/2023\/02\/19\/zico-diz-qual-e-a-maior-dificuldade-de-vitor-pereira-no-flamengo\/#breadcrumb","itemListElement":[{"@type":"ListItem","position":1,"name":"Home","item":"https:\/\/www.gaveanews.com\/"},{"@type":"ListItem","position":2,"name":"Zico diz qual \u00e9 a maior dificuldade de V\u00edtor Pereira no Flamengo"}]},{"@type":"WebSite","@id":"https:\/\/www.gaveanews.com\/#website","url":"https:\/\/www.gaveanews.com\/","name":"G\u00e1vea News","description":"Veja todas as not\u00edcias sobre o Flamengo: Contrata\u00e7\u00f5es, categorias de base, resultados das partidas, tabela de classifica\u00e7\u00e3o, pr\u00f3ximos jogos!","potentialAction":[{"@type":"SearchAction","target":{"@type":"EntryPoint","urlTemplate":"https:\/\/www.gaveanews.com\/?s={search_term_string}"},"query-input":{"@type":"PropertyValueSpecification","valueRequired":true,"valueName":"search_term_string"}}],"inLanguage":"pt-BR"},{"@type":"Person","@id":"https:\/\/www.gaveanews.com\/#\/schema\/person\/2ec14f73fb96be2caf28f91afb14749d","name":"Equipe G\u00e1vea News","image":{"@type":"ImageObject","inLanguage":"pt-BR","@id":"https:\/\/www.gaveanews.com\/#\/schema\/person\/image\/","url":"https:\/\/secure.gravatar.com\/avatar\/1e1956f1facbffd3f8fa53a326721950116b3b9dc9bd44939c01180fd4a745a9?s=96&d=mm&r=g","contentUrl":"https:\/\/secure.gravatar.com\/avatar\/1e1956f1facbffd3f8fa53a326721950116b3b9dc9bd44939c01180fd4a745a9?s=96&d=mm&r=g","caption":"Equipe G\u00e1vea News"}}]}},"_links":{"self":[{"href":"https:\/\/www.gaveanews.com\/index.php\/wp-json\/wp\/v2\/posts\/94272","targetHints":{"allow":["GET"]}}],"collection":[{"href":"https:\/\/www.gaveanews.com\/index.php\/wp-json\/wp\/v2\/posts"}],"about":[{"href":"https:\/\/www.gaveanews.com\/index.php\/wp-json\/wp\/v2\/types\/post"}],"author":[{"embeddable":true,"href":"https:\/\/www.gaveanews.com\/index.php\/wp-json\/wp\/v2\/users\/1"}],"replies":[{"embeddable":true,"href":"https:\/\/www.gaveanews.com\/index.php\/wp-json\/wp\/v2\/comments?post=94272"}],"version-history":[{"count":0,"href":"https:\/\/www.gaveanews.com\/index.php\/wp-json\/wp\/v2\/posts\/94272\/revisions"}],"wp:featuredmedia":[{"embeddable":true,"href":"https:\/\/www.gaveanews.com\/index.php\/wp-json\/wp\/v2\/media\/15070"}],"wp:attachment":[{"href":"https:\/\/www.gaveanews.com\/index.php\/wp-json\/wp\/v2\/media?parent=94272"}],"wp:term":[{"taxonomy":"category","embeddable":true,"href":"https:\/\/www.gaveanews.com\/index.php\/wp-json\/wp\/v2\/categories?post=94272"},{"taxonomy":"post_tag","embeddable":true,"href":"https:\/\/www.gaveanews.com\/index.php\/wp-json\/wp\/v2\/tags?post=94272"}],"curies":[{"name":"wp","href":"https:\/\/api.w.org\/{rel}","templated":true}]}}