{"id":94297,"date":"2023-02-20T06:00:00","date_gmt":"2023-02-20T09:00:00","guid":{"rendered":"https:\/\/www.gaveanews.com\/?p=94297"},"modified":"2023-02-20T01:35:07","modified_gmt":"2023-02-20T04:35:07","slug":"fantasia-da-sogra-de-vitor-pereira-do-flamengo-viraliza-neste-carnaval","status":"publish","type":"post","link":"https:\/\/www.gaveanews.com\/index.php\/2023\/02\/20\/fantasia-da-sogra-de-vitor-pereira-do-flamengo-viraliza-neste-carnaval\/","title":{"rendered":"Fantasia da sogra de V\u00edtor Pereira, do Flamengo, viraliza neste carnaval"},"content":{"rendered":"\n<p>O Carnaval \u00e9 a \u00e9poca do ano em que o brasileiro mostra sua criatividade. Em meio a bloquinhos, confetes, marchinhas e ruas lotadas, os foli\u00f5es tentam se diferenciar com fantasias \u201cdiferentonas\u201d. Os f\u00e3s de esporte tamb\u00e9m est\u00e3o na folia, e uma fantasia em particular bombou nas redes sociais de corintianos neste s\u00e1bado, 18. <\/p>\n\n\n\n<p>Um homem foi clicado fantasiado de \u201cSogra do VP\u201d (Vitor Pereira), ex-treinador do Corinthians e agora comandante do Flamengo. Virou uma piada entre os torcedores a desculpa que o portugu\u00eas deu para a diretoria alvinegra sobre sua sa\u00edda. Ele informou que a sogra estava doente em Portugal e precisaria sair para ficar com a fam\u00edlia, mas, menos de um m\u00eas depois, fechou contrato com o time carioca. <\/p>\n\n\n\n<p>A fantasia fez sucesso nas redes. \u201cEla n\u00e3o estava doente? Melhorou\u201d, ca\u00e7oou um internauta. \u201cA melhor fantasia deste Carnaval at\u00e9 o momento\u201d, opinou outro.<\/p>\n\n\n\n<figure class=\"wp-block-image size-large\"><img decoding=\"async\" src=\"https:\/\/jpimg.com.br\/uploads\/2023\/02\/sogradovp.webp\" alt=\"\"\/><\/figure>\n\n\n\n<p>Retirado de: Jovem Pan<\/p>\n","protected":false},"excerpt":{"rendered":"<p>O Carnaval \u00e9 a \u00e9poca do ano em que o brasileiro mostra sua criatividade. Em meio a bloquinhos, confetes, marchinhas e ruas lotadas, os foli\u00f5es tentam se diferenciar com fantasias \u201cdiferentonas\u201d. Os f\u00e3s de esporte tamb\u00e9m est\u00e3o na folia, e uma fantasia em particular bombou nas redes sociais de corintianos neste s\u00e1bado, 18. Um homem [&hellip;]<\/p>\n","protected":false},"author":1,"featured_media":92069,"comment_status":"open","ping_status":"closed","sticky":false,"template":"","format":"standard","meta":{"footnotes":""},"categories":[1],"tags":[],"class_list":["post-94297","post","type-post","status-publish","format-standard","has-post-thumbnail","hentry","category-flamengo"],"yoast_head":"<!-- This site is optimized with the Yoast SEO Premium plugin v24.2 (Yoast SEO v26.9) - https:\/\/yoast.com\/product\/yoast-seo-premium-wordpress\/ -->\n<title>Fantasia da sogra de V\u00edtor Pereira, do Flamengo, viraliza neste carnaval<\/title>\n<meta name=\"robots\" content=\"index, follow, max-snippet:-1, max-image-preview:large, max-video-preview:-1\" \/>\n<link rel=\"canonical\" href=\"https:\/\/www.gaveanews.com\/index.php\/2023\/02\/20\/fantasia-da-sogra-de-vitor-pereira-do-flamengo-viraliza-neste-carnaval\/\" \/>\n<meta property=\"og:locale\" content=\"pt_BR\" \/>\n<meta property=\"og:type\" content=\"article\" \/>\n<meta property=\"og:title\" content=\"Fantasia da sogra de V\u00edtor Pereira, do Flamengo, viraliza neste carnaval\" \/>\n<meta property=\"og:description\" content=\"O Carnaval \u00e9 a \u00e9poca do ano em que o brasileiro mostra sua criatividade. Em meio a bloquinhos, confetes, marchinhas e ruas lotadas, os foli\u00f5es tentam se diferenciar com fantasias \u201cdiferentonas\u201d. Os f\u00e3s de esporte tamb\u00e9m est\u00e3o na folia, e uma fantasia em particular bombou nas redes sociais de corintianos neste s\u00e1bado, 18. Um homem [&hellip;]\" \/>\n<meta property=\"og:url\" content=\"https:\/\/www.gaveanews.com\/index.php\/2023\/02\/20\/fantasia-da-sogra-de-vitor-pereira-do-flamengo-viraliza-neste-carnaval\/\" \/>\n<meta property=\"og:site_name\" content=\"G\u00e1vea News\" \/>\n<meta property=\"article:publisher\" content=\"https:\/\/facebook.com\/gaveaNews\/\" \/>\n<meta property=\"article:published_time\" content=\"2023-02-20T09:00:00+00:00\" \/>\n<meta property=\"og:image\" content=\"https:\/\/www.gaveanews.com\/wp-content\/uploads\/Vitor-Pereira-durante-treino-aberto-na-Neo-Quimica-Arena.webp\" \/>\n\t<meta property=\"og:image:width\" content=\"941\" \/>\n\t<meta property=\"og:image:height\" content=\"627\" \/>\n\t<meta property=\"og:image:type\" content=\"image\/webp\" \/>\n<meta name=\"author\" content=\"Equipe G\u00e1vea News\" \/>\n<meta name=\"twitter:card\" content=\"summary_large_image\" \/>\n<meta name=\"twitter:label1\" content=\"Escrito por\" \/>\n\t<meta name=\"twitter:data1\" content=\"Equipe G\u00e1vea News\" \/>\n\t<meta name=\"twitter:label2\" content=\"Est. tempo de leitura\" \/>\n\t<meta name=\"twitter:data2\" content=\"2 minutos\" \/>\n<script type=\"application\/ld+json\" class=\"yoast-schema-graph\">{\"@context\":\"https:\/\/schema.org\",\"@graph\":[{\"@type\":\"NewsArticle\",\"@id\":\"https:\/\/www.gaveanews.com\/index.php\/2023\/02\/20\/fantasia-da-sogra-de-vitor-pereira-do-flamengo-viraliza-neste-carnaval\/#article\",\"isPartOf\":{\"@id\":\"https:\/\/www.gaveanews.com\/index.php\/2023\/02\/20\/fantasia-da-sogra-de-vitor-pereira-do-flamengo-viraliza-neste-carnaval\/\"},\"author\":{\"name\":\"Equipe G\u00e1vea News\",\"@id\":\"https:\/\/www.gaveanews.com\/#\/schema\/person\/2ec14f73fb96be2caf28f91afb14749d\"},\"headline\":\"Fantasia da sogra de V\u00edtor Pereira, do Flamengo, viraliza neste carnaval\",\"datePublished\":\"2023-02-20T09:00:00+00:00\",\"mainEntityOfPage\":{\"@id\":\"https:\/\/www.gaveanews.com\/index.php\/2023\/02\/20\/fantasia-da-sogra-de-vitor-pereira-do-flamengo-viraliza-neste-carnaval\/\"},\"wordCount\":169,\"commentCount\":0,\"image\":{\"@id\":\"https:\/\/www.gaveanews.com\/index.php\/2023\/02\/20\/fantasia-da-sogra-de-vitor-pereira-do-flamengo-viraliza-neste-carnaval\/#primaryimage\"},\"thumbnailUrl\":\"https:\/\/www.gaveanews.com\/wp-content\/uploads\/Vitor-Pereira-durante-treino-aberto-na-Neo-Quimica-Arena.webp\",\"articleSection\":[\"Flamengo\"],\"inLanguage\":\"pt-BR\",\"potentialAction\":[{\"@type\":\"CommentAction\",\"name\":\"Comment\",\"target\":[\"https:\/\/www.gaveanews.com\/index.php\/2023\/02\/20\/fantasia-da-sogra-de-vitor-pereira-do-flamengo-viraliza-neste-carnaval\/#respond\"]}],\"copyrightYear\":\"2023\",\"copyrightHolder\":{\"@id\":\"https:\/\/www.gaveanews.com\/#organization\"}},{\"@type\":\"WebPage\",\"@id\":\"https:\/\/www.gaveanews.com\/index.php\/2023\/02\/20\/fantasia-da-sogra-de-vitor-pereira-do-flamengo-viraliza-neste-carnaval\/\",\"url\":\"https:\/\/www.gaveanews.com\/index.php\/2023\/02\/20\/fantasia-da-sogra-de-vitor-pereira-do-flamengo-viraliza-neste-carnaval\/\",\"name\":\"Fantasia da sogra de V\u00edtor Pereira, do Flamengo, viraliza neste carnaval\",\"isPartOf\":{\"@id\":\"https:\/\/www.gaveanews.com\/#website\"},\"primaryImageOfPage\":{\"@id\":\"https:\/\/www.gaveanews.com\/index.php\/2023\/02\/20\/fantasia-da-sogra-de-vitor-pereira-do-flamengo-viraliza-neste-carnaval\/#primaryimage\"},\"image\":{\"@id\":\"https:\/\/www.gaveanews.com\/index.php\/2023\/02\/20\/fantasia-da-sogra-de-vitor-pereira-do-flamengo-viraliza-neste-carnaval\/#primaryimage\"},\"thumbnailUrl\":\"https:\/\/www.gaveanews.com\/wp-content\/uploads\/Vitor-Pereira-durante-treino-aberto-na-Neo-Quimica-Arena.webp\",\"datePublished\":\"2023-02-20T09:00:00+00:00\",\"author\":{\"@id\":\"https:\/\/www.gaveanews.com\/#\/schema\/person\/2ec14f73fb96be2caf28f91afb14749d\"},\"breadcrumb\":{\"@id\":\"https:\/\/www.gaveanews.com\/index.php\/2023\/02\/20\/fantasia-da-sogra-de-vitor-pereira-do-flamengo-viraliza-neste-carnaval\/#breadcrumb\"},\"inLanguage\":\"pt-BR\",\"potentialAction\":[{\"@type\":\"ReadAction\",\"target\":[\"https:\/\/www.gaveanews.com\/index.php\/2023\/02\/20\/fantasia-da-sogra-de-vitor-pereira-do-flamengo-viraliza-neste-carnaval\/\"]}]},{\"@type\":\"ImageObject\",\"inLanguage\":\"pt-BR\",\"@id\":\"https:\/\/www.gaveanews.com\/index.php\/2023\/02\/20\/fantasia-da-sogra-de-vitor-pereira-do-flamengo-viraliza-neste-carnaval\/#primaryimage\",\"url\":\"https:\/\/www.gaveanews.com\/wp-content\/uploads\/Vitor-Pereira-durante-treino-aberto-na-Neo-Quimica-Arena.webp\",\"contentUrl\":\"https:\/\/www.gaveanews.com\/wp-content\/uploads\/Vitor-Pereira-durante-treino-aberto-na-Neo-Quimica-Arena.webp\",\"width\":941,\"height\":627,\"caption\":\"V\u00edtor Pereira durante treino aberto na Neo Qu\u00edmica Arena (Foto: Jos\u00e9 Manoel Idalgo\/Ag\u00eancia Corinthians)\"},{\"@type\":\"BreadcrumbList\",\"@id\":\"https:\/\/www.gaveanews.com\/index.php\/2023\/02\/20\/fantasia-da-sogra-de-vitor-pereira-do-flamengo-viraliza-neste-carnaval\/#breadcrumb\",\"itemListElement\":[{\"@type\":\"ListItem\",\"position\":1,\"name\":\"Home\",\"item\":\"https:\/\/www.gaveanews.com\/\"},{\"@type\":\"ListItem\",\"position\":2,\"name\":\"Fantasia da sogra de V\u00edtor Pereira, do Flamengo, viraliza neste carnaval\"}]},{\"@type\":\"WebSite\",\"@id\":\"https:\/\/www.gaveanews.com\/#website\",\"url\":\"https:\/\/www.gaveanews.com\/\",\"name\":\"G\u00e1vea News\",\"description\":\"Veja todas as not\u00edcias sobre o Flamengo: Contrata\u00e7\u00f5es, categorias de base, resultados das partidas, tabela de classifica\u00e7\u00e3o, pr\u00f3ximos jogos!\",\"potentialAction\":[{\"@type\":\"SearchAction\",\"target\":{\"@type\":\"EntryPoint\",\"urlTemplate\":\"https:\/\/www.gaveanews.com\/?s={search_term_string}\"},\"query-input\":{\"@type\":\"PropertyValueSpecification\",\"valueRequired\":true,\"valueName\":\"search_term_string\"}}],\"inLanguage\":\"pt-BR\"},{\"@type\":\"Person\",\"@id\":\"https:\/\/www.gaveanews.com\/#\/schema\/person\/2ec14f73fb96be2caf28f91afb14749d\",\"name\":\"Equipe G\u00e1vea News\",\"image\":{\"@type\":\"ImageObject\",\"inLanguage\":\"pt-BR\",\"@id\":\"https:\/\/www.gaveanews.com\/#\/schema\/person\/image\/\",\"url\":\"https:\/\/secure.gravatar.com\/avatar\/1e1956f1facbffd3f8fa53a326721950116b3b9dc9bd44939c01180fd4a745a9?s=96&d=mm&r=g\",\"contentUrl\":\"https:\/\/secure.gravatar.com\/avatar\/1e1956f1facbffd3f8fa53a326721950116b3b9dc9bd44939c01180fd4a745a9?s=96&d=mm&r=g\",\"caption\":\"Equipe G\u00e1vea News\"}}]}<\/script>\n<!-- \/ Yoast SEO Premium plugin. -->","yoast_head_json":{"title":"Fantasia da sogra de V\u00edtor Pereira, do Flamengo, viraliza neste carnaval","robots":{"index":"index","follow":"follow","max-snippet":"max-snippet:-1","max-image-preview":"max-image-preview:large","max-video-preview":"max-video-preview:-1"},"canonical":"https:\/\/www.gaveanews.com\/index.php\/2023\/02\/20\/fantasia-da-sogra-de-vitor-pereira-do-flamengo-viraliza-neste-carnaval\/","og_locale":"pt_BR","og_type":"article","og_title":"Fantasia da sogra de V\u00edtor Pereira, do Flamengo, viraliza neste carnaval","og_description":"O Carnaval \u00e9 a \u00e9poca do ano em que o brasileiro mostra sua criatividade. Em meio a bloquinhos, confetes, marchinhas e ruas lotadas, os foli\u00f5es tentam se diferenciar com fantasias \u201cdiferentonas\u201d. Os f\u00e3s de esporte tamb\u00e9m est\u00e3o na folia, e uma fantasia em particular bombou nas redes sociais de corintianos neste s\u00e1bado, 18. Um homem [&hellip;]","og_url":"https:\/\/www.gaveanews.com\/index.php\/2023\/02\/20\/fantasia-da-sogra-de-vitor-pereira-do-flamengo-viraliza-neste-carnaval\/","og_site_name":"G\u00e1vea News","article_publisher":"https:\/\/facebook.com\/gaveaNews\/","article_published_time":"2023-02-20T09:00:00+00:00","og_image":[{"width":941,"height":627,"url":"https:\/\/www.gaveanews.com\/wp-content\/uploads\/Vitor-Pereira-durante-treino-aberto-na-Neo-Quimica-Arena.webp","type":"image\/webp"}],"author":"Equipe G\u00e1vea News","twitter_card":"summary_large_image","twitter_misc":{"Escrito por":"Equipe G\u00e1vea News","Est. tempo de leitura":"2 minutos"},"schema":{"@context":"https:\/\/schema.org","@graph":[{"@type":"NewsArticle","@id":"https:\/\/www.gaveanews.com\/index.php\/2023\/02\/20\/fantasia-da-sogra-de-vitor-pereira-do-flamengo-viraliza-neste-carnaval\/#article","isPartOf":{"@id":"https:\/\/www.gaveanews.com\/index.php\/2023\/02\/20\/fantasia-da-sogra-de-vitor-pereira-do-flamengo-viraliza-neste-carnaval\/"},"author":{"name":"Equipe G\u00e1vea News","@id":"https:\/\/www.gaveanews.com\/#\/schema\/person\/2ec14f73fb96be2caf28f91afb14749d"},"headline":"Fantasia da sogra de V\u00edtor Pereira, do Flamengo, viraliza neste carnaval","datePublished":"2023-02-20T09:00:00+00:00","mainEntityOfPage":{"@id":"https:\/\/www.gaveanews.com\/index.php\/2023\/02\/20\/fantasia-da-sogra-de-vitor-pereira-do-flamengo-viraliza-neste-carnaval\/"},"wordCount":169,"commentCount":0,"image":{"@id":"https:\/\/www.gaveanews.com\/index.php\/2023\/02\/20\/fantasia-da-sogra-de-vitor-pereira-do-flamengo-viraliza-neste-carnaval\/#primaryimage"},"thumbnailUrl":"https:\/\/www.gaveanews.com\/wp-content\/uploads\/Vitor-Pereira-durante-treino-aberto-na-Neo-Quimica-Arena.webp","articleSection":["Flamengo"],"inLanguage":"pt-BR","potentialAction":[{"@type":"CommentAction","name":"Comment","target":["https:\/\/www.gaveanews.com\/index.php\/2023\/02\/20\/fantasia-da-sogra-de-vitor-pereira-do-flamengo-viraliza-neste-carnaval\/#respond"]}],"copyrightYear":"2023","copyrightHolder":{"@id":"https:\/\/www.gaveanews.com\/#organization"}},{"@type":"WebPage","@id":"https:\/\/www.gaveanews.com\/index.php\/2023\/02\/20\/fantasia-da-sogra-de-vitor-pereira-do-flamengo-viraliza-neste-carnaval\/","url":"https:\/\/www.gaveanews.com\/index.php\/2023\/02\/20\/fantasia-da-sogra-de-vitor-pereira-do-flamengo-viraliza-neste-carnaval\/","name":"Fantasia da sogra de V\u00edtor Pereira, do Flamengo, viraliza neste carnaval","isPartOf":{"@id":"https:\/\/www.gaveanews.com\/#website"},"primaryImageOfPage":{"@id":"https:\/\/www.gaveanews.com\/index.php\/2023\/02\/20\/fantasia-da-sogra-de-vitor-pereira-do-flamengo-viraliza-neste-carnaval\/#primaryimage"},"image":{"@id":"https:\/\/www.gaveanews.com\/index.php\/2023\/02\/20\/fantasia-da-sogra-de-vitor-pereira-do-flamengo-viraliza-neste-carnaval\/#primaryimage"},"thumbnailUrl":"https:\/\/www.gaveanews.com\/wp-content\/uploads\/Vitor-Pereira-durante-treino-aberto-na-Neo-Quimica-Arena.webp","datePublished":"2023-02-20T09:00:00+00:00","author":{"@id":"https:\/\/www.gaveanews.com\/#\/schema\/person\/2ec14f73fb96be2caf28f91afb14749d"},"breadcrumb":{"@id":"https:\/\/www.gaveanews.com\/index.php\/2023\/02\/20\/fantasia-da-sogra-de-vitor-pereira-do-flamengo-viraliza-neste-carnaval\/#breadcrumb"},"inLanguage":"pt-BR","potentialAction":[{"@type":"ReadAction","target":["https:\/\/www.gaveanews.com\/index.php\/2023\/02\/20\/fantasia-da-sogra-de-vitor-pereira-do-flamengo-viraliza-neste-carnaval\/"]}]},{"@type":"ImageObject","inLanguage":"pt-BR","@id":"https:\/\/www.gaveanews.com\/index.php\/2023\/02\/20\/fantasia-da-sogra-de-vitor-pereira-do-flamengo-viraliza-neste-carnaval\/#primaryimage","url":"https:\/\/www.gaveanews.com\/wp-content\/uploads\/Vitor-Pereira-durante-treino-aberto-na-Neo-Quimica-Arena.webp","contentUrl":"https:\/\/www.gaveanews.com\/wp-content\/uploads\/Vitor-Pereira-durante-treino-aberto-na-Neo-Quimica-Arena.webp","width":941,"height":627,"caption":"V\u00edtor Pereira durante treino aberto na Neo Qu\u00edmica Arena (Foto: Jos\u00e9 Manoel Idalgo\/Ag\u00eancia Corinthians)"},{"@type":"BreadcrumbList","@id":"https:\/\/www.gaveanews.com\/index.php\/2023\/02\/20\/fantasia-da-sogra-de-vitor-pereira-do-flamengo-viraliza-neste-carnaval\/#breadcrumb","itemListElement":[{"@type":"ListItem","position":1,"name":"Home","item":"https:\/\/www.gaveanews.com\/"},{"@type":"ListItem","position":2,"name":"Fantasia da sogra de V\u00edtor Pereira, do Flamengo, viraliza neste carnaval"}]},{"@type":"WebSite","@id":"https:\/\/www.gaveanews.com\/#website","url":"https:\/\/www.gaveanews.com\/","name":"G\u00e1vea News","description":"Veja todas as not\u00edcias sobre o Flamengo: Contrata\u00e7\u00f5es, categorias de base, resultados das partidas, tabela de classifica\u00e7\u00e3o, pr\u00f3ximos jogos!","potentialAction":[{"@type":"SearchAction","target":{"@type":"EntryPoint","urlTemplate":"https:\/\/www.gaveanews.com\/?s={search_term_string}"},"query-input":{"@type":"PropertyValueSpecification","valueRequired":true,"valueName":"search_term_string"}}],"inLanguage":"pt-BR"},{"@type":"Person","@id":"https:\/\/www.gaveanews.com\/#\/schema\/person\/2ec14f73fb96be2caf28f91afb14749d","name":"Equipe G\u00e1vea News","image":{"@type":"ImageObject","inLanguage":"pt-BR","@id":"https:\/\/www.gaveanews.com\/#\/schema\/person\/image\/","url":"https:\/\/secure.gravatar.com\/avatar\/1e1956f1facbffd3f8fa53a326721950116b3b9dc9bd44939c01180fd4a745a9?s=96&d=mm&r=g","contentUrl":"https:\/\/secure.gravatar.com\/avatar\/1e1956f1facbffd3f8fa53a326721950116b3b9dc9bd44939c01180fd4a745a9?s=96&d=mm&r=g","caption":"Equipe G\u00e1vea News"}}]}},"_links":{"self":[{"href":"https:\/\/www.gaveanews.com\/index.php\/wp-json\/wp\/v2\/posts\/94297","targetHints":{"allow":["GET"]}}],"collection":[{"href":"https:\/\/www.gaveanews.com\/index.php\/wp-json\/wp\/v2\/posts"}],"about":[{"href":"https:\/\/www.gaveanews.com\/index.php\/wp-json\/wp\/v2\/types\/post"}],"author":[{"embeddable":true,"href":"https:\/\/www.gaveanews.com\/index.php\/wp-json\/wp\/v2\/users\/1"}],"replies":[{"embeddable":true,"href":"https:\/\/www.gaveanews.com\/index.php\/wp-json\/wp\/v2\/comments?post=94297"}],"version-history":[{"count":0,"href":"https:\/\/www.gaveanews.com\/index.php\/wp-json\/wp\/v2\/posts\/94297\/revisions"}],"wp:featuredmedia":[{"embeddable":true,"href":"https:\/\/www.gaveanews.com\/index.php\/wp-json\/wp\/v2\/media\/92069"}],"wp:attachment":[{"href":"https:\/\/www.gaveanews.com\/index.php\/wp-json\/wp\/v2\/media?parent=94297"}],"wp:term":[{"taxonomy":"category","embeddable":true,"href":"https:\/\/www.gaveanews.com\/index.php\/wp-json\/wp\/v2\/categories?post=94297"},{"taxonomy":"post_tag","embeddable":true,"href":"https:\/\/www.gaveanews.com\/index.php\/wp-json\/wp\/v2\/tags?post=94297"}],"curies":[{"name":"wp","href":"https:\/\/api.w.org\/{rel}","templated":true}]}}