{"id":94310,"date":"2023-02-20T08:50:21","date_gmt":"2023-02-20T11:50:21","guid":{"rendered":"https:\/\/www.gaveanews.com\/?p=94310"},"modified":"2023-02-20T08:50:24","modified_gmt":"2023-02-20T11:50:24","slug":"flamengo-obriga-vitor-pereira-buscar-solucoes-as-vesperas-de-nova-decisao","status":"publish","type":"post","link":"https:\/\/www.gaveanews.com\/index.php\/2023\/02\/20\/flamengo-obriga-vitor-pereira-buscar-solucoes-as-vesperas-de-nova-decisao\/","title":{"rendered":"Flamengo obriga V\u00edtor Pereira buscar solu\u00e7\u00f5es \u00e0s v\u00e9speras de nova decis\u00e3o"},"content":{"rendered":"\n<p>\u00c0s v\u00e9speras de sua terceira decis\u00e3o em dois meses de Flamengo, V\u00edtor Pereira precisa lidar com os recentes desfalques e encontrar solu\u00e7\u00f5es caseiras em um elenco que ainda n\u00e3o apresentou seu melhor n\u00edvel em 2023. Para a partida contra o Independiente Del Valle (EQU), nesta ter\u00e7a pela ida da Recopa Sul-Americana, as sete baixas podem resultar em novos testes no meio de campo do VP.<\/p>\n\n\n\n<p>A bola rola no Est\u00e1dio Banco Guayaquil, em Quito, \u00e0s 21h30 (de Bras\u00edlia). Nesta tarde, o t\u00e9cnico comanda uma \u00faltima atividade, no Atahualpa, para definir a equipe que escalar\u00e1.<\/p>\n\n\n\n<p>A principal d\u00favida \u00e9 no meio de campo. No primeiro teste que fez, V\u00edtor Pereira sacou Everton Ribeiro para p\u00f4r Vidal ao lado de Thiago Maia e Gerson. Sem o Coringa, fora da viagem, a \u00fanica alternativa para entrar no lugar do meia e manter o setor com maior poder de marca\u00e7\u00e3o \u00e9 Pulgar.<\/p>\n\n\n\n<p>A posi\u00e7\u00e3o de volante, inclusive, \u00e9 uma das que o t\u00e9cnico pediu para a diretoria buscar refor\u00e7os no mercado, mas, at\u00e9 o momento, n\u00e3o foi atendido. A \u00fanica contrata\u00e7\u00e3o do clube foi Gerson, que voltou do Olympique de Marseille (FRA). Por outro lado, o clube vendeu Jo\u00e3o Gomes ao Wolverhampton (ING) e ainda busca atender outro desejo do VP: a chegada de um ponta direito.<\/p>\n\n\n\n<p>As dificuldades n\u00e3o cessam por a\u00ed. Na lateral-esquerda, as aus\u00eancias de Filipe Lu\u00eds fizeram o t\u00e9cnico testar Matheuzinho, Wesley e Varela, laterais direitos, do lado oposto. Os testes foram por precau\u00e7\u00e3o, caso ocorra algum problema com Ayrton Lucas, que deixou o \u00faltimo jogo com dores musculares, mas trabalhou com o grupo nos \u00faltimos dias e est\u00e1 relacionado para a final em Quito.<\/p>\n\n\n\n<p>Do meio para frente, Pedro e Gabi est\u00e3o sobrando, com 10 e 9 gols marcados, respectivamente. Os companheiros, contudo, est\u00e3o bem abaixo. Everton Cebolinha \u00e9 o 12\u00ba jogador de VP, mas ainda n\u00e3o entrega o futebol esperado. Mateus\u00e3o e Marinho tampouco, sendo o \u00faltimo baixa de \u00faltima hora.<\/p>\n\n\n\n<p>Assim, as op\u00e7\u00f5es que o treinador poder\u00e1 trabalhar contra o Independiente Del Valle s\u00e3o os garotos do Ninho. Matheus Fran\u00e7a j\u00e1 \u00e9 utilizado com maior frequ\u00eancia desde a \u00faltima temporada, mas, ap\u00f3s marcar seu primeiro gol entre os profissionais no s\u00e1bado, contra o Volta Redonda, o seu xar\u00e1, Matheus Gon\u00e7alves, ganhou pontos com V\u00edtor Pereira por conciliar &#8220;futebol e personalidade&#8221;<\/p>\n\n\n\n<p><em>\u2014 Ficou provado a qualidade e a personalidade. Isso \u00e9 o que mais me agrada. Muitas vezes, a qualidade n\u00e3o \u00e9 acompanhada pela qualidade <\/em>&#8211; disse VP sobre o desempenho dos jovens da base.<\/p>\n\n\n\n<p>Retirado de: Lance<\/p>\n","protected":false},"excerpt":{"rendered":"<p>\u00c0s v\u00e9speras de sua terceira decis\u00e3o em dois meses de Flamengo, V\u00edtor Pereira precisa lidar com os recentes desfalques e encontrar solu\u00e7\u00f5es caseiras em um elenco que ainda n\u00e3o apresentou seu melhor n\u00edvel em 2023. Para a partida contra o Independiente Del Valle (EQU), nesta ter\u00e7a pela ida da Recopa Sul-Americana, as sete baixas podem [&hellip;]<\/p>\n","protected":false},"author":1,"featured_media":93332,"comment_status":"open","ping_status":"closed","sticky":false,"template":"","format":"standard","meta":{"footnotes":""},"categories":[1],"tags":[],"class_list":["post-94310","post","type-post","status-publish","format-standard","has-post-thumbnail","hentry","category-flamengo"],"yoast_head":"<!-- This site is optimized with the Yoast SEO Premium plugin v24.2 (Yoast SEO v26.9) - https:\/\/yoast.com\/product\/yoast-seo-premium-wordpress\/ -->\n<title>Flamengo obriga V\u00edtor Pereira buscar solu\u00e7\u00f5es \u00e0s v\u00e9speras de nova decis\u00e3o<\/title>\n<meta name=\"robots\" content=\"index, follow, max-snippet:-1, max-image-preview:large, max-video-preview:-1\" \/>\n<link rel=\"canonical\" href=\"https:\/\/www.gaveanews.com\/index.php\/2023\/02\/20\/flamengo-obriga-vitor-pereira-buscar-solucoes-as-vesperas-de-nova-decisao\/\" \/>\n<meta property=\"og:locale\" content=\"pt_BR\" \/>\n<meta property=\"og:type\" content=\"article\" \/>\n<meta property=\"og:title\" content=\"Flamengo obriga V\u00edtor Pereira buscar solu\u00e7\u00f5es \u00e0s v\u00e9speras de nova decis\u00e3o\" \/>\n<meta property=\"og:description\" content=\"\u00c0s v\u00e9speras de sua terceira decis\u00e3o em dois meses de Flamengo, V\u00edtor Pereira precisa lidar com os recentes desfalques e encontrar solu\u00e7\u00f5es caseiras em um elenco que ainda n\u00e3o apresentou seu melhor n\u00edvel em 2023. Para a partida contra o Independiente Del Valle (EQU), nesta ter\u00e7a pela ida da Recopa Sul-Americana, as sete baixas podem [&hellip;]\" \/>\n<meta property=\"og:url\" content=\"https:\/\/www.gaveanews.com\/index.php\/2023\/02\/20\/flamengo-obriga-vitor-pereira-buscar-solucoes-as-vesperas-de-nova-decisao\/\" \/>\n<meta property=\"og:site_name\" content=\"G\u00e1vea News\" \/>\n<meta property=\"article:publisher\" content=\"https:\/\/facebook.com\/gaveaNews\/\" \/>\n<meta property=\"article:published_time\" content=\"2023-02-20T11:50:21+00:00\" \/>\n<meta property=\"article:modified_time\" content=\"2023-02-20T11:50:24+00:00\" \/>\n<meta property=\"og:image\" content=\"https:\/\/www.gaveanews.com\/wp-content\/uploads\/vitor-pereira-flamengo.webp\" \/>\n\t<meta property=\"og:image:width\" content=\"1024\" \/>\n\t<meta property=\"og:image:height\" content=\"682\" \/>\n\t<meta property=\"og:image:type\" content=\"image\/jpeg\" \/>\n<meta name=\"author\" content=\"Equipe G\u00e1vea News\" \/>\n<meta name=\"twitter:card\" content=\"summary_large_image\" \/>\n<meta name=\"twitter:label1\" content=\"Escrito por\" \/>\n\t<meta name=\"twitter:data1\" content=\"Equipe G\u00e1vea News\" \/>\n\t<meta name=\"twitter:label2\" content=\"Est. tempo de leitura\" \/>\n\t<meta name=\"twitter:data2\" content=\"3 minutos\" \/>\n<script type=\"application\/ld+json\" class=\"yoast-schema-graph\">{\"@context\":\"https:\/\/schema.org\",\"@graph\":[{\"@type\":\"NewsArticle\",\"@id\":\"https:\/\/www.gaveanews.com\/index.php\/2023\/02\/20\/flamengo-obriga-vitor-pereira-buscar-solucoes-as-vesperas-de-nova-decisao\/#article\",\"isPartOf\":{\"@id\":\"https:\/\/www.gaveanews.com\/index.php\/2023\/02\/20\/flamengo-obriga-vitor-pereira-buscar-solucoes-as-vesperas-de-nova-decisao\/\"},\"author\":{\"name\":\"Equipe G\u00e1vea News\",\"@id\":\"https:\/\/www.gaveanews.com\/#\/schema\/person\/2ec14f73fb96be2caf28f91afb14749d\"},\"headline\":\"Flamengo obriga V\u00edtor Pereira buscar solu\u00e7\u00f5es \u00e0s v\u00e9speras de nova decis\u00e3o\",\"datePublished\":\"2023-02-20T11:50:21+00:00\",\"dateModified\":\"2023-02-20T11:50:24+00:00\",\"mainEntityOfPage\":{\"@id\":\"https:\/\/www.gaveanews.com\/index.php\/2023\/02\/20\/flamengo-obriga-vitor-pereira-buscar-solucoes-as-vesperas-de-nova-decisao\/\"},\"wordCount\":461,\"commentCount\":0,\"image\":{\"@id\":\"https:\/\/www.gaveanews.com\/index.php\/2023\/02\/20\/flamengo-obriga-vitor-pereira-buscar-solucoes-as-vesperas-de-nova-decisao\/#primaryimage\"},\"thumbnailUrl\":\"https:\/\/www.gaveanews.com\/wp-content\/uploads\/vitor-pereira-flamengo.webp\",\"articleSection\":[\"Flamengo\"],\"inLanguage\":\"pt-BR\",\"potentialAction\":[{\"@type\":\"CommentAction\",\"name\":\"Comment\",\"target\":[\"https:\/\/www.gaveanews.com\/index.php\/2023\/02\/20\/flamengo-obriga-vitor-pereira-buscar-solucoes-as-vesperas-de-nova-decisao\/#respond\"]}],\"copyrightYear\":\"2023\",\"copyrightHolder\":{\"@id\":\"https:\/\/www.gaveanews.com\/#organization\"}},{\"@type\":\"WebPage\",\"@id\":\"https:\/\/www.gaveanews.com\/index.php\/2023\/02\/20\/flamengo-obriga-vitor-pereira-buscar-solucoes-as-vesperas-de-nova-decisao\/\",\"url\":\"https:\/\/www.gaveanews.com\/index.php\/2023\/02\/20\/flamengo-obriga-vitor-pereira-buscar-solucoes-as-vesperas-de-nova-decisao\/\",\"name\":\"Flamengo obriga V\u00edtor Pereira buscar solu\u00e7\u00f5es \u00e0s v\u00e9speras de nova decis\u00e3o\",\"isPartOf\":{\"@id\":\"https:\/\/www.gaveanews.com\/#website\"},\"primaryImageOfPage\":{\"@id\":\"https:\/\/www.gaveanews.com\/index.php\/2023\/02\/20\/flamengo-obriga-vitor-pereira-buscar-solucoes-as-vesperas-de-nova-decisao\/#primaryimage\"},\"image\":{\"@id\":\"https:\/\/www.gaveanews.com\/index.php\/2023\/02\/20\/flamengo-obriga-vitor-pereira-buscar-solucoes-as-vesperas-de-nova-decisao\/#primaryimage\"},\"thumbnailUrl\":\"https:\/\/www.gaveanews.com\/wp-content\/uploads\/vitor-pereira-flamengo.webp\",\"datePublished\":\"2023-02-20T11:50:21+00:00\",\"dateModified\":\"2023-02-20T11:50:24+00:00\",\"author\":{\"@id\":\"https:\/\/www.gaveanews.com\/#\/schema\/person\/2ec14f73fb96be2caf28f91afb14749d\"},\"breadcrumb\":{\"@id\":\"https:\/\/www.gaveanews.com\/index.php\/2023\/02\/20\/flamengo-obriga-vitor-pereira-buscar-solucoes-as-vesperas-de-nova-decisao\/#breadcrumb\"},\"inLanguage\":\"pt-BR\",\"potentialAction\":[{\"@type\":\"ReadAction\",\"target\":[\"https:\/\/www.gaveanews.com\/index.php\/2023\/02\/20\/flamengo-obriga-vitor-pereira-buscar-solucoes-as-vesperas-de-nova-decisao\/\"]}]},{\"@type\":\"ImageObject\",\"inLanguage\":\"pt-BR\",\"@id\":\"https:\/\/www.gaveanews.com\/index.php\/2023\/02\/20\/flamengo-obriga-vitor-pereira-buscar-solucoes-as-vesperas-de-nova-decisao\/#primaryimage\",\"url\":\"https:\/\/www.gaveanews.com\/wp-content\/uploads\/vitor-pereira-flamengo.webp\",\"contentUrl\":\"https:\/\/www.gaveanews.com\/wp-content\/uploads\/vitor-pereira-flamengo.webp\",\"width\":1024,\"height\":682,\"caption\":\"V\u00edtor Pereira em treino do Flamengo no Ninho do Urubu (Foto: Marcelo Cortes\/Flamengo)\"},{\"@type\":\"BreadcrumbList\",\"@id\":\"https:\/\/www.gaveanews.com\/index.php\/2023\/02\/20\/flamengo-obriga-vitor-pereira-buscar-solucoes-as-vesperas-de-nova-decisao\/#breadcrumb\",\"itemListElement\":[{\"@type\":\"ListItem\",\"position\":1,\"name\":\"Home\",\"item\":\"https:\/\/www.gaveanews.com\/\"},{\"@type\":\"ListItem\",\"position\":2,\"name\":\"Flamengo obriga V\u00edtor Pereira buscar solu\u00e7\u00f5es \u00e0s v\u00e9speras de nova decis\u00e3o\"}]},{\"@type\":\"WebSite\",\"@id\":\"https:\/\/www.gaveanews.com\/#website\",\"url\":\"https:\/\/www.gaveanews.com\/\",\"name\":\"G\u00e1vea News\",\"description\":\"Veja todas as not\u00edcias sobre o Flamengo: Contrata\u00e7\u00f5es, categorias de base, resultados das partidas, tabela de classifica\u00e7\u00e3o, pr\u00f3ximos jogos!\",\"potentialAction\":[{\"@type\":\"SearchAction\",\"target\":{\"@type\":\"EntryPoint\",\"urlTemplate\":\"https:\/\/www.gaveanews.com\/?s={search_term_string}\"},\"query-input\":{\"@type\":\"PropertyValueSpecification\",\"valueRequired\":true,\"valueName\":\"search_term_string\"}}],\"inLanguage\":\"pt-BR\"},{\"@type\":\"Person\",\"@id\":\"https:\/\/www.gaveanews.com\/#\/schema\/person\/2ec14f73fb96be2caf28f91afb14749d\",\"name\":\"Equipe G\u00e1vea News\",\"image\":{\"@type\":\"ImageObject\",\"inLanguage\":\"pt-BR\",\"@id\":\"https:\/\/www.gaveanews.com\/#\/schema\/person\/image\/\",\"url\":\"https:\/\/secure.gravatar.com\/avatar\/1e1956f1facbffd3f8fa53a326721950116b3b9dc9bd44939c01180fd4a745a9?s=96&d=mm&r=g\",\"contentUrl\":\"https:\/\/secure.gravatar.com\/avatar\/1e1956f1facbffd3f8fa53a326721950116b3b9dc9bd44939c01180fd4a745a9?s=96&d=mm&r=g\",\"caption\":\"Equipe G\u00e1vea News\"}}]}<\/script>\n<!-- \/ Yoast SEO Premium plugin. -->","yoast_head_json":{"title":"Flamengo obriga V\u00edtor Pereira buscar solu\u00e7\u00f5es \u00e0s v\u00e9speras de nova decis\u00e3o","robots":{"index":"index","follow":"follow","max-snippet":"max-snippet:-1","max-image-preview":"max-image-preview:large","max-video-preview":"max-video-preview:-1"},"canonical":"https:\/\/www.gaveanews.com\/index.php\/2023\/02\/20\/flamengo-obriga-vitor-pereira-buscar-solucoes-as-vesperas-de-nova-decisao\/","og_locale":"pt_BR","og_type":"article","og_title":"Flamengo obriga V\u00edtor Pereira buscar solu\u00e7\u00f5es \u00e0s v\u00e9speras de nova decis\u00e3o","og_description":"\u00c0s v\u00e9speras de sua terceira decis\u00e3o em dois meses de Flamengo, V\u00edtor Pereira precisa lidar com os recentes desfalques e encontrar solu\u00e7\u00f5es caseiras em um elenco que ainda n\u00e3o apresentou seu melhor n\u00edvel em 2023. Para a partida contra o Independiente Del Valle (EQU), nesta ter\u00e7a pela ida da Recopa Sul-Americana, as sete baixas podem [&hellip;]","og_url":"https:\/\/www.gaveanews.com\/index.php\/2023\/02\/20\/flamengo-obriga-vitor-pereira-buscar-solucoes-as-vesperas-de-nova-decisao\/","og_site_name":"G\u00e1vea News","article_publisher":"https:\/\/facebook.com\/gaveaNews\/","article_published_time":"2023-02-20T11:50:21+00:00","article_modified_time":"2023-02-20T11:50:24+00:00","og_image":[{"width":1024,"height":682,"url":"https:\/\/www.gaveanews.com\/wp-content\/uploads\/vitor-pereira-flamengo.webp","type":"image\/jpeg"}],"author":"Equipe G\u00e1vea News","twitter_card":"summary_large_image","twitter_misc":{"Escrito por":"Equipe G\u00e1vea News","Est. tempo de leitura":"3 minutos"},"schema":{"@context":"https:\/\/schema.org","@graph":[{"@type":"NewsArticle","@id":"https:\/\/www.gaveanews.com\/index.php\/2023\/02\/20\/flamengo-obriga-vitor-pereira-buscar-solucoes-as-vesperas-de-nova-decisao\/#article","isPartOf":{"@id":"https:\/\/www.gaveanews.com\/index.php\/2023\/02\/20\/flamengo-obriga-vitor-pereira-buscar-solucoes-as-vesperas-de-nova-decisao\/"},"author":{"name":"Equipe G\u00e1vea News","@id":"https:\/\/www.gaveanews.com\/#\/schema\/person\/2ec14f73fb96be2caf28f91afb14749d"},"headline":"Flamengo obriga V\u00edtor Pereira buscar solu\u00e7\u00f5es \u00e0s v\u00e9speras de nova decis\u00e3o","datePublished":"2023-02-20T11:50:21+00:00","dateModified":"2023-02-20T11:50:24+00:00","mainEntityOfPage":{"@id":"https:\/\/www.gaveanews.com\/index.php\/2023\/02\/20\/flamengo-obriga-vitor-pereira-buscar-solucoes-as-vesperas-de-nova-decisao\/"},"wordCount":461,"commentCount":0,"image":{"@id":"https:\/\/www.gaveanews.com\/index.php\/2023\/02\/20\/flamengo-obriga-vitor-pereira-buscar-solucoes-as-vesperas-de-nova-decisao\/#primaryimage"},"thumbnailUrl":"https:\/\/www.gaveanews.com\/wp-content\/uploads\/vitor-pereira-flamengo.webp","articleSection":["Flamengo"],"inLanguage":"pt-BR","potentialAction":[{"@type":"CommentAction","name":"Comment","target":["https:\/\/www.gaveanews.com\/index.php\/2023\/02\/20\/flamengo-obriga-vitor-pereira-buscar-solucoes-as-vesperas-de-nova-decisao\/#respond"]}],"copyrightYear":"2023","copyrightHolder":{"@id":"https:\/\/www.gaveanews.com\/#organization"}},{"@type":"WebPage","@id":"https:\/\/www.gaveanews.com\/index.php\/2023\/02\/20\/flamengo-obriga-vitor-pereira-buscar-solucoes-as-vesperas-de-nova-decisao\/","url":"https:\/\/www.gaveanews.com\/index.php\/2023\/02\/20\/flamengo-obriga-vitor-pereira-buscar-solucoes-as-vesperas-de-nova-decisao\/","name":"Flamengo obriga V\u00edtor Pereira buscar solu\u00e7\u00f5es \u00e0s v\u00e9speras de nova decis\u00e3o","isPartOf":{"@id":"https:\/\/www.gaveanews.com\/#website"},"primaryImageOfPage":{"@id":"https:\/\/www.gaveanews.com\/index.php\/2023\/02\/20\/flamengo-obriga-vitor-pereira-buscar-solucoes-as-vesperas-de-nova-decisao\/#primaryimage"},"image":{"@id":"https:\/\/www.gaveanews.com\/index.php\/2023\/02\/20\/flamengo-obriga-vitor-pereira-buscar-solucoes-as-vesperas-de-nova-decisao\/#primaryimage"},"thumbnailUrl":"https:\/\/www.gaveanews.com\/wp-content\/uploads\/vitor-pereira-flamengo.webp","datePublished":"2023-02-20T11:50:21+00:00","dateModified":"2023-02-20T11:50:24+00:00","author":{"@id":"https:\/\/www.gaveanews.com\/#\/schema\/person\/2ec14f73fb96be2caf28f91afb14749d"},"breadcrumb":{"@id":"https:\/\/www.gaveanews.com\/index.php\/2023\/02\/20\/flamengo-obriga-vitor-pereira-buscar-solucoes-as-vesperas-de-nova-decisao\/#breadcrumb"},"inLanguage":"pt-BR","potentialAction":[{"@type":"ReadAction","target":["https:\/\/www.gaveanews.com\/index.php\/2023\/02\/20\/flamengo-obriga-vitor-pereira-buscar-solucoes-as-vesperas-de-nova-decisao\/"]}]},{"@type":"ImageObject","inLanguage":"pt-BR","@id":"https:\/\/www.gaveanews.com\/index.php\/2023\/02\/20\/flamengo-obriga-vitor-pereira-buscar-solucoes-as-vesperas-de-nova-decisao\/#primaryimage","url":"https:\/\/www.gaveanews.com\/wp-content\/uploads\/vitor-pereira-flamengo.webp","contentUrl":"https:\/\/www.gaveanews.com\/wp-content\/uploads\/vitor-pereira-flamengo.webp","width":1024,"height":682,"caption":"V\u00edtor Pereira em treino do Flamengo no Ninho do Urubu (Foto: Marcelo Cortes\/Flamengo)"},{"@type":"BreadcrumbList","@id":"https:\/\/www.gaveanews.com\/index.php\/2023\/02\/20\/flamengo-obriga-vitor-pereira-buscar-solucoes-as-vesperas-de-nova-decisao\/#breadcrumb","itemListElement":[{"@type":"ListItem","position":1,"name":"Home","item":"https:\/\/www.gaveanews.com\/"},{"@type":"ListItem","position":2,"name":"Flamengo obriga V\u00edtor Pereira buscar solu\u00e7\u00f5es \u00e0s v\u00e9speras de nova decis\u00e3o"}]},{"@type":"WebSite","@id":"https:\/\/www.gaveanews.com\/#website","url":"https:\/\/www.gaveanews.com\/","name":"G\u00e1vea News","description":"Veja todas as not\u00edcias sobre o Flamengo: Contrata\u00e7\u00f5es, categorias de base, resultados das partidas, tabela de classifica\u00e7\u00e3o, pr\u00f3ximos jogos!","potentialAction":[{"@type":"SearchAction","target":{"@type":"EntryPoint","urlTemplate":"https:\/\/www.gaveanews.com\/?s={search_term_string}"},"query-input":{"@type":"PropertyValueSpecification","valueRequired":true,"valueName":"search_term_string"}}],"inLanguage":"pt-BR"},{"@type":"Person","@id":"https:\/\/www.gaveanews.com\/#\/schema\/person\/2ec14f73fb96be2caf28f91afb14749d","name":"Equipe G\u00e1vea News","image":{"@type":"ImageObject","inLanguage":"pt-BR","@id":"https:\/\/www.gaveanews.com\/#\/schema\/person\/image\/","url":"https:\/\/secure.gravatar.com\/avatar\/1e1956f1facbffd3f8fa53a326721950116b3b9dc9bd44939c01180fd4a745a9?s=96&d=mm&r=g","contentUrl":"https:\/\/secure.gravatar.com\/avatar\/1e1956f1facbffd3f8fa53a326721950116b3b9dc9bd44939c01180fd4a745a9?s=96&d=mm&r=g","caption":"Equipe G\u00e1vea News"}}]}},"_links":{"self":[{"href":"https:\/\/www.gaveanews.com\/index.php\/wp-json\/wp\/v2\/posts\/94310","targetHints":{"allow":["GET"]}}],"collection":[{"href":"https:\/\/www.gaveanews.com\/index.php\/wp-json\/wp\/v2\/posts"}],"about":[{"href":"https:\/\/www.gaveanews.com\/index.php\/wp-json\/wp\/v2\/types\/post"}],"author":[{"embeddable":true,"href":"https:\/\/www.gaveanews.com\/index.php\/wp-json\/wp\/v2\/users\/1"}],"replies":[{"embeddable":true,"href":"https:\/\/www.gaveanews.com\/index.php\/wp-json\/wp\/v2\/comments?post=94310"}],"version-history":[{"count":0,"href":"https:\/\/www.gaveanews.com\/index.php\/wp-json\/wp\/v2\/posts\/94310\/revisions"}],"wp:featuredmedia":[{"embeddable":true,"href":"https:\/\/www.gaveanews.com\/index.php\/wp-json\/wp\/v2\/media\/93332"}],"wp:attachment":[{"href":"https:\/\/www.gaveanews.com\/index.php\/wp-json\/wp\/v2\/media?parent=94310"}],"wp:term":[{"taxonomy":"category","embeddable":true,"href":"https:\/\/www.gaveanews.com\/index.php\/wp-json\/wp\/v2\/categories?post=94310"},{"taxonomy":"post_tag","embeddable":true,"href":"https:\/\/www.gaveanews.com\/index.php\/wp-json\/wp\/v2\/tags?post=94310"}],"curies":[{"name":"wp","href":"https:\/\/api.w.org\/{rel}","templated":true}]}}