{"id":94313,"date":"2023-02-20T08:52:21","date_gmt":"2023-02-20T11:52:21","guid":{"rendered":"https:\/\/www.gaveanews.com\/?p=94313"},"modified":"2023-02-20T08:52:49","modified_gmt":"2023-02-20T11:52:49","slug":"flamengo-vai-em-busca-do-seu-8o-titulo-internacional-na-recopa-sul-americana","status":"publish","type":"post","link":"https:\/\/www.gaveanews.com\/index.php\/2023\/02\/20\/flamengo-vai-em-busca-do-seu-8o-titulo-internacional-na-recopa-sul-americana\/","title":{"rendered":"Flamengo vai em busca do seu 8\u00ba t\u00edtulo internacional na Recopa Sul-Americana"},"content":{"rendered":"\n<p>O Flamengo viaja ao Equador para enfrentar o Independiente del Valle na noite desta ter\u00e7a-feira (21). O duelo ser\u00e1 o jogo de ida da Recopa Sul-Americana, t\u00edtulo em disputa entre os campe\u00f5es da Libertadores e da Copa Sul-Americana do ano anterior. Caso seja vencedor, o Rubro-Negro conquistar\u00e1 seu 8\u00ba t\u00edtulo internacional. Relembre os outros triunfos a seguir!<\/p>\n\n\n\n<p>Ap\u00f3s ser campe\u00e3o brasileiro em 1981, o time comandado por Zico, J\u00fanior, Leandro e companhia se revelou para a Am\u00e9rica e o mundo. O Rubro-Negro conquistou a Copa Libertadores 1981 sobre o Cobreloa-CHI e ganhou o direito de disputar o Mundial de Clubes contra o Liverpool de Kenny Dalglish. Melhor para os brasileiros, que venceram por um categ\u00f3rico 3 a 0 e conquistaram o mundo. Dois t\u00edtulos internacionais logo de cara.<\/p>\n\n\n\n<p>Demorou alguns anos para o Flamengo conquistar um t\u00edtulo internacional novamente. O triunfo veio na extinta Copa de Ouro de 1996, um extinto torneio que reunia campe\u00f5es e vices de competi\u00e7\u00f5es da Conmebol. Por ter sido vice da Supercopa Libertadores 1995, o Rubro-Negro ganhou o direito de disputar a edi\u00e7\u00e3o de 1996. O clube foi campe\u00e3o em cima do S\u00e3o Paulo, com tr\u00eas gols de S\u00e1vio e vit\u00f3ria por 3 a 1.<\/p>\n\n\n\n<p>Anos depois, o Rubro-Negro ganharia a Copa Mercosul, antecessora da Copa Sul-Americana, em joga\u00e7o na final contra o Palmeiras em dois joga\u00e7os. O primeiro terminou com vit\u00f3ria do Flamengo por 4 a 3. No segundo, o Verd\u00e3o ganhava por 3 a 2 no Parque Ant\u00e1rtica, mas L\u00ea empatou aos 38 minutos do segundo tempo, garantindo o 4\u00ba t\u00edtulo internacional do Flamengo.<\/p>\n\n\n\n<p>A partir de 2019, come\u00e7a uma nova era de ouro no clube. A chegada de Jorge Jesus e refor\u00e7os foi determinante para a conquista da segunda Libertadores da hist\u00f3ria do Flamengo em cima do River Plate. No ano seguinte, ap\u00f3s 2 a 2 na ida, o 3 a 0 sobre o Independiente del Valle no Maracan\u00e3 garantiram o t\u00edtulo in\u00e9dito da Recopa &#8211; e a primeira conquista internacional da hist\u00f3ria do Rubro-Negro no Maracan\u00e3.<\/p>\n\n\n\n<p>No ano passado, a 7\u00aa conquista internacional foi em cima do Athletico-PR. Com gol de Gabigol, o Flamengo faturou o tricampeonato da Libertadores de forma invicta e ganhou o direito de disputar a Recopa Sul-American contra o Independiente, mesmo advers\u00e1rio de 2020.<\/p>\n\n\n\n<p>O primeiro jogo da Recopa contra o Independiente del Valle ser\u00e1 nesta ter\u00e7a-feira, 21, \u00e0s 21h30 no Equador. O segundo ser\u00e1 na ter\u00e7a que vem, dia 28, tamb\u00e9m \u00e0s 21h30.<\/p>\n\n\n\n<p>Retirado de: UOL<\/p>\n","protected":false},"excerpt":{"rendered":"<p>O Flamengo viaja ao Equador para enfrentar o Independiente del Valle na noite desta ter\u00e7a-feira (21). O duelo ser\u00e1 o jogo de ida da Recopa Sul-Americana, t\u00edtulo em disputa entre os campe\u00f5es da Libertadores e da Copa Sul-Americana do ano anterior. Caso seja vencedor, o Rubro-Negro conquistar\u00e1 seu 8\u00ba t\u00edtulo internacional. Relembre os outros triunfos [&hellip;]<\/p>\n","protected":false},"author":1,"featured_media":37198,"comment_status":"open","ping_status":"closed","sticky":false,"template":"","format":"standard","meta":{"footnotes":""},"categories":[1],"tags":[],"class_list":["post-94313","post","type-post","status-publish","format-standard","has-post-thumbnail","hentry","category-flamengo"],"yoast_head":"<!-- This site is optimized with the Yoast SEO Premium plugin v24.2 (Yoast SEO v26.9) - https:\/\/yoast.com\/product\/yoast-seo-premium-wordpress\/ -->\n<title>Flamengo vai em busca do seu 8\u00ba t\u00edtulo internacional na Recopa Sul-Americana<\/title>\n<meta name=\"robots\" content=\"index, follow, max-snippet:-1, max-image-preview:large, max-video-preview:-1\" \/>\n<link rel=\"canonical\" href=\"https:\/\/www.gaveanews.com\/index.php\/2023\/02\/20\/flamengo-vai-em-busca-do-seu-8o-titulo-internacional-na-recopa-sul-americana\/\" \/>\n<meta property=\"og:locale\" content=\"pt_BR\" \/>\n<meta property=\"og:type\" content=\"article\" \/>\n<meta property=\"og:title\" content=\"Flamengo vai em busca do seu 8\u00ba t\u00edtulo internacional na Recopa Sul-Americana\" \/>\n<meta property=\"og:description\" content=\"O Flamengo viaja ao Equador para enfrentar o Independiente del Valle na noite desta ter\u00e7a-feira (21). O duelo ser\u00e1 o jogo de ida da Recopa Sul-Americana, t\u00edtulo em disputa entre os campe\u00f5es da Libertadores e da Copa Sul-Americana do ano anterior. Caso seja vencedor, o Rubro-Negro conquistar\u00e1 seu 8\u00ba t\u00edtulo internacional. Relembre os outros triunfos [&hellip;]\" \/>\n<meta property=\"og:url\" content=\"https:\/\/www.gaveanews.com\/index.php\/2023\/02\/20\/flamengo-vai-em-busca-do-seu-8o-titulo-internacional-na-recopa-sul-americana\/\" \/>\n<meta property=\"og:site_name\" content=\"G\u00e1vea News\" \/>\n<meta property=\"article:publisher\" content=\"https:\/\/facebook.com\/gaveaNews\/\" \/>\n<meta property=\"article:published_time\" content=\"2023-02-20T11:52:21+00:00\" \/>\n<meta property=\"article:modified_time\" content=\"2023-02-20T11:52:49+00:00\" \/>\n<meta property=\"og:image\" content=\"https:\/\/www.gaveanews.com\/wp-content\/uploads\/Taca-da-Recopa.webp\" \/>\n\t<meta property=\"og:image:width\" content=\"1\" \/>\n\t<meta property=\"og:image:height\" content=\"1\" \/>\n\t<meta property=\"og:image:type\" content=\"image\/jpeg\" \/>\n<meta name=\"author\" content=\"Equipe G\u00e1vea News\" \/>\n<meta name=\"twitter:card\" content=\"summary_large_image\" \/>\n<meta name=\"twitter:label1\" content=\"Escrito por\" \/>\n\t<meta name=\"twitter:data1\" content=\"Equipe G\u00e1vea News\" \/>\n\t<meta name=\"twitter:label2\" content=\"Est. tempo de leitura\" \/>\n\t<meta name=\"twitter:data2\" content=\"3 minutos\" \/>\n<script type=\"application\/ld+json\" class=\"yoast-schema-graph\">{\"@context\":\"https:\/\/schema.org\",\"@graph\":[{\"@type\":\"NewsArticle\",\"@id\":\"https:\/\/www.gaveanews.com\/index.php\/2023\/02\/20\/flamengo-vai-em-busca-do-seu-8o-titulo-internacional-na-recopa-sul-americana\/#article\",\"isPartOf\":{\"@id\":\"https:\/\/www.gaveanews.com\/index.php\/2023\/02\/20\/flamengo-vai-em-busca-do-seu-8o-titulo-internacional-na-recopa-sul-americana\/\"},\"author\":{\"name\":\"Equipe G\u00e1vea News\",\"@id\":\"https:\/\/www.gaveanews.com\/#\/schema\/person\/2ec14f73fb96be2caf28f91afb14749d\"},\"headline\":\"Flamengo vai em busca do seu 8\u00ba t\u00edtulo internacional na Recopa Sul-Americana\",\"datePublished\":\"2023-02-20T11:52:21+00:00\",\"dateModified\":\"2023-02-20T11:52:49+00:00\",\"mainEntityOfPage\":{\"@id\":\"https:\/\/www.gaveanews.com\/index.php\/2023\/02\/20\/flamengo-vai-em-busca-do-seu-8o-titulo-internacional-na-recopa-sul-americana\/\"},\"wordCount\":432,\"commentCount\":0,\"image\":{\"@id\":\"https:\/\/www.gaveanews.com\/index.php\/2023\/02\/20\/flamengo-vai-em-busca-do-seu-8o-titulo-internacional-na-recopa-sul-americana\/#primaryimage\"},\"thumbnailUrl\":\"https:\/\/www.gaveanews.com\/wp-content\/uploads\/Taca-da-Recopa.webp\",\"articleSection\":[\"Flamengo\"],\"inLanguage\":\"pt-BR\",\"potentialAction\":[{\"@type\":\"CommentAction\",\"name\":\"Comment\",\"target\":[\"https:\/\/www.gaveanews.com\/index.php\/2023\/02\/20\/flamengo-vai-em-busca-do-seu-8o-titulo-internacional-na-recopa-sul-americana\/#respond\"]}],\"copyrightYear\":\"2023\",\"copyrightHolder\":{\"@id\":\"https:\/\/www.gaveanews.com\/#organization\"}},{\"@type\":\"WebPage\",\"@id\":\"https:\/\/www.gaveanews.com\/index.php\/2023\/02\/20\/flamengo-vai-em-busca-do-seu-8o-titulo-internacional-na-recopa-sul-americana\/\",\"url\":\"https:\/\/www.gaveanews.com\/index.php\/2023\/02\/20\/flamengo-vai-em-busca-do-seu-8o-titulo-internacional-na-recopa-sul-americana\/\",\"name\":\"Flamengo vai em busca do seu 8\u00ba t\u00edtulo internacional na Recopa Sul-Americana\",\"isPartOf\":{\"@id\":\"https:\/\/www.gaveanews.com\/#website\"},\"primaryImageOfPage\":{\"@id\":\"https:\/\/www.gaveanews.com\/index.php\/2023\/02\/20\/flamengo-vai-em-busca-do-seu-8o-titulo-internacional-na-recopa-sul-americana\/#primaryimage\"},\"image\":{\"@id\":\"https:\/\/www.gaveanews.com\/index.php\/2023\/02\/20\/flamengo-vai-em-busca-do-seu-8o-titulo-internacional-na-recopa-sul-americana\/#primaryimage\"},\"thumbnailUrl\":\"https:\/\/www.gaveanews.com\/wp-content\/uploads\/Taca-da-Recopa.webp\",\"datePublished\":\"2023-02-20T11:52:21+00:00\",\"dateModified\":\"2023-02-20T11:52:49+00:00\",\"author\":{\"@id\":\"https:\/\/www.gaveanews.com\/#\/schema\/person\/2ec14f73fb96be2caf28f91afb14749d\"},\"breadcrumb\":{\"@id\":\"https:\/\/www.gaveanews.com\/index.php\/2023\/02\/20\/flamengo-vai-em-busca-do-seu-8o-titulo-internacional-na-recopa-sul-americana\/#breadcrumb\"},\"inLanguage\":\"pt-BR\",\"potentialAction\":[{\"@type\":\"ReadAction\",\"target\":[\"https:\/\/www.gaveanews.com\/index.php\/2023\/02\/20\/flamengo-vai-em-busca-do-seu-8o-titulo-internacional-na-recopa-sul-americana\/\"]}]},{\"@type\":\"ImageObject\",\"inLanguage\":\"pt-BR\",\"@id\":\"https:\/\/www.gaveanews.com\/index.php\/2023\/02\/20\/flamengo-vai-em-busca-do-seu-8o-titulo-internacional-na-recopa-sul-americana\/#primaryimage\",\"url\":\"https:\/\/www.gaveanews.com\/wp-content\/uploads\/Taca-da-Recopa.webp\",\"contentUrl\":\"https:\/\/www.gaveanews.com\/wp-content\/uploads\/Taca-da-Recopa.webp\",\"width\":640,\"height\":400},{\"@type\":\"BreadcrumbList\",\"@id\":\"https:\/\/www.gaveanews.com\/index.php\/2023\/02\/20\/flamengo-vai-em-busca-do-seu-8o-titulo-internacional-na-recopa-sul-americana\/#breadcrumb\",\"itemListElement\":[{\"@type\":\"ListItem\",\"position\":1,\"name\":\"Home\",\"item\":\"https:\/\/www.gaveanews.com\/\"},{\"@type\":\"ListItem\",\"position\":2,\"name\":\"Flamengo vai em busca do seu 8\u00ba t\u00edtulo internacional na Recopa Sul-Americana\"}]},{\"@type\":\"WebSite\",\"@id\":\"https:\/\/www.gaveanews.com\/#website\",\"url\":\"https:\/\/www.gaveanews.com\/\",\"name\":\"G\u00e1vea News\",\"description\":\"Veja todas as not\u00edcias sobre o Flamengo: Contrata\u00e7\u00f5es, categorias de base, resultados das partidas, tabela de classifica\u00e7\u00e3o, pr\u00f3ximos jogos!\",\"potentialAction\":[{\"@type\":\"SearchAction\",\"target\":{\"@type\":\"EntryPoint\",\"urlTemplate\":\"https:\/\/www.gaveanews.com\/?s={search_term_string}\"},\"query-input\":{\"@type\":\"PropertyValueSpecification\",\"valueRequired\":true,\"valueName\":\"search_term_string\"}}],\"inLanguage\":\"pt-BR\"},{\"@type\":\"Person\",\"@id\":\"https:\/\/www.gaveanews.com\/#\/schema\/person\/2ec14f73fb96be2caf28f91afb14749d\",\"name\":\"Equipe G\u00e1vea News\",\"image\":{\"@type\":\"ImageObject\",\"inLanguage\":\"pt-BR\",\"@id\":\"https:\/\/www.gaveanews.com\/#\/schema\/person\/image\/\",\"url\":\"https:\/\/secure.gravatar.com\/avatar\/1e1956f1facbffd3f8fa53a326721950116b3b9dc9bd44939c01180fd4a745a9?s=96&d=mm&r=g\",\"contentUrl\":\"https:\/\/secure.gravatar.com\/avatar\/1e1956f1facbffd3f8fa53a326721950116b3b9dc9bd44939c01180fd4a745a9?s=96&d=mm&r=g\",\"caption\":\"Equipe G\u00e1vea News\"}}]}<\/script>\n<!-- \/ Yoast SEO Premium plugin. -->","yoast_head_json":{"title":"Flamengo vai em busca do seu 8\u00ba t\u00edtulo internacional na Recopa Sul-Americana","robots":{"index":"index","follow":"follow","max-snippet":"max-snippet:-1","max-image-preview":"max-image-preview:large","max-video-preview":"max-video-preview:-1"},"canonical":"https:\/\/www.gaveanews.com\/index.php\/2023\/02\/20\/flamengo-vai-em-busca-do-seu-8o-titulo-internacional-na-recopa-sul-americana\/","og_locale":"pt_BR","og_type":"article","og_title":"Flamengo vai em busca do seu 8\u00ba t\u00edtulo internacional na Recopa Sul-Americana","og_description":"O Flamengo viaja ao Equador para enfrentar o Independiente del Valle na noite desta ter\u00e7a-feira (21). O duelo ser\u00e1 o jogo de ida da Recopa Sul-Americana, t\u00edtulo em disputa entre os campe\u00f5es da Libertadores e da Copa Sul-Americana do ano anterior. Caso seja vencedor, o Rubro-Negro conquistar\u00e1 seu 8\u00ba t\u00edtulo internacional. Relembre os outros triunfos [&hellip;]","og_url":"https:\/\/www.gaveanews.com\/index.php\/2023\/02\/20\/flamengo-vai-em-busca-do-seu-8o-titulo-internacional-na-recopa-sul-americana\/","og_site_name":"G\u00e1vea News","article_publisher":"https:\/\/facebook.com\/gaveaNews\/","article_published_time":"2023-02-20T11:52:21+00:00","article_modified_time":"2023-02-20T11:52:49+00:00","og_image":[{"url":"https:\/\/www.gaveanews.com\/wp-content\/uploads\/Taca-da-Recopa.webp","width":1,"height":1,"type":"image\/jpeg"}],"author":"Equipe G\u00e1vea News","twitter_card":"summary_large_image","twitter_misc":{"Escrito por":"Equipe G\u00e1vea News","Est. tempo de leitura":"3 minutos"},"schema":{"@context":"https:\/\/schema.org","@graph":[{"@type":"NewsArticle","@id":"https:\/\/www.gaveanews.com\/index.php\/2023\/02\/20\/flamengo-vai-em-busca-do-seu-8o-titulo-internacional-na-recopa-sul-americana\/#article","isPartOf":{"@id":"https:\/\/www.gaveanews.com\/index.php\/2023\/02\/20\/flamengo-vai-em-busca-do-seu-8o-titulo-internacional-na-recopa-sul-americana\/"},"author":{"name":"Equipe G\u00e1vea News","@id":"https:\/\/www.gaveanews.com\/#\/schema\/person\/2ec14f73fb96be2caf28f91afb14749d"},"headline":"Flamengo vai em busca do seu 8\u00ba t\u00edtulo internacional na Recopa Sul-Americana","datePublished":"2023-02-20T11:52:21+00:00","dateModified":"2023-02-20T11:52:49+00:00","mainEntityOfPage":{"@id":"https:\/\/www.gaveanews.com\/index.php\/2023\/02\/20\/flamengo-vai-em-busca-do-seu-8o-titulo-internacional-na-recopa-sul-americana\/"},"wordCount":432,"commentCount":0,"image":{"@id":"https:\/\/www.gaveanews.com\/index.php\/2023\/02\/20\/flamengo-vai-em-busca-do-seu-8o-titulo-internacional-na-recopa-sul-americana\/#primaryimage"},"thumbnailUrl":"https:\/\/www.gaveanews.com\/wp-content\/uploads\/Taca-da-Recopa.webp","articleSection":["Flamengo"],"inLanguage":"pt-BR","potentialAction":[{"@type":"CommentAction","name":"Comment","target":["https:\/\/www.gaveanews.com\/index.php\/2023\/02\/20\/flamengo-vai-em-busca-do-seu-8o-titulo-internacional-na-recopa-sul-americana\/#respond"]}],"copyrightYear":"2023","copyrightHolder":{"@id":"https:\/\/www.gaveanews.com\/#organization"}},{"@type":"WebPage","@id":"https:\/\/www.gaveanews.com\/index.php\/2023\/02\/20\/flamengo-vai-em-busca-do-seu-8o-titulo-internacional-na-recopa-sul-americana\/","url":"https:\/\/www.gaveanews.com\/index.php\/2023\/02\/20\/flamengo-vai-em-busca-do-seu-8o-titulo-internacional-na-recopa-sul-americana\/","name":"Flamengo vai em busca do seu 8\u00ba t\u00edtulo internacional na Recopa Sul-Americana","isPartOf":{"@id":"https:\/\/www.gaveanews.com\/#website"},"primaryImageOfPage":{"@id":"https:\/\/www.gaveanews.com\/index.php\/2023\/02\/20\/flamengo-vai-em-busca-do-seu-8o-titulo-internacional-na-recopa-sul-americana\/#primaryimage"},"image":{"@id":"https:\/\/www.gaveanews.com\/index.php\/2023\/02\/20\/flamengo-vai-em-busca-do-seu-8o-titulo-internacional-na-recopa-sul-americana\/#primaryimage"},"thumbnailUrl":"https:\/\/www.gaveanews.com\/wp-content\/uploads\/Taca-da-Recopa.webp","datePublished":"2023-02-20T11:52:21+00:00","dateModified":"2023-02-20T11:52:49+00:00","author":{"@id":"https:\/\/www.gaveanews.com\/#\/schema\/person\/2ec14f73fb96be2caf28f91afb14749d"},"breadcrumb":{"@id":"https:\/\/www.gaveanews.com\/index.php\/2023\/02\/20\/flamengo-vai-em-busca-do-seu-8o-titulo-internacional-na-recopa-sul-americana\/#breadcrumb"},"inLanguage":"pt-BR","potentialAction":[{"@type":"ReadAction","target":["https:\/\/www.gaveanews.com\/index.php\/2023\/02\/20\/flamengo-vai-em-busca-do-seu-8o-titulo-internacional-na-recopa-sul-americana\/"]}]},{"@type":"ImageObject","inLanguage":"pt-BR","@id":"https:\/\/www.gaveanews.com\/index.php\/2023\/02\/20\/flamengo-vai-em-busca-do-seu-8o-titulo-internacional-na-recopa-sul-americana\/#primaryimage","url":"https:\/\/www.gaveanews.com\/wp-content\/uploads\/Taca-da-Recopa.webp","contentUrl":"https:\/\/www.gaveanews.com\/wp-content\/uploads\/Taca-da-Recopa.webp","width":640,"height":400},{"@type":"BreadcrumbList","@id":"https:\/\/www.gaveanews.com\/index.php\/2023\/02\/20\/flamengo-vai-em-busca-do-seu-8o-titulo-internacional-na-recopa-sul-americana\/#breadcrumb","itemListElement":[{"@type":"ListItem","position":1,"name":"Home","item":"https:\/\/www.gaveanews.com\/"},{"@type":"ListItem","position":2,"name":"Flamengo vai em busca do seu 8\u00ba t\u00edtulo internacional na Recopa Sul-Americana"}]},{"@type":"WebSite","@id":"https:\/\/www.gaveanews.com\/#website","url":"https:\/\/www.gaveanews.com\/","name":"G\u00e1vea News","description":"Veja todas as not\u00edcias sobre o Flamengo: Contrata\u00e7\u00f5es, categorias de base, resultados das partidas, tabela de classifica\u00e7\u00e3o, pr\u00f3ximos jogos!","potentialAction":[{"@type":"SearchAction","target":{"@type":"EntryPoint","urlTemplate":"https:\/\/www.gaveanews.com\/?s={search_term_string}"},"query-input":{"@type":"PropertyValueSpecification","valueRequired":true,"valueName":"search_term_string"}}],"inLanguage":"pt-BR"},{"@type":"Person","@id":"https:\/\/www.gaveanews.com\/#\/schema\/person\/2ec14f73fb96be2caf28f91afb14749d","name":"Equipe G\u00e1vea News","image":{"@type":"ImageObject","inLanguage":"pt-BR","@id":"https:\/\/www.gaveanews.com\/#\/schema\/person\/image\/","url":"https:\/\/secure.gravatar.com\/avatar\/1e1956f1facbffd3f8fa53a326721950116b3b9dc9bd44939c01180fd4a745a9?s=96&d=mm&r=g","contentUrl":"https:\/\/secure.gravatar.com\/avatar\/1e1956f1facbffd3f8fa53a326721950116b3b9dc9bd44939c01180fd4a745a9?s=96&d=mm&r=g","caption":"Equipe G\u00e1vea News"}}]}},"_links":{"self":[{"href":"https:\/\/www.gaveanews.com\/index.php\/wp-json\/wp\/v2\/posts\/94313","targetHints":{"allow":["GET"]}}],"collection":[{"href":"https:\/\/www.gaveanews.com\/index.php\/wp-json\/wp\/v2\/posts"}],"about":[{"href":"https:\/\/www.gaveanews.com\/index.php\/wp-json\/wp\/v2\/types\/post"}],"author":[{"embeddable":true,"href":"https:\/\/www.gaveanews.com\/index.php\/wp-json\/wp\/v2\/users\/1"}],"replies":[{"embeddable":true,"href":"https:\/\/www.gaveanews.com\/index.php\/wp-json\/wp\/v2\/comments?post=94313"}],"version-history":[{"count":0,"href":"https:\/\/www.gaveanews.com\/index.php\/wp-json\/wp\/v2\/posts\/94313\/revisions"}],"wp:featuredmedia":[{"embeddable":true,"href":"https:\/\/www.gaveanews.com\/index.php\/wp-json\/wp\/v2\/media\/37198"}],"wp:attachment":[{"href":"https:\/\/www.gaveanews.com\/index.php\/wp-json\/wp\/v2\/media?parent=94313"}],"wp:term":[{"taxonomy":"category","embeddable":true,"href":"https:\/\/www.gaveanews.com\/index.php\/wp-json\/wp\/v2\/categories?post=94313"},{"taxonomy":"post_tag","embeddable":true,"href":"https:\/\/www.gaveanews.com\/index.php\/wp-json\/wp\/v2\/tags?post=94313"}],"curies":[{"name":"wp","href":"https:\/\/api.w.org\/{rel}","templated":true}]}}