{"id":94327,"date":"2023-02-20T11:37:24","date_gmt":"2023-02-20T14:37:24","guid":{"rendered":"https:\/\/www.gaveanews.com\/?p=94327"},"modified":"2024-04-06T23:04:14","modified_gmt":"2024-04-07T02:04:14","slug":"mauro-cezar-pereira-projeta-a-decisao-da-recopa-sul-americana-entre-flamengo-e-independiente-del-valle","status":"publish","type":"post","link":"https:\/\/www.gaveanews.com\/index.php\/2023\/02\/20\/mauro-cezar-pereira-projeta-a-decisao-da-recopa-sul-americana-entre-flamengo-e-independiente-del-valle\/","title":{"rendered":"Mauro Cezar Pereira projeta a decis\u00e3o da Recopa Sul-Americana entre Flamengo e Independiente Del Valle"},"content":{"rendered":"\n<p>O Flamengo enfrenta amanh\u00e3 o Independiente Del Valle, no Equador, pelo primeiro jogo da decis\u00e3o da Recopa Sul-Americana.<\/p>\n\n\n\n<p>O Posse de Bola projetou a decis\u00e3o continental. Para o colunista Mauro Cezar Pereira, o confronto ganha import\u00e2ncia ap\u00f3s os fracassos do Flamengo no Mundial de Clubes e na Supercopa do Brasil.<\/p>\n\n\n\n<p><em>\u2014 O Flamengo precisa ganhar essa Recopa, n\u00e3o s\u00f3 para n\u00e3o colecionar mais um fracasso num in\u00edcio de ano de insucessos, mas porque tamb\u00e9m \u00e9 um t\u00edtulo importante, um t\u00edtulo internacional, muito mais \u00e0 m\u00e3o do que o Campeonato Carioca<\/em>, disse Mauro Cezar Pereira.<\/p>\n\n\n\n<p><em>\u2014 Acho que deve ser um jogo de dois times que est\u00e3o passando por uma esp\u00e9cie de transi\u00e7\u00e3o, mas \u00e9 um jogo bem importante. Porque ganhar a Recopa se tornou ainda mais importante do que antes. Tivesse pelo menos feito a final contra o Real Madrid, tivesse derrotado o Palmeiras na Supercopa, o cen\u00e1rio seria outro. Depois das derrotas, a gente sabe como funciona, inclusive por conta da &#8216;Flamimimi&#8217;, sempre muito atuante<\/em>, adicionou o colunista.<\/p>\n\n\n\n<p>Retirado de: UOL<\/p>\n","protected":false},"excerpt":{"rendered":"<p>O Flamengo enfrenta amanh\u00e3 o Independiente Del Valle, no Equador, pelo primeiro jogo da decis\u00e3o da Recopa Sul-Americana. O Posse de Bola projetou a decis\u00e3o continental. Para o colunista Mauro Cezar Pereira, o confronto ganha import\u00e2ncia ap\u00f3s os fracassos do Flamengo no Mundial de Clubes e na Supercopa do Brasil. \u2014 O Flamengo precisa ganhar [&hellip;]<\/p>\n","protected":false},"author":1,"featured_media":56367,"comment_status":"open","ping_status":"closed","sticky":false,"template":"","format":"standard","meta":{"footnotes":""},"categories":[1],"tags":[170],"class_list":["post-94327","post","type-post","status-publish","format-standard","has-post-thumbnail","hentry","category-flamengo","tag-mauro-cezar-pereira"],"yoast_head":"<!-- This site is optimized with the Yoast SEO Premium plugin v24.2 (Yoast SEO v26.9) - https:\/\/yoast.com\/product\/yoast-seo-premium-wordpress\/ -->\n<title>Mauro Cezar Pereira projeta a decis\u00e3o da Recopa Sul-Americana entre Flamengo e Independiente Del Valle<\/title>\n<meta name=\"robots\" content=\"index, follow, max-snippet:-1, max-image-preview:large, max-video-preview:-1\" \/>\n<link rel=\"canonical\" href=\"https:\/\/www.gaveanews.com\/index.php\/2023\/02\/20\/mauro-cezar-pereira-projeta-a-decisao-da-recopa-sul-americana-entre-flamengo-e-independiente-del-valle\/\" \/>\n<meta property=\"og:locale\" content=\"pt_BR\" \/>\n<meta property=\"og:type\" content=\"article\" \/>\n<meta property=\"og:title\" content=\"Mauro Cezar Pereira projeta a decis\u00e3o da Recopa Sul-Americana entre Flamengo e Independiente Del Valle\" \/>\n<meta property=\"og:description\" content=\"O Flamengo enfrenta amanh\u00e3 o Independiente Del Valle, no Equador, pelo primeiro jogo da decis\u00e3o da Recopa Sul-Americana. O Posse de Bola projetou a decis\u00e3o continental. Para o colunista Mauro Cezar Pereira, o confronto ganha import\u00e2ncia ap\u00f3s os fracassos do Flamengo no Mundial de Clubes e na Supercopa do Brasil. \u2014 O Flamengo precisa ganhar [&hellip;]\" \/>\n<meta property=\"og:url\" content=\"https:\/\/www.gaveanews.com\/index.php\/2023\/02\/20\/mauro-cezar-pereira-projeta-a-decisao-da-recopa-sul-americana-entre-flamengo-e-independiente-del-valle\/\" \/>\n<meta property=\"og:site_name\" content=\"G\u00e1vea News\" \/>\n<meta property=\"article:publisher\" content=\"https:\/\/facebook.com\/gaveaNews\/\" \/>\n<meta property=\"article:published_time\" content=\"2023-02-20T14:37:24+00:00\" \/>\n<meta property=\"article:modified_time\" content=\"2024-04-07T02:04:14+00:00\" \/>\n<meta property=\"og:image\" content=\"https:\/\/www.gaveanews.com\/wp-content\/uploads\/Mauro-Cezar-em-participacao-na-Uol-Esporte.webp\" \/>\n\t<meta property=\"og:image:width\" content=\"900\" \/>\n\t<meta property=\"og:image:height\" content=\"506\" \/>\n\t<meta property=\"og:image:type\" content=\"image\/png\" \/>\n<meta name=\"author\" content=\"Equipe G\u00e1vea News\" \/>\n<meta name=\"twitter:card\" content=\"summary_large_image\" \/>\n<meta name=\"twitter:label1\" content=\"Escrito por\" \/>\n\t<meta name=\"twitter:data1\" content=\"Equipe G\u00e1vea News\" \/>\n\t<meta name=\"twitter:label2\" content=\"Est. tempo de leitura\" \/>\n\t<meta name=\"twitter:data2\" content=\"1 minuto\" \/>\n<script type=\"application\/ld+json\" class=\"yoast-schema-graph\">{\"@context\":\"https:\/\/schema.org\",\"@graph\":[{\"@type\":\"NewsArticle\",\"@id\":\"https:\/\/www.gaveanews.com\/index.php\/2023\/02\/20\/mauro-cezar-pereira-projeta-a-decisao-da-recopa-sul-americana-entre-flamengo-e-independiente-del-valle\/#article\",\"isPartOf\":{\"@id\":\"https:\/\/www.gaveanews.com\/index.php\/2023\/02\/20\/mauro-cezar-pereira-projeta-a-decisao-da-recopa-sul-americana-entre-flamengo-e-independiente-del-valle\/\"},\"author\":{\"name\":\"Equipe G\u00e1vea News\",\"@id\":\"https:\/\/www.gaveanews.com\/#\/schema\/person\/2ec14f73fb96be2caf28f91afb14749d\"},\"headline\":\"Mauro Cezar Pereira projeta a decis\u00e3o da Recopa Sul-Americana entre Flamengo e Independiente Del Valle\",\"datePublished\":\"2023-02-20T14:37:24+00:00\",\"dateModified\":\"2024-04-07T02:04:14+00:00\",\"mainEntityOfPage\":{\"@id\":\"https:\/\/www.gaveanews.com\/index.php\/2023\/02\/20\/mauro-cezar-pereira-projeta-a-decisao-da-recopa-sul-americana-entre-flamengo-e-independiente-del-valle\/\"},\"wordCount\":198,\"commentCount\":0,\"image\":{\"@id\":\"https:\/\/www.gaveanews.com\/index.php\/2023\/02\/20\/mauro-cezar-pereira-projeta-a-decisao-da-recopa-sul-americana-entre-flamengo-e-independiente-del-valle\/#primaryimage\"},\"thumbnailUrl\":\"https:\/\/www.gaveanews.com\/wp-content\/uploads\/Mauro-Cezar-em-participacao-na-Uol-Esporte.webp\",\"keywords\":[\"Mauro Cezar Pereira\"],\"articleSection\":[\"Flamengo\"],\"inLanguage\":\"pt-BR\",\"potentialAction\":[{\"@type\":\"CommentAction\",\"name\":\"Comment\",\"target\":[\"https:\/\/www.gaveanews.com\/index.php\/2023\/02\/20\/mauro-cezar-pereira-projeta-a-decisao-da-recopa-sul-americana-entre-flamengo-e-independiente-del-valle\/#respond\"]}],\"copyrightYear\":\"2023\",\"copyrightHolder\":{\"@id\":\"https:\/\/www.gaveanews.com\/#organization\"}},{\"@type\":\"WebPage\",\"@id\":\"https:\/\/www.gaveanews.com\/index.php\/2023\/02\/20\/mauro-cezar-pereira-projeta-a-decisao-da-recopa-sul-americana-entre-flamengo-e-independiente-del-valle\/\",\"url\":\"https:\/\/www.gaveanews.com\/index.php\/2023\/02\/20\/mauro-cezar-pereira-projeta-a-decisao-da-recopa-sul-americana-entre-flamengo-e-independiente-del-valle\/\",\"name\":\"Mauro Cezar Pereira projeta a decis\u00e3o da Recopa Sul-Americana entre Flamengo e Independiente Del Valle\",\"isPartOf\":{\"@id\":\"https:\/\/www.gaveanews.com\/#website\"},\"primaryImageOfPage\":{\"@id\":\"https:\/\/www.gaveanews.com\/index.php\/2023\/02\/20\/mauro-cezar-pereira-projeta-a-decisao-da-recopa-sul-americana-entre-flamengo-e-independiente-del-valle\/#primaryimage\"},\"image\":{\"@id\":\"https:\/\/www.gaveanews.com\/index.php\/2023\/02\/20\/mauro-cezar-pereira-projeta-a-decisao-da-recopa-sul-americana-entre-flamengo-e-independiente-del-valle\/#primaryimage\"},\"thumbnailUrl\":\"https:\/\/www.gaveanews.com\/wp-content\/uploads\/Mauro-Cezar-em-participacao-na-Uol-Esporte.webp\",\"datePublished\":\"2023-02-20T14:37:24+00:00\",\"dateModified\":\"2024-04-07T02:04:14+00:00\",\"author\":{\"@id\":\"https:\/\/www.gaveanews.com\/#\/schema\/person\/2ec14f73fb96be2caf28f91afb14749d\"},\"breadcrumb\":{\"@id\":\"https:\/\/www.gaveanews.com\/index.php\/2023\/02\/20\/mauro-cezar-pereira-projeta-a-decisao-da-recopa-sul-americana-entre-flamengo-e-independiente-del-valle\/#breadcrumb\"},\"inLanguage\":\"pt-BR\",\"potentialAction\":[{\"@type\":\"ReadAction\",\"target\":[\"https:\/\/www.gaveanews.com\/index.php\/2023\/02\/20\/mauro-cezar-pereira-projeta-a-decisao-da-recopa-sul-americana-entre-flamengo-e-independiente-del-valle\/\"]}]},{\"@type\":\"ImageObject\",\"inLanguage\":\"pt-BR\",\"@id\":\"https:\/\/www.gaveanews.com\/index.php\/2023\/02\/20\/mauro-cezar-pereira-projeta-a-decisao-da-recopa-sul-americana-entre-flamengo-e-independiente-del-valle\/#primaryimage\",\"url\":\"https:\/\/www.gaveanews.com\/wp-content\/uploads\/Mauro-Cezar-em-participacao-na-Uol-Esporte.webp\",\"contentUrl\":\"https:\/\/www.gaveanews.com\/wp-content\/uploads\/Mauro-Cezar-em-participacao-na-Uol-Esporte.webp\",\"width\":900,\"height\":506,\"caption\":\"Mauro Cezar, comentarista da UOL Esporte (Foto: Reprodu\u00e7\u00e3o\/UOL Esporte)\"},{\"@type\":\"BreadcrumbList\",\"@id\":\"https:\/\/www.gaveanews.com\/index.php\/2023\/02\/20\/mauro-cezar-pereira-projeta-a-decisao-da-recopa-sul-americana-entre-flamengo-e-independiente-del-valle\/#breadcrumb\",\"itemListElement\":[{\"@type\":\"ListItem\",\"position\":1,\"name\":\"Home\",\"item\":\"https:\/\/www.gaveanews.com\/\"},{\"@type\":\"ListItem\",\"position\":2,\"name\":\"Mauro Cezar Pereira projeta a decis\u00e3o da Recopa Sul-Americana entre Flamengo e Independiente Del Valle\"}]},{\"@type\":\"WebSite\",\"@id\":\"https:\/\/www.gaveanews.com\/#website\",\"url\":\"https:\/\/www.gaveanews.com\/\",\"name\":\"G\u00e1vea News\",\"description\":\"Veja todas as not\u00edcias sobre o Flamengo: Contrata\u00e7\u00f5es, categorias de base, resultados das partidas, tabela de classifica\u00e7\u00e3o, pr\u00f3ximos jogos!\",\"potentialAction\":[{\"@type\":\"SearchAction\",\"target\":{\"@type\":\"EntryPoint\",\"urlTemplate\":\"https:\/\/www.gaveanews.com\/?s={search_term_string}\"},\"query-input\":{\"@type\":\"PropertyValueSpecification\",\"valueRequired\":true,\"valueName\":\"search_term_string\"}}],\"inLanguage\":\"pt-BR\"},{\"@type\":\"Person\",\"@id\":\"https:\/\/www.gaveanews.com\/#\/schema\/person\/2ec14f73fb96be2caf28f91afb14749d\",\"name\":\"Equipe G\u00e1vea News\",\"image\":{\"@type\":\"ImageObject\",\"inLanguage\":\"pt-BR\",\"@id\":\"https:\/\/www.gaveanews.com\/#\/schema\/person\/image\/\",\"url\":\"https:\/\/secure.gravatar.com\/avatar\/1e1956f1facbffd3f8fa53a326721950116b3b9dc9bd44939c01180fd4a745a9?s=96&d=mm&r=g\",\"contentUrl\":\"https:\/\/secure.gravatar.com\/avatar\/1e1956f1facbffd3f8fa53a326721950116b3b9dc9bd44939c01180fd4a745a9?s=96&d=mm&r=g\",\"caption\":\"Equipe G\u00e1vea News\"}}]}<\/script>\n<!-- \/ Yoast SEO Premium plugin. -->","yoast_head_json":{"title":"Mauro Cezar Pereira projeta a decis\u00e3o da Recopa Sul-Americana entre Flamengo e Independiente Del Valle","robots":{"index":"index","follow":"follow","max-snippet":"max-snippet:-1","max-image-preview":"max-image-preview:large","max-video-preview":"max-video-preview:-1"},"canonical":"https:\/\/www.gaveanews.com\/index.php\/2023\/02\/20\/mauro-cezar-pereira-projeta-a-decisao-da-recopa-sul-americana-entre-flamengo-e-independiente-del-valle\/","og_locale":"pt_BR","og_type":"article","og_title":"Mauro Cezar Pereira projeta a decis\u00e3o da Recopa Sul-Americana entre Flamengo e Independiente Del Valle","og_description":"O Flamengo enfrenta amanh\u00e3 o Independiente Del Valle, no Equador, pelo primeiro jogo da decis\u00e3o da Recopa Sul-Americana. O Posse de Bola projetou a decis\u00e3o continental. Para o colunista Mauro Cezar Pereira, o confronto ganha import\u00e2ncia ap\u00f3s os fracassos do Flamengo no Mundial de Clubes e na Supercopa do Brasil. \u2014 O Flamengo precisa ganhar [&hellip;]","og_url":"https:\/\/www.gaveanews.com\/index.php\/2023\/02\/20\/mauro-cezar-pereira-projeta-a-decisao-da-recopa-sul-americana-entre-flamengo-e-independiente-del-valle\/","og_site_name":"G\u00e1vea News","article_publisher":"https:\/\/facebook.com\/gaveaNews\/","article_published_time":"2023-02-20T14:37:24+00:00","article_modified_time":"2024-04-07T02:04:14+00:00","og_image":[{"width":900,"height":506,"url":"https:\/\/www.gaveanews.com\/wp-content\/uploads\/Mauro-Cezar-em-participacao-na-Uol-Esporte.webp","type":"image\/png"}],"author":"Equipe G\u00e1vea News","twitter_card":"summary_large_image","twitter_misc":{"Escrito por":"Equipe G\u00e1vea News","Est. tempo de leitura":"1 minuto"},"schema":{"@context":"https:\/\/schema.org","@graph":[{"@type":"NewsArticle","@id":"https:\/\/www.gaveanews.com\/index.php\/2023\/02\/20\/mauro-cezar-pereira-projeta-a-decisao-da-recopa-sul-americana-entre-flamengo-e-independiente-del-valle\/#article","isPartOf":{"@id":"https:\/\/www.gaveanews.com\/index.php\/2023\/02\/20\/mauro-cezar-pereira-projeta-a-decisao-da-recopa-sul-americana-entre-flamengo-e-independiente-del-valle\/"},"author":{"name":"Equipe G\u00e1vea News","@id":"https:\/\/www.gaveanews.com\/#\/schema\/person\/2ec14f73fb96be2caf28f91afb14749d"},"headline":"Mauro Cezar Pereira projeta a decis\u00e3o da Recopa Sul-Americana entre Flamengo e Independiente Del Valle","datePublished":"2023-02-20T14:37:24+00:00","dateModified":"2024-04-07T02:04:14+00:00","mainEntityOfPage":{"@id":"https:\/\/www.gaveanews.com\/index.php\/2023\/02\/20\/mauro-cezar-pereira-projeta-a-decisao-da-recopa-sul-americana-entre-flamengo-e-independiente-del-valle\/"},"wordCount":198,"commentCount":0,"image":{"@id":"https:\/\/www.gaveanews.com\/index.php\/2023\/02\/20\/mauro-cezar-pereira-projeta-a-decisao-da-recopa-sul-americana-entre-flamengo-e-independiente-del-valle\/#primaryimage"},"thumbnailUrl":"https:\/\/www.gaveanews.com\/wp-content\/uploads\/Mauro-Cezar-em-participacao-na-Uol-Esporte.webp","keywords":["Mauro Cezar Pereira"],"articleSection":["Flamengo"],"inLanguage":"pt-BR","potentialAction":[{"@type":"CommentAction","name":"Comment","target":["https:\/\/www.gaveanews.com\/index.php\/2023\/02\/20\/mauro-cezar-pereira-projeta-a-decisao-da-recopa-sul-americana-entre-flamengo-e-independiente-del-valle\/#respond"]}],"copyrightYear":"2023","copyrightHolder":{"@id":"https:\/\/www.gaveanews.com\/#organization"}},{"@type":"WebPage","@id":"https:\/\/www.gaveanews.com\/index.php\/2023\/02\/20\/mauro-cezar-pereira-projeta-a-decisao-da-recopa-sul-americana-entre-flamengo-e-independiente-del-valle\/","url":"https:\/\/www.gaveanews.com\/index.php\/2023\/02\/20\/mauro-cezar-pereira-projeta-a-decisao-da-recopa-sul-americana-entre-flamengo-e-independiente-del-valle\/","name":"Mauro Cezar Pereira projeta a decis\u00e3o da Recopa Sul-Americana entre Flamengo e Independiente Del Valle","isPartOf":{"@id":"https:\/\/www.gaveanews.com\/#website"},"primaryImageOfPage":{"@id":"https:\/\/www.gaveanews.com\/index.php\/2023\/02\/20\/mauro-cezar-pereira-projeta-a-decisao-da-recopa-sul-americana-entre-flamengo-e-independiente-del-valle\/#primaryimage"},"image":{"@id":"https:\/\/www.gaveanews.com\/index.php\/2023\/02\/20\/mauro-cezar-pereira-projeta-a-decisao-da-recopa-sul-americana-entre-flamengo-e-independiente-del-valle\/#primaryimage"},"thumbnailUrl":"https:\/\/www.gaveanews.com\/wp-content\/uploads\/Mauro-Cezar-em-participacao-na-Uol-Esporte.webp","datePublished":"2023-02-20T14:37:24+00:00","dateModified":"2024-04-07T02:04:14+00:00","author":{"@id":"https:\/\/www.gaveanews.com\/#\/schema\/person\/2ec14f73fb96be2caf28f91afb14749d"},"breadcrumb":{"@id":"https:\/\/www.gaveanews.com\/index.php\/2023\/02\/20\/mauro-cezar-pereira-projeta-a-decisao-da-recopa-sul-americana-entre-flamengo-e-independiente-del-valle\/#breadcrumb"},"inLanguage":"pt-BR","potentialAction":[{"@type":"ReadAction","target":["https:\/\/www.gaveanews.com\/index.php\/2023\/02\/20\/mauro-cezar-pereira-projeta-a-decisao-da-recopa-sul-americana-entre-flamengo-e-independiente-del-valle\/"]}]},{"@type":"ImageObject","inLanguage":"pt-BR","@id":"https:\/\/www.gaveanews.com\/index.php\/2023\/02\/20\/mauro-cezar-pereira-projeta-a-decisao-da-recopa-sul-americana-entre-flamengo-e-independiente-del-valle\/#primaryimage","url":"https:\/\/www.gaveanews.com\/wp-content\/uploads\/Mauro-Cezar-em-participacao-na-Uol-Esporte.webp","contentUrl":"https:\/\/www.gaveanews.com\/wp-content\/uploads\/Mauro-Cezar-em-participacao-na-Uol-Esporte.webp","width":900,"height":506,"caption":"Mauro Cezar, comentarista da UOL Esporte (Foto: Reprodu\u00e7\u00e3o\/UOL Esporte)"},{"@type":"BreadcrumbList","@id":"https:\/\/www.gaveanews.com\/index.php\/2023\/02\/20\/mauro-cezar-pereira-projeta-a-decisao-da-recopa-sul-americana-entre-flamengo-e-independiente-del-valle\/#breadcrumb","itemListElement":[{"@type":"ListItem","position":1,"name":"Home","item":"https:\/\/www.gaveanews.com\/"},{"@type":"ListItem","position":2,"name":"Mauro Cezar Pereira projeta a decis\u00e3o da Recopa Sul-Americana entre Flamengo e Independiente Del Valle"}]},{"@type":"WebSite","@id":"https:\/\/www.gaveanews.com\/#website","url":"https:\/\/www.gaveanews.com\/","name":"G\u00e1vea News","description":"Veja todas as not\u00edcias sobre o Flamengo: Contrata\u00e7\u00f5es, categorias de base, resultados das partidas, tabela de classifica\u00e7\u00e3o, pr\u00f3ximos jogos!","potentialAction":[{"@type":"SearchAction","target":{"@type":"EntryPoint","urlTemplate":"https:\/\/www.gaveanews.com\/?s={search_term_string}"},"query-input":{"@type":"PropertyValueSpecification","valueRequired":true,"valueName":"search_term_string"}}],"inLanguage":"pt-BR"},{"@type":"Person","@id":"https:\/\/www.gaveanews.com\/#\/schema\/person\/2ec14f73fb96be2caf28f91afb14749d","name":"Equipe G\u00e1vea News","image":{"@type":"ImageObject","inLanguage":"pt-BR","@id":"https:\/\/www.gaveanews.com\/#\/schema\/person\/image\/","url":"https:\/\/secure.gravatar.com\/avatar\/1e1956f1facbffd3f8fa53a326721950116b3b9dc9bd44939c01180fd4a745a9?s=96&d=mm&r=g","contentUrl":"https:\/\/secure.gravatar.com\/avatar\/1e1956f1facbffd3f8fa53a326721950116b3b9dc9bd44939c01180fd4a745a9?s=96&d=mm&r=g","caption":"Equipe G\u00e1vea News"}}]}},"_links":{"self":[{"href":"https:\/\/www.gaveanews.com\/index.php\/wp-json\/wp\/v2\/posts\/94327","targetHints":{"allow":["GET"]}}],"collection":[{"href":"https:\/\/www.gaveanews.com\/index.php\/wp-json\/wp\/v2\/posts"}],"about":[{"href":"https:\/\/www.gaveanews.com\/index.php\/wp-json\/wp\/v2\/types\/post"}],"author":[{"embeddable":true,"href":"https:\/\/www.gaveanews.com\/index.php\/wp-json\/wp\/v2\/users\/1"}],"replies":[{"embeddable":true,"href":"https:\/\/www.gaveanews.com\/index.php\/wp-json\/wp\/v2\/comments?post=94327"}],"version-history":[{"count":1,"href":"https:\/\/www.gaveanews.com\/index.php\/wp-json\/wp\/v2\/posts\/94327\/revisions"}],"predecessor-version":[{"id":134489,"href":"https:\/\/www.gaveanews.com\/index.php\/wp-json\/wp\/v2\/posts\/94327\/revisions\/134489"}],"wp:featuredmedia":[{"embeddable":true,"href":"https:\/\/www.gaveanews.com\/index.php\/wp-json\/wp\/v2\/media\/56367"}],"wp:attachment":[{"href":"https:\/\/www.gaveanews.com\/index.php\/wp-json\/wp\/v2\/media?parent=94327"}],"wp:term":[{"taxonomy":"category","embeddable":true,"href":"https:\/\/www.gaveanews.com\/index.php\/wp-json\/wp\/v2\/categories?post=94327"},{"taxonomy":"post_tag","embeddable":true,"href":"https:\/\/www.gaveanews.com\/index.php\/wp-json\/wp\/v2\/tags?post=94327"}],"curies":[{"name":"wp","href":"https:\/\/api.w.org\/{rel}","templated":true}]}}