{"id":94342,"date":"2023-02-20T15:09:54","date_gmt":"2023-02-20T18:09:54","guid":{"rendered":"https:\/\/www.gaveanews.com\/?p=94342"},"modified":"2023-02-20T15:09:56","modified_gmt":"2023-02-20T18:09:56","slug":"flamengo-assina-acordo-pelo-seu-estadio","status":"publish","type":"post","link":"https:\/\/www.gaveanews.com\/index.php\/2023\/02\/20\/flamengo-assina-acordo-pelo-seu-estadio\/","title":{"rendered":"Flamengo assina acordo pelo seu est\u00e1dio"},"content":{"rendered":"\n<p>O Flamengo deu um passo a mais para tomar uma posi\u00e7\u00e3o sobre um projeto futuro de est\u00e1dio pr\u00f3prio. O clube assinou no m\u00eas passado um acordo de confidencialidade para receber documentos relacionados ao terreno no Gas\u00f4metro, no Rio, que \u00e9 uma \u00e1rea com potencial de receber constru\u00e7\u00e3o de uma nova arena.<\/p>\n\n\n\n<p>A prioridade no Centro da cidade pertence ao Fundo Imobili\u00e1rio do Porto Maravilha, gerido pela Caixa Econ\u00f4mica Federal. O acordo de confidencialidade (non-disclosure agreement, em ingl\u00eas) envolve a empresa Vinci Partners, que \u00e9 intermedi\u00e1ria por administrar o local.<\/p>\n\n\n\n<p>Com o acordo, o Flamengo fica judicialmente obrigado a n\u00e3o tornar p\u00fablicos os dados e informa\u00e7\u00f5es contidos na papelada que receber. O clube fez o movimento para tirar as pr\u00f3ximas conclus\u00f5es sobre o poss\u00edvel empreendimento no local.<\/p>\n\n\n\n<p>O plano mais audacioso da atual diretoria do Flamengo envolve a constru\u00e7\u00e3o de um est\u00e1dio de grande porte, com capacidade para mais de 100 mil pessoas.<\/p>\n\n\n\n<h2 class=\"wp-block-heading\" id=\"h-e-o-maracana\">E o Maracan\u00e3?<\/h2>\n\n\n\n<p>Ao mesmo tempo, o Flamengo espera uma atualiza\u00e7\u00e3o do governo estadual sobre a licita\u00e7\u00e3o do Maracan\u00e3. O processo de concorr\u00eancia foi interrompido no ano passado. A finaliza\u00e7\u00e3o do novo edital depende, entre outras coisas, de uma reuni\u00e3o do Executivo com o Tribunal de Contas do Estado (TCE), que pediu ajustes no documento.<\/p>\n\n\n\n<p>Enquanto isso n\u00e3o acontece, o Flamengo segue gerindo o est\u00e1dio por meio de uma permiss\u00e3o de uso. O Fluminense participa da administra\u00e7\u00e3o.<\/p>\n\n\n\n<p>Retirado de: UOL<\/p>\n","protected":false},"excerpt":{"rendered":"<p>O Flamengo deu um passo a mais para tomar uma posi\u00e7\u00e3o sobre um projeto futuro de est\u00e1dio pr\u00f3prio. O clube assinou no m\u00eas passado um acordo de confidencialidade para receber documentos relacionados ao terreno no Gas\u00f4metro, no Rio, que \u00e9 uma \u00e1rea com potencial de receber constru\u00e7\u00e3o de uma nova arena. A prioridade no Centro [&hellip;]<\/p>\n","protected":false},"author":1,"featured_media":15077,"comment_status":"open","ping_status":"closed","sticky":false,"template":"","format":"standard","meta":{"footnotes":""},"categories":[47],"tags":[],"class_list":["post-94342","post","type-post","status-publish","format-standard","has-post-thumbnail","hentry","category-destaques"],"yoast_head":"<!-- This site is optimized with the Yoast SEO Premium plugin v24.2 (Yoast SEO v26.9) - https:\/\/yoast.com\/product\/yoast-seo-premium-wordpress\/ -->\n<title>Flamengo assina acordo pelo seu est\u00e1dio<\/title>\n<meta name=\"robots\" content=\"index, follow, max-snippet:-1, max-image-preview:large, max-video-preview:-1\" \/>\n<link rel=\"canonical\" href=\"https:\/\/www.gaveanews.com\/index.php\/2023\/02\/20\/flamengo-assina-acordo-pelo-seu-estadio\/\" \/>\n<meta property=\"og:locale\" content=\"pt_BR\" \/>\n<meta property=\"og:type\" content=\"article\" \/>\n<meta property=\"og:title\" content=\"Flamengo assina acordo pelo seu est\u00e1dio\" \/>\n<meta property=\"og:description\" content=\"O Flamengo deu um passo a mais para tomar uma posi\u00e7\u00e3o sobre um projeto futuro de est\u00e1dio pr\u00f3prio. O clube assinou no m\u00eas passado um acordo de confidencialidade para receber documentos relacionados ao terreno no Gas\u00f4metro, no Rio, que \u00e9 uma \u00e1rea com potencial de receber constru\u00e7\u00e3o de uma nova arena. A prioridade no Centro [&hellip;]\" \/>\n<meta property=\"og:url\" content=\"https:\/\/www.gaveanews.com\/index.php\/2023\/02\/20\/flamengo-assina-acordo-pelo-seu-estadio\/\" \/>\n<meta property=\"og:site_name\" content=\"G\u00e1vea News\" \/>\n<meta property=\"article:publisher\" content=\"https:\/\/facebook.com\/gaveaNews\/\" \/>\n<meta property=\"article:published_time\" content=\"2023-02-20T18:09:54+00:00\" \/>\n<meta property=\"article:modified_time\" content=\"2023-02-20T18:09:56+00:00\" \/>\n<meta property=\"og:image\" content=\"https:\/\/www.gaveanews.com\/wp-content\/uploads\/2019\/03\/Rodolfo-Landim-durante-entrevista-coletiva-na-Gavea.webp\" \/>\n\t<meta property=\"og:image:width\" content=\"1\" \/>\n\t<meta property=\"og:image:height\" content=\"1\" \/>\n\t<meta property=\"og:image:type\" content=\"image\/jpeg\" \/>\n<meta name=\"author\" content=\"Equipe G\u00e1vea News\" \/>\n<meta name=\"twitter:card\" content=\"summary_large_image\" \/>\n<meta name=\"twitter:label1\" content=\"Escrito por\" \/>\n\t<meta name=\"twitter:data1\" content=\"Equipe G\u00e1vea News\" \/>\n\t<meta name=\"twitter:label2\" content=\"Est. tempo de leitura\" \/>\n\t<meta name=\"twitter:data2\" content=\"2 minutos\" \/>\n<script type=\"application\/ld+json\" class=\"yoast-schema-graph\">{\"@context\":\"https:\/\/schema.org\",\"@graph\":[{\"@type\":\"NewsArticle\",\"@id\":\"https:\/\/www.gaveanews.com\/index.php\/2023\/02\/20\/flamengo-assina-acordo-pelo-seu-estadio\/#article\",\"isPartOf\":{\"@id\":\"https:\/\/www.gaveanews.com\/index.php\/2023\/02\/20\/flamengo-assina-acordo-pelo-seu-estadio\/\"},\"author\":{\"name\":\"Equipe G\u00e1vea News\",\"@id\":\"https:\/\/www.gaveanews.com\/#\/schema\/person\/2ec14f73fb96be2caf28f91afb14749d\"},\"headline\":\"Flamengo assina acordo pelo seu est\u00e1dio\",\"datePublished\":\"2023-02-20T18:09:54+00:00\",\"dateModified\":\"2023-02-20T18:09:56+00:00\",\"mainEntityOfPage\":{\"@id\":\"https:\/\/www.gaveanews.com\/index.php\/2023\/02\/20\/flamengo-assina-acordo-pelo-seu-estadio\/\"},\"wordCount\":263,\"commentCount\":0,\"image\":{\"@id\":\"https:\/\/www.gaveanews.com\/index.php\/2023\/02\/20\/flamengo-assina-acordo-pelo-seu-estadio\/#primaryimage\"},\"thumbnailUrl\":\"https:\/\/www.gaveanews.com\/wp-content\/uploads\/2019\/03\/Rodolfo-Landim-durante-entrevista-coletiva-na-Gavea.webp\",\"articleSection\":[\"Destaques\"],\"inLanguage\":\"pt-BR\",\"potentialAction\":[{\"@type\":\"CommentAction\",\"name\":\"Comment\",\"target\":[\"https:\/\/www.gaveanews.com\/index.php\/2023\/02\/20\/flamengo-assina-acordo-pelo-seu-estadio\/#respond\"]}],\"copyrightYear\":\"2023\",\"copyrightHolder\":{\"@id\":\"https:\/\/www.gaveanews.com\/#organization\"}},{\"@type\":\"WebPage\",\"@id\":\"https:\/\/www.gaveanews.com\/index.php\/2023\/02\/20\/flamengo-assina-acordo-pelo-seu-estadio\/\",\"url\":\"https:\/\/www.gaveanews.com\/index.php\/2023\/02\/20\/flamengo-assina-acordo-pelo-seu-estadio\/\",\"name\":\"Flamengo assina acordo pelo seu est\u00e1dio\",\"isPartOf\":{\"@id\":\"https:\/\/www.gaveanews.com\/#website\"},\"primaryImageOfPage\":{\"@id\":\"https:\/\/www.gaveanews.com\/index.php\/2023\/02\/20\/flamengo-assina-acordo-pelo-seu-estadio\/#primaryimage\"},\"image\":{\"@id\":\"https:\/\/www.gaveanews.com\/index.php\/2023\/02\/20\/flamengo-assina-acordo-pelo-seu-estadio\/#primaryimage\"},\"thumbnailUrl\":\"https:\/\/www.gaveanews.com\/wp-content\/uploads\/2019\/03\/Rodolfo-Landim-durante-entrevista-coletiva-na-Gavea.webp\",\"datePublished\":\"2023-02-20T18:09:54+00:00\",\"dateModified\":\"2023-02-20T18:09:56+00:00\",\"author\":{\"@id\":\"https:\/\/www.gaveanews.com\/#\/schema\/person\/2ec14f73fb96be2caf28f91afb14749d\"},\"breadcrumb\":{\"@id\":\"https:\/\/www.gaveanews.com\/index.php\/2023\/02\/20\/flamengo-assina-acordo-pelo-seu-estadio\/#breadcrumb\"},\"inLanguage\":\"pt-BR\",\"potentialAction\":[{\"@type\":\"ReadAction\",\"target\":[\"https:\/\/www.gaveanews.com\/index.php\/2023\/02\/20\/flamengo-assina-acordo-pelo-seu-estadio\/\"]}]},{\"@type\":\"ImageObject\",\"inLanguage\":\"pt-BR\",\"@id\":\"https:\/\/www.gaveanews.com\/index.php\/2023\/02\/20\/flamengo-assina-acordo-pelo-seu-estadio\/#primaryimage\",\"url\":\"https:\/\/www.gaveanews.com\/wp-content\/uploads\/2019\/03\/Rodolfo-Landim-durante-entrevista-coletiva-na-Gavea.webp\",\"contentUrl\":\"https:\/\/www.gaveanews.com\/wp-content\/uploads\/2019\/03\/Rodolfo-Landim-durante-entrevista-coletiva-na-Gavea.webp\",\"width\":900,\"height\":599,\"caption\":\"Rodolfo Landim durante entrevista coletiva na G\u00e1vea (Foto: Ag\u00eancia Foto BR)\"},{\"@type\":\"BreadcrumbList\",\"@id\":\"https:\/\/www.gaveanews.com\/index.php\/2023\/02\/20\/flamengo-assina-acordo-pelo-seu-estadio\/#breadcrumb\",\"itemListElement\":[{\"@type\":\"ListItem\",\"position\":1,\"name\":\"Home\",\"item\":\"https:\/\/www.gaveanews.com\/\"},{\"@type\":\"ListItem\",\"position\":2,\"name\":\"Flamengo assina acordo pelo seu est\u00e1dio\"}]},{\"@type\":\"WebSite\",\"@id\":\"https:\/\/www.gaveanews.com\/#website\",\"url\":\"https:\/\/www.gaveanews.com\/\",\"name\":\"G\u00e1vea News\",\"description\":\"Veja todas as not\u00edcias sobre o Flamengo: Contrata\u00e7\u00f5es, categorias de base, resultados das partidas, tabela de classifica\u00e7\u00e3o, pr\u00f3ximos jogos!\",\"potentialAction\":[{\"@type\":\"SearchAction\",\"target\":{\"@type\":\"EntryPoint\",\"urlTemplate\":\"https:\/\/www.gaveanews.com\/?s={search_term_string}\"},\"query-input\":{\"@type\":\"PropertyValueSpecification\",\"valueRequired\":true,\"valueName\":\"search_term_string\"}}],\"inLanguage\":\"pt-BR\"},{\"@type\":\"Person\",\"@id\":\"https:\/\/www.gaveanews.com\/#\/schema\/person\/2ec14f73fb96be2caf28f91afb14749d\",\"name\":\"Equipe G\u00e1vea News\",\"image\":{\"@type\":\"ImageObject\",\"inLanguage\":\"pt-BR\",\"@id\":\"https:\/\/www.gaveanews.com\/#\/schema\/person\/image\/\",\"url\":\"https:\/\/secure.gravatar.com\/avatar\/1e1956f1facbffd3f8fa53a326721950116b3b9dc9bd44939c01180fd4a745a9?s=96&d=mm&r=g\",\"contentUrl\":\"https:\/\/secure.gravatar.com\/avatar\/1e1956f1facbffd3f8fa53a326721950116b3b9dc9bd44939c01180fd4a745a9?s=96&d=mm&r=g\",\"caption\":\"Equipe G\u00e1vea News\"}}]}<\/script>\n<!-- \/ Yoast SEO Premium plugin. -->","yoast_head_json":{"title":"Flamengo assina acordo pelo seu est\u00e1dio","robots":{"index":"index","follow":"follow","max-snippet":"max-snippet:-1","max-image-preview":"max-image-preview:large","max-video-preview":"max-video-preview:-1"},"canonical":"https:\/\/www.gaveanews.com\/index.php\/2023\/02\/20\/flamengo-assina-acordo-pelo-seu-estadio\/","og_locale":"pt_BR","og_type":"article","og_title":"Flamengo assina acordo pelo seu est\u00e1dio","og_description":"O Flamengo deu um passo a mais para tomar uma posi\u00e7\u00e3o sobre um projeto futuro de est\u00e1dio pr\u00f3prio. O clube assinou no m\u00eas passado um acordo de confidencialidade para receber documentos relacionados ao terreno no Gas\u00f4metro, no Rio, que \u00e9 uma \u00e1rea com potencial de receber constru\u00e7\u00e3o de uma nova arena. A prioridade no Centro [&hellip;]","og_url":"https:\/\/www.gaveanews.com\/index.php\/2023\/02\/20\/flamengo-assina-acordo-pelo-seu-estadio\/","og_site_name":"G\u00e1vea News","article_publisher":"https:\/\/facebook.com\/gaveaNews\/","article_published_time":"2023-02-20T18:09:54+00:00","article_modified_time":"2023-02-20T18:09:56+00:00","og_image":[{"url":"https:\/\/www.gaveanews.com\/wp-content\/uploads\/2019\/03\/Rodolfo-Landim-durante-entrevista-coletiva-na-Gavea.webp","width":1,"height":1,"type":"image\/jpeg"}],"author":"Equipe G\u00e1vea News","twitter_card":"summary_large_image","twitter_misc":{"Escrito por":"Equipe G\u00e1vea News","Est. tempo de leitura":"2 minutos"},"schema":{"@context":"https:\/\/schema.org","@graph":[{"@type":"NewsArticle","@id":"https:\/\/www.gaveanews.com\/index.php\/2023\/02\/20\/flamengo-assina-acordo-pelo-seu-estadio\/#article","isPartOf":{"@id":"https:\/\/www.gaveanews.com\/index.php\/2023\/02\/20\/flamengo-assina-acordo-pelo-seu-estadio\/"},"author":{"name":"Equipe G\u00e1vea News","@id":"https:\/\/www.gaveanews.com\/#\/schema\/person\/2ec14f73fb96be2caf28f91afb14749d"},"headline":"Flamengo assina acordo pelo seu est\u00e1dio","datePublished":"2023-02-20T18:09:54+00:00","dateModified":"2023-02-20T18:09:56+00:00","mainEntityOfPage":{"@id":"https:\/\/www.gaveanews.com\/index.php\/2023\/02\/20\/flamengo-assina-acordo-pelo-seu-estadio\/"},"wordCount":263,"commentCount":0,"image":{"@id":"https:\/\/www.gaveanews.com\/index.php\/2023\/02\/20\/flamengo-assina-acordo-pelo-seu-estadio\/#primaryimage"},"thumbnailUrl":"https:\/\/www.gaveanews.com\/wp-content\/uploads\/2019\/03\/Rodolfo-Landim-durante-entrevista-coletiva-na-Gavea.webp","articleSection":["Destaques"],"inLanguage":"pt-BR","potentialAction":[{"@type":"CommentAction","name":"Comment","target":["https:\/\/www.gaveanews.com\/index.php\/2023\/02\/20\/flamengo-assina-acordo-pelo-seu-estadio\/#respond"]}],"copyrightYear":"2023","copyrightHolder":{"@id":"https:\/\/www.gaveanews.com\/#organization"}},{"@type":"WebPage","@id":"https:\/\/www.gaveanews.com\/index.php\/2023\/02\/20\/flamengo-assina-acordo-pelo-seu-estadio\/","url":"https:\/\/www.gaveanews.com\/index.php\/2023\/02\/20\/flamengo-assina-acordo-pelo-seu-estadio\/","name":"Flamengo assina acordo pelo seu est\u00e1dio","isPartOf":{"@id":"https:\/\/www.gaveanews.com\/#website"},"primaryImageOfPage":{"@id":"https:\/\/www.gaveanews.com\/index.php\/2023\/02\/20\/flamengo-assina-acordo-pelo-seu-estadio\/#primaryimage"},"image":{"@id":"https:\/\/www.gaveanews.com\/index.php\/2023\/02\/20\/flamengo-assina-acordo-pelo-seu-estadio\/#primaryimage"},"thumbnailUrl":"https:\/\/www.gaveanews.com\/wp-content\/uploads\/2019\/03\/Rodolfo-Landim-durante-entrevista-coletiva-na-Gavea.webp","datePublished":"2023-02-20T18:09:54+00:00","dateModified":"2023-02-20T18:09:56+00:00","author":{"@id":"https:\/\/www.gaveanews.com\/#\/schema\/person\/2ec14f73fb96be2caf28f91afb14749d"},"breadcrumb":{"@id":"https:\/\/www.gaveanews.com\/index.php\/2023\/02\/20\/flamengo-assina-acordo-pelo-seu-estadio\/#breadcrumb"},"inLanguage":"pt-BR","potentialAction":[{"@type":"ReadAction","target":["https:\/\/www.gaveanews.com\/index.php\/2023\/02\/20\/flamengo-assina-acordo-pelo-seu-estadio\/"]}]},{"@type":"ImageObject","inLanguage":"pt-BR","@id":"https:\/\/www.gaveanews.com\/index.php\/2023\/02\/20\/flamengo-assina-acordo-pelo-seu-estadio\/#primaryimage","url":"https:\/\/www.gaveanews.com\/wp-content\/uploads\/2019\/03\/Rodolfo-Landim-durante-entrevista-coletiva-na-Gavea.webp","contentUrl":"https:\/\/www.gaveanews.com\/wp-content\/uploads\/2019\/03\/Rodolfo-Landim-durante-entrevista-coletiva-na-Gavea.webp","width":900,"height":599,"caption":"Rodolfo Landim durante entrevista coletiva na G\u00e1vea (Foto: Ag\u00eancia Foto BR)"},{"@type":"BreadcrumbList","@id":"https:\/\/www.gaveanews.com\/index.php\/2023\/02\/20\/flamengo-assina-acordo-pelo-seu-estadio\/#breadcrumb","itemListElement":[{"@type":"ListItem","position":1,"name":"Home","item":"https:\/\/www.gaveanews.com\/"},{"@type":"ListItem","position":2,"name":"Flamengo assina acordo pelo seu est\u00e1dio"}]},{"@type":"WebSite","@id":"https:\/\/www.gaveanews.com\/#website","url":"https:\/\/www.gaveanews.com\/","name":"G\u00e1vea News","description":"Veja todas as not\u00edcias sobre o Flamengo: Contrata\u00e7\u00f5es, categorias de base, resultados das partidas, tabela de classifica\u00e7\u00e3o, pr\u00f3ximos jogos!","potentialAction":[{"@type":"SearchAction","target":{"@type":"EntryPoint","urlTemplate":"https:\/\/www.gaveanews.com\/?s={search_term_string}"},"query-input":{"@type":"PropertyValueSpecification","valueRequired":true,"valueName":"search_term_string"}}],"inLanguage":"pt-BR"},{"@type":"Person","@id":"https:\/\/www.gaveanews.com\/#\/schema\/person\/2ec14f73fb96be2caf28f91afb14749d","name":"Equipe G\u00e1vea News","image":{"@type":"ImageObject","inLanguage":"pt-BR","@id":"https:\/\/www.gaveanews.com\/#\/schema\/person\/image\/","url":"https:\/\/secure.gravatar.com\/avatar\/1e1956f1facbffd3f8fa53a326721950116b3b9dc9bd44939c01180fd4a745a9?s=96&d=mm&r=g","contentUrl":"https:\/\/secure.gravatar.com\/avatar\/1e1956f1facbffd3f8fa53a326721950116b3b9dc9bd44939c01180fd4a745a9?s=96&d=mm&r=g","caption":"Equipe G\u00e1vea News"}}]}},"_links":{"self":[{"href":"https:\/\/www.gaveanews.com\/index.php\/wp-json\/wp\/v2\/posts\/94342","targetHints":{"allow":["GET"]}}],"collection":[{"href":"https:\/\/www.gaveanews.com\/index.php\/wp-json\/wp\/v2\/posts"}],"about":[{"href":"https:\/\/www.gaveanews.com\/index.php\/wp-json\/wp\/v2\/types\/post"}],"author":[{"embeddable":true,"href":"https:\/\/www.gaveanews.com\/index.php\/wp-json\/wp\/v2\/users\/1"}],"replies":[{"embeddable":true,"href":"https:\/\/www.gaveanews.com\/index.php\/wp-json\/wp\/v2\/comments?post=94342"}],"version-history":[{"count":0,"href":"https:\/\/www.gaveanews.com\/index.php\/wp-json\/wp\/v2\/posts\/94342\/revisions"}],"wp:featuredmedia":[{"embeddable":true,"href":"https:\/\/www.gaveanews.com\/index.php\/wp-json\/wp\/v2\/media\/15077"}],"wp:attachment":[{"href":"https:\/\/www.gaveanews.com\/index.php\/wp-json\/wp\/v2\/media?parent=94342"}],"wp:term":[{"taxonomy":"category","embeddable":true,"href":"https:\/\/www.gaveanews.com\/index.php\/wp-json\/wp\/v2\/categories?post=94342"},{"taxonomy":"post_tag","embeddable":true,"href":"https:\/\/www.gaveanews.com\/index.php\/wp-json\/wp\/v2\/tags?post=94342"}],"curies":[{"name":"wp","href":"https:\/\/api.w.org\/{rel}","templated":true}]}}