{"id":94346,"date":"2023-02-20T17:48:32","date_gmt":"2023-02-20T20:48:32","guid":{"rendered":"https:\/\/www.gaveanews.com\/?p=94346"},"modified":"2023-02-20T17:48:36","modified_gmt":"2023-02-20T20:48:36","slug":"flamengo-negocia-contratacao-de-lateral-da-selecao-do-equador","status":"publish","type":"post","link":"https:\/\/www.gaveanews.com\/index.php\/2023\/02\/20\/flamengo-negocia-contratacao-de-lateral-da-selecao-do-equador\/","title":{"rendered":"Flamengo negocia contrata\u00e7\u00e3o de lateral da sele\u00e7\u00e3o do Equador"},"content":{"rendered":"\n<p>Antes de mais nada, o Flamengo retornou as conversas para contratar o lateral-direito \u00c1ngelo Preciado, do Genk, da B\u00e9lgica. A negocia\u00e7\u00e3o se encontra em uma fase embrion\u00e1ria e o jogador, inclusive, j\u00e1 foi contatado pela diretoria rubro-negra.<\/p>\n\n\n\n<p>O\u00a0site Torcedores\u00a0apurou que o vice-presidente de futebol, Marcos Braz, e o diretor executivo, Bruno Spindel, tratam o assunto com cautela. Isso porque, o defensor tamb\u00e9m interessa a clubes da Espanha, Inglaterra e It\u00e1lia.<\/p>\n\n\n\n<p>\u00c1ngelo Preciado, que pertence ao Genk, defendeu a sele\u00e7\u00e3o equatoriana na Copa do Mundo de 2022, no Catar. Desde ent\u00e3o, ele entrou no radar rubro-negro porque o t\u00e9cnico V\u00edtor Pereira n\u00e3o est\u00e1 contente com o desempenho de Guillermo Varela e Matheuzinho.<\/p>\n\n\n\n<p>H\u00e1 pouco mais de tr\u00eas semanas, Valencia, Southampton e Sampdoria manifestaram interesse em contrata-lo, por\u00e9m, o jogador n\u00e3o se empolgou com a possibilidade de se transferir para equipes que lutam contra o rebaixamento na atual temporada.<\/p>\n\n\n\n<p>Diante disso, o Flamengo tem o caminho livre para buscar a contrata\u00e7\u00e3o de \u00c1ngelo Preciado. O lateral-direito de 25 anos foi contratado pelo Genk em junho de 2020, vindo do Independiente del Valle, do Equador, pelo valor de 3 milh\u00f5es de euros (R$ 16,5 milh\u00f5es, \u00e0 \u00e9poca).<\/p>\n\n\n\n<p>Ainda segundo apurou a reportagem, \u00c1ngelo Preciado v\u00ea com bons olhos uma eventual transfer\u00eancia para o clube carioca. Isso porque o equatoriano entende que o clube pode oferecer a oportunidade conquistar t\u00edtulos no futuro.<\/p>\n\n\n\n<p>O empres\u00e1rio do jogador, Giuliano Bertolucci, da Bertolucci Sports, est\u00e1 em Turin, na It\u00e1lia. De l\u00e1, ele comanda as conversas com o Flamengo. A negocia\u00e7\u00e3o deve ganhar novos cap\u00edtulos ap\u00f3s o jogo contra o Independiente del Valle, pela final da Recopa Sul-Americana. A partida est\u00e1 marcada para ter\u00e7a (21), \u00e0s 21:30.<\/p>\n\n\n\n<h2 class=\"wp-block-heading\" id=\"h-a-carreira-de-angelo-preciado-alvo-do-flamengo\">A carreira de \u00c1ngelo Preciado, alvo do Flamengo<\/h2>\n\n\n\n<p>Revelado pelo Am\u00e9rica de Quito, do Equador, em 2012, \u00c1ngelo Preciado ganhou proje\u00e7\u00e3o internacional atuando pelo Independiente del Valle. Ele se destacou pela equipe na campanha da conquista do t\u00edtulo da Copa Sul-Americana de 2019.<\/p>\n\n\n\n<p>Logo ap\u00f3s se destacar pelo \u201cdel Valle\u201d, ele acertou com o Genk. L\u00e1, o atleta faturou o t\u00edtulo da Ta\u00e7a da B\u00e9lgica na temporada 2020\/2021. Al\u00e9m da Copa, o jogador representou a sele\u00e7\u00e3o equatoriana na Copa Am\u00e9rica de 2021.<\/p>\n\n\n\n<p>Retirado de: Torcedores<\/p>\n","protected":false},"excerpt":{"rendered":"<p>Antes de mais nada, o Flamengo retornou as conversas para contratar o lateral-direito \u00c1ngelo Preciado, do Genk, da B\u00e9lgica. A negocia\u00e7\u00e3o se encontra em uma fase embrion\u00e1ria e o jogador, inclusive, j\u00e1 foi contatado pela diretoria rubro-negra. O\u00a0site Torcedores\u00a0apurou que o vice-presidente de futebol, Marcos Braz, e o diretor executivo, Bruno Spindel, tratam o assunto [&hellip;]<\/p>\n","protected":false},"author":1,"featured_media":91878,"comment_status":"open","ping_status":"closed","sticky":false,"template":"","format":"standard","meta":{"footnotes":""},"categories":[48],"tags":[],"class_list":["post-94346","post","type-post","status-publish","format-standard","has-post-thumbnail","hentry","category-negociacoes"],"yoast_head":"<!-- This site is optimized with the Yoast SEO Premium plugin v24.2 (Yoast SEO v26.9) - https:\/\/yoast.com\/product\/yoast-seo-premium-wordpress\/ -->\n<title>Flamengo negocia contrata\u00e7\u00e3o de lateral da sele\u00e7\u00e3o do Equador<\/title>\n<meta name=\"robots\" content=\"index, follow, max-snippet:-1, max-image-preview:large, max-video-preview:-1\" \/>\n<link rel=\"canonical\" href=\"https:\/\/www.gaveanews.com\/index.php\/2023\/02\/20\/flamengo-negocia-contratacao-de-lateral-da-selecao-do-equador\/\" \/>\n<meta property=\"og:locale\" content=\"pt_BR\" \/>\n<meta property=\"og:type\" content=\"article\" \/>\n<meta property=\"og:title\" content=\"Flamengo negocia contrata\u00e7\u00e3o de lateral da sele\u00e7\u00e3o do Equador\" \/>\n<meta property=\"og:description\" content=\"Antes de mais nada, o Flamengo retornou as conversas para contratar o lateral-direito \u00c1ngelo Preciado, do Genk, da B\u00e9lgica. A negocia\u00e7\u00e3o se encontra em uma fase embrion\u00e1ria e o jogador, inclusive, j\u00e1 foi contatado pela diretoria rubro-negra. O\u00a0site Torcedores\u00a0apurou que o vice-presidente de futebol, Marcos Braz, e o diretor executivo, Bruno Spindel, tratam o assunto [&hellip;]\" \/>\n<meta property=\"og:url\" content=\"https:\/\/www.gaveanews.com\/index.php\/2023\/02\/20\/flamengo-negocia-contratacao-de-lateral-da-selecao-do-equador\/\" \/>\n<meta property=\"og:site_name\" content=\"G\u00e1vea News\" \/>\n<meta property=\"article:publisher\" content=\"https:\/\/facebook.com\/gaveaNews\/\" \/>\n<meta property=\"article:published_time\" content=\"2023-02-20T20:48:32+00:00\" \/>\n<meta property=\"article:modified_time\" content=\"2023-02-20T20:48:36+00:00\" \/>\n<meta property=\"og:image\" content=\"https:\/\/www.gaveanews.com\/wp-content\/uploads\/angelo-preciado-vinicius-jr-selecao-equador-brasil.webp\" \/>\n\t<meta property=\"og:image:width\" content=\"738\" \/>\n\t<meta property=\"og:image:height\" content=\"532\" \/>\n\t<meta property=\"og:image:type\" content=\"image\/jpeg\" \/>\n<meta name=\"author\" content=\"Equipe G\u00e1vea News\" \/>\n<meta name=\"twitter:card\" content=\"summary_large_image\" \/>\n<meta name=\"twitter:label1\" content=\"Escrito por\" \/>\n\t<meta name=\"twitter:data1\" content=\"Equipe G\u00e1vea News\" \/>\n\t<meta name=\"twitter:label2\" content=\"Est. tempo de leitura\" \/>\n\t<meta name=\"twitter:data2\" content=\"3 minutos\" \/>\n<script type=\"application\/ld+json\" class=\"yoast-schema-graph\">{\"@context\":\"https:\/\/schema.org\",\"@graph\":[{\"@type\":\"NewsArticle\",\"@id\":\"https:\/\/www.gaveanews.com\/index.php\/2023\/02\/20\/flamengo-negocia-contratacao-de-lateral-da-selecao-do-equador\/#article\",\"isPartOf\":{\"@id\":\"https:\/\/www.gaveanews.com\/index.php\/2023\/02\/20\/flamengo-negocia-contratacao-de-lateral-da-selecao-do-equador\/\"},\"author\":{\"name\":\"Equipe G\u00e1vea News\",\"@id\":\"https:\/\/www.gaveanews.com\/#\/schema\/person\/2ec14f73fb96be2caf28f91afb14749d\"},\"headline\":\"Flamengo negocia contrata\u00e7\u00e3o de lateral da sele\u00e7\u00e3o do Equador\",\"datePublished\":\"2023-02-20T20:48:32+00:00\",\"dateModified\":\"2023-02-20T20:48:36+00:00\",\"mainEntityOfPage\":{\"@id\":\"https:\/\/www.gaveanews.com\/index.php\/2023\/02\/20\/flamengo-negocia-contratacao-de-lateral-da-selecao-do-equador\/\"},\"wordCount\":399,\"commentCount\":0,\"image\":{\"@id\":\"https:\/\/www.gaveanews.com\/index.php\/2023\/02\/20\/flamengo-negocia-contratacao-de-lateral-da-selecao-do-equador\/#primaryimage\"},\"thumbnailUrl\":\"https:\/\/www.gaveanews.com\/wp-content\/uploads\/angelo-preciado-vinicius-jr-selecao-equador-brasil.webp\",\"articleSection\":[\"Negocia\u00e7\u00f5es\"],\"inLanguage\":\"pt-BR\",\"potentialAction\":[{\"@type\":\"CommentAction\",\"name\":\"Comment\",\"target\":[\"https:\/\/www.gaveanews.com\/index.php\/2023\/02\/20\/flamengo-negocia-contratacao-de-lateral-da-selecao-do-equador\/#respond\"]}],\"copyrightYear\":\"2023\",\"copyrightHolder\":{\"@id\":\"https:\/\/www.gaveanews.com\/#organization\"}},{\"@type\":\"WebPage\",\"@id\":\"https:\/\/www.gaveanews.com\/index.php\/2023\/02\/20\/flamengo-negocia-contratacao-de-lateral-da-selecao-do-equador\/\",\"url\":\"https:\/\/www.gaveanews.com\/index.php\/2023\/02\/20\/flamengo-negocia-contratacao-de-lateral-da-selecao-do-equador\/\",\"name\":\"Flamengo negocia contrata\u00e7\u00e3o de lateral da sele\u00e7\u00e3o do Equador\",\"isPartOf\":{\"@id\":\"https:\/\/www.gaveanews.com\/#website\"},\"primaryImageOfPage\":{\"@id\":\"https:\/\/www.gaveanews.com\/index.php\/2023\/02\/20\/flamengo-negocia-contratacao-de-lateral-da-selecao-do-equador\/#primaryimage\"},\"image\":{\"@id\":\"https:\/\/www.gaveanews.com\/index.php\/2023\/02\/20\/flamengo-negocia-contratacao-de-lateral-da-selecao-do-equador\/#primaryimage\"},\"thumbnailUrl\":\"https:\/\/www.gaveanews.com\/wp-content\/uploads\/angelo-preciado-vinicius-jr-selecao-equador-brasil.webp\",\"datePublished\":\"2023-02-20T20:48:32+00:00\",\"dateModified\":\"2023-02-20T20:48:36+00:00\",\"author\":{\"@id\":\"https:\/\/www.gaveanews.com\/#\/schema\/person\/2ec14f73fb96be2caf28f91afb14749d\"},\"breadcrumb\":{\"@id\":\"https:\/\/www.gaveanews.com\/index.php\/2023\/02\/20\/flamengo-negocia-contratacao-de-lateral-da-selecao-do-equador\/#breadcrumb\"},\"inLanguage\":\"pt-BR\",\"potentialAction\":[{\"@type\":\"ReadAction\",\"target\":[\"https:\/\/www.gaveanews.com\/index.php\/2023\/02\/20\/flamengo-negocia-contratacao-de-lateral-da-selecao-do-equador\/\"]}]},{\"@type\":\"ImageObject\",\"inLanguage\":\"pt-BR\",\"@id\":\"https:\/\/www.gaveanews.com\/index.php\/2023\/02\/20\/flamengo-negocia-contratacao-de-lateral-da-selecao-do-equador\/#primaryimage\",\"url\":\"https:\/\/www.gaveanews.com\/wp-content\/uploads\/angelo-preciado-vinicius-jr-selecao-equador-brasil.webp\",\"contentUrl\":\"https:\/\/www.gaveanews.com\/wp-content\/uploads\/angelo-preciado-vinicius-jr-selecao-equador-brasil.webp\",\"width\":738,\"height\":532,\"caption\":\"Angelo Preciado e Vin\u00edcius J\u00fanior em jogo do Equador contra o Brasil (Foto: Reprodu\u00e7\u00e3o\/Instagram)\"},{\"@type\":\"BreadcrumbList\",\"@id\":\"https:\/\/www.gaveanews.com\/index.php\/2023\/02\/20\/flamengo-negocia-contratacao-de-lateral-da-selecao-do-equador\/#breadcrumb\",\"itemListElement\":[{\"@type\":\"ListItem\",\"position\":1,\"name\":\"Home\",\"item\":\"https:\/\/www.gaveanews.com\/\"},{\"@type\":\"ListItem\",\"position\":2,\"name\":\"Flamengo negocia contrata\u00e7\u00e3o de lateral da sele\u00e7\u00e3o do Equador\"}]},{\"@type\":\"WebSite\",\"@id\":\"https:\/\/www.gaveanews.com\/#website\",\"url\":\"https:\/\/www.gaveanews.com\/\",\"name\":\"G\u00e1vea News\",\"description\":\"Veja todas as not\u00edcias sobre o Flamengo: Contrata\u00e7\u00f5es, categorias de base, resultados das partidas, tabela de classifica\u00e7\u00e3o, pr\u00f3ximos jogos!\",\"potentialAction\":[{\"@type\":\"SearchAction\",\"target\":{\"@type\":\"EntryPoint\",\"urlTemplate\":\"https:\/\/www.gaveanews.com\/?s={search_term_string}\"},\"query-input\":{\"@type\":\"PropertyValueSpecification\",\"valueRequired\":true,\"valueName\":\"search_term_string\"}}],\"inLanguage\":\"pt-BR\"},{\"@type\":\"Person\",\"@id\":\"https:\/\/www.gaveanews.com\/#\/schema\/person\/2ec14f73fb96be2caf28f91afb14749d\",\"name\":\"Equipe G\u00e1vea News\",\"image\":{\"@type\":\"ImageObject\",\"inLanguage\":\"pt-BR\",\"@id\":\"https:\/\/www.gaveanews.com\/#\/schema\/person\/image\/\",\"url\":\"https:\/\/secure.gravatar.com\/avatar\/1e1956f1facbffd3f8fa53a326721950116b3b9dc9bd44939c01180fd4a745a9?s=96&d=mm&r=g\",\"contentUrl\":\"https:\/\/secure.gravatar.com\/avatar\/1e1956f1facbffd3f8fa53a326721950116b3b9dc9bd44939c01180fd4a745a9?s=96&d=mm&r=g\",\"caption\":\"Equipe G\u00e1vea News\"}}]}<\/script>\n<!-- \/ Yoast SEO Premium plugin. -->","yoast_head_json":{"title":"Flamengo negocia contrata\u00e7\u00e3o de lateral da sele\u00e7\u00e3o do Equador","robots":{"index":"index","follow":"follow","max-snippet":"max-snippet:-1","max-image-preview":"max-image-preview:large","max-video-preview":"max-video-preview:-1"},"canonical":"https:\/\/www.gaveanews.com\/index.php\/2023\/02\/20\/flamengo-negocia-contratacao-de-lateral-da-selecao-do-equador\/","og_locale":"pt_BR","og_type":"article","og_title":"Flamengo negocia contrata\u00e7\u00e3o de lateral da sele\u00e7\u00e3o do Equador","og_description":"Antes de mais nada, o Flamengo retornou as conversas para contratar o lateral-direito \u00c1ngelo Preciado, do Genk, da B\u00e9lgica. A negocia\u00e7\u00e3o se encontra em uma fase embrion\u00e1ria e o jogador, inclusive, j\u00e1 foi contatado pela diretoria rubro-negra. O\u00a0site Torcedores\u00a0apurou que o vice-presidente de futebol, Marcos Braz, e o diretor executivo, Bruno Spindel, tratam o assunto [&hellip;]","og_url":"https:\/\/www.gaveanews.com\/index.php\/2023\/02\/20\/flamengo-negocia-contratacao-de-lateral-da-selecao-do-equador\/","og_site_name":"G\u00e1vea News","article_publisher":"https:\/\/facebook.com\/gaveaNews\/","article_published_time":"2023-02-20T20:48:32+00:00","article_modified_time":"2023-02-20T20:48:36+00:00","og_image":[{"width":738,"height":532,"url":"https:\/\/www.gaveanews.com\/wp-content\/uploads\/angelo-preciado-vinicius-jr-selecao-equador-brasil.webp","type":"image\/jpeg"}],"author":"Equipe G\u00e1vea News","twitter_card":"summary_large_image","twitter_misc":{"Escrito por":"Equipe G\u00e1vea News","Est. tempo de leitura":"3 minutos"},"schema":{"@context":"https:\/\/schema.org","@graph":[{"@type":"NewsArticle","@id":"https:\/\/www.gaveanews.com\/index.php\/2023\/02\/20\/flamengo-negocia-contratacao-de-lateral-da-selecao-do-equador\/#article","isPartOf":{"@id":"https:\/\/www.gaveanews.com\/index.php\/2023\/02\/20\/flamengo-negocia-contratacao-de-lateral-da-selecao-do-equador\/"},"author":{"name":"Equipe G\u00e1vea News","@id":"https:\/\/www.gaveanews.com\/#\/schema\/person\/2ec14f73fb96be2caf28f91afb14749d"},"headline":"Flamengo negocia contrata\u00e7\u00e3o de lateral da sele\u00e7\u00e3o do Equador","datePublished":"2023-02-20T20:48:32+00:00","dateModified":"2023-02-20T20:48:36+00:00","mainEntityOfPage":{"@id":"https:\/\/www.gaveanews.com\/index.php\/2023\/02\/20\/flamengo-negocia-contratacao-de-lateral-da-selecao-do-equador\/"},"wordCount":399,"commentCount":0,"image":{"@id":"https:\/\/www.gaveanews.com\/index.php\/2023\/02\/20\/flamengo-negocia-contratacao-de-lateral-da-selecao-do-equador\/#primaryimage"},"thumbnailUrl":"https:\/\/www.gaveanews.com\/wp-content\/uploads\/angelo-preciado-vinicius-jr-selecao-equador-brasil.webp","articleSection":["Negocia\u00e7\u00f5es"],"inLanguage":"pt-BR","potentialAction":[{"@type":"CommentAction","name":"Comment","target":["https:\/\/www.gaveanews.com\/index.php\/2023\/02\/20\/flamengo-negocia-contratacao-de-lateral-da-selecao-do-equador\/#respond"]}],"copyrightYear":"2023","copyrightHolder":{"@id":"https:\/\/www.gaveanews.com\/#organization"}},{"@type":"WebPage","@id":"https:\/\/www.gaveanews.com\/index.php\/2023\/02\/20\/flamengo-negocia-contratacao-de-lateral-da-selecao-do-equador\/","url":"https:\/\/www.gaveanews.com\/index.php\/2023\/02\/20\/flamengo-negocia-contratacao-de-lateral-da-selecao-do-equador\/","name":"Flamengo negocia contrata\u00e7\u00e3o de lateral da sele\u00e7\u00e3o do Equador","isPartOf":{"@id":"https:\/\/www.gaveanews.com\/#website"},"primaryImageOfPage":{"@id":"https:\/\/www.gaveanews.com\/index.php\/2023\/02\/20\/flamengo-negocia-contratacao-de-lateral-da-selecao-do-equador\/#primaryimage"},"image":{"@id":"https:\/\/www.gaveanews.com\/index.php\/2023\/02\/20\/flamengo-negocia-contratacao-de-lateral-da-selecao-do-equador\/#primaryimage"},"thumbnailUrl":"https:\/\/www.gaveanews.com\/wp-content\/uploads\/angelo-preciado-vinicius-jr-selecao-equador-brasil.webp","datePublished":"2023-02-20T20:48:32+00:00","dateModified":"2023-02-20T20:48:36+00:00","author":{"@id":"https:\/\/www.gaveanews.com\/#\/schema\/person\/2ec14f73fb96be2caf28f91afb14749d"},"breadcrumb":{"@id":"https:\/\/www.gaveanews.com\/index.php\/2023\/02\/20\/flamengo-negocia-contratacao-de-lateral-da-selecao-do-equador\/#breadcrumb"},"inLanguage":"pt-BR","potentialAction":[{"@type":"ReadAction","target":["https:\/\/www.gaveanews.com\/index.php\/2023\/02\/20\/flamengo-negocia-contratacao-de-lateral-da-selecao-do-equador\/"]}]},{"@type":"ImageObject","inLanguage":"pt-BR","@id":"https:\/\/www.gaveanews.com\/index.php\/2023\/02\/20\/flamengo-negocia-contratacao-de-lateral-da-selecao-do-equador\/#primaryimage","url":"https:\/\/www.gaveanews.com\/wp-content\/uploads\/angelo-preciado-vinicius-jr-selecao-equador-brasil.webp","contentUrl":"https:\/\/www.gaveanews.com\/wp-content\/uploads\/angelo-preciado-vinicius-jr-selecao-equador-brasil.webp","width":738,"height":532,"caption":"Angelo Preciado e Vin\u00edcius J\u00fanior em jogo do Equador contra o Brasil (Foto: Reprodu\u00e7\u00e3o\/Instagram)"},{"@type":"BreadcrumbList","@id":"https:\/\/www.gaveanews.com\/index.php\/2023\/02\/20\/flamengo-negocia-contratacao-de-lateral-da-selecao-do-equador\/#breadcrumb","itemListElement":[{"@type":"ListItem","position":1,"name":"Home","item":"https:\/\/www.gaveanews.com\/"},{"@type":"ListItem","position":2,"name":"Flamengo negocia contrata\u00e7\u00e3o de lateral da sele\u00e7\u00e3o do Equador"}]},{"@type":"WebSite","@id":"https:\/\/www.gaveanews.com\/#website","url":"https:\/\/www.gaveanews.com\/","name":"G\u00e1vea News","description":"Veja todas as not\u00edcias sobre o Flamengo: Contrata\u00e7\u00f5es, categorias de base, resultados das partidas, tabela de classifica\u00e7\u00e3o, pr\u00f3ximos jogos!","potentialAction":[{"@type":"SearchAction","target":{"@type":"EntryPoint","urlTemplate":"https:\/\/www.gaveanews.com\/?s={search_term_string}"},"query-input":{"@type":"PropertyValueSpecification","valueRequired":true,"valueName":"search_term_string"}}],"inLanguage":"pt-BR"},{"@type":"Person","@id":"https:\/\/www.gaveanews.com\/#\/schema\/person\/2ec14f73fb96be2caf28f91afb14749d","name":"Equipe G\u00e1vea News","image":{"@type":"ImageObject","inLanguage":"pt-BR","@id":"https:\/\/www.gaveanews.com\/#\/schema\/person\/image\/","url":"https:\/\/secure.gravatar.com\/avatar\/1e1956f1facbffd3f8fa53a326721950116b3b9dc9bd44939c01180fd4a745a9?s=96&d=mm&r=g","contentUrl":"https:\/\/secure.gravatar.com\/avatar\/1e1956f1facbffd3f8fa53a326721950116b3b9dc9bd44939c01180fd4a745a9?s=96&d=mm&r=g","caption":"Equipe G\u00e1vea News"}}]}},"_links":{"self":[{"href":"https:\/\/www.gaveanews.com\/index.php\/wp-json\/wp\/v2\/posts\/94346","targetHints":{"allow":["GET"]}}],"collection":[{"href":"https:\/\/www.gaveanews.com\/index.php\/wp-json\/wp\/v2\/posts"}],"about":[{"href":"https:\/\/www.gaveanews.com\/index.php\/wp-json\/wp\/v2\/types\/post"}],"author":[{"embeddable":true,"href":"https:\/\/www.gaveanews.com\/index.php\/wp-json\/wp\/v2\/users\/1"}],"replies":[{"embeddable":true,"href":"https:\/\/www.gaveanews.com\/index.php\/wp-json\/wp\/v2\/comments?post=94346"}],"version-history":[{"count":0,"href":"https:\/\/www.gaveanews.com\/index.php\/wp-json\/wp\/v2\/posts\/94346\/revisions"}],"wp:featuredmedia":[{"embeddable":true,"href":"https:\/\/www.gaveanews.com\/index.php\/wp-json\/wp\/v2\/media\/91878"}],"wp:attachment":[{"href":"https:\/\/www.gaveanews.com\/index.php\/wp-json\/wp\/v2\/media?parent=94346"}],"wp:term":[{"taxonomy":"category","embeddable":true,"href":"https:\/\/www.gaveanews.com\/index.php\/wp-json\/wp\/v2\/categories?post=94346"},{"taxonomy":"post_tag","embeddable":true,"href":"https:\/\/www.gaveanews.com\/index.php\/wp-json\/wp\/v2\/tags?post=94346"}],"curies":[{"name":"wp","href":"https:\/\/api.w.org\/{rel}","templated":true}]}}