{"id":94365,"date":"2023-02-21T06:00:00","date_gmt":"2023-02-21T09:00:00","guid":{"rendered":"https:\/\/www.gaveanews.com\/?p=94365"},"modified":"2023-02-20T22:55:06","modified_gmt":"2023-02-21T01:55:06","slug":"veja-a-provavel-escalacao-do-flamengo-para-o-jogo-contra-o-del-valle-pela-recopa","status":"publish","type":"post","link":"https:\/\/www.gaveanews.com\/index.php\/2023\/02\/21\/veja-a-provavel-escalacao-do-flamengo-para-o-jogo-contra-o-del-valle-pela-recopa\/","title":{"rendered":"Veja a prov\u00e1vel escala\u00e7\u00e3o do Flamengo para o jogo contra o Del Valle pela Recopa"},"content":{"rendered":"\n<p>V\u00edtor Pereira j\u00e1 admitiu que o per\u00edodo \u00e9 de testes no Flamengo. A aus\u00eancia de Gerson, com dores no tornozelo direito, faz o portugu\u00eas mexer mais uma vez no meio-campo. Everton Ribeiro deve retornar ao lado de Vidal e Thiago Maia.<\/p>\n\n\n\n<p>O camisa 7 ficou fora da partida contra o Volta Redonda, a \u00faltima em que o Flamengo atuou com o elenco titular. Na ocasi\u00e3o, Vidal ocupou a vaga de Everton. Agora, sem Gerson, o chileno formar\u00e1 dupla com Thiago.<\/p>\n\n\n\n<h2 class=\"wp-block-heading\" id=\"h-provavel-escalacao-do-flamengo\">Prov\u00e1vel escala\u00e7\u00e3o do Flamengo<\/h2>\n\n\n\n<p>Santos, Varela, Fabr\u00edcio Bruno, David Luiz, Ayrton Lucas, Thiago Maia, Vidal, Everton Ribeiro, Arrascaeta, Gabi e Pedro.<\/p>\n\n\n\n<p>Este, inclusive, \u00e9 o mesmo time na partida contra o Al Ahly, que garantiu o terceiro lugar no Mundial de Clubes. Isso porque Gerson estava suspenso ap\u00f3s expuls\u00e3o na semifinal, e Vidal foi o substituto.<\/p>\n\n\n\n<p>O Flamengo, que j\u00e1 est\u00e1 em Quito desde domingo, treinou no Est\u00e1dio Atahualpa na tarde desta segunda. Como de costume, V\u00edtor Pereira n\u00e3o informou a equipe que levar\u00e1 a campo e a confirma\u00e7\u00e3o ser\u00e1 feita no pr\u00e9-jogo.<\/p>\n\n\n\n<p>A partida est\u00e1 marcada para ter\u00e7a, \u00e0s 21h30 (de Bras\u00edlia), no Banco Guayaquil, em Quito. O jogo de volta est\u00e1 marcado para dia 28, no Maracan\u00e3.<\/p>\n\n\n\n<p>Retirado de: Globo Esporte<\/p>\n","protected":false},"excerpt":{"rendered":"<p>V\u00edtor Pereira j\u00e1 admitiu que o per\u00edodo \u00e9 de testes no Flamengo. A aus\u00eancia de Gerson, com dores no tornozelo direito, faz o portugu\u00eas mexer mais uma vez no meio-campo. Everton Ribeiro deve retornar ao lado de Vidal e Thiago Maia. O camisa 7 ficou fora da partida contra o Volta Redonda, a \u00faltima em [&hellip;]<\/p>\n","protected":false},"author":1,"featured_media":94196,"comment_status":"open","ping_status":"closed","sticky":false,"template":"","format":"standard","meta":{"footnotes":""},"categories":[1],"tags":[],"class_list":["post-94365","post","type-post","status-publish","format-standard","has-post-thumbnail","hentry","category-flamengo"],"yoast_head":"<!-- This site is optimized with the Yoast SEO Premium plugin v24.2 (Yoast SEO v26.9) - https:\/\/yoast.com\/product\/yoast-seo-premium-wordpress\/ -->\n<title>Veja a prov\u00e1vel escala\u00e7\u00e3o do Flamengo para o jogo contra o Del Valle pela Recopa<\/title>\n<meta name=\"robots\" content=\"index, follow, max-snippet:-1, max-image-preview:large, max-video-preview:-1\" \/>\n<link rel=\"canonical\" href=\"https:\/\/www.gaveanews.com\/index.php\/2023\/02\/21\/veja-a-provavel-escalacao-do-flamengo-para-o-jogo-contra-o-del-valle-pela-recopa\/\" \/>\n<meta property=\"og:locale\" content=\"pt_BR\" \/>\n<meta property=\"og:type\" content=\"article\" \/>\n<meta property=\"og:title\" content=\"Veja a prov\u00e1vel escala\u00e7\u00e3o do Flamengo para o jogo contra o Del Valle pela Recopa\" \/>\n<meta property=\"og:description\" content=\"V\u00edtor Pereira j\u00e1 admitiu que o per\u00edodo \u00e9 de testes no Flamengo. A aus\u00eancia de Gerson, com dores no tornozelo direito, faz o portugu\u00eas mexer mais uma vez no meio-campo. Everton Ribeiro deve retornar ao lado de Vidal e Thiago Maia. O camisa 7 ficou fora da partida contra o Volta Redonda, a \u00faltima em [&hellip;]\" \/>\n<meta property=\"og:url\" content=\"https:\/\/www.gaveanews.com\/index.php\/2023\/02\/21\/veja-a-provavel-escalacao-do-flamengo-para-o-jogo-contra-o-del-valle-pela-recopa\/\" \/>\n<meta property=\"og:site_name\" content=\"G\u00e1vea News\" \/>\n<meta property=\"article:publisher\" content=\"https:\/\/facebook.com\/gaveaNews\/\" \/>\n<meta property=\"article:published_time\" content=\"2023-02-21T09:00:00+00:00\" \/>\n<meta property=\"og:image\" content=\"https:\/\/www.gaveanews.com\/wp-content\/uploads\/gabigol-flamengo-volta-redonda.webp\" \/>\n\t<meta property=\"og:image:width\" content=\"640\" \/>\n\t<meta property=\"og:image:height\" content=\"360\" \/>\n\t<meta property=\"og:image:type\" content=\"image\/webp\" \/>\n<meta name=\"author\" content=\"Equipe G\u00e1vea News\" \/>\n<meta name=\"twitter:card\" content=\"summary_large_image\" \/>\n<meta name=\"twitter:label1\" content=\"Escrito por\" \/>\n\t<meta name=\"twitter:data1\" content=\"Equipe G\u00e1vea News\" \/>\n\t<meta name=\"twitter:label2\" content=\"Est. tempo de leitura\" \/>\n\t<meta name=\"twitter:data2\" content=\"2 minutos\" \/>\n<script type=\"application\/ld+json\" class=\"yoast-schema-graph\">{\"@context\":\"https:\/\/schema.org\",\"@graph\":[{\"@type\":\"NewsArticle\",\"@id\":\"https:\/\/www.gaveanews.com\/index.php\/2023\/02\/21\/veja-a-provavel-escalacao-do-flamengo-para-o-jogo-contra-o-del-valle-pela-recopa\/#article\",\"isPartOf\":{\"@id\":\"https:\/\/www.gaveanews.com\/index.php\/2023\/02\/21\/veja-a-provavel-escalacao-do-flamengo-para-o-jogo-contra-o-del-valle-pela-recopa\/\"},\"author\":{\"name\":\"Equipe G\u00e1vea News\",\"@id\":\"https:\/\/www.gaveanews.com\/#\/schema\/person\/2ec14f73fb96be2caf28f91afb14749d\"},\"headline\":\"Veja a prov\u00e1vel escala\u00e7\u00e3o do Flamengo para o jogo contra o Del Valle pela Recopa\",\"datePublished\":\"2023-02-21T09:00:00+00:00\",\"mainEntityOfPage\":{\"@id\":\"https:\/\/www.gaveanews.com\/index.php\/2023\/02\/21\/veja-a-provavel-escalacao-do-flamengo-para-o-jogo-contra-o-del-valle-pela-recopa\/\"},\"wordCount\":233,\"commentCount\":0,\"image\":{\"@id\":\"https:\/\/www.gaveanews.com\/index.php\/2023\/02\/21\/veja-a-provavel-escalacao-do-flamengo-para-o-jogo-contra-o-del-valle-pela-recopa\/#primaryimage\"},\"thumbnailUrl\":\"https:\/\/www.gaveanews.com\/wp-content\/uploads\/gabigol-flamengo-volta-redonda.webp\",\"articleSection\":[\"Flamengo\"],\"inLanguage\":\"pt-BR\",\"potentialAction\":[{\"@type\":\"CommentAction\",\"name\":\"Comment\",\"target\":[\"https:\/\/www.gaveanews.com\/index.php\/2023\/02\/21\/veja-a-provavel-escalacao-do-flamengo-para-o-jogo-contra-o-del-valle-pela-recopa\/#respond\"]}],\"copyrightYear\":\"2023\",\"copyrightHolder\":{\"@id\":\"https:\/\/www.gaveanews.com\/#organization\"}},{\"@type\":\"WebPage\",\"@id\":\"https:\/\/www.gaveanews.com\/index.php\/2023\/02\/21\/veja-a-provavel-escalacao-do-flamengo-para-o-jogo-contra-o-del-valle-pela-recopa\/\",\"url\":\"https:\/\/www.gaveanews.com\/index.php\/2023\/02\/21\/veja-a-provavel-escalacao-do-flamengo-para-o-jogo-contra-o-del-valle-pela-recopa\/\",\"name\":\"Veja a prov\u00e1vel escala\u00e7\u00e3o do Flamengo para o jogo contra o Del Valle pela Recopa\",\"isPartOf\":{\"@id\":\"https:\/\/www.gaveanews.com\/#website\"},\"primaryImageOfPage\":{\"@id\":\"https:\/\/www.gaveanews.com\/index.php\/2023\/02\/21\/veja-a-provavel-escalacao-do-flamengo-para-o-jogo-contra-o-del-valle-pela-recopa\/#primaryimage\"},\"image\":{\"@id\":\"https:\/\/www.gaveanews.com\/index.php\/2023\/02\/21\/veja-a-provavel-escalacao-do-flamengo-para-o-jogo-contra-o-del-valle-pela-recopa\/#primaryimage\"},\"thumbnailUrl\":\"https:\/\/www.gaveanews.com\/wp-content\/uploads\/gabigol-flamengo-volta-redonda.webp\",\"datePublished\":\"2023-02-21T09:00:00+00:00\",\"author\":{\"@id\":\"https:\/\/www.gaveanews.com\/#\/schema\/person\/2ec14f73fb96be2caf28f91afb14749d\"},\"breadcrumb\":{\"@id\":\"https:\/\/www.gaveanews.com\/index.php\/2023\/02\/21\/veja-a-provavel-escalacao-do-flamengo-para-o-jogo-contra-o-del-valle-pela-recopa\/#breadcrumb\"},\"inLanguage\":\"pt-BR\",\"potentialAction\":[{\"@type\":\"ReadAction\",\"target\":[\"https:\/\/www.gaveanews.com\/index.php\/2023\/02\/21\/veja-a-provavel-escalacao-do-flamengo-para-o-jogo-contra-o-del-valle-pela-recopa\/\"]}]},{\"@type\":\"ImageObject\",\"inLanguage\":\"pt-BR\",\"@id\":\"https:\/\/www.gaveanews.com\/index.php\/2023\/02\/21\/veja-a-provavel-escalacao-do-flamengo-para-o-jogo-contra-o-del-valle-pela-recopa\/#primaryimage\",\"url\":\"https:\/\/www.gaveanews.com\/wp-content\/uploads\/gabigol-flamengo-volta-redonda.webp\",\"contentUrl\":\"https:\/\/www.gaveanews.com\/wp-content\/uploads\/gabigol-flamengo-volta-redonda.webp\",\"width\":640,\"height\":360,\"caption\":\"Gabigol marca gol pelo Flamengo contra o Volta Redonda (Foto: Andr\u00e9 Dur\u00e3o)\"},{\"@type\":\"BreadcrumbList\",\"@id\":\"https:\/\/www.gaveanews.com\/index.php\/2023\/02\/21\/veja-a-provavel-escalacao-do-flamengo-para-o-jogo-contra-o-del-valle-pela-recopa\/#breadcrumb\",\"itemListElement\":[{\"@type\":\"ListItem\",\"position\":1,\"name\":\"Home\",\"item\":\"https:\/\/www.gaveanews.com\/\"},{\"@type\":\"ListItem\",\"position\":2,\"name\":\"Veja a prov\u00e1vel escala\u00e7\u00e3o do Flamengo para o jogo contra o Del Valle pela Recopa\"}]},{\"@type\":\"WebSite\",\"@id\":\"https:\/\/www.gaveanews.com\/#website\",\"url\":\"https:\/\/www.gaveanews.com\/\",\"name\":\"G\u00e1vea News\",\"description\":\"Veja todas as not\u00edcias sobre o Flamengo: Contrata\u00e7\u00f5es, categorias de base, resultados das partidas, tabela de classifica\u00e7\u00e3o, pr\u00f3ximos jogos!\",\"potentialAction\":[{\"@type\":\"SearchAction\",\"target\":{\"@type\":\"EntryPoint\",\"urlTemplate\":\"https:\/\/www.gaveanews.com\/?s={search_term_string}\"},\"query-input\":{\"@type\":\"PropertyValueSpecification\",\"valueRequired\":true,\"valueName\":\"search_term_string\"}}],\"inLanguage\":\"pt-BR\"},{\"@type\":\"Person\",\"@id\":\"https:\/\/www.gaveanews.com\/#\/schema\/person\/2ec14f73fb96be2caf28f91afb14749d\",\"name\":\"Equipe G\u00e1vea News\",\"image\":{\"@type\":\"ImageObject\",\"inLanguage\":\"pt-BR\",\"@id\":\"https:\/\/www.gaveanews.com\/#\/schema\/person\/image\/\",\"url\":\"https:\/\/secure.gravatar.com\/avatar\/1e1956f1facbffd3f8fa53a326721950116b3b9dc9bd44939c01180fd4a745a9?s=96&d=mm&r=g\",\"contentUrl\":\"https:\/\/secure.gravatar.com\/avatar\/1e1956f1facbffd3f8fa53a326721950116b3b9dc9bd44939c01180fd4a745a9?s=96&d=mm&r=g\",\"caption\":\"Equipe G\u00e1vea News\"}}]}<\/script>\n<!-- \/ Yoast SEO Premium plugin. -->","yoast_head_json":{"title":"Veja a prov\u00e1vel escala\u00e7\u00e3o do Flamengo para o jogo contra o Del Valle pela Recopa","robots":{"index":"index","follow":"follow","max-snippet":"max-snippet:-1","max-image-preview":"max-image-preview:large","max-video-preview":"max-video-preview:-1"},"canonical":"https:\/\/www.gaveanews.com\/index.php\/2023\/02\/21\/veja-a-provavel-escalacao-do-flamengo-para-o-jogo-contra-o-del-valle-pela-recopa\/","og_locale":"pt_BR","og_type":"article","og_title":"Veja a prov\u00e1vel escala\u00e7\u00e3o do Flamengo para o jogo contra o Del Valle pela Recopa","og_description":"V\u00edtor Pereira j\u00e1 admitiu que o per\u00edodo \u00e9 de testes no Flamengo. A aus\u00eancia de Gerson, com dores no tornozelo direito, faz o portugu\u00eas mexer mais uma vez no meio-campo. Everton Ribeiro deve retornar ao lado de Vidal e Thiago Maia. O camisa 7 ficou fora da partida contra o Volta Redonda, a \u00faltima em [&hellip;]","og_url":"https:\/\/www.gaveanews.com\/index.php\/2023\/02\/21\/veja-a-provavel-escalacao-do-flamengo-para-o-jogo-contra-o-del-valle-pela-recopa\/","og_site_name":"G\u00e1vea News","article_publisher":"https:\/\/facebook.com\/gaveaNews\/","article_published_time":"2023-02-21T09:00:00+00:00","og_image":[{"width":640,"height":360,"url":"https:\/\/www.gaveanews.com\/wp-content\/uploads\/gabigol-flamengo-volta-redonda.webp","type":"image\/webp"}],"author":"Equipe G\u00e1vea News","twitter_card":"summary_large_image","twitter_misc":{"Escrito por":"Equipe G\u00e1vea News","Est. tempo de leitura":"2 minutos"},"schema":{"@context":"https:\/\/schema.org","@graph":[{"@type":"NewsArticle","@id":"https:\/\/www.gaveanews.com\/index.php\/2023\/02\/21\/veja-a-provavel-escalacao-do-flamengo-para-o-jogo-contra-o-del-valle-pela-recopa\/#article","isPartOf":{"@id":"https:\/\/www.gaveanews.com\/index.php\/2023\/02\/21\/veja-a-provavel-escalacao-do-flamengo-para-o-jogo-contra-o-del-valle-pela-recopa\/"},"author":{"name":"Equipe G\u00e1vea News","@id":"https:\/\/www.gaveanews.com\/#\/schema\/person\/2ec14f73fb96be2caf28f91afb14749d"},"headline":"Veja a prov\u00e1vel escala\u00e7\u00e3o do Flamengo para o jogo contra o Del Valle pela Recopa","datePublished":"2023-02-21T09:00:00+00:00","mainEntityOfPage":{"@id":"https:\/\/www.gaveanews.com\/index.php\/2023\/02\/21\/veja-a-provavel-escalacao-do-flamengo-para-o-jogo-contra-o-del-valle-pela-recopa\/"},"wordCount":233,"commentCount":0,"image":{"@id":"https:\/\/www.gaveanews.com\/index.php\/2023\/02\/21\/veja-a-provavel-escalacao-do-flamengo-para-o-jogo-contra-o-del-valle-pela-recopa\/#primaryimage"},"thumbnailUrl":"https:\/\/www.gaveanews.com\/wp-content\/uploads\/gabigol-flamengo-volta-redonda.webp","articleSection":["Flamengo"],"inLanguage":"pt-BR","potentialAction":[{"@type":"CommentAction","name":"Comment","target":["https:\/\/www.gaveanews.com\/index.php\/2023\/02\/21\/veja-a-provavel-escalacao-do-flamengo-para-o-jogo-contra-o-del-valle-pela-recopa\/#respond"]}],"copyrightYear":"2023","copyrightHolder":{"@id":"https:\/\/www.gaveanews.com\/#organization"}},{"@type":"WebPage","@id":"https:\/\/www.gaveanews.com\/index.php\/2023\/02\/21\/veja-a-provavel-escalacao-do-flamengo-para-o-jogo-contra-o-del-valle-pela-recopa\/","url":"https:\/\/www.gaveanews.com\/index.php\/2023\/02\/21\/veja-a-provavel-escalacao-do-flamengo-para-o-jogo-contra-o-del-valle-pela-recopa\/","name":"Veja a prov\u00e1vel escala\u00e7\u00e3o do Flamengo para o jogo contra o Del Valle pela Recopa","isPartOf":{"@id":"https:\/\/www.gaveanews.com\/#website"},"primaryImageOfPage":{"@id":"https:\/\/www.gaveanews.com\/index.php\/2023\/02\/21\/veja-a-provavel-escalacao-do-flamengo-para-o-jogo-contra-o-del-valle-pela-recopa\/#primaryimage"},"image":{"@id":"https:\/\/www.gaveanews.com\/index.php\/2023\/02\/21\/veja-a-provavel-escalacao-do-flamengo-para-o-jogo-contra-o-del-valle-pela-recopa\/#primaryimage"},"thumbnailUrl":"https:\/\/www.gaveanews.com\/wp-content\/uploads\/gabigol-flamengo-volta-redonda.webp","datePublished":"2023-02-21T09:00:00+00:00","author":{"@id":"https:\/\/www.gaveanews.com\/#\/schema\/person\/2ec14f73fb96be2caf28f91afb14749d"},"breadcrumb":{"@id":"https:\/\/www.gaveanews.com\/index.php\/2023\/02\/21\/veja-a-provavel-escalacao-do-flamengo-para-o-jogo-contra-o-del-valle-pela-recopa\/#breadcrumb"},"inLanguage":"pt-BR","potentialAction":[{"@type":"ReadAction","target":["https:\/\/www.gaveanews.com\/index.php\/2023\/02\/21\/veja-a-provavel-escalacao-do-flamengo-para-o-jogo-contra-o-del-valle-pela-recopa\/"]}]},{"@type":"ImageObject","inLanguage":"pt-BR","@id":"https:\/\/www.gaveanews.com\/index.php\/2023\/02\/21\/veja-a-provavel-escalacao-do-flamengo-para-o-jogo-contra-o-del-valle-pela-recopa\/#primaryimage","url":"https:\/\/www.gaveanews.com\/wp-content\/uploads\/gabigol-flamengo-volta-redonda.webp","contentUrl":"https:\/\/www.gaveanews.com\/wp-content\/uploads\/gabigol-flamengo-volta-redonda.webp","width":640,"height":360,"caption":"Gabigol marca gol pelo Flamengo contra o Volta Redonda (Foto: Andr\u00e9 Dur\u00e3o)"},{"@type":"BreadcrumbList","@id":"https:\/\/www.gaveanews.com\/index.php\/2023\/02\/21\/veja-a-provavel-escalacao-do-flamengo-para-o-jogo-contra-o-del-valle-pela-recopa\/#breadcrumb","itemListElement":[{"@type":"ListItem","position":1,"name":"Home","item":"https:\/\/www.gaveanews.com\/"},{"@type":"ListItem","position":2,"name":"Veja a prov\u00e1vel escala\u00e7\u00e3o do Flamengo para o jogo contra o Del Valle pela Recopa"}]},{"@type":"WebSite","@id":"https:\/\/www.gaveanews.com\/#website","url":"https:\/\/www.gaveanews.com\/","name":"G\u00e1vea News","description":"Veja todas as not\u00edcias sobre o Flamengo: Contrata\u00e7\u00f5es, categorias de base, resultados das partidas, tabela de classifica\u00e7\u00e3o, pr\u00f3ximos jogos!","potentialAction":[{"@type":"SearchAction","target":{"@type":"EntryPoint","urlTemplate":"https:\/\/www.gaveanews.com\/?s={search_term_string}"},"query-input":{"@type":"PropertyValueSpecification","valueRequired":true,"valueName":"search_term_string"}}],"inLanguage":"pt-BR"},{"@type":"Person","@id":"https:\/\/www.gaveanews.com\/#\/schema\/person\/2ec14f73fb96be2caf28f91afb14749d","name":"Equipe G\u00e1vea News","image":{"@type":"ImageObject","inLanguage":"pt-BR","@id":"https:\/\/www.gaveanews.com\/#\/schema\/person\/image\/","url":"https:\/\/secure.gravatar.com\/avatar\/1e1956f1facbffd3f8fa53a326721950116b3b9dc9bd44939c01180fd4a745a9?s=96&d=mm&r=g","contentUrl":"https:\/\/secure.gravatar.com\/avatar\/1e1956f1facbffd3f8fa53a326721950116b3b9dc9bd44939c01180fd4a745a9?s=96&d=mm&r=g","caption":"Equipe G\u00e1vea News"}}]}},"_links":{"self":[{"href":"https:\/\/www.gaveanews.com\/index.php\/wp-json\/wp\/v2\/posts\/94365","targetHints":{"allow":["GET"]}}],"collection":[{"href":"https:\/\/www.gaveanews.com\/index.php\/wp-json\/wp\/v2\/posts"}],"about":[{"href":"https:\/\/www.gaveanews.com\/index.php\/wp-json\/wp\/v2\/types\/post"}],"author":[{"embeddable":true,"href":"https:\/\/www.gaveanews.com\/index.php\/wp-json\/wp\/v2\/users\/1"}],"replies":[{"embeddable":true,"href":"https:\/\/www.gaveanews.com\/index.php\/wp-json\/wp\/v2\/comments?post=94365"}],"version-history":[{"count":0,"href":"https:\/\/www.gaveanews.com\/index.php\/wp-json\/wp\/v2\/posts\/94365\/revisions"}],"wp:featuredmedia":[{"embeddable":true,"href":"https:\/\/www.gaveanews.com\/index.php\/wp-json\/wp\/v2\/media\/94196"}],"wp:attachment":[{"href":"https:\/\/www.gaveanews.com\/index.php\/wp-json\/wp\/v2\/media?parent=94365"}],"wp:term":[{"taxonomy":"category","embeddable":true,"href":"https:\/\/www.gaveanews.com\/index.php\/wp-json\/wp\/v2\/categories?post=94365"},{"taxonomy":"post_tag","embeddable":true,"href":"https:\/\/www.gaveanews.com\/index.php\/wp-json\/wp\/v2\/tags?post=94365"}],"curies":[{"name":"wp","href":"https:\/\/api.w.org\/{rel}","templated":true}]}}