{"id":94367,"date":"2023-02-20T22:53:18","date_gmt":"2023-02-21T01:53:18","guid":{"rendered":"https:\/\/www.gaveanews.com\/?p=94367"},"modified":"2023-02-20T22:53:22","modified_gmt":"2023-02-21T01:53:22","slug":"de-olho-no-rival-botafogo-pode-ganhar-dois-reforcos-para-o-jogo-contra-o-flamengo","status":"publish","type":"post","link":"https:\/\/www.gaveanews.com\/index.php\/2023\/02\/20\/de-olho-no-rival-botafogo-pode-ganhar-dois-reforcos-para-o-jogo-contra-o-flamengo\/","title":{"rendered":"De olho no rival: Botafogo pode ganhar dois refor\u00e7os para o jogo contra o Flamengo"},"content":{"rendered":"\n<p>O Botafogo pode ganhar um importante refor\u00e7o para o time nos pr\u00f3ximos dias. Ap\u00f3s uma les\u00e3o em um confronto contra o Nova Igua\u00e7u, pelo Campeonato Carioca h\u00e1 algumas semanas, o atacante vem fazendo tratamento o mais r\u00e1pido poss\u00edvel aos gramados.<\/p>\n\n\n\n<p>Sendo assim, de acordo com o jornal &#8216;Lance&#8217;, o jogador avan\u00e7ou no tratamento h\u00e1 alguns dias, tendo em vista que foi uma les\u00e3o ligamentar no tornozelo, mas n\u00e3o foi preciso passar por procedimento cir\u00fargico e, desta forma, vive uma grande expectativa de retorno ao jogos. Na pr\u00f3xima ter\u00e7a-feira, o atacante ser\u00e1 reavaliado para saber se poder\u00e1 ser relacionado para o cl\u00e1ssico contra o Flamengo, no pr\u00f3ximo dia 25 de fevereiro, no Est\u00e1dio Man\u00e9 Garrincha.<\/p>\n\n\n\n<p>Ao se lesionar, o atacante vinha recebendo a primeira oportunidade como titular desde que chegou ao Botafogo e vinha sendo uma importante pe\u00e7a para a comiss\u00e3o t\u00e9cnica. Caso volte a ser relacionado, disputar\u00e1 posi\u00e7\u00e3o com Victor S\u00e1 e Lu\u00eds Henrique, ambos atletas que atuam pelo setor do campo na ponta-esquerda. O tratamento avan\u00e7ou bastante e o jogador deve voltar at\u00e9 mesmo antes do prazo dado pelos m\u00e9dicos do clube.<\/p>\n\n\n\n<p>Outro importante jogador que pode retornar contra o Flamengo, \u00e9 o Mar\u00e7al. O lateral-esquerdo n\u00e3o foi relacionado contra o Vasco por uma les\u00e3o, mas n\u00e3o preocupa. Ao longo da semana, a comiss\u00e3o t\u00e9cnica deve trabalhar com os jogadores para estarem 100%.<\/p>\n\n\n\n<p>Retirado de: Mercado do Futebol<\/p>\n","protected":false},"excerpt":{"rendered":"<p>O Botafogo pode ganhar um importante refor\u00e7o para o time nos pr\u00f3ximos dias. Ap\u00f3s uma les\u00e3o em um confronto contra o Nova Igua\u00e7u, pelo Campeonato Carioca h\u00e1 algumas semanas, o atacante vem fazendo tratamento o mais r\u00e1pido poss\u00edvel aos gramados. Sendo assim, de acordo com o jornal &#8216;Lance&#8217;, o jogador avan\u00e7ou no tratamento h\u00e1 alguns [&hellip;]<\/p>\n","protected":false},"author":1,"featured_media":86560,"comment_status":"open","ping_status":"closed","sticky":false,"template":"","format":"standard","meta":{"footnotes":""},"categories":[1],"tags":[],"class_list":["post-94367","post","type-post","status-publish","format-standard","has-post-thumbnail","hentry","category-flamengo"],"yoast_head":"<!-- This site is optimized with the Yoast SEO Premium plugin v24.2 (Yoast SEO v26.9) - https:\/\/yoast.com\/product\/yoast-seo-premium-wordpress\/ -->\n<title>De olho no rival: Botafogo pode ganhar dois refor\u00e7os para o jogo contra o Flamengo<\/title>\n<meta name=\"robots\" content=\"index, follow, max-snippet:-1, max-image-preview:large, max-video-preview:-1\" \/>\n<link rel=\"canonical\" href=\"https:\/\/www.gaveanews.com\/index.php\/2023\/02\/20\/de-olho-no-rival-botafogo-pode-ganhar-dois-reforcos-para-o-jogo-contra-o-flamengo\/\" \/>\n<meta property=\"og:locale\" content=\"pt_BR\" \/>\n<meta property=\"og:type\" content=\"article\" \/>\n<meta property=\"og:title\" content=\"De olho no rival: Botafogo pode ganhar dois refor\u00e7os para o jogo contra o Flamengo\" \/>\n<meta property=\"og:description\" content=\"O Botafogo pode ganhar um importante refor\u00e7o para o time nos pr\u00f3ximos dias. Ap\u00f3s uma les\u00e3o em um confronto contra o Nova Igua\u00e7u, pelo Campeonato Carioca h\u00e1 algumas semanas, o atacante vem fazendo tratamento o mais r\u00e1pido poss\u00edvel aos gramados. Sendo assim, de acordo com o jornal &#8216;Lance&#8217;, o jogador avan\u00e7ou no tratamento h\u00e1 alguns [&hellip;]\" \/>\n<meta property=\"og:url\" content=\"https:\/\/www.gaveanews.com\/index.php\/2023\/02\/20\/de-olho-no-rival-botafogo-pode-ganhar-dois-reforcos-para-o-jogo-contra-o-flamengo\/\" \/>\n<meta property=\"og:site_name\" content=\"G\u00e1vea News\" \/>\n<meta property=\"article:publisher\" content=\"https:\/\/facebook.com\/gaveaNews\/\" \/>\n<meta property=\"article:published_time\" content=\"2023-02-21T01:53:18+00:00\" \/>\n<meta property=\"article:modified_time\" content=\"2023-02-21T01:53:22+00:00\" \/>\n<meta property=\"og:image\" content=\"https:\/\/www.gaveanews.com\/wp-content\/uploads\/Pedro-em-acao-pelo-Flamengo-durante-o-jogo-contra-o-Botafogo-pelo-Campeonato-Brasileiro-de-2022.webp\" \/>\n\t<meta property=\"og:image:width\" content=\"799\" \/>\n\t<meta property=\"og:image:height\" content=\"533\" \/>\n\t<meta property=\"og:image:type\" content=\"image\/jpeg\" \/>\n<meta name=\"author\" content=\"Equipe G\u00e1vea News\" \/>\n<meta name=\"twitter:card\" content=\"summary_large_image\" \/>\n<meta name=\"twitter:label1\" content=\"Escrito por\" \/>\n\t<meta name=\"twitter:data1\" content=\"Equipe G\u00e1vea News\" \/>\n\t<meta name=\"twitter:label2\" content=\"Est. tempo de leitura\" \/>\n\t<meta name=\"twitter:data2\" content=\"2 minutos\" \/>\n<script type=\"application\/ld+json\" class=\"yoast-schema-graph\">{\"@context\":\"https:\/\/schema.org\",\"@graph\":[{\"@type\":\"NewsArticle\",\"@id\":\"https:\/\/www.gaveanews.com\/index.php\/2023\/02\/20\/de-olho-no-rival-botafogo-pode-ganhar-dois-reforcos-para-o-jogo-contra-o-flamengo\/#article\",\"isPartOf\":{\"@id\":\"https:\/\/www.gaveanews.com\/index.php\/2023\/02\/20\/de-olho-no-rival-botafogo-pode-ganhar-dois-reforcos-para-o-jogo-contra-o-flamengo\/\"},\"author\":{\"name\":\"Equipe G\u00e1vea News\",\"@id\":\"https:\/\/www.gaveanews.com\/#\/schema\/person\/2ec14f73fb96be2caf28f91afb14749d\"},\"headline\":\"De olho no rival: Botafogo pode ganhar dois refor\u00e7os para o jogo contra o Flamengo\",\"datePublished\":\"2023-02-21T01:53:18+00:00\",\"dateModified\":\"2023-02-21T01:53:22+00:00\",\"mainEntityOfPage\":{\"@id\":\"https:\/\/www.gaveanews.com\/index.php\/2023\/02\/20\/de-olho-no-rival-botafogo-pode-ganhar-dois-reforcos-para-o-jogo-contra-o-flamengo\/\"},\"wordCount\":271,\"commentCount\":0,\"image\":{\"@id\":\"https:\/\/www.gaveanews.com\/index.php\/2023\/02\/20\/de-olho-no-rival-botafogo-pode-ganhar-dois-reforcos-para-o-jogo-contra-o-flamengo\/#primaryimage\"},\"thumbnailUrl\":\"https:\/\/www.gaveanews.com\/wp-content\/uploads\/Pedro-em-acao-pelo-Flamengo-durante-o-jogo-contra-o-Botafogo-pelo-Campeonato-Brasileiro-de-2022.webp\",\"articleSection\":[\"Flamengo\"],\"inLanguage\":\"pt-BR\",\"potentialAction\":[{\"@type\":\"CommentAction\",\"name\":\"Comment\",\"target\":[\"https:\/\/www.gaveanews.com\/index.php\/2023\/02\/20\/de-olho-no-rival-botafogo-pode-ganhar-dois-reforcos-para-o-jogo-contra-o-flamengo\/#respond\"]}],\"copyrightYear\":\"2023\",\"copyrightHolder\":{\"@id\":\"https:\/\/www.gaveanews.com\/#organization\"}},{\"@type\":\"WebPage\",\"@id\":\"https:\/\/www.gaveanews.com\/index.php\/2023\/02\/20\/de-olho-no-rival-botafogo-pode-ganhar-dois-reforcos-para-o-jogo-contra-o-flamengo\/\",\"url\":\"https:\/\/www.gaveanews.com\/index.php\/2023\/02\/20\/de-olho-no-rival-botafogo-pode-ganhar-dois-reforcos-para-o-jogo-contra-o-flamengo\/\",\"name\":\"De olho no rival: Botafogo pode ganhar dois refor\u00e7os para o jogo contra o Flamengo\",\"isPartOf\":{\"@id\":\"https:\/\/www.gaveanews.com\/#website\"},\"primaryImageOfPage\":{\"@id\":\"https:\/\/www.gaveanews.com\/index.php\/2023\/02\/20\/de-olho-no-rival-botafogo-pode-ganhar-dois-reforcos-para-o-jogo-contra-o-flamengo\/#primaryimage\"},\"image\":{\"@id\":\"https:\/\/www.gaveanews.com\/index.php\/2023\/02\/20\/de-olho-no-rival-botafogo-pode-ganhar-dois-reforcos-para-o-jogo-contra-o-flamengo\/#primaryimage\"},\"thumbnailUrl\":\"https:\/\/www.gaveanews.com\/wp-content\/uploads\/Pedro-em-acao-pelo-Flamengo-durante-o-jogo-contra-o-Botafogo-pelo-Campeonato-Brasileiro-de-2022.webp\",\"datePublished\":\"2023-02-21T01:53:18+00:00\",\"dateModified\":\"2023-02-21T01:53:22+00:00\",\"author\":{\"@id\":\"https:\/\/www.gaveanews.com\/#\/schema\/person\/2ec14f73fb96be2caf28f91afb14749d\"},\"breadcrumb\":{\"@id\":\"https:\/\/www.gaveanews.com\/index.php\/2023\/02\/20\/de-olho-no-rival-botafogo-pode-ganhar-dois-reforcos-para-o-jogo-contra-o-flamengo\/#breadcrumb\"},\"inLanguage\":\"pt-BR\",\"potentialAction\":[{\"@type\":\"ReadAction\",\"target\":[\"https:\/\/www.gaveanews.com\/index.php\/2023\/02\/20\/de-olho-no-rival-botafogo-pode-ganhar-dois-reforcos-para-o-jogo-contra-o-flamengo\/\"]}]},{\"@type\":\"ImageObject\",\"inLanguage\":\"pt-BR\",\"@id\":\"https:\/\/www.gaveanews.com\/index.php\/2023\/02\/20\/de-olho-no-rival-botafogo-pode-ganhar-dois-reforcos-para-o-jogo-contra-o-flamengo\/#primaryimage\",\"url\":\"https:\/\/www.gaveanews.com\/wp-content\/uploads\/Pedro-em-acao-pelo-Flamengo-durante-o-jogo-contra-o-Botafogo-pelo-Campeonato-Brasileiro-de-2022.webp\",\"contentUrl\":\"https:\/\/www.gaveanews.com\/wp-content\/uploads\/Pedro-em-acao-pelo-Flamengo-durante-o-jogo-contra-o-Botafogo-pelo-Campeonato-Brasileiro-de-2022.webp\",\"width\":799,\"height\":533,\"caption\":\"Pedro em a\u00e7\u00e3o pelo Flamengo durante o jogo contra o Botafogo pelo Campeonato Brasileiro de 2022 (Foto: Reprodu\u00e7\u00e3o\/Flamengo)\"},{\"@type\":\"BreadcrumbList\",\"@id\":\"https:\/\/www.gaveanews.com\/index.php\/2023\/02\/20\/de-olho-no-rival-botafogo-pode-ganhar-dois-reforcos-para-o-jogo-contra-o-flamengo\/#breadcrumb\",\"itemListElement\":[{\"@type\":\"ListItem\",\"position\":1,\"name\":\"Home\",\"item\":\"https:\/\/www.gaveanews.com\/\"},{\"@type\":\"ListItem\",\"position\":2,\"name\":\"De olho no rival: Botafogo pode ganhar dois refor\u00e7os para o jogo contra o Flamengo\"}]},{\"@type\":\"WebSite\",\"@id\":\"https:\/\/www.gaveanews.com\/#website\",\"url\":\"https:\/\/www.gaveanews.com\/\",\"name\":\"G\u00e1vea News\",\"description\":\"Veja todas as not\u00edcias sobre o Flamengo: Contrata\u00e7\u00f5es, categorias de base, resultados das partidas, tabela de classifica\u00e7\u00e3o, pr\u00f3ximos jogos!\",\"potentialAction\":[{\"@type\":\"SearchAction\",\"target\":{\"@type\":\"EntryPoint\",\"urlTemplate\":\"https:\/\/www.gaveanews.com\/?s={search_term_string}\"},\"query-input\":{\"@type\":\"PropertyValueSpecification\",\"valueRequired\":true,\"valueName\":\"search_term_string\"}}],\"inLanguage\":\"pt-BR\"},{\"@type\":\"Person\",\"@id\":\"https:\/\/www.gaveanews.com\/#\/schema\/person\/2ec14f73fb96be2caf28f91afb14749d\",\"name\":\"Equipe G\u00e1vea News\",\"image\":{\"@type\":\"ImageObject\",\"inLanguage\":\"pt-BR\",\"@id\":\"https:\/\/www.gaveanews.com\/#\/schema\/person\/image\/\",\"url\":\"https:\/\/secure.gravatar.com\/avatar\/1e1956f1facbffd3f8fa53a326721950116b3b9dc9bd44939c01180fd4a745a9?s=96&d=mm&r=g\",\"contentUrl\":\"https:\/\/secure.gravatar.com\/avatar\/1e1956f1facbffd3f8fa53a326721950116b3b9dc9bd44939c01180fd4a745a9?s=96&d=mm&r=g\",\"caption\":\"Equipe G\u00e1vea News\"}}]}<\/script>\n<!-- \/ Yoast SEO Premium plugin. -->","yoast_head_json":{"title":"De olho no rival: Botafogo pode ganhar dois refor\u00e7os para o jogo contra o Flamengo","robots":{"index":"index","follow":"follow","max-snippet":"max-snippet:-1","max-image-preview":"max-image-preview:large","max-video-preview":"max-video-preview:-1"},"canonical":"https:\/\/www.gaveanews.com\/index.php\/2023\/02\/20\/de-olho-no-rival-botafogo-pode-ganhar-dois-reforcos-para-o-jogo-contra-o-flamengo\/","og_locale":"pt_BR","og_type":"article","og_title":"De olho no rival: Botafogo pode ganhar dois refor\u00e7os para o jogo contra o Flamengo","og_description":"O Botafogo pode ganhar um importante refor\u00e7o para o time nos pr\u00f3ximos dias. Ap\u00f3s uma les\u00e3o em um confronto contra o Nova Igua\u00e7u, pelo Campeonato Carioca h\u00e1 algumas semanas, o atacante vem fazendo tratamento o mais r\u00e1pido poss\u00edvel aos gramados. Sendo assim, de acordo com o jornal &#8216;Lance&#8217;, o jogador avan\u00e7ou no tratamento h\u00e1 alguns [&hellip;]","og_url":"https:\/\/www.gaveanews.com\/index.php\/2023\/02\/20\/de-olho-no-rival-botafogo-pode-ganhar-dois-reforcos-para-o-jogo-contra-o-flamengo\/","og_site_name":"G\u00e1vea News","article_publisher":"https:\/\/facebook.com\/gaveaNews\/","article_published_time":"2023-02-21T01:53:18+00:00","article_modified_time":"2023-02-21T01:53:22+00:00","og_image":[{"width":799,"height":533,"url":"https:\/\/www.gaveanews.com\/wp-content\/uploads\/Pedro-em-acao-pelo-Flamengo-durante-o-jogo-contra-o-Botafogo-pelo-Campeonato-Brasileiro-de-2022.webp","type":"image\/jpeg"}],"author":"Equipe G\u00e1vea News","twitter_card":"summary_large_image","twitter_misc":{"Escrito por":"Equipe G\u00e1vea News","Est. tempo de leitura":"2 minutos"},"schema":{"@context":"https:\/\/schema.org","@graph":[{"@type":"NewsArticle","@id":"https:\/\/www.gaveanews.com\/index.php\/2023\/02\/20\/de-olho-no-rival-botafogo-pode-ganhar-dois-reforcos-para-o-jogo-contra-o-flamengo\/#article","isPartOf":{"@id":"https:\/\/www.gaveanews.com\/index.php\/2023\/02\/20\/de-olho-no-rival-botafogo-pode-ganhar-dois-reforcos-para-o-jogo-contra-o-flamengo\/"},"author":{"name":"Equipe G\u00e1vea News","@id":"https:\/\/www.gaveanews.com\/#\/schema\/person\/2ec14f73fb96be2caf28f91afb14749d"},"headline":"De olho no rival: Botafogo pode ganhar dois refor\u00e7os para o jogo contra o Flamengo","datePublished":"2023-02-21T01:53:18+00:00","dateModified":"2023-02-21T01:53:22+00:00","mainEntityOfPage":{"@id":"https:\/\/www.gaveanews.com\/index.php\/2023\/02\/20\/de-olho-no-rival-botafogo-pode-ganhar-dois-reforcos-para-o-jogo-contra-o-flamengo\/"},"wordCount":271,"commentCount":0,"image":{"@id":"https:\/\/www.gaveanews.com\/index.php\/2023\/02\/20\/de-olho-no-rival-botafogo-pode-ganhar-dois-reforcos-para-o-jogo-contra-o-flamengo\/#primaryimage"},"thumbnailUrl":"https:\/\/www.gaveanews.com\/wp-content\/uploads\/Pedro-em-acao-pelo-Flamengo-durante-o-jogo-contra-o-Botafogo-pelo-Campeonato-Brasileiro-de-2022.webp","articleSection":["Flamengo"],"inLanguage":"pt-BR","potentialAction":[{"@type":"CommentAction","name":"Comment","target":["https:\/\/www.gaveanews.com\/index.php\/2023\/02\/20\/de-olho-no-rival-botafogo-pode-ganhar-dois-reforcos-para-o-jogo-contra-o-flamengo\/#respond"]}],"copyrightYear":"2023","copyrightHolder":{"@id":"https:\/\/www.gaveanews.com\/#organization"}},{"@type":"WebPage","@id":"https:\/\/www.gaveanews.com\/index.php\/2023\/02\/20\/de-olho-no-rival-botafogo-pode-ganhar-dois-reforcos-para-o-jogo-contra-o-flamengo\/","url":"https:\/\/www.gaveanews.com\/index.php\/2023\/02\/20\/de-olho-no-rival-botafogo-pode-ganhar-dois-reforcos-para-o-jogo-contra-o-flamengo\/","name":"De olho no rival: Botafogo pode ganhar dois refor\u00e7os para o jogo contra o Flamengo","isPartOf":{"@id":"https:\/\/www.gaveanews.com\/#website"},"primaryImageOfPage":{"@id":"https:\/\/www.gaveanews.com\/index.php\/2023\/02\/20\/de-olho-no-rival-botafogo-pode-ganhar-dois-reforcos-para-o-jogo-contra-o-flamengo\/#primaryimage"},"image":{"@id":"https:\/\/www.gaveanews.com\/index.php\/2023\/02\/20\/de-olho-no-rival-botafogo-pode-ganhar-dois-reforcos-para-o-jogo-contra-o-flamengo\/#primaryimage"},"thumbnailUrl":"https:\/\/www.gaveanews.com\/wp-content\/uploads\/Pedro-em-acao-pelo-Flamengo-durante-o-jogo-contra-o-Botafogo-pelo-Campeonato-Brasileiro-de-2022.webp","datePublished":"2023-02-21T01:53:18+00:00","dateModified":"2023-02-21T01:53:22+00:00","author":{"@id":"https:\/\/www.gaveanews.com\/#\/schema\/person\/2ec14f73fb96be2caf28f91afb14749d"},"breadcrumb":{"@id":"https:\/\/www.gaveanews.com\/index.php\/2023\/02\/20\/de-olho-no-rival-botafogo-pode-ganhar-dois-reforcos-para-o-jogo-contra-o-flamengo\/#breadcrumb"},"inLanguage":"pt-BR","potentialAction":[{"@type":"ReadAction","target":["https:\/\/www.gaveanews.com\/index.php\/2023\/02\/20\/de-olho-no-rival-botafogo-pode-ganhar-dois-reforcos-para-o-jogo-contra-o-flamengo\/"]}]},{"@type":"ImageObject","inLanguage":"pt-BR","@id":"https:\/\/www.gaveanews.com\/index.php\/2023\/02\/20\/de-olho-no-rival-botafogo-pode-ganhar-dois-reforcos-para-o-jogo-contra-o-flamengo\/#primaryimage","url":"https:\/\/www.gaveanews.com\/wp-content\/uploads\/Pedro-em-acao-pelo-Flamengo-durante-o-jogo-contra-o-Botafogo-pelo-Campeonato-Brasileiro-de-2022.webp","contentUrl":"https:\/\/www.gaveanews.com\/wp-content\/uploads\/Pedro-em-acao-pelo-Flamengo-durante-o-jogo-contra-o-Botafogo-pelo-Campeonato-Brasileiro-de-2022.webp","width":799,"height":533,"caption":"Pedro em a\u00e7\u00e3o pelo Flamengo durante o jogo contra o Botafogo pelo Campeonato Brasileiro de 2022 (Foto: Reprodu\u00e7\u00e3o\/Flamengo)"},{"@type":"BreadcrumbList","@id":"https:\/\/www.gaveanews.com\/index.php\/2023\/02\/20\/de-olho-no-rival-botafogo-pode-ganhar-dois-reforcos-para-o-jogo-contra-o-flamengo\/#breadcrumb","itemListElement":[{"@type":"ListItem","position":1,"name":"Home","item":"https:\/\/www.gaveanews.com\/"},{"@type":"ListItem","position":2,"name":"De olho no rival: Botafogo pode ganhar dois refor\u00e7os para o jogo contra o Flamengo"}]},{"@type":"WebSite","@id":"https:\/\/www.gaveanews.com\/#website","url":"https:\/\/www.gaveanews.com\/","name":"G\u00e1vea News","description":"Veja todas as not\u00edcias sobre o Flamengo: Contrata\u00e7\u00f5es, categorias de base, resultados das partidas, tabela de classifica\u00e7\u00e3o, pr\u00f3ximos jogos!","potentialAction":[{"@type":"SearchAction","target":{"@type":"EntryPoint","urlTemplate":"https:\/\/www.gaveanews.com\/?s={search_term_string}"},"query-input":{"@type":"PropertyValueSpecification","valueRequired":true,"valueName":"search_term_string"}}],"inLanguage":"pt-BR"},{"@type":"Person","@id":"https:\/\/www.gaveanews.com\/#\/schema\/person\/2ec14f73fb96be2caf28f91afb14749d","name":"Equipe G\u00e1vea News","image":{"@type":"ImageObject","inLanguage":"pt-BR","@id":"https:\/\/www.gaveanews.com\/#\/schema\/person\/image\/","url":"https:\/\/secure.gravatar.com\/avatar\/1e1956f1facbffd3f8fa53a326721950116b3b9dc9bd44939c01180fd4a745a9?s=96&d=mm&r=g","contentUrl":"https:\/\/secure.gravatar.com\/avatar\/1e1956f1facbffd3f8fa53a326721950116b3b9dc9bd44939c01180fd4a745a9?s=96&d=mm&r=g","caption":"Equipe G\u00e1vea News"}}]}},"_links":{"self":[{"href":"https:\/\/www.gaveanews.com\/index.php\/wp-json\/wp\/v2\/posts\/94367","targetHints":{"allow":["GET"]}}],"collection":[{"href":"https:\/\/www.gaveanews.com\/index.php\/wp-json\/wp\/v2\/posts"}],"about":[{"href":"https:\/\/www.gaveanews.com\/index.php\/wp-json\/wp\/v2\/types\/post"}],"author":[{"embeddable":true,"href":"https:\/\/www.gaveanews.com\/index.php\/wp-json\/wp\/v2\/users\/1"}],"replies":[{"embeddable":true,"href":"https:\/\/www.gaveanews.com\/index.php\/wp-json\/wp\/v2\/comments?post=94367"}],"version-history":[{"count":0,"href":"https:\/\/www.gaveanews.com\/index.php\/wp-json\/wp\/v2\/posts\/94367\/revisions"}],"wp:featuredmedia":[{"embeddable":true,"href":"https:\/\/www.gaveanews.com\/index.php\/wp-json\/wp\/v2\/media\/86560"}],"wp:attachment":[{"href":"https:\/\/www.gaveanews.com\/index.php\/wp-json\/wp\/v2\/media?parent=94367"}],"wp:term":[{"taxonomy":"category","embeddable":true,"href":"https:\/\/www.gaveanews.com\/index.php\/wp-json\/wp\/v2\/categories?post=94367"},{"taxonomy":"post_tag","embeddable":true,"href":"https:\/\/www.gaveanews.com\/index.php\/wp-json\/wp\/v2\/tags?post=94367"}],"curies":[{"name":"wp","href":"https:\/\/api.w.org\/{rel}","templated":true}]}}