{"id":94379,"date":"2023-02-21T06:50:00","date_gmt":"2023-02-21T09:50:00","guid":{"rendered":"https:\/\/www.gaveanews.com\/?p=94379"},"modified":"2023-02-21T01:20:58","modified_gmt":"2023-02-21T04:20:58","slug":"tecnico-do-liverpool-jurgen-klopp-surpreende-ao-falar-sobre-vinicius-junior-do-real-madrid","status":"publish","type":"post","link":"https:\/\/www.gaveanews.com\/index.php\/2023\/02\/21\/tecnico-do-liverpool-jurgen-klopp-surpreende-ao-falar-sobre-vinicius-junior-do-real-madrid\/","title":{"rendered":"T\u00e9cnico do Liverpool, J\u00fcrgen Klopp surpreende ao falar sobre Vinicius J\u00fanior, do Real Madrid"},"content":{"rendered":"\n<p>Em coletiva nesta segunda-feira (20), um dia antes do jogo contra o Real Madrid, pela Champions League, o t\u00e9cnico do Liverpool, J\u00fcrgen Klopp, saiu em defesa do atacante Vinicius Jr., grande destaque da equipe rival.<\/p>\n\n\n\n<p>Para o alem\u00e3o, &#8220;nada justifica&#8221; as ofensas racistas, as manifesta\u00e7\u00f5es de \u00f3dio e a viol\u00eancia que o brasileiro vem sofrendo nas \u00faltimas partidas da equipe merengue em LaLiga.<\/p>\n\n\n\n<p>Klopp afirmou que n\u00e3o v\u00ea Vini Jr. como um jogador provocador e surpreendeu ao fazer muitos elogios ao atleta advers\u00e1rio, chegando a cham\u00e1-lo inclusive de lenda.<\/p>\n\n\n\n<p>\u2014<em> Qual \u00e9 a pergunta? Que ele estaria fazendo algo em campo que pudesse causar isso (manifesta\u00e7\u00f5es racistas)? Nada no mundo justifica isso. Imagina se eu dissesse que algo pode justificar isso? Seria uma completa insanidade<\/em>, disse o comandante dos Reds.<\/p>\n\n\n\n<p><em>\u2014 Ele \u00e9 um jogador de classe mundial e n\u00e3o deve nunca ser deixado sozinho em situa\u00e7\u00f5es de um-contra-um. Naquela noite (da final da \u00faltima Champions), mesmo muito jovem, ele fez o gol decisivo. Tenho certeza que isso j\u00e1 o tornou uma lenda do Real Madrid<\/em>, exaltou.<\/p>\n\n\n\n<p>Questionado sobre como pretende marcar Vinicius Jr., que vem fazendo mais uma grande temporada com os merengues, Klopp se mostrou bastante preocupado.<\/p>\n\n\n\n<p><em>\u2014 Voc\u00ea sempre tem que tentar de impedir que passem a bola para ele. O problema \u00e9 que, se voc\u00ea marca o Vinicius, aparece o Benzema, ou aparece o Modric&#8230; S\u00e3o muitos jogadores bons (no Real Madrid)<\/em>, salientou.<\/p>\n\n\n\n<p><em>\u2014 \u00c9 isso o que acontece quando voc\u00ea enfrenta um clube recheado de jogadores de classe mundial. Ent\u00e3o, a \u00fanica op\u00e7\u00e3o \u00e9 defender de maneira coletiva. \u00c9 isso que tentaremos fazer<\/em>, apontou.<\/p>\n\n\n\n<p>O duelo entre Real Madrid e Liverpool ser\u00e1 \u00e0s 17h (de Bras\u00edlia), em Anfield.<\/p>\n\n\n\n<p>Retirado de: ESPN<\/p>\n","protected":false},"excerpt":{"rendered":"<p>Em coletiva nesta segunda-feira (20), um dia antes do jogo contra o Real Madrid, pela Champions League, o t\u00e9cnico do Liverpool, J\u00fcrgen Klopp, saiu em defesa do atacante Vinicius Jr., grande destaque da equipe rival. Para o alem\u00e3o, &#8220;nada justifica&#8221; as ofensas racistas, as manifesta\u00e7\u00f5es de \u00f3dio e a viol\u00eancia que o brasileiro vem sofrendo [&hellip;]<\/p>\n","protected":false},"author":1,"featured_media":93584,"comment_status":"open","ping_status":"closed","sticky":false,"template":"","format":"standard","meta":{"footnotes":""},"categories":[1],"tags":[],"class_list":["post-94379","post","type-post","status-publish","format-standard","has-post-thumbnail","hentry","category-flamengo"],"yoast_head":"<!-- This site is optimized with the Yoast SEO Premium plugin v24.2 (Yoast SEO v26.9) - https:\/\/yoast.com\/product\/yoast-seo-premium-wordpress\/ -->\n<title>T\u00e9cnico do Liverpool, J\u00fcrgen Klopp surpreende ao falar sobre Vinicius J\u00fanior, do Real Madrid<\/title>\n<meta name=\"robots\" content=\"index, follow, max-snippet:-1, max-image-preview:large, max-video-preview:-1\" \/>\n<link rel=\"canonical\" href=\"https:\/\/www.gaveanews.com\/index.php\/2023\/02\/21\/tecnico-do-liverpool-jurgen-klopp-surpreende-ao-falar-sobre-vinicius-junior-do-real-madrid\/\" \/>\n<meta property=\"og:locale\" content=\"pt_BR\" \/>\n<meta property=\"og:type\" content=\"article\" \/>\n<meta property=\"og:title\" content=\"T\u00e9cnico do Liverpool, J\u00fcrgen Klopp surpreende ao falar sobre Vinicius J\u00fanior, do Real Madrid\" \/>\n<meta property=\"og:description\" content=\"Em coletiva nesta segunda-feira (20), um dia antes do jogo contra o Real Madrid, pela Champions League, o t\u00e9cnico do Liverpool, J\u00fcrgen Klopp, saiu em defesa do atacante Vinicius Jr., grande destaque da equipe rival. Para o alem\u00e3o, &#8220;nada justifica&#8221; as ofensas racistas, as manifesta\u00e7\u00f5es de \u00f3dio e a viol\u00eancia que o brasileiro vem sofrendo [&hellip;]\" \/>\n<meta property=\"og:url\" content=\"https:\/\/www.gaveanews.com\/index.php\/2023\/02\/21\/tecnico-do-liverpool-jurgen-klopp-surpreende-ao-falar-sobre-vinicius-junior-do-real-madrid\/\" \/>\n<meta property=\"og:site_name\" content=\"G\u00e1vea News\" \/>\n<meta property=\"article:publisher\" content=\"https:\/\/facebook.com\/gaveaNews\/\" \/>\n<meta property=\"article:published_time\" content=\"2023-02-21T09:50:00+00:00\" \/>\n<meta property=\"og:image\" content=\"https:\/\/www.gaveanews.com\/wp-content\/uploads\/real-madrid-vinicius-junior.webp\" \/>\n\t<meta property=\"og:image:width\" content=\"846\" \/>\n\t<meta property=\"og:image:height\" content=\"564\" \/>\n\t<meta property=\"og:image:type\" content=\"image\/webp\" \/>\n<meta name=\"author\" content=\"Equipe G\u00e1vea News\" \/>\n<meta name=\"twitter:card\" content=\"summary_large_image\" \/>\n<meta name=\"twitter:label1\" content=\"Escrito por\" \/>\n\t<meta name=\"twitter:data1\" content=\"Equipe G\u00e1vea News\" \/>\n\t<meta name=\"twitter:label2\" content=\"Est. tempo de leitura\" \/>\n\t<meta name=\"twitter:data2\" content=\"2 minutos\" \/>\n<script type=\"application\/ld+json\" class=\"yoast-schema-graph\">{\"@context\":\"https:\/\/schema.org\",\"@graph\":[{\"@type\":\"NewsArticle\",\"@id\":\"https:\/\/www.gaveanews.com\/index.php\/2023\/02\/21\/tecnico-do-liverpool-jurgen-klopp-surpreende-ao-falar-sobre-vinicius-junior-do-real-madrid\/#article\",\"isPartOf\":{\"@id\":\"https:\/\/www.gaveanews.com\/index.php\/2023\/02\/21\/tecnico-do-liverpool-jurgen-klopp-surpreende-ao-falar-sobre-vinicius-junior-do-real-madrid\/\"},\"author\":{\"name\":\"Equipe G\u00e1vea News\",\"@id\":\"https:\/\/www.gaveanews.com\/#\/schema\/person\/2ec14f73fb96be2caf28f91afb14749d\"},\"headline\":\"T\u00e9cnico do Liverpool, J\u00fcrgen Klopp surpreende ao falar sobre Vinicius J\u00fanior, do Real Madrid\",\"datePublished\":\"2023-02-21T09:50:00+00:00\",\"mainEntityOfPage\":{\"@id\":\"https:\/\/www.gaveanews.com\/index.php\/2023\/02\/21\/tecnico-do-liverpool-jurgen-klopp-surpreende-ao-falar-sobre-vinicius-junior-do-real-madrid\/\"},\"wordCount\":307,\"commentCount\":0,\"image\":{\"@id\":\"https:\/\/www.gaveanews.com\/index.php\/2023\/02\/21\/tecnico-do-liverpool-jurgen-klopp-surpreende-ao-falar-sobre-vinicius-junior-do-real-madrid\/#primaryimage\"},\"thumbnailUrl\":\"https:\/\/www.gaveanews.com\/wp-content\/uploads\/real-madrid-vinicius-junior.webp\",\"articleSection\":[\"Flamengo\"],\"inLanguage\":\"pt-BR\",\"potentialAction\":[{\"@type\":\"CommentAction\",\"name\":\"Comment\",\"target\":[\"https:\/\/www.gaveanews.com\/index.php\/2023\/02\/21\/tecnico-do-liverpool-jurgen-klopp-surpreende-ao-falar-sobre-vinicius-junior-do-real-madrid\/#respond\"]}],\"copyrightYear\":\"2023\",\"copyrightHolder\":{\"@id\":\"https:\/\/www.gaveanews.com\/#organization\"}},{\"@type\":\"WebPage\",\"@id\":\"https:\/\/www.gaveanews.com\/index.php\/2023\/02\/21\/tecnico-do-liverpool-jurgen-klopp-surpreende-ao-falar-sobre-vinicius-junior-do-real-madrid\/\",\"url\":\"https:\/\/www.gaveanews.com\/index.php\/2023\/02\/21\/tecnico-do-liverpool-jurgen-klopp-surpreende-ao-falar-sobre-vinicius-junior-do-real-madrid\/\",\"name\":\"T\u00e9cnico do Liverpool, J\u00fcrgen Klopp surpreende ao falar sobre Vinicius J\u00fanior, do Real Madrid\",\"isPartOf\":{\"@id\":\"https:\/\/www.gaveanews.com\/#website\"},\"primaryImageOfPage\":{\"@id\":\"https:\/\/www.gaveanews.com\/index.php\/2023\/02\/21\/tecnico-do-liverpool-jurgen-klopp-surpreende-ao-falar-sobre-vinicius-junior-do-real-madrid\/#primaryimage\"},\"image\":{\"@id\":\"https:\/\/www.gaveanews.com\/index.php\/2023\/02\/21\/tecnico-do-liverpool-jurgen-klopp-surpreende-ao-falar-sobre-vinicius-junior-do-real-madrid\/#primaryimage\"},\"thumbnailUrl\":\"https:\/\/www.gaveanews.com\/wp-content\/uploads\/real-madrid-vinicius-junior.webp\",\"datePublished\":\"2023-02-21T09:50:00+00:00\",\"author\":{\"@id\":\"https:\/\/www.gaveanews.com\/#\/schema\/person\/2ec14f73fb96be2caf28f91afb14749d\"},\"breadcrumb\":{\"@id\":\"https:\/\/www.gaveanews.com\/index.php\/2023\/02\/21\/tecnico-do-liverpool-jurgen-klopp-surpreende-ao-falar-sobre-vinicius-junior-do-real-madrid\/#breadcrumb\"},\"inLanguage\":\"pt-BR\",\"potentialAction\":[{\"@type\":\"ReadAction\",\"target\":[\"https:\/\/www.gaveanews.com\/index.php\/2023\/02\/21\/tecnico-do-liverpool-jurgen-klopp-surpreende-ao-falar-sobre-vinicius-junior-do-real-madrid\/\"]}]},{\"@type\":\"ImageObject\",\"inLanguage\":\"pt-BR\",\"@id\":\"https:\/\/www.gaveanews.com\/index.php\/2023\/02\/21\/tecnico-do-liverpool-jurgen-klopp-surpreende-ao-falar-sobre-vinicius-junior-do-real-madrid\/#primaryimage\",\"url\":\"https:\/\/www.gaveanews.com\/wp-content\/uploads\/real-madrid-vinicius-junior.webp\",\"contentUrl\":\"https:\/\/www.gaveanews.com\/wp-content\/uploads\/real-madrid-vinicius-junior.webp\",\"width\":846,\"height\":564,\"caption\":\"Vin\u00edcius J\u00fanior em a\u00e7\u00e3o pelo Real Madrid contra o Atl\u00e9tico de Madrid (Foto: JAVIER SORIANO\/AFP)\"},{\"@type\":\"BreadcrumbList\",\"@id\":\"https:\/\/www.gaveanews.com\/index.php\/2023\/02\/21\/tecnico-do-liverpool-jurgen-klopp-surpreende-ao-falar-sobre-vinicius-junior-do-real-madrid\/#breadcrumb\",\"itemListElement\":[{\"@type\":\"ListItem\",\"position\":1,\"name\":\"Home\",\"item\":\"https:\/\/www.gaveanews.com\/\"},{\"@type\":\"ListItem\",\"position\":2,\"name\":\"T\u00e9cnico do Liverpool, J\u00fcrgen Klopp surpreende ao falar sobre Vinicius J\u00fanior, do Real Madrid\"}]},{\"@type\":\"WebSite\",\"@id\":\"https:\/\/www.gaveanews.com\/#website\",\"url\":\"https:\/\/www.gaveanews.com\/\",\"name\":\"G\u00e1vea News\",\"description\":\"Veja todas as not\u00edcias sobre o Flamengo: Contrata\u00e7\u00f5es, categorias de base, resultados das partidas, tabela de classifica\u00e7\u00e3o, pr\u00f3ximos jogos!\",\"potentialAction\":[{\"@type\":\"SearchAction\",\"target\":{\"@type\":\"EntryPoint\",\"urlTemplate\":\"https:\/\/www.gaveanews.com\/?s={search_term_string}\"},\"query-input\":{\"@type\":\"PropertyValueSpecification\",\"valueRequired\":true,\"valueName\":\"search_term_string\"}}],\"inLanguage\":\"pt-BR\"},{\"@type\":\"Person\",\"@id\":\"https:\/\/www.gaveanews.com\/#\/schema\/person\/2ec14f73fb96be2caf28f91afb14749d\",\"name\":\"Equipe G\u00e1vea News\",\"image\":{\"@type\":\"ImageObject\",\"inLanguage\":\"pt-BR\",\"@id\":\"https:\/\/www.gaveanews.com\/#\/schema\/person\/image\/\",\"url\":\"https:\/\/secure.gravatar.com\/avatar\/1e1956f1facbffd3f8fa53a326721950116b3b9dc9bd44939c01180fd4a745a9?s=96&d=mm&r=g\",\"contentUrl\":\"https:\/\/secure.gravatar.com\/avatar\/1e1956f1facbffd3f8fa53a326721950116b3b9dc9bd44939c01180fd4a745a9?s=96&d=mm&r=g\",\"caption\":\"Equipe G\u00e1vea News\"}}]}<\/script>\n<!-- \/ Yoast SEO Premium plugin. -->","yoast_head_json":{"title":"T\u00e9cnico do Liverpool, J\u00fcrgen Klopp surpreende ao falar sobre Vinicius J\u00fanior, do Real Madrid","robots":{"index":"index","follow":"follow","max-snippet":"max-snippet:-1","max-image-preview":"max-image-preview:large","max-video-preview":"max-video-preview:-1"},"canonical":"https:\/\/www.gaveanews.com\/index.php\/2023\/02\/21\/tecnico-do-liverpool-jurgen-klopp-surpreende-ao-falar-sobre-vinicius-junior-do-real-madrid\/","og_locale":"pt_BR","og_type":"article","og_title":"T\u00e9cnico do Liverpool, J\u00fcrgen Klopp surpreende ao falar sobre Vinicius J\u00fanior, do Real Madrid","og_description":"Em coletiva nesta segunda-feira (20), um dia antes do jogo contra o Real Madrid, pela Champions League, o t\u00e9cnico do Liverpool, J\u00fcrgen Klopp, saiu em defesa do atacante Vinicius Jr., grande destaque da equipe rival. Para o alem\u00e3o, &#8220;nada justifica&#8221; as ofensas racistas, as manifesta\u00e7\u00f5es de \u00f3dio e a viol\u00eancia que o brasileiro vem sofrendo [&hellip;]","og_url":"https:\/\/www.gaveanews.com\/index.php\/2023\/02\/21\/tecnico-do-liverpool-jurgen-klopp-surpreende-ao-falar-sobre-vinicius-junior-do-real-madrid\/","og_site_name":"G\u00e1vea News","article_publisher":"https:\/\/facebook.com\/gaveaNews\/","article_published_time":"2023-02-21T09:50:00+00:00","og_image":[{"width":846,"height":564,"url":"https:\/\/www.gaveanews.com\/wp-content\/uploads\/real-madrid-vinicius-junior.webp","type":"image\/webp"}],"author":"Equipe G\u00e1vea News","twitter_card":"summary_large_image","twitter_misc":{"Escrito por":"Equipe G\u00e1vea News","Est. tempo de leitura":"2 minutos"},"schema":{"@context":"https:\/\/schema.org","@graph":[{"@type":"NewsArticle","@id":"https:\/\/www.gaveanews.com\/index.php\/2023\/02\/21\/tecnico-do-liverpool-jurgen-klopp-surpreende-ao-falar-sobre-vinicius-junior-do-real-madrid\/#article","isPartOf":{"@id":"https:\/\/www.gaveanews.com\/index.php\/2023\/02\/21\/tecnico-do-liverpool-jurgen-klopp-surpreende-ao-falar-sobre-vinicius-junior-do-real-madrid\/"},"author":{"name":"Equipe G\u00e1vea News","@id":"https:\/\/www.gaveanews.com\/#\/schema\/person\/2ec14f73fb96be2caf28f91afb14749d"},"headline":"T\u00e9cnico do Liverpool, J\u00fcrgen Klopp surpreende ao falar sobre Vinicius J\u00fanior, do Real Madrid","datePublished":"2023-02-21T09:50:00+00:00","mainEntityOfPage":{"@id":"https:\/\/www.gaveanews.com\/index.php\/2023\/02\/21\/tecnico-do-liverpool-jurgen-klopp-surpreende-ao-falar-sobre-vinicius-junior-do-real-madrid\/"},"wordCount":307,"commentCount":0,"image":{"@id":"https:\/\/www.gaveanews.com\/index.php\/2023\/02\/21\/tecnico-do-liverpool-jurgen-klopp-surpreende-ao-falar-sobre-vinicius-junior-do-real-madrid\/#primaryimage"},"thumbnailUrl":"https:\/\/www.gaveanews.com\/wp-content\/uploads\/real-madrid-vinicius-junior.webp","articleSection":["Flamengo"],"inLanguage":"pt-BR","potentialAction":[{"@type":"CommentAction","name":"Comment","target":["https:\/\/www.gaveanews.com\/index.php\/2023\/02\/21\/tecnico-do-liverpool-jurgen-klopp-surpreende-ao-falar-sobre-vinicius-junior-do-real-madrid\/#respond"]}],"copyrightYear":"2023","copyrightHolder":{"@id":"https:\/\/www.gaveanews.com\/#organization"}},{"@type":"WebPage","@id":"https:\/\/www.gaveanews.com\/index.php\/2023\/02\/21\/tecnico-do-liverpool-jurgen-klopp-surpreende-ao-falar-sobre-vinicius-junior-do-real-madrid\/","url":"https:\/\/www.gaveanews.com\/index.php\/2023\/02\/21\/tecnico-do-liverpool-jurgen-klopp-surpreende-ao-falar-sobre-vinicius-junior-do-real-madrid\/","name":"T\u00e9cnico do Liverpool, J\u00fcrgen Klopp surpreende ao falar sobre Vinicius J\u00fanior, do Real Madrid","isPartOf":{"@id":"https:\/\/www.gaveanews.com\/#website"},"primaryImageOfPage":{"@id":"https:\/\/www.gaveanews.com\/index.php\/2023\/02\/21\/tecnico-do-liverpool-jurgen-klopp-surpreende-ao-falar-sobre-vinicius-junior-do-real-madrid\/#primaryimage"},"image":{"@id":"https:\/\/www.gaveanews.com\/index.php\/2023\/02\/21\/tecnico-do-liverpool-jurgen-klopp-surpreende-ao-falar-sobre-vinicius-junior-do-real-madrid\/#primaryimage"},"thumbnailUrl":"https:\/\/www.gaveanews.com\/wp-content\/uploads\/real-madrid-vinicius-junior.webp","datePublished":"2023-02-21T09:50:00+00:00","author":{"@id":"https:\/\/www.gaveanews.com\/#\/schema\/person\/2ec14f73fb96be2caf28f91afb14749d"},"breadcrumb":{"@id":"https:\/\/www.gaveanews.com\/index.php\/2023\/02\/21\/tecnico-do-liverpool-jurgen-klopp-surpreende-ao-falar-sobre-vinicius-junior-do-real-madrid\/#breadcrumb"},"inLanguage":"pt-BR","potentialAction":[{"@type":"ReadAction","target":["https:\/\/www.gaveanews.com\/index.php\/2023\/02\/21\/tecnico-do-liverpool-jurgen-klopp-surpreende-ao-falar-sobre-vinicius-junior-do-real-madrid\/"]}]},{"@type":"ImageObject","inLanguage":"pt-BR","@id":"https:\/\/www.gaveanews.com\/index.php\/2023\/02\/21\/tecnico-do-liverpool-jurgen-klopp-surpreende-ao-falar-sobre-vinicius-junior-do-real-madrid\/#primaryimage","url":"https:\/\/www.gaveanews.com\/wp-content\/uploads\/real-madrid-vinicius-junior.webp","contentUrl":"https:\/\/www.gaveanews.com\/wp-content\/uploads\/real-madrid-vinicius-junior.webp","width":846,"height":564,"caption":"Vin\u00edcius J\u00fanior em a\u00e7\u00e3o pelo Real Madrid contra o Atl\u00e9tico de Madrid (Foto: JAVIER SORIANO\/AFP)"},{"@type":"BreadcrumbList","@id":"https:\/\/www.gaveanews.com\/index.php\/2023\/02\/21\/tecnico-do-liverpool-jurgen-klopp-surpreende-ao-falar-sobre-vinicius-junior-do-real-madrid\/#breadcrumb","itemListElement":[{"@type":"ListItem","position":1,"name":"Home","item":"https:\/\/www.gaveanews.com\/"},{"@type":"ListItem","position":2,"name":"T\u00e9cnico do Liverpool, J\u00fcrgen Klopp surpreende ao falar sobre Vinicius J\u00fanior, do Real Madrid"}]},{"@type":"WebSite","@id":"https:\/\/www.gaveanews.com\/#website","url":"https:\/\/www.gaveanews.com\/","name":"G\u00e1vea News","description":"Veja todas as not\u00edcias sobre o Flamengo: Contrata\u00e7\u00f5es, categorias de base, resultados das partidas, tabela de classifica\u00e7\u00e3o, pr\u00f3ximos jogos!","potentialAction":[{"@type":"SearchAction","target":{"@type":"EntryPoint","urlTemplate":"https:\/\/www.gaveanews.com\/?s={search_term_string}"},"query-input":{"@type":"PropertyValueSpecification","valueRequired":true,"valueName":"search_term_string"}}],"inLanguage":"pt-BR"},{"@type":"Person","@id":"https:\/\/www.gaveanews.com\/#\/schema\/person\/2ec14f73fb96be2caf28f91afb14749d","name":"Equipe G\u00e1vea News","image":{"@type":"ImageObject","inLanguage":"pt-BR","@id":"https:\/\/www.gaveanews.com\/#\/schema\/person\/image\/","url":"https:\/\/secure.gravatar.com\/avatar\/1e1956f1facbffd3f8fa53a326721950116b3b9dc9bd44939c01180fd4a745a9?s=96&d=mm&r=g","contentUrl":"https:\/\/secure.gravatar.com\/avatar\/1e1956f1facbffd3f8fa53a326721950116b3b9dc9bd44939c01180fd4a745a9?s=96&d=mm&r=g","caption":"Equipe G\u00e1vea News"}}]}},"_links":{"self":[{"href":"https:\/\/www.gaveanews.com\/index.php\/wp-json\/wp\/v2\/posts\/94379","targetHints":{"allow":["GET"]}}],"collection":[{"href":"https:\/\/www.gaveanews.com\/index.php\/wp-json\/wp\/v2\/posts"}],"about":[{"href":"https:\/\/www.gaveanews.com\/index.php\/wp-json\/wp\/v2\/types\/post"}],"author":[{"embeddable":true,"href":"https:\/\/www.gaveanews.com\/index.php\/wp-json\/wp\/v2\/users\/1"}],"replies":[{"embeddable":true,"href":"https:\/\/www.gaveanews.com\/index.php\/wp-json\/wp\/v2\/comments?post=94379"}],"version-history":[{"count":0,"href":"https:\/\/www.gaveanews.com\/index.php\/wp-json\/wp\/v2\/posts\/94379\/revisions"}],"wp:featuredmedia":[{"embeddable":true,"href":"https:\/\/www.gaveanews.com\/index.php\/wp-json\/wp\/v2\/media\/93584"}],"wp:attachment":[{"href":"https:\/\/www.gaveanews.com\/index.php\/wp-json\/wp\/v2\/media?parent=94379"}],"wp:term":[{"taxonomy":"category","embeddable":true,"href":"https:\/\/www.gaveanews.com\/index.php\/wp-json\/wp\/v2\/categories?post=94379"},{"taxonomy":"post_tag","embeddable":true,"href":"https:\/\/www.gaveanews.com\/index.php\/wp-json\/wp\/v2\/tags?post=94379"}],"curies":[{"name":"wp","href":"https:\/\/api.w.org\/{rel}","templated":true}]}}