{"id":94383,"date":"2023-02-21T06:58:00","date_gmt":"2023-02-21T09:58:00","guid":{"rendered":"https:\/\/www.gaveanews.com\/?p=94383"},"modified":"2023-02-21T01:23:55","modified_gmt":"2023-02-21T04:23:55","slug":"voce-concorda-ronaldo-fenomeno-sugere-duas-mudancas-fundamentais-para-o-brasileirao","status":"publish","type":"post","link":"https:\/\/www.gaveanews.com\/index.php\/2023\/02\/21\/voce-concorda-ronaldo-fenomeno-sugere-duas-mudancas-fundamentais-para-o-brasileirao\/","title":{"rendered":"Voc\u00ea concorda? Ronaldo Fen\u00f4meno sugere duas mudan\u00e7as fundamentais para o Brasileir\u00e3o"},"content":{"rendered":"\n<p>Ronaldo &#8216;Fen\u00f4meno&#8217; vem se mostrando uma figura disposta a sugerir mudan\u00e7as no futebol brasileiro. Em transmiss\u00e3o ao vivo em seu canal na Twitch, o dono do Cruzeiro falou sobre o regulamento do Brasileir\u00e3o.<\/p>\n\n\n\n<p>O ex-jogador defendeu que o n\u00famero de rebaixamentos seja reduzido, citando o exemplo de outras ligas ao redor do mundo.<\/p>\n\n\n\n<p><em>\u2014 Em nenhuma liga do mundo se rebaixa 20% para a segunda divis\u00e3o, nem sobe 20%. Acho que subir quatro e descer quatro s\u00e3o muitos times. Isso tem que voltar a ser uma pauta importante para o futebol brasileiro<\/em>, disse.<\/p>\n\n\n\n<p><em>\u2014 A gente est\u00e1 vendo que esse ano vamos ter muitos jogos importantes. Os principais clubes do Brasil est\u00e3o na primeira divis\u00e3o. Ent\u00e3o, n\u00f3s vamos ter um Campeonato Brasileiro muito disputado<\/em>, completou.<\/p>\n\n\n\n<p>Vale lembrar que a proposta de diminuir o n\u00famero de rebaixados no Brasileiro foi feita, mas n\u00e3o entrou em discuss\u00e3o na \u00faltima reuni\u00e3o entre os clubes. Recentemente, Ronaldo tamb\u00e9m prop\u00f4s que os \u00e1udios do VAR fossem divulgados completamente depois das partidas.<\/p>\n\n\n\n<p>Retirado de: ESPN<\/p>\n","protected":false},"excerpt":{"rendered":"<p>Ronaldo &#8216;Fen\u00f4meno&#8217; vem se mostrando uma figura disposta a sugerir mudan\u00e7as no futebol brasileiro. Em transmiss\u00e3o ao vivo em seu canal na Twitch, o dono do Cruzeiro falou sobre o regulamento do Brasileir\u00e3o. O ex-jogador defendeu que o n\u00famero de rebaixamentos seja reduzido, citando o exemplo de outras ligas ao redor do mundo. \u2014 Em [&hellip;]<\/p>\n","protected":false},"author":1,"featured_media":35341,"comment_status":"open","ping_status":"closed","sticky":false,"template":"","format":"standard","meta":{"footnotes":""},"categories":[1],"tags":[],"class_list":["post-94383","post","type-post","status-publish","format-standard","has-post-thumbnail","hentry","category-flamengo"],"yoast_head":"<!-- This site is optimized with the Yoast SEO Premium plugin v24.2 (Yoast SEO v26.9) - https:\/\/yoast.com\/product\/yoast-seo-premium-wordpress\/ -->\n<title>Voc\u00ea concorda? Ronaldo Fen\u00f4meno sugere duas mudan\u00e7as fundamentais para o Brasileir\u00e3o<\/title>\n<meta name=\"robots\" content=\"index, follow, max-snippet:-1, max-image-preview:large, max-video-preview:-1\" \/>\n<link rel=\"canonical\" href=\"https:\/\/www.gaveanews.com\/index.php\/2023\/02\/21\/voce-concorda-ronaldo-fenomeno-sugere-duas-mudancas-fundamentais-para-o-brasileirao\/\" \/>\n<meta property=\"og:locale\" content=\"pt_BR\" \/>\n<meta property=\"og:type\" content=\"article\" \/>\n<meta property=\"og:title\" content=\"Voc\u00ea concorda? Ronaldo Fen\u00f4meno sugere duas mudan\u00e7as fundamentais para o Brasileir\u00e3o\" \/>\n<meta property=\"og:description\" content=\"Ronaldo &#8216;Fen\u00f4meno&#8217; vem se mostrando uma figura disposta a sugerir mudan\u00e7as no futebol brasileiro. Em transmiss\u00e3o ao vivo em seu canal na Twitch, o dono do Cruzeiro falou sobre o regulamento do Brasileir\u00e3o. O ex-jogador defendeu que o n\u00famero de rebaixamentos seja reduzido, citando o exemplo de outras ligas ao redor do mundo. \u2014 Em [&hellip;]\" \/>\n<meta property=\"og:url\" content=\"https:\/\/www.gaveanews.com\/index.php\/2023\/02\/21\/voce-concorda-ronaldo-fenomeno-sugere-duas-mudancas-fundamentais-para-o-brasileirao\/\" \/>\n<meta property=\"og:site_name\" content=\"G\u00e1vea News\" \/>\n<meta property=\"article:publisher\" content=\"https:\/\/facebook.com\/gaveaNews\/\" \/>\n<meta property=\"article:published_time\" content=\"2023-02-21T09:58:00+00:00\" \/>\n<meta property=\"og:image\" content=\"https:\/\/www.gaveanews.com\/wp-content\/uploads\/Ronaldo-Nazario-clube-Valladolid-720-Reuters.webp\" \/>\n\t<meta property=\"og:image:width\" content=\"630\" \/>\n\t<meta property=\"og:image:height\" content=\"354\" \/>\n\t<meta property=\"og:image:type\" content=\"image\/jpeg\" \/>\n<meta name=\"author\" content=\"Equipe G\u00e1vea News\" \/>\n<meta name=\"twitter:card\" content=\"summary_large_image\" \/>\n<meta name=\"twitter:label1\" content=\"Escrito por\" \/>\n\t<meta name=\"twitter:data1\" content=\"Equipe G\u00e1vea News\" \/>\n\t<meta name=\"twitter:label2\" content=\"Est. tempo de leitura\" \/>\n\t<meta name=\"twitter:data2\" content=\"1 minuto\" \/>\n<script type=\"application\/ld+json\" class=\"yoast-schema-graph\">{\"@context\":\"https:\/\/schema.org\",\"@graph\":[{\"@type\":\"NewsArticle\",\"@id\":\"https:\/\/www.gaveanews.com\/index.php\/2023\/02\/21\/voce-concorda-ronaldo-fenomeno-sugere-duas-mudancas-fundamentais-para-o-brasileirao\/#article\",\"isPartOf\":{\"@id\":\"https:\/\/www.gaveanews.com\/index.php\/2023\/02\/21\/voce-concorda-ronaldo-fenomeno-sugere-duas-mudancas-fundamentais-para-o-brasileirao\/\"},\"author\":{\"name\":\"Equipe G\u00e1vea News\",\"@id\":\"https:\/\/www.gaveanews.com\/#\/schema\/person\/2ec14f73fb96be2caf28f91afb14749d\"},\"headline\":\"Voc\u00ea concorda? Ronaldo Fen\u00f4meno sugere duas mudan\u00e7as fundamentais para o Brasileir\u00e3o\",\"datePublished\":\"2023-02-21T09:58:00+00:00\",\"mainEntityOfPage\":{\"@id\":\"https:\/\/www.gaveanews.com\/index.php\/2023\/02\/21\/voce-concorda-ronaldo-fenomeno-sugere-duas-mudancas-fundamentais-para-o-brasileirao\/\"},\"wordCount\":196,\"commentCount\":0,\"image\":{\"@id\":\"https:\/\/www.gaveanews.com\/index.php\/2023\/02\/21\/voce-concorda-ronaldo-fenomeno-sugere-duas-mudancas-fundamentais-para-o-brasileirao\/#primaryimage\"},\"thumbnailUrl\":\"https:\/\/www.gaveanews.com\/wp-content\/uploads\/Ronaldo-Nazario-clube-Valladolid-720-Reuters.webp\",\"articleSection\":[\"Flamengo\"],\"inLanguage\":\"pt-BR\",\"potentialAction\":[{\"@type\":\"CommentAction\",\"name\":\"Comment\",\"target\":[\"https:\/\/www.gaveanews.com\/index.php\/2023\/02\/21\/voce-concorda-ronaldo-fenomeno-sugere-duas-mudancas-fundamentais-para-o-brasileirao\/#respond\"]}],\"copyrightYear\":\"2023\",\"copyrightHolder\":{\"@id\":\"https:\/\/www.gaveanews.com\/#organization\"}},{\"@type\":\"WebPage\",\"@id\":\"https:\/\/www.gaveanews.com\/index.php\/2023\/02\/21\/voce-concorda-ronaldo-fenomeno-sugere-duas-mudancas-fundamentais-para-o-brasileirao\/\",\"url\":\"https:\/\/www.gaveanews.com\/index.php\/2023\/02\/21\/voce-concorda-ronaldo-fenomeno-sugere-duas-mudancas-fundamentais-para-o-brasileirao\/\",\"name\":\"Voc\u00ea concorda? Ronaldo Fen\u00f4meno sugere duas mudan\u00e7as fundamentais para o Brasileir\u00e3o\",\"isPartOf\":{\"@id\":\"https:\/\/www.gaveanews.com\/#website\"},\"primaryImageOfPage\":{\"@id\":\"https:\/\/www.gaveanews.com\/index.php\/2023\/02\/21\/voce-concorda-ronaldo-fenomeno-sugere-duas-mudancas-fundamentais-para-o-brasileirao\/#primaryimage\"},\"image\":{\"@id\":\"https:\/\/www.gaveanews.com\/index.php\/2023\/02\/21\/voce-concorda-ronaldo-fenomeno-sugere-duas-mudancas-fundamentais-para-o-brasileirao\/#primaryimage\"},\"thumbnailUrl\":\"https:\/\/www.gaveanews.com\/wp-content\/uploads\/Ronaldo-Nazario-clube-Valladolid-720-Reuters.webp\",\"datePublished\":\"2023-02-21T09:58:00+00:00\",\"author\":{\"@id\":\"https:\/\/www.gaveanews.com\/#\/schema\/person\/2ec14f73fb96be2caf28f91afb14749d\"},\"breadcrumb\":{\"@id\":\"https:\/\/www.gaveanews.com\/index.php\/2023\/02\/21\/voce-concorda-ronaldo-fenomeno-sugere-duas-mudancas-fundamentais-para-o-brasileirao\/#breadcrumb\"},\"inLanguage\":\"pt-BR\",\"potentialAction\":[{\"@type\":\"ReadAction\",\"target\":[\"https:\/\/www.gaveanews.com\/index.php\/2023\/02\/21\/voce-concorda-ronaldo-fenomeno-sugere-duas-mudancas-fundamentais-para-o-brasileirao\/\"]}]},{\"@type\":\"ImageObject\",\"inLanguage\":\"pt-BR\",\"@id\":\"https:\/\/www.gaveanews.com\/index.php\/2023\/02\/21\/voce-concorda-ronaldo-fenomeno-sugere-duas-mudancas-fundamentais-para-o-brasileirao\/#primaryimage\",\"url\":\"https:\/\/www.gaveanews.com\/wp-content\/uploads\/Ronaldo-Nazario-clube-Valladolid-720-Reuters.webp\",\"contentUrl\":\"https:\/\/www.gaveanews.com\/wp-content\/uploads\/Ronaldo-Nazario-clube-Valladolid-720-Reuters.webp\",\"width\":630,\"height\":354},{\"@type\":\"BreadcrumbList\",\"@id\":\"https:\/\/www.gaveanews.com\/index.php\/2023\/02\/21\/voce-concorda-ronaldo-fenomeno-sugere-duas-mudancas-fundamentais-para-o-brasileirao\/#breadcrumb\",\"itemListElement\":[{\"@type\":\"ListItem\",\"position\":1,\"name\":\"Home\",\"item\":\"https:\/\/www.gaveanews.com\/\"},{\"@type\":\"ListItem\",\"position\":2,\"name\":\"Voc\u00ea concorda? Ronaldo Fen\u00f4meno sugere duas mudan\u00e7as fundamentais para o Brasileir\u00e3o\"}]},{\"@type\":\"WebSite\",\"@id\":\"https:\/\/www.gaveanews.com\/#website\",\"url\":\"https:\/\/www.gaveanews.com\/\",\"name\":\"G\u00e1vea News\",\"description\":\"Veja todas as not\u00edcias sobre o Flamengo: Contrata\u00e7\u00f5es, categorias de base, resultados das partidas, tabela de classifica\u00e7\u00e3o, pr\u00f3ximos jogos!\",\"potentialAction\":[{\"@type\":\"SearchAction\",\"target\":{\"@type\":\"EntryPoint\",\"urlTemplate\":\"https:\/\/www.gaveanews.com\/?s={search_term_string}\"},\"query-input\":{\"@type\":\"PropertyValueSpecification\",\"valueRequired\":true,\"valueName\":\"search_term_string\"}}],\"inLanguage\":\"pt-BR\"},{\"@type\":\"Person\",\"@id\":\"https:\/\/www.gaveanews.com\/#\/schema\/person\/2ec14f73fb96be2caf28f91afb14749d\",\"name\":\"Equipe G\u00e1vea News\",\"image\":{\"@type\":\"ImageObject\",\"inLanguage\":\"pt-BR\",\"@id\":\"https:\/\/www.gaveanews.com\/#\/schema\/person\/image\/\",\"url\":\"https:\/\/secure.gravatar.com\/avatar\/1e1956f1facbffd3f8fa53a326721950116b3b9dc9bd44939c01180fd4a745a9?s=96&d=mm&r=g\",\"contentUrl\":\"https:\/\/secure.gravatar.com\/avatar\/1e1956f1facbffd3f8fa53a326721950116b3b9dc9bd44939c01180fd4a745a9?s=96&d=mm&r=g\",\"caption\":\"Equipe G\u00e1vea News\"}}]}<\/script>\n<!-- \/ Yoast SEO Premium plugin. -->","yoast_head_json":{"title":"Voc\u00ea concorda? Ronaldo Fen\u00f4meno sugere duas mudan\u00e7as fundamentais para o Brasileir\u00e3o","robots":{"index":"index","follow":"follow","max-snippet":"max-snippet:-1","max-image-preview":"max-image-preview:large","max-video-preview":"max-video-preview:-1"},"canonical":"https:\/\/www.gaveanews.com\/index.php\/2023\/02\/21\/voce-concorda-ronaldo-fenomeno-sugere-duas-mudancas-fundamentais-para-o-brasileirao\/","og_locale":"pt_BR","og_type":"article","og_title":"Voc\u00ea concorda? Ronaldo Fen\u00f4meno sugere duas mudan\u00e7as fundamentais para o Brasileir\u00e3o","og_description":"Ronaldo &#8216;Fen\u00f4meno&#8217; vem se mostrando uma figura disposta a sugerir mudan\u00e7as no futebol brasileiro. Em transmiss\u00e3o ao vivo em seu canal na Twitch, o dono do Cruzeiro falou sobre o regulamento do Brasileir\u00e3o. O ex-jogador defendeu que o n\u00famero de rebaixamentos seja reduzido, citando o exemplo de outras ligas ao redor do mundo. \u2014 Em [&hellip;]","og_url":"https:\/\/www.gaveanews.com\/index.php\/2023\/02\/21\/voce-concorda-ronaldo-fenomeno-sugere-duas-mudancas-fundamentais-para-o-brasileirao\/","og_site_name":"G\u00e1vea News","article_publisher":"https:\/\/facebook.com\/gaveaNews\/","article_published_time":"2023-02-21T09:58:00+00:00","og_image":[{"width":630,"height":354,"url":"https:\/\/www.gaveanews.com\/wp-content\/uploads\/Ronaldo-Nazario-clube-Valladolid-720-Reuters.webp","type":"image\/jpeg"}],"author":"Equipe G\u00e1vea News","twitter_card":"summary_large_image","twitter_misc":{"Escrito por":"Equipe G\u00e1vea News","Est. tempo de leitura":"1 minuto"},"schema":{"@context":"https:\/\/schema.org","@graph":[{"@type":"NewsArticle","@id":"https:\/\/www.gaveanews.com\/index.php\/2023\/02\/21\/voce-concorda-ronaldo-fenomeno-sugere-duas-mudancas-fundamentais-para-o-brasileirao\/#article","isPartOf":{"@id":"https:\/\/www.gaveanews.com\/index.php\/2023\/02\/21\/voce-concorda-ronaldo-fenomeno-sugere-duas-mudancas-fundamentais-para-o-brasileirao\/"},"author":{"name":"Equipe G\u00e1vea News","@id":"https:\/\/www.gaveanews.com\/#\/schema\/person\/2ec14f73fb96be2caf28f91afb14749d"},"headline":"Voc\u00ea concorda? Ronaldo Fen\u00f4meno sugere duas mudan\u00e7as fundamentais para o Brasileir\u00e3o","datePublished":"2023-02-21T09:58:00+00:00","mainEntityOfPage":{"@id":"https:\/\/www.gaveanews.com\/index.php\/2023\/02\/21\/voce-concorda-ronaldo-fenomeno-sugere-duas-mudancas-fundamentais-para-o-brasileirao\/"},"wordCount":196,"commentCount":0,"image":{"@id":"https:\/\/www.gaveanews.com\/index.php\/2023\/02\/21\/voce-concorda-ronaldo-fenomeno-sugere-duas-mudancas-fundamentais-para-o-brasileirao\/#primaryimage"},"thumbnailUrl":"https:\/\/www.gaveanews.com\/wp-content\/uploads\/Ronaldo-Nazario-clube-Valladolid-720-Reuters.webp","articleSection":["Flamengo"],"inLanguage":"pt-BR","potentialAction":[{"@type":"CommentAction","name":"Comment","target":["https:\/\/www.gaveanews.com\/index.php\/2023\/02\/21\/voce-concorda-ronaldo-fenomeno-sugere-duas-mudancas-fundamentais-para-o-brasileirao\/#respond"]}],"copyrightYear":"2023","copyrightHolder":{"@id":"https:\/\/www.gaveanews.com\/#organization"}},{"@type":"WebPage","@id":"https:\/\/www.gaveanews.com\/index.php\/2023\/02\/21\/voce-concorda-ronaldo-fenomeno-sugere-duas-mudancas-fundamentais-para-o-brasileirao\/","url":"https:\/\/www.gaveanews.com\/index.php\/2023\/02\/21\/voce-concorda-ronaldo-fenomeno-sugere-duas-mudancas-fundamentais-para-o-brasileirao\/","name":"Voc\u00ea concorda? Ronaldo Fen\u00f4meno sugere duas mudan\u00e7as fundamentais para o Brasileir\u00e3o","isPartOf":{"@id":"https:\/\/www.gaveanews.com\/#website"},"primaryImageOfPage":{"@id":"https:\/\/www.gaveanews.com\/index.php\/2023\/02\/21\/voce-concorda-ronaldo-fenomeno-sugere-duas-mudancas-fundamentais-para-o-brasileirao\/#primaryimage"},"image":{"@id":"https:\/\/www.gaveanews.com\/index.php\/2023\/02\/21\/voce-concorda-ronaldo-fenomeno-sugere-duas-mudancas-fundamentais-para-o-brasileirao\/#primaryimage"},"thumbnailUrl":"https:\/\/www.gaveanews.com\/wp-content\/uploads\/Ronaldo-Nazario-clube-Valladolid-720-Reuters.webp","datePublished":"2023-02-21T09:58:00+00:00","author":{"@id":"https:\/\/www.gaveanews.com\/#\/schema\/person\/2ec14f73fb96be2caf28f91afb14749d"},"breadcrumb":{"@id":"https:\/\/www.gaveanews.com\/index.php\/2023\/02\/21\/voce-concorda-ronaldo-fenomeno-sugere-duas-mudancas-fundamentais-para-o-brasileirao\/#breadcrumb"},"inLanguage":"pt-BR","potentialAction":[{"@type":"ReadAction","target":["https:\/\/www.gaveanews.com\/index.php\/2023\/02\/21\/voce-concorda-ronaldo-fenomeno-sugere-duas-mudancas-fundamentais-para-o-brasileirao\/"]}]},{"@type":"ImageObject","inLanguage":"pt-BR","@id":"https:\/\/www.gaveanews.com\/index.php\/2023\/02\/21\/voce-concorda-ronaldo-fenomeno-sugere-duas-mudancas-fundamentais-para-o-brasileirao\/#primaryimage","url":"https:\/\/www.gaveanews.com\/wp-content\/uploads\/Ronaldo-Nazario-clube-Valladolid-720-Reuters.webp","contentUrl":"https:\/\/www.gaveanews.com\/wp-content\/uploads\/Ronaldo-Nazario-clube-Valladolid-720-Reuters.webp","width":630,"height":354},{"@type":"BreadcrumbList","@id":"https:\/\/www.gaveanews.com\/index.php\/2023\/02\/21\/voce-concorda-ronaldo-fenomeno-sugere-duas-mudancas-fundamentais-para-o-brasileirao\/#breadcrumb","itemListElement":[{"@type":"ListItem","position":1,"name":"Home","item":"https:\/\/www.gaveanews.com\/"},{"@type":"ListItem","position":2,"name":"Voc\u00ea concorda? Ronaldo Fen\u00f4meno sugere duas mudan\u00e7as fundamentais para o Brasileir\u00e3o"}]},{"@type":"WebSite","@id":"https:\/\/www.gaveanews.com\/#website","url":"https:\/\/www.gaveanews.com\/","name":"G\u00e1vea News","description":"Veja todas as not\u00edcias sobre o Flamengo: Contrata\u00e7\u00f5es, categorias de base, resultados das partidas, tabela de classifica\u00e7\u00e3o, pr\u00f3ximos jogos!","potentialAction":[{"@type":"SearchAction","target":{"@type":"EntryPoint","urlTemplate":"https:\/\/www.gaveanews.com\/?s={search_term_string}"},"query-input":{"@type":"PropertyValueSpecification","valueRequired":true,"valueName":"search_term_string"}}],"inLanguage":"pt-BR"},{"@type":"Person","@id":"https:\/\/www.gaveanews.com\/#\/schema\/person\/2ec14f73fb96be2caf28f91afb14749d","name":"Equipe G\u00e1vea News","image":{"@type":"ImageObject","inLanguage":"pt-BR","@id":"https:\/\/www.gaveanews.com\/#\/schema\/person\/image\/","url":"https:\/\/secure.gravatar.com\/avatar\/1e1956f1facbffd3f8fa53a326721950116b3b9dc9bd44939c01180fd4a745a9?s=96&d=mm&r=g","contentUrl":"https:\/\/secure.gravatar.com\/avatar\/1e1956f1facbffd3f8fa53a326721950116b3b9dc9bd44939c01180fd4a745a9?s=96&d=mm&r=g","caption":"Equipe G\u00e1vea News"}}]}},"_links":{"self":[{"href":"https:\/\/www.gaveanews.com\/index.php\/wp-json\/wp\/v2\/posts\/94383","targetHints":{"allow":["GET"]}}],"collection":[{"href":"https:\/\/www.gaveanews.com\/index.php\/wp-json\/wp\/v2\/posts"}],"about":[{"href":"https:\/\/www.gaveanews.com\/index.php\/wp-json\/wp\/v2\/types\/post"}],"author":[{"embeddable":true,"href":"https:\/\/www.gaveanews.com\/index.php\/wp-json\/wp\/v2\/users\/1"}],"replies":[{"embeddable":true,"href":"https:\/\/www.gaveanews.com\/index.php\/wp-json\/wp\/v2\/comments?post=94383"}],"version-history":[{"count":0,"href":"https:\/\/www.gaveanews.com\/index.php\/wp-json\/wp\/v2\/posts\/94383\/revisions"}],"wp:featuredmedia":[{"embeddable":true,"href":"https:\/\/www.gaveanews.com\/index.php\/wp-json\/wp\/v2\/media\/35341"}],"wp:attachment":[{"href":"https:\/\/www.gaveanews.com\/index.php\/wp-json\/wp\/v2\/media?parent=94383"}],"wp:term":[{"taxonomy":"category","embeddable":true,"href":"https:\/\/www.gaveanews.com\/index.php\/wp-json\/wp\/v2\/categories?post=94383"},{"taxonomy":"post_tag","embeddable":true,"href":"https:\/\/www.gaveanews.com\/index.php\/wp-json\/wp\/v2\/tags?post=94383"}],"curies":[{"name":"wp","href":"https:\/\/api.w.org\/{rel}","templated":true}]}}