{"id":94822,"date":"2023-03-01T21:57:04","date_gmt":"2023-03-02T00:57:04","guid":{"rendered":"https:\/\/www.gaveanews.com\/?p=94822"},"modified":"2024-04-07T08:24:52","modified_gmt":"2024-04-07T11:24:52","slug":"galvao-bueno-da-globo-pede-volta-de-ex-tecnico-do-flamengo-ao-clube","status":"publish","type":"post","link":"https:\/\/www.gaveanews.com\/index.php\/2023\/03\/01\/galvao-bueno-da-globo-pede-volta-de-ex-tecnico-do-flamengo-ao-clube\/","title":{"rendered":"Galv\u00e3o Bueno, da Globo, pede volta de ex-t\u00e9cnico do Flamengo ao clube"},"content":{"rendered":"\n<p>O Flamengo perdeu para a Recopa Sul-Americana Independiente del Valle, na \u00faltima ter\u00e7a-feira. O terceiro t\u00edtulo perdido em menos de dois meses irritou o ex-narrador Galv\u00e3o Bueno, que foi \u00e0s redes sociais criticar a diretoria e o t\u00e9cnico V\u00edtor Pereira. O locutor tamb\u00e9m pediu o retorno de Jorge Jesus.<\/p>\n\n\n\n<p><em>\u2014 Bom dia, na\u00e7\u00e3o Rubro-Negra. N\u00e3o tem ningu\u00e9m satisfeito, n\u00e9? Depois de mais uma derrota, mais um t\u00edtulo perdido. Mais de 71 mil pessoas no Maracan\u00e3, era jogo para se ganhar. N\u00e3o se pode perder um t\u00edtulo desse. T\u00e1 bom? N\u00e3o. Tem erros? Muitos. Come\u00e7aram ontem? N\u00e3o. V\u00eam de longe? V\u00eam. Desde novembro <\/em>&#8211; come\u00e7ou Galv\u00e3o.<\/p>\n\n\n\n<p><em>\u2014 Eu acho que a qu\u00edmica dele (V\u00edtor Pereira) n\u00e3o combina com o Flamengo. N\u00e3o combina com essa coisa de tr\u00eas zagueiros, de tr\u00eas volantes. O Flamengo \u00e9 o de pressionar o advers\u00e1rio, do toque de bola, do ataque. Mas, ser\u00e1 que a culpa maior n\u00e3o \u00e9 da diretoria? Foi ela quem demitiu o Dorival na calada da noite. Contratou um t\u00e9cnico que s\u00f3 p\u00f4de come\u00e7ar o trabalho dia 1\u00b0 de janeiro. O comentarista diz para talvez dar um tempo para que as coisas se acertem. J\u00e1 o lado torcedor diz: &#8216;Volta, Jorge Jesus!&#8217;<\/em> &#8211; completou.<\/p>\n\n\n\n<p>Al\u00e9m do t\u00edtulo da Recopa Sul-Americana, o Flamengo tamb\u00e9m perdeu a Supercopa do Brasil e o Mundial de Clubes. V\u00edtor Pereira deixou o Corinthians no fim do ano passado alegando problemas familiares. Semanas depois, o t\u00e9cnico portugu\u00eas acertou com o Rubro-Negro, que demitiu Dorival Junior.<\/p>\n\n\n\n<p>Retirado de: Lance<\/p>\n","protected":false},"excerpt":{"rendered":"<p>O Flamengo perdeu para a Recopa Sul-Americana Independiente del Valle, na \u00faltima ter\u00e7a-feira. O terceiro t\u00edtulo perdido em menos de dois meses irritou o ex-narrador Galv\u00e3o Bueno, que foi \u00e0s redes sociais criticar a diretoria e o t\u00e9cnico V\u00edtor Pereira. O locutor tamb\u00e9m pediu o retorno de Jorge Jesus. \u2014 Bom dia, na\u00e7\u00e3o Rubro-Negra. N\u00e3o [&hellip;]<\/p>\n","protected":false},"author":1,"featured_media":47962,"comment_status":"open","ping_status":"closed","sticky":false,"template":"","format":"standard","meta":{"footnotes":""},"categories":[1],"tags":[182],"class_list":["post-94822","post","type-post","status-publish","format-standard","has-post-thumbnail","hentry","category-flamengo","tag-carlos-eduardo-dos-santos-galvao-bueno"],"yoast_head":"<!-- This site is optimized with the Yoast SEO Premium plugin v24.2 (Yoast SEO v26.9) - https:\/\/yoast.com\/product\/yoast-seo-premium-wordpress\/ -->\n<title>Galv\u00e3o Bueno, da Globo, pede volta de ex-t\u00e9cnico do Flamengo ao clube<\/title>\n<meta name=\"robots\" content=\"index, follow, max-snippet:-1, max-image-preview:large, max-video-preview:-1\" \/>\n<link rel=\"canonical\" href=\"https:\/\/www.gaveanews.com\/index.php\/2023\/03\/01\/galvao-bueno-da-globo-pede-volta-de-ex-tecnico-do-flamengo-ao-clube\/\" \/>\n<meta property=\"og:locale\" content=\"pt_BR\" \/>\n<meta property=\"og:type\" content=\"article\" \/>\n<meta property=\"og:title\" content=\"Galv\u00e3o Bueno, da Globo, pede volta de ex-t\u00e9cnico do Flamengo ao clube\" \/>\n<meta property=\"og:description\" content=\"O Flamengo perdeu para a Recopa Sul-Americana Independiente del Valle, na \u00faltima ter\u00e7a-feira. O terceiro t\u00edtulo perdido em menos de dois meses irritou o ex-narrador Galv\u00e3o Bueno, que foi \u00e0s redes sociais criticar a diretoria e o t\u00e9cnico V\u00edtor Pereira. O locutor tamb\u00e9m pediu o retorno de Jorge Jesus. \u2014 Bom dia, na\u00e7\u00e3o Rubro-Negra. N\u00e3o [&hellip;]\" \/>\n<meta property=\"og:url\" content=\"https:\/\/www.gaveanews.com\/index.php\/2023\/03\/01\/galvao-bueno-da-globo-pede-volta-de-ex-tecnico-do-flamengo-ao-clube\/\" \/>\n<meta property=\"og:site_name\" content=\"G\u00e1vea News\" \/>\n<meta property=\"article:publisher\" content=\"https:\/\/facebook.com\/gaveaNews\/\" \/>\n<meta property=\"article:published_time\" content=\"2023-03-02T00:57:04+00:00\" \/>\n<meta property=\"article:modified_time\" content=\"2024-04-07T11:24:52+00:00\" \/>\n<meta property=\"og:image\" content=\"https:\/\/www.gaveanews.com\/wp-content\/uploads\/Galvao-Bueno-com-o-terno-da-Rede-Globo-e-da-SporTV.webp\" \/>\n\t<meta property=\"og:image:width\" content=\"1200\" \/>\n\t<meta property=\"og:image:height\" content=\"912\" \/>\n\t<meta property=\"og:image:type\" content=\"image\/jpeg\" \/>\n<meta name=\"author\" content=\"Equipe G\u00e1vea News\" \/>\n<meta name=\"twitter:card\" content=\"summary_large_image\" \/>\n<meta name=\"twitter:label1\" content=\"Escrito por\" \/>\n\t<meta name=\"twitter:data1\" content=\"Equipe G\u00e1vea News\" \/>\n\t<meta name=\"twitter:label2\" content=\"Est. tempo de leitura\" \/>\n\t<meta name=\"twitter:data2\" content=\"2 minutos\" \/>\n<script type=\"application\/ld+json\" class=\"yoast-schema-graph\">{\"@context\":\"https:\/\/schema.org\",\"@graph\":[{\"@type\":\"NewsArticle\",\"@id\":\"https:\/\/www.gaveanews.com\/index.php\/2023\/03\/01\/galvao-bueno-da-globo-pede-volta-de-ex-tecnico-do-flamengo-ao-clube\/#article\",\"isPartOf\":{\"@id\":\"https:\/\/www.gaveanews.com\/index.php\/2023\/03\/01\/galvao-bueno-da-globo-pede-volta-de-ex-tecnico-do-flamengo-ao-clube\/\"},\"author\":{\"name\":\"Equipe G\u00e1vea News\",\"@id\":\"https:\/\/www.gaveanews.com\/#\/schema\/person\/2ec14f73fb96be2caf28f91afb14749d\"},\"headline\":\"Galv\u00e3o Bueno, da Globo, pede volta de ex-t\u00e9cnico do Flamengo ao clube\",\"datePublished\":\"2023-03-02T00:57:04+00:00\",\"dateModified\":\"2024-04-07T11:24:52+00:00\",\"mainEntityOfPage\":{\"@id\":\"https:\/\/www.gaveanews.com\/index.php\/2023\/03\/01\/galvao-bueno-da-globo-pede-volta-de-ex-tecnico-do-flamengo-ao-clube\/\"},\"wordCount\":293,\"commentCount\":0,\"image\":{\"@id\":\"https:\/\/www.gaveanews.com\/index.php\/2023\/03\/01\/galvao-bueno-da-globo-pede-volta-de-ex-tecnico-do-flamengo-ao-clube\/#primaryimage\"},\"thumbnailUrl\":\"https:\/\/www.gaveanews.com\/wp-content\/uploads\/Galvao-Bueno-com-o-terno-da-Rede-Globo-e-da-SporTV.webp\",\"keywords\":[\"Carlos Eduardo dos Santos Galv\u00e3o Bueno\"],\"articleSection\":[\"Flamengo\"],\"inLanguage\":\"pt-BR\",\"potentialAction\":[{\"@type\":\"CommentAction\",\"name\":\"Comment\",\"target\":[\"https:\/\/www.gaveanews.com\/index.php\/2023\/03\/01\/galvao-bueno-da-globo-pede-volta-de-ex-tecnico-do-flamengo-ao-clube\/#respond\"]}],\"copyrightYear\":\"2023\",\"copyrightHolder\":{\"@id\":\"https:\/\/www.gaveanews.com\/#organization\"}},{\"@type\":\"WebPage\",\"@id\":\"https:\/\/www.gaveanews.com\/index.php\/2023\/03\/01\/galvao-bueno-da-globo-pede-volta-de-ex-tecnico-do-flamengo-ao-clube\/\",\"url\":\"https:\/\/www.gaveanews.com\/index.php\/2023\/03\/01\/galvao-bueno-da-globo-pede-volta-de-ex-tecnico-do-flamengo-ao-clube\/\",\"name\":\"Galv\u00e3o Bueno, da Globo, pede volta de ex-t\u00e9cnico do Flamengo ao clube\",\"isPartOf\":{\"@id\":\"https:\/\/www.gaveanews.com\/#website\"},\"primaryImageOfPage\":{\"@id\":\"https:\/\/www.gaveanews.com\/index.php\/2023\/03\/01\/galvao-bueno-da-globo-pede-volta-de-ex-tecnico-do-flamengo-ao-clube\/#primaryimage\"},\"image\":{\"@id\":\"https:\/\/www.gaveanews.com\/index.php\/2023\/03\/01\/galvao-bueno-da-globo-pede-volta-de-ex-tecnico-do-flamengo-ao-clube\/#primaryimage\"},\"thumbnailUrl\":\"https:\/\/www.gaveanews.com\/wp-content\/uploads\/Galvao-Bueno-com-o-terno-da-Rede-Globo-e-da-SporTV.webp\",\"datePublished\":\"2023-03-02T00:57:04+00:00\",\"dateModified\":\"2024-04-07T11:24:52+00:00\",\"author\":{\"@id\":\"https:\/\/www.gaveanews.com\/#\/schema\/person\/2ec14f73fb96be2caf28f91afb14749d\"},\"breadcrumb\":{\"@id\":\"https:\/\/www.gaveanews.com\/index.php\/2023\/03\/01\/galvao-bueno-da-globo-pede-volta-de-ex-tecnico-do-flamengo-ao-clube\/#breadcrumb\"},\"inLanguage\":\"pt-BR\",\"potentialAction\":[{\"@type\":\"ReadAction\",\"target\":[\"https:\/\/www.gaveanews.com\/index.php\/2023\/03\/01\/galvao-bueno-da-globo-pede-volta-de-ex-tecnico-do-flamengo-ao-clube\/\"]}]},{\"@type\":\"ImageObject\",\"inLanguage\":\"pt-BR\",\"@id\":\"https:\/\/www.gaveanews.com\/index.php\/2023\/03\/01\/galvao-bueno-da-globo-pede-volta-de-ex-tecnico-do-flamengo-ao-clube\/#primaryimage\",\"url\":\"https:\/\/www.gaveanews.com\/wp-content\/uploads\/Galvao-Bueno-com-o-terno-da-Rede-Globo-e-da-SporTV.webp\",\"contentUrl\":\"https:\/\/www.gaveanews.com\/wp-content\/uploads\/Galvao-Bueno-com-o-terno-da-Rede-Globo-e-da-SporTV.webp\",\"width\":1200,\"height\":912,\"caption\":\"Galv\u00e3o Bueno com o terno da Rede Globo e da SporTV (Foto: Divulga\u00e7\u00e3o)\"},{\"@type\":\"BreadcrumbList\",\"@id\":\"https:\/\/www.gaveanews.com\/index.php\/2023\/03\/01\/galvao-bueno-da-globo-pede-volta-de-ex-tecnico-do-flamengo-ao-clube\/#breadcrumb\",\"itemListElement\":[{\"@type\":\"ListItem\",\"position\":1,\"name\":\"Home\",\"item\":\"https:\/\/www.gaveanews.com\/\"},{\"@type\":\"ListItem\",\"position\":2,\"name\":\"Galv\u00e3o Bueno, da Globo, pede volta de ex-t\u00e9cnico do Flamengo ao clube\"}]},{\"@type\":\"WebSite\",\"@id\":\"https:\/\/www.gaveanews.com\/#website\",\"url\":\"https:\/\/www.gaveanews.com\/\",\"name\":\"G\u00e1vea News\",\"description\":\"Veja todas as not\u00edcias sobre o Flamengo: Contrata\u00e7\u00f5es, categorias de base, resultados das partidas, tabela de classifica\u00e7\u00e3o, pr\u00f3ximos jogos!\",\"potentialAction\":[{\"@type\":\"SearchAction\",\"target\":{\"@type\":\"EntryPoint\",\"urlTemplate\":\"https:\/\/www.gaveanews.com\/?s={search_term_string}\"},\"query-input\":{\"@type\":\"PropertyValueSpecification\",\"valueRequired\":true,\"valueName\":\"search_term_string\"}}],\"inLanguage\":\"pt-BR\"},{\"@type\":\"Person\",\"@id\":\"https:\/\/www.gaveanews.com\/#\/schema\/person\/2ec14f73fb96be2caf28f91afb14749d\",\"name\":\"Equipe G\u00e1vea News\",\"image\":{\"@type\":\"ImageObject\",\"inLanguage\":\"pt-BR\",\"@id\":\"https:\/\/www.gaveanews.com\/#\/schema\/person\/image\/\",\"url\":\"https:\/\/secure.gravatar.com\/avatar\/1e1956f1facbffd3f8fa53a326721950116b3b9dc9bd44939c01180fd4a745a9?s=96&d=mm&r=g\",\"contentUrl\":\"https:\/\/secure.gravatar.com\/avatar\/1e1956f1facbffd3f8fa53a326721950116b3b9dc9bd44939c01180fd4a745a9?s=96&d=mm&r=g\",\"caption\":\"Equipe G\u00e1vea News\"}}]}<\/script>\n<!-- \/ Yoast SEO Premium plugin. -->","yoast_head_json":{"title":"Galv\u00e3o Bueno, da Globo, pede volta de ex-t\u00e9cnico do Flamengo ao clube","robots":{"index":"index","follow":"follow","max-snippet":"max-snippet:-1","max-image-preview":"max-image-preview:large","max-video-preview":"max-video-preview:-1"},"canonical":"https:\/\/www.gaveanews.com\/index.php\/2023\/03\/01\/galvao-bueno-da-globo-pede-volta-de-ex-tecnico-do-flamengo-ao-clube\/","og_locale":"pt_BR","og_type":"article","og_title":"Galv\u00e3o Bueno, da Globo, pede volta de ex-t\u00e9cnico do Flamengo ao clube","og_description":"O Flamengo perdeu para a Recopa Sul-Americana Independiente del Valle, na \u00faltima ter\u00e7a-feira. O terceiro t\u00edtulo perdido em menos de dois meses irritou o ex-narrador Galv\u00e3o Bueno, que foi \u00e0s redes sociais criticar a diretoria e o t\u00e9cnico V\u00edtor Pereira. O locutor tamb\u00e9m pediu o retorno de Jorge Jesus. \u2014 Bom dia, na\u00e7\u00e3o Rubro-Negra. N\u00e3o [&hellip;]","og_url":"https:\/\/www.gaveanews.com\/index.php\/2023\/03\/01\/galvao-bueno-da-globo-pede-volta-de-ex-tecnico-do-flamengo-ao-clube\/","og_site_name":"G\u00e1vea News","article_publisher":"https:\/\/facebook.com\/gaveaNews\/","article_published_time":"2023-03-02T00:57:04+00:00","article_modified_time":"2024-04-07T11:24:52+00:00","og_image":[{"width":1200,"height":912,"url":"https:\/\/www.gaveanews.com\/wp-content\/uploads\/Galvao-Bueno-com-o-terno-da-Rede-Globo-e-da-SporTV.webp","type":"image\/jpeg"}],"author":"Equipe G\u00e1vea News","twitter_card":"summary_large_image","twitter_misc":{"Escrito por":"Equipe G\u00e1vea News","Est. tempo de leitura":"2 minutos"},"schema":{"@context":"https:\/\/schema.org","@graph":[{"@type":"NewsArticle","@id":"https:\/\/www.gaveanews.com\/index.php\/2023\/03\/01\/galvao-bueno-da-globo-pede-volta-de-ex-tecnico-do-flamengo-ao-clube\/#article","isPartOf":{"@id":"https:\/\/www.gaveanews.com\/index.php\/2023\/03\/01\/galvao-bueno-da-globo-pede-volta-de-ex-tecnico-do-flamengo-ao-clube\/"},"author":{"name":"Equipe G\u00e1vea News","@id":"https:\/\/www.gaveanews.com\/#\/schema\/person\/2ec14f73fb96be2caf28f91afb14749d"},"headline":"Galv\u00e3o Bueno, da Globo, pede volta de ex-t\u00e9cnico do Flamengo ao clube","datePublished":"2023-03-02T00:57:04+00:00","dateModified":"2024-04-07T11:24:52+00:00","mainEntityOfPage":{"@id":"https:\/\/www.gaveanews.com\/index.php\/2023\/03\/01\/galvao-bueno-da-globo-pede-volta-de-ex-tecnico-do-flamengo-ao-clube\/"},"wordCount":293,"commentCount":0,"image":{"@id":"https:\/\/www.gaveanews.com\/index.php\/2023\/03\/01\/galvao-bueno-da-globo-pede-volta-de-ex-tecnico-do-flamengo-ao-clube\/#primaryimage"},"thumbnailUrl":"https:\/\/www.gaveanews.com\/wp-content\/uploads\/Galvao-Bueno-com-o-terno-da-Rede-Globo-e-da-SporTV.webp","keywords":["Carlos Eduardo dos Santos Galv\u00e3o Bueno"],"articleSection":["Flamengo"],"inLanguage":"pt-BR","potentialAction":[{"@type":"CommentAction","name":"Comment","target":["https:\/\/www.gaveanews.com\/index.php\/2023\/03\/01\/galvao-bueno-da-globo-pede-volta-de-ex-tecnico-do-flamengo-ao-clube\/#respond"]}],"copyrightYear":"2023","copyrightHolder":{"@id":"https:\/\/www.gaveanews.com\/#organization"}},{"@type":"WebPage","@id":"https:\/\/www.gaveanews.com\/index.php\/2023\/03\/01\/galvao-bueno-da-globo-pede-volta-de-ex-tecnico-do-flamengo-ao-clube\/","url":"https:\/\/www.gaveanews.com\/index.php\/2023\/03\/01\/galvao-bueno-da-globo-pede-volta-de-ex-tecnico-do-flamengo-ao-clube\/","name":"Galv\u00e3o Bueno, da Globo, pede volta de ex-t\u00e9cnico do Flamengo ao clube","isPartOf":{"@id":"https:\/\/www.gaveanews.com\/#website"},"primaryImageOfPage":{"@id":"https:\/\/www.gaveanews.com\/index.php\/2023\/03\/01\/galvao-bueno-da-globo-pede-volta-de-ex-tecnico-do-flamengo-ao-clube\/#primaryimage"},"image":{"@id":"https:\/\/www.gaveanews.com\/index.php\/2023\/03\/01\/galvao-bueno-da-globo-pede-volta-de-ex-tecnico-do-flamengo-ao-clube\/#primaryimage"},"thumbnailUrl":"https:\/\/www.gaveanews.com\/wp-content\/uploads\/Galvao-Bueno-com-o-terno-da-Rede-Globo-e-da-SporTV.webp","datePublished":"2023-03-02T00:57:04+00:00","dateModified":"2024-04-07T11:24:52+00:00","author":{"@id":"https:\/\/www.gaveanews.com\/#\/schema\/person\/2ec14f73fb96be2caf28f91afb14749d"},"breadcrumb":{"@id":"https:\/\/www.gaveanews.com\/index.php\/2023\/03\/01\/galvao-bueno-da-globo-pede-volta-de-ex-tecnico-do-flamengo-ao-clube\/#breadcrumb"},"inLanguage":"pt-BR","potentialAction":[{"@type":"ReadAction","target":["https:\/\/www.gaveanews.com\/index.php\/2023\/03\/01\/galvao-bueno-da-globo-pede-volta-de-ex-tecnico-do-flamengo-ao-clube\/"]}]},{"@type":"ImageObject","inLanguage":"pt-BR","@id":"https:\/\/www.gaveanews.com\/index.php\/2023\/03\/01\/galvao-bueno-da-globo-pede-volta-de-ex-tecnico-do-flamengo-ao-clube\/#primaryimage","url":"https:\/\/www.gaveanews.com\/wp-content\/uploads\/Galvao-Bueno-com-o-terno-da-Rede-Globo-e-da-SporTV.webp","contentUrl":"https:\/\/www.gaveanews.com\/wp-content\/uploads\/Galvao-Bueno-com-o-terno-da-Rede-Globo-e-da-SporTV.webp","width":1200,"height":912,"caption":"Galv\u00e3o Bueno com o terno da Rede Globo e da SporTV (Foto: Divulga\u00e7\u00e3o)"},{"@type":"BreadcrumbList","@id":"https:\/\/www.gaveanews.com\/index.php\/2023\/03\/01\/galvao-bueno-da-globo-pede-volta-de-ex-tecnico-do-flamengo-ao-clube\/#breadcrumb","itemListElement":[{"@type":"ListItem","position":1,"name":"Home","item":"https:\/\/www.gaveanews.com\/"},{"@type":"ListItem","position":2,"name":"Galv\u00e3o Bueno, da Globo, pede volta de ex-t\u00e9cnico do Flamengo ao clube"}]},{"@type":"WebSite","@id":"https:\/\/www.gaveanews.com\/#website","url":"https:\/\/www.gaveanews.com\/","name":"G\u00e1vea News","description":"Veja todas as not\u00edcias sobre o Flamengo: Contrata\u00e7\u00f5es, categorias de base, resultados das partidas, tabela de classifica\u00e7\u00e3o, pr\u00f3ximos jogos!","potentialAction":[{"@type":"SearchAction","target":{"@type":"EntryPoint","urlTemplate":"https:\/\/www.gaveanews.com\/?s={search_term_string}"},"query-input":{"@type":"PropertyValueSpecification","valueRequired":true,"valueName":"search_term_string"}}],"inLanguage":"pt-BR"},{"@type":"Person","@id":"https:\/\/www.gaveanews.com\/#\/schema\/person\/2ec14f73fb96be2caf28f91afb14749d","name":"Equipe G\u00e1vea News","image":{"@type":"ImageObject","inLanguage":"pt-BR","@id":"https:\/\/www.gaveanews.com\/#\/schema\/person\/image\/","url":"https:\/\/secure.gravatar.com\/avatar\/1e1956f1facbffd3f8fa53a326721950116b3b9dc9bd44939c01180fd4a745a9?s=96&d=mm&r=g","contentUrl":"https:\/\/secure.gravatar.com\/avatar\/1e1956f1facbffd3f8fa53a326721950116b3b9dc9bd44939c01180fd4a745a9?s=96&d=mm&r=g","caption":"Equipe G\u00e1vea News"}}]}},"_links":{"self":[{"href":"https:\/\/www.gaveanews.com\/index.php\/wp-json\/wp\/v2\/posts\/94822","targetHints":{"allow":["GET"]}}],"collection":[{"href":"https:\/\/www.gaveanews.com\/index.php\/wp-json\/wp\/v2\/posts"}],"about":[{"href":"https:\/\/www.gaveanews.com\/index.php\/wp-json\/wp\/v2\/types\/post"}],"author":[{"embeddable":true,"href":"https:\/\/www.gaveanews.com\/index.php\/wp-json\/wp\/v2\/users\/1"}],"replies":[{"embeddable":true,"href":"https:\/\/www.gaveanews.com\/index.php\/wp-json\/wp\/v2\/comments?post=94822"}],"version-history":[{"count":1,"href":"https:\/\/www.gaveanews.com\/index.php\/wp-json\/wp\/v2\/posts\/94822\/revisions"}],"predecessor-version":[{"id":135841,"href":"https:\/\/www.gaveanews.com\/index.php\/wp-json\/wp\/v2\/posts\/94822\/revisions\/135841"}],"wp:featuredmedia":[{"embeddable":true,"href":"https:\/\/www.gaveanews.com\/index.php\/wp-json\/wp\/v2\/media\/47962"}],"wp:attachment":[{"href":"https:\/\/www.gaveanews.com\/index.php\/wp-json\/wp\/v2\/media?parent=94822"}],"wp:term":[{"taxonomy":"category","embeddable":true,"href":"https:\/\/www.gaveanews.com\/index.php\/wp-json\/wp\/v2\/categories?post=94822"},{"taxonomy":"post_tag","embeddable":true,"href":"https:\/\/www.gaveanews.com\/index.php\/wp-json\/wp\/v2\/tags?post=94822"}],"curies":[{"name":"wp","href":"https:\/\/api.w.org\/{rel}","templated":true}]}}