{"id":94824,"date":"2023-03-01T23:04:54","date_gmt":"2023-03-02T02:04:54","guid":{"rendered":"https:\/\/www.gaveanews.com\/?p=94824"},"modified":"2023-03-01T23:04:54","modified_gmt":"2023-03-02T02:04:54","slug":"ex-meia-do-flamengo-garante-que-ira-retornar-ao-clube","status":"publish","type":"post","link":"https:\/\/www.gaveanews.com\/index.php\/2023\/03\/01\/ex-meia-do-flamengo-garante-que-ira-retornar-ao-clube\/","title":{"rendered":"Ex-meia do Flamengo garante que ir\u00e1 retornar ao clube"},"content":{"rendered":"\n<p>Brilhando na Premier League com a camisa do Fulham, Andreas Pereira tem sido um dos destaques do futebol ingl\u00eas. Ao lado de Willian e Mitrovic, o brasileiro \u00e9 protagonista na equipe que vem fazendo uma boa temporada.<\/p>\n\n\n\n<p>Mantendo regularidade e sendo decisivo, o meia vem se destacando na liga que \u00e9 considerada a mais forte do futebol mundial. Mesmo n\u00e3o estando em um dos principais clubes do pa\u00eds, a campanha do Fulham \u00e9 muito boa e deixa o clube brigando por vaga em competi\u00e7\u00f5es europeias.<\/p>\n\n\n\n<p>Em entrevista exclusiva para a \u2018TNT\u2019, Andreas falou sobre a sua sa\u00edda do Flamengo. O meia afirmou que entendeu o lado do rubro-negro e do Manchester United, entende que o melhor para ele foi se transferir para o Fulham, e que no futuro vai voltar a vestir o Manto Sagrado.<\/p>\n\n\n\n<p>\u201cAs coisas estavam correndo bem, mas no final ficou bem dif\u00edcil para o Flamengo negociar com o Manchester United. Os clubes n\u00e3o quiseram mais negociar, entendo os dois lados e vejo que a melhor coisa foi eu ter sa\u00eddo para o Fulham porque tive a oportunidade de disputar a Premier League novamente. Eu gostaria muito de ter ficado no Flamengo, porque \u00e9 um clube que eu tenho bom relacionamento com todo mundo. Eu tenho certeza que no futuro eu vou voltar para o Flamengo! Faz parte do plano, porque no Brasil com certeza eu s\u00f3 pensaria no Flamengo\u201d, disse Andreas Pereira.<\/p>\n\n\n\n<p>Retirado de: Di\u00e1rio do Fla<\/p>\n","protected":false},"excerpt":{"rendered":"<p>Brilhando na Premier League com a camisa do Fulham, Andreas Pereira tem sido um dos destaques do futebol ingl\u00eas. Ao lado de Willian e Mitrovic, o brasileiro \u00e9 protagonista na equipe que vem fazendo uma boa temporada. Mantendo regularidade e sendo decisivo, o meia vem se destacando na liga que \u00e9 considerada a mais forte [&hellip;]<\/p>\n","protected":false},"author":1,"featured_media":82299,"comment_status":"open","ping_status":"","sticky":false,"template":"","format":"standard","meta":{"footnotes":""},"categories":[1],"tags":[],"class_list":["post-94824","post","type-post","status-publish","format-standard","has-post-thumbnail","hentry","category-flamengo"],"yoast_head":"<!-- This site is optimized with the Yoast SEO Premium plugin v24.2 (Yoast SEO v26.9) - https:\/\/yoast.com\/product\/yoast-seo-premium-wordpress\/ -->\n<title>Ex-meia do Flamengo garante que ir\u00e1 retornar ao clube<\/title>\n<meta name=\"robots\" content=\"index, follow, max-snippet:-1, max-image-preview:large, max-video-preview:-1\" \/>\n<link rel=\"canonical\" href=\"https:\/\/www.gaveanews.com\/index.php\/2023\/03\/01\/ex-meia-do-flamengo-garante-que-ira-retornar-ao-clube\/\" \/>\n<meta property=\"og:locale\" content=\"pt_BR\" \/>\n<meta property=\"og:type\" content=\"article\" \/>\n<meta property=\"og:title\" content=\"Ex-meia do Flamengo garante que ir\u00e1 retornar ao clube\" \/>\n<meta property=\"og:description\" content=\"Brilhando na Premier League com a camisa do Fulham, Andreas Pereira tem sido um dos destaques do futebol ingl\u00eas. Ao lado de Willian e Mitrovic, o brasileiro \u00e9 protagonista na equipe que vem fazendo uma boa temporada. Mantendo regularidade e sendo decisivo, o meia vem se destacando na liga que \u00e9 considerada a mais forte [&hellip;]\" \/>\n<meta property=\"og:url\" content=\"https:\/\/www.gaveanews.com\/index.php\/2023\/03\/01\/ex-meia-do-flamengo-garante-que-ira-retornar-ao-clube\/\" \/>\n<meta property=\"og:site_name\" content=\"G\u00e1vea News\" \/>\n<meta property=\"article:publisher\" content=\"https:\/\/facebook.com\/gaveaNews\/\" \/>\n<meta property=\"article:published_time\" content=\"2023-03-02T02:04:54+00:00\" \/>\n<meta property=\"og:image\" content=\"https:\/\/www.gaveanews.com\/wp-content\/uploads\/Jogadores-do-Flamengo-comemoram-gol-marcado-por-Andreas-no-classico-contra-o-Fluminense.webp\" \/>\n\t<meta property=\"og:image:width\" content=\"800\" \/>\n\t<meta property=\"og:image:height\" content=\"533\" \/>\n\t<meta property=\"og:image:type\" content=\"image\/jpeg\" \/>\n<meta name=\"author\" content=\"Equipe G\u00e1vea News\" \/>\n<meta name=\"twitter:card\" content=\"summary_large_image\" \/>\n<meta name=\"twitter:label1\" content=\"Escrito por\" \/>\n\t<meta name=\"twitter:data1\" content=\"Equipe G\u00e1vea News\" \/>\n\t<meta name=\"twitter:label2\" content=\"Est. tempo de leitura\" \/>\n\t<meta name=\"twitter:data2\" content=\"1 minuto\" \/>\n<script type=\"application\/ld+json\" class=\"yoast-schema-graph\">{\"@context\":\"https:\/\/schema.org\",\"@graph\":[{\"@type\":\"NewsArticle\",\"@id\":\"https:\/\/www.gaveanews.com\/index.php\/2023\/03\/01\/ex-meia-do-flamengo-garante-que-ira-retornar-ao-clube\/#article\",\"isPartOf\":{\"@id\":\"https:\/\/www.gaveanews.com\/index.php\/2023\/03\/01\/ex-meia-do-flamengo-garante-que-ira-retornar-ao-clube\/\"},\"author\":{\"name\":\"Equipe G\u00e1vea News\",\"@id\":\"https:\/\/www.gaveanews.com\/#\/schema\/person\/2ec14f73fb96be2caf28f91afb14749d\"},\"headline\":\"Ex-meia do Flamengo garante que ir\u00e1 retornar ao clube\",\"datePublished\":\"2023-03-02T02:04:54+00:00\",\"mainEntityOfPage\":{\"@id\":\"https:\/\/www.gaveanews.com\/index.php\/2023\/03\/01\/ex-meia-do-flamengo-garante-que-ira-retornar-ao-clube\/\"},\"wordCount\":255,\"commentCount\":0,\"image\":{\"@id\":\"https:\/\/www.gaveanews.com\/index.php\/2023\/03\/01\/ex-meia-do-flamengo-garante-que-ira-retornar-ao-clube\/#primaryimage\"},\"thumbnailUrl\":\"https:\/\/www.gaveanews.com\/wp-content\/uploads\/Jogadores-do-Flamengo-comemoram-gol-marcado-por-Andreas-no-classico-contra-o-Fluminense.webp\",\"articleSection\":[\"Flamengo\"],\"inLanguage\":\"pt-BR\",\"potentialAction\":[{\"@type\":\"CommentAction\",\"name\":\"Comment\",\"target\":[\"https:\/\/www.gaveanews.com\/index.php\/2023\/03\/01\/ex-meia-do-flamengo-garante-que-ira-retornar-ao-clube\/#respond\"]}],\"copyrightYear\":\"2023\",\"copyrightHolder\":{\"@id\":\"https:\/\/www.gaveanews.com\/#organization\"}},{\"@type\":\"WebPage\",\"@id\":\"https:\/\/www.gaveanews.com\/index.php\/2023\/03\/01\/ex-meia-do-flamengo-garante-que-ira-retornar-ao-clube\/\",\"url\":\"https:\/\/www.gaveanews.com\/index.php\/2023\/03\/01\/ex-meia-do-flamengo-garante-que-ira-retornar-ao-clube\/\",\"name\":\"Ex-meia do Flamengo garante que ir\u00e1 retornar ao clube\",\"isPartOf\":{\"@id\":\"https:\/\/www.gaveanews.com\/#website\"},\"primaryImageOfPage\":{\"@id\":\"https:\/\/www.gaveanews.com\/index.php\/2023\/03\/01\/ex-meia-do-flamengo-garante-que-ira-retornar-ao-clube\/#primaryimage\"},\"image\":{\"@id\":\"https:\/\/www.gaveanews.com\/index.php\/2023\/03\/01\/ex-meia-do-flamengo-garante-que-ira-retornar-ao-clube\/#primaryimage\"},\"thumbnailUrl\":\"https:\/\/www.gaveanews.com\/wp-content\/uploads\/Jogadores-do-Flamengo-comemoram-gol-marcado-por-Andreas-no-classico-contra-o-Fluminense.webp\",\"datePublished\":\"2023-03-02T02:04:54+00:00\",\"author\":{\"@id\":\"https:\/\/www.gaveanews.com\/#\/schema\/person\/2ec14f73fb96be2caf28f91afb14749d\"},\"breadcrumb\":{\"@id\":\"https:\/\/www.gaveanews.com\/index.php\/2023\/03\/01\/ex-meia-do-flamengo-garante-que-ira-retornar-ao-clube\/#breadcrumb\"},\"inLanguage\":\"pt-BR\",\"potentialAction\":[{\"@type\":\"ReadAction\",\"target\":[\"https:\/\/www.gaveanews.com\/index.php\/2023\/03\/01\/ex-meia-do-flamengo-garante-que-ira-retornar-ao-clube\/\"]}]},{\"@type\":\"ImageObject\",\"inLanguage\":\"pt-BR\",\"@id\":\"https:\/\/www.gaveanews.com\/index.php\/2023\/03\/01\/ex-meia-do-flamengo-garante-que-ira-retornar-ao-clube\/#primaryimage\",\"url\":\"https:\/\/www.gaveanews.com\/wp-content\/uploads\/Jogadores-do-Flamengo-comemoram-gol-marcado-por-Andreas-no-classico-contra-o-Fluminense.webp\",\"contentUrl\":\"https:\/\/www.gaveanews.com\/wp-content\/uploads\/Jogadores-do-Flamengo-comemoram-gol-marcado-por-Andreas-no-classico-contra-o-Fluminense.webp\",\"width\":800,\"height\":533,\"caption\":\"Jogadores do Flamengo comemoram gol marcado por Andreas no cl\u00e1ssico contra o Fluminense (Foto: Alexandre Vidal\/Flamengo)\"},{\"@type\":\"BreadcrumbList\",\"@id\":\"https:\/\/www.gaveanews.com\/index.php\/2023\/03\/01\/ex-meia-do-flamengo-garante-que-ira-retornar-ao-clube\/#breadcrumb\",\"itemListElement\":[{\"@type\":\"ListItem\",\"position\":1,\"name\":\"Home\",\"item\":\"https:\/\/www.gaveanews.com\/\"},{\"@type\":\"ListItem\",\"position\":2,\"name\":\"Ex-meia do Flamengo garante que ir\u00e1 retornar ao clube\"}]},{\"@type\":\"WebSite\",\"@id\":\"https:\/\/www.gaveanews.com\/#website\",\"url\":\"https:\/\/www.gaveanews.com\/\",\"name\":\"G\u00e1vea News\",\"description\":\"Veja todas as not\u00edcias sobre o Flamengo: Contrata\u00e7\u00f5es, categorias de base, resultados das partidas, tabela de classifica\u00e7\u00e3o, pr\u00f3ximos jogos!\",\"potentialAction\":[{\"@type\":\"SearchAction\",\"target\":{\"@type\":\"EntryPoint\",\"urlTemplate\":\"https:\/\/www.gaveanews.com\/?s={search_term_string}\"},\"query-input\":{\"@type\":\"PropertyValueSpecification\",\"valueRequired\":true,\"valueName\":\"search_term_string\"}}],\"inLanguage\":\"pt-BR\"},{\"@type\":\"Person\",\"@id\":\"https:\/\/www.gaveanews.com\/#\/schema\/person\/2ec14f73fb96be2caf28f91afb14749d\",\"name\":\"Equipe G\u00e1vea News\",\"image\":{\"@type\":\"ImageObject\",\"inLanguage\":\"pt-BR\",\"@id\":\"https:\/\/www.gaveanews.com\/#\/schema\/person\/image\/\",\"url\":\"https:\/\/secure.gravatar.com\/avatar\/1e1956f1facbffd3f8fa53a326721950116b3b9dc9bd44939c01180fd4a745a9?s=96&d=mm&r=g\",\"contentUrl\":\"https:\/\/secure.gravatar.com\/avatar\/1e1956f1facbffd3f8fa53a326721950116b3b9dc9bd44939c01180fd4a745a9?s=96&d=mm&r=g\",\"caption\":\"Equipe G\u00e1vea News\"}}]}<\/script>\n<!-- \/ Yoast SEO Premium plugin. -->","yoast_head_json":{"title":"Ex-meia do Flamengo garante que ir\u00e1 retornar ao clube","robots":{"index":"index","follow":"follow","max-snippet":"max-snippet:-1","max-image-preview":"max-image-preview:large","max-video-preview":"max-video-preview:-1"},"canonical":"https:\/\/www.gaveanews.com\/index.php\/2023\/03\/01\/ex-meia-do-flamengo-garante-que-ira-retornar-ao-clube\/","og_locale":"pt_BR","og_type":"article","og_title":"Ex-meia do Flamengo garante que ir\u00e1 retornar ao clube","og_description":"Brilhando na Premier League com a camisa do Fulham, Andreas Pereira tem sido um dos destaques do futebol ingl\u00eas. Ao lado de Willian e Mitrovic, o brasileiro \u00e9 protagonista na equipe que vem fazendo uma boa temporada. Mantendo regularidade e sendo decisivo, o meia vem se destacando na liga que \u00e9 considerada a mais forte [&hellip;]","og_url":"https:\/\/www.gaveanews.com\/index.php\/2023\/03\/01\/ex-meia-do-flamengo-garante-que-ira-retornar-ao-clube\/","og_site_name":"G\u00e1vea News","article_publisher":"https:\/\/facebook.com\/gaveaNews\/","article_published_time":"2023-03-02T02:04:54+00:00","og_image":[{"width":800,"height":533,"url":"https:\/\/www.gaveanews.com\/wp-content\/uploads\/Jogadores-do-Flamengo-comemoram-gol-marcado-por-Andreas-no-classico-contra-o-Fluminense.webp","type":"image\/jpeg"}],"author":"Equipe G\u00e1vea News","twitter_card":"summary_large_image","twitter_misc":{"Escrito por":"Equipe G\u00e1vea News","Est. tempo de leitura":"1 minuto"},"schema":{"@context":"https:\/\/schema.org","@graph":[{"@type":"NewsArticle","@id":"https:\/\/www.gaveanews.com\/index.php\/2023\/03\/01\/ex-meia-do-flamengo-garante-que-ira-retornar-ao-clube\/#article","isPartOf":{"@id":"https:\/\/www.gaveanews.com\/index.php\/2023\/03\/01\/ex-meia-do-flamengo-garante-que-ira-retornar-ao-clube\/"},"author":{"name":"Equipe G\u00e1vea News","@id":"https:\/\/www.gaveanews.com\/#\/schema\/person\/2ec14f73fb96be2caf28f91afb14749d"},"headline":"Ex-meia do Flamengo garante que ir\u00e1 retornar ao clube","datePublished":"2023-03-02T02:04:54+00:00","mainEntityOfPage":{"@id":"https:\/\/www.gaveanews.com\/index.php\/2023\/03\/01\/ex-meia-do-flamengo-garante-que-ira-retornar-ao-clube\/"},"wordCount":255,"commentCount":0,"image":{"@id":"https:\/\/www.gaveanews.com\/index.php\/2023\/03\/01\/ex-meia-do-flamengo-garante-que-ira-retornar-ao-clube\/#primaryimage"},"thumbnailUrl":"https:\/\/www.gaveanews.com\/wp-content\/uploads\/Jogadores-do-Flamengo-comemoram-gol-marcado-por-Andreas-no-classico-contra-o-Fluminense.webp","articleSection":["Flamengo"],"inLanguage":"pt-BR","potentialAction":[{"@type":"CommentAction","name":"Comment","target":["https:\/\/www.gaveanews.com\/index.php\/2023\/03\/01\/ex-meia-do-flamengo-garante-que-ira-retornar-ao-clube\/#respond"]}],"copyrightYear":"2023","copyrightHolder":{"@id":"https:\/\/www.gaveanews.com\/#organization"}},{"@type":"WebPage","@id":"https:\/\/www.gaveanews.com\/index.php\/2023\/03\/01\/ex-meia-do-flamengo-garante-que-ira-retornar-ao-clube\/","url":"https:\/\/www.gaveanews.com\/index.php\/2023\/03\/01\/ex-meia-do-flamengo-garante-que-ira-retornar-ao-clube\/","name":"Ex-meia do Flamengo garante que ir\u00e1 retornar ao clube","isPartOf":{"@id":"https:\/\/www.gaveanews.com\/#website"},"primaryImageOfPage":{"@id":"https:\/\/www.gaveanews.com\/index.php\/2023\/03\/01\/ex-meia-do-flamengo-garante-que-ira-retornar-ao-clube\/#primaryimage"},"image":{"@id":"https:\/\/www.gaveanews.com\/index.php\/2023\/03\/01\/ex-meia-do-flamengo-garante-que-ira-retornar-ao-clube\/#primaryimage"},"thumbnailUrl":"https:\/\/www.gaveanews.com\/wp-content\/uploads\/Jogadores-do-Flamengo-comemoram-gol-marcado-por-Andreas-no-classico-contra-o-Fluminense.webp","datePublished":"2023-03-02T02:04:54+00:00","author":{"@id":"https:\/\/www.gaveanews.com\/#\/schema\/person\/2ec14f73fb96be2caf28f91afb14749d"},"breadcrumb":{"@id":"https:\/\/www.gaveanews.com\/index.php\/2023\/03\/01\/ex-meia-do-flamengo-garante-que-ira-retornar-ao-clube\/#breadcrumb"},"inLanguage":"pt-BR","potentialAction":[{"@type":"ReadAction","target":["https:\/\/www.gaveanews.com\/index.php\/2023\/03\/01\/ex-meia-do-flamengo-garante-que-ira-retornar-ao-clube\/"]}]},{"@type":"ImageObject","inLanguage":"pt-BR","@id":"https:\/\/www.gaveanews.com\/index.php\/2023\/03\/01\/ex-meia-do-flamengo-garante-que-ira-retornar-ao-clube\/#primaryimage","url":"https:\/\/www.gaveanews.com\/wp-content\/uploads\/Jogadores-do-Flamengo-comemoram-gol-marcado-por-Andreas-no-classico-contra-o-Fluminense.webp","contentUrl":"https:\/\/www.gaveanews.com\/wp-content\/uploads\/Jogadores-do-Flamengo-comemoram-gol-marcado-por-Andreas-no-classico-contra-o-Fluminense.webp","width":800,"height":533,"caption":"Jogadores do Flamengo comemoram gol marcado por Andreas no cl\u00e1ssico contra o Fluminense (Foto: Alexandre Vidal\/Flamengo)"},{"@type":"BreadcrumbList","@id":"https:\/\/www.gaveanews.com\/index.php\/2023\/03\/01\/ex-meia-do-flamengo-garante-que-ira-retornar-ao-clube\/#breadcrumb","itemListElement":[{"@type":"ListItem","position":1,"name":"Home","item":"https:\/\/www.gaveanews.com\/"},{"@type":"ListItem","position":2,"name":"Ex-meia do Flamengo garante que ir\u00e1 retornar ao clube"}]},{"@type":"WebSite","@id":"https:\/\/www.gaveanews.com\/#website","url":"https:\/\/www.gaveanews.com\/","name":"G\u00e1vea News","description":"Veja todas as not\u00edcias sobre o Flamengo: Contrata\u00e7\u00f5es, categorias de base, resultados das partidas, tabela de classifica\u00e7\u00e3o, pr\u00f3ximos jogos!","potentialAction":[{"@type":"SearchAction","target":{"@type":"EntryPoint","urlTemplate":"https:\/\/www.gaveanews.com\/?s={search_term_string}"},"query-input":{"@type":"PropertyValueSpecification","valueRequired":true,"valueName":"search_term_string"}}],"inLanguage":"pt-BR"},{"@type":"Person","@id":"https:\/\/www.gaveanews.com\/#\/schema\/person\/2ec14f73fb96be2caf28f91afb14749d","name":"Equipe G\u00e1vea News","image":{"@type":"ImageObject","inLanguage":"pt-BR","@id":"https:\/\/www.gaveanews.com\/#\/schema\/person\/image\/","url":"https:\/\/secure.gravatar.com\/avatar\/1e1956f1facbffd3f8fa53a326721950116b3b9dc9bd44939c01180fd4a745a9?s=96&d=mm&r=g","contentUrl":"https:\/\/secure.gravatar.com\/avatar\/1e1956f1facbffd3f8fa53a326721950116b3b9dc9bd44939c01180fd4a745a9?s=96&d=mm&r=g","caption":"Equipe G\u00e1vea News"}}]}},"_links":{"self":[{"href":"https:\/\/www.gaveanews.com\/index.php\/wp-json\/wp\/v2\/posts\/94824","targetHints":{"allow":["GET"]}}],"collection":[{"href":"https:\/\/www.gaveanews.com\/index.php\/wp-json\/wp\/v2\/posts"}],"about":[{"href":"https:\/\/www.gaveanews.com\/index.php\/wp-json\/wp\/v2\/types\/post"}],"author":[{"embeddable":true,"href":"https:\/\/www.gaveanews.com\/index.php\/wp-json\/wp\/v2\/users\/1"}],"replies":[{"embeddable":true,"href":"https:\/\/www.gaveanews.com\/index.php\/wp-json\/wp\/v2\/comments?post=94824"}],"version-history":[{"count":0,"href":"https:\/\/www.gaveanews.com\/index.php\/wp-json\/wp\/v2\/posts\/94824\/revisions"}],"wp:featuredmedia":[{"embeddable":true,"href":"https:\/\/www.gaveanews.com\/index.php\/wp-json\/wp\/v2\/media\/82299"}],"wp:attachment":[{"href":"https:\/\/www.gaveanews.com\/index.php\/wp-json\/wp\/v2\/media?parent=94824"}],"wp:term":[{"taxonomy":"category","embeddable":true,"href":"https:\/\/www.gaveanews.com\/index.php\/wp-json\/wp\/v2\/categories?post=94824"},{"taxonomy":"post_tag","embeddable":true,"href":"https:\/\/www.gaveanews.com\/index.php\/wp-json\/wp\/v2\/tags?post=94824"}],"curies":[{"name":"wp","href":"https:\/\/api.w.org\/{rel}","templated":true}]}}