{"id":94826,"date":"2023-03-02T00:09:50","date_gmt":"2023-03-02T03:09:50","guid":{"rendered":"https:\/\/www.gaveanews.com\/?p=94826"},"modified":"2024-04-07T09:14:43","modified_gmt":"2024-04-07T12:14:43","slug":"vene-casagrande-aponta-quem-e-o-menos-culpado-no-flamengo-depois-de-vice-na-recopa","status":"publish","type":"post","link":"https:\/\/www.gaveanews.com\/index.php\/2023\/03\/02\/vene-casagrande-aponta-quem-e-o-menos-culpado-no-flamengo-depois-de-vice-na-recopa\/","title":{"rendered":"Ven\u00ea Casagrande aponta quem \u00e9 o \u201cmenos\u201d culpado no Flamengo depois de vice na Recopa"},"content":{"rendered":"\n<p>Em sua terceira chance de faturar t\u00edtulo na temporada 2023, o Flamengo acabou sucumbindo diante do Independiente del Valle na \u00faltima ter\u00e7a-feira (28), no Maracan\u00e3, e ficou com o vice na Recopa Sul-Americana. Apesar de muitas cr\u00edticas disparadas por parte da torcida, o t\u00e9cnico V\u00edtor Pereira foi defendido pelo jornalista Ven\u00ea Casagrande.<\/p>\n\n\n\n<p>Na vis\u00e3o do setorista rubro-negro do SBT e do jornal \u201cO Dia\u201d, o portugu\u00eas \u00e9 s\u00f3 mais uma \u201cv\u00edtima\u201d das sucessivas trocas promovidas pela gest\u00e3o do Flamengo, e destacou que os jogadores merecem ser cobrados tamb\u00e9m.<\/p>\n\n\n\n<p>\u201cVitor Pereira \u00e9 o menos culpado. S\u00e3o oito t\u00e9cnicos diferentes em quatro anos. Alguns sa\u00edram mesmo depois de ganharem t\u00edtulos importantes. O Flamengo, apesar do sucesso nos \u00faltimos anos, tem uma gest\u00e3o de futebol terr\u00edvel. E chegou a hora de os jogadores serem cobrados tamb\u00e9m\u201d, disse o jornalista em seu perfil no Twitter.<\/p>\n\n\n\n<p>Retirado de: Torcedores<\/p>\n","protected":false},"excerpt":{"rendered":"<p>Em sua terceira chance de faturar t\u00edtulo na temporada 2023, o Flamengo acabou sucumbindo diante do Independiente del Valle na \u00faltima ter\u00e7a-feira (28), no Maracan\u00e3, e ficou com o vice na Recopa Sul-Americana. Apesar de muitas cr\u00edticas disparadas por parte da torcida, o t\u00e9cnico V\u00edtor Pereira foi defendido pelo jornalista Ven\u00ea Casagrande. Na vis\u00e3o do [&hellip;]<\/p>\n","protected":false},"author":1,"featured_media":93176,"comment_status":"open","ping_status":"closed","sticky":false,"template":"","format":"standard","meta":{"footnotes":""},"categories":[1],"tags":[202],"class_list":["post-94826","post","type-post","status-publish","format-standard","has-post-thumbnail","hentry","category-flamengo","tag-venelouis-casagrande-faitanin-xavier-vene"],"yoast_head":"<!-- This site is optimized with the Yoast SEO Premium plugin v24.2 (Yoast SEO v26.9) - https:\/\/yoast.com\/product\/yoast-seo-premium-wordpress\/ -->\n<title>Ven\u00ea Casagrande aponta quem \u00e9 o \u201cmenos\u201d culpado no Flamengo depois de vice na Recopa<\/title>\n<meta name=\"robots\" content=\"index, follow, max-snippet:-1, max-image-preview:large, max-video-preview:-1\" \/>\n<link rel=\"canonical\" href=\"https:\/\/www.gaveanews.com\/index.php\/2023\/03\/02\/vene-casagrande-aponta-quem-e-o-menos-culpado-no-flamengo-depois-de-vice-na-recopa\/\" \/>\n<meta property=\"og:locale\" content=\"pt_BR\" \/>\n<meta property=\"og:type\" content=\"article\" \/>\n<meta property=\"og:title\" content=\"Ven\u00ea Casagrande aponta quem \u00e9 o \u201cmenos\u201d culpado no Flamengo depois de vice na Recopa\" \/>\n<meta property=\"og:description\" content=\"Em sua terceira chance de faturar t\u00edtulo na temporada 2023, o Flamengo acabou sucumbindo diante do Independiente del Valle na \u00faltima ter\u00e7a-feira (28), no Maracan\u00e3, e ficou com o vice na Recopa Sul-Americana. Apesar de muitas cr\u00edticas disparadas por parte da torcida, o t\u00e9cnico V\u00edtor Pereira foi defendido pelo jornalista Ven\u00ea Casagrande. Na vis\u00e3o do [&hellip;]\" \/>\n<meta property=\"og:url\" content=\"https:\/\/www.gaveanews.com\/index.php\/2023\/03\/02\/vene-casagrande-aponta-quem-e-o-menos-culpado-no-flamengo-depois-de-vice-na-recopa\/\" \/>\n<meta property=\"og:site_name\" content=\"G\u00e1vea News\" \/>\n<meta property=\"article:publisher\" content=\"https:\/\/facebook.com\/gaveaNews\/\" \/>\n<meta property=\"article:published_time\" content=\"2023-03-02T03:09:50+00:00\" \/>\n<meta property=\"article:modified_time\" content=\"2024-04-07T12:14:43+00:00\" \/>\n<meta property=\"og:image\" content=\"https:\/\/www.gaveanews.com\/wp-content\/uploads\/vitor-pereira-flamengo-portuguesa-carioca-2023.webp\" \/>\n\t<meta property=\"og:image:width\" content=\"984\" \/>\n\t<meta property=\"og:image:height\" content=\"700\" \/>\n\t<meta property=\"og:image:type\" content=\"image\/webp\" \/>\n<meta name=\"author\" content=\"Equipe G\u00e1vea News\" \/>\n<meta name=\"twitter:card\" content=\"summary_large_image\" \/>\n<meta name=\"twitter:label1\" content=\"Escrito por\" \/>\n\t<meta name=\"twitter:data1\" content=\"Equipe G\u00e1vea News\" \/>\n\t<meta name=\"twitter:label2\" content=\"Est. tempo de leitura\" \/>\n\t<meta name=\"twitter:data2\" content=\"1 minuto\" \/>\n<script type=\"application\/ld+json\" class=\"yoast-schema-graph\">{\"@context\":\"https:\/\/schema.org\",\"@graph\":[{\"@type\":\"NewsArticle\",\"@id\":\"https:\/\/www.gaveanews.com\/index.php\/2023\/03\/02\/vene-casagrande-aponta-quem-e-o-menos-culpado-no-flamengo-depois-de-vice-na-recopa\/#article\",\"isPartOf\":{\"@id\":\"https:\/\/www.gaveanews.com\/index.php\/2023\/03\/02\/vene-casagrande-aponta-quem-e-o-menos-culpado-no-flamengo-depois-de-vice-na-recopa\/\"},\"author\":{\"name\":\"Equipe G\u00e1vea News\",\"@id\":\"https:\/\/www.gaveanews.com\/#\/schema\/person\/2ec14f73fb96be2caf28f91afb14749d\"},\"headline\":\"Ven\u00ea Casagrande aponta quem \u00e9 o \u201cmenos\u201d culpado no Flamengo depois de vice na Recopa\",\"datePublished\":\"2023-03-02T03:09:50+00:00\",\"dateModified\":\"2024-04-07T12:14:43+00:00\",\"mainEntityOfPage\":{\"@id\":\"https:\/\/www.gaveanews.com\/index.php\/2023\/03\/02\/vene-casagrande-aponta-quem-e-o-menos-culpado-no-flamengo-depois-de-vice-na-recopa\/\"},\"wordCount\":171,\"commentCount\":0,\"image\":{\"@id\":\"https:\/\/www.gaveanews.com\/index.php\/2023\/03\/02\/vene-casagrande-aponta-quem-e-o-menos-culpado-no-flamengo-depois-de-vice-na-recopa\/#primaryimage\"},\"thumbnailUrl\":\"https:\/\/www.gaveanews.com\/wp-content\/uploads\/vitor-pereira-flamengo-portuguesa-carioca-2023.webp\",\"keywords\":[\"Venelouis Casagrande Faitanin Xavier\"],\"articleSection\":[\"Flamengo\"],\"inLanguage\":\"pt-BR\",\"potentialAction\":[{\"@type\":\"CommentAction\",\"name\":\"Comment\",\"target\":[\"https:\/\/www.gaveanews.com\/index.php\/2023\/03\/02\/vene-casagrande-aponta-quem-e-o-menos-culpado-no-flamengo-depois-de-vice-na-recopa\/#respond\"]}],\"copyrightYear\":\"2023\",\"copyrightHolder\":{\"@id\":\"https:\/\/www.gaveanews.com\/#organization\"}},{\"@type\":\"WebPage\",\"@id\":\"https:\/\/www.gaveanews.com\/index.php\/2023\/03\/02\/vene-casagrande-aponta-quem-e-o-menos-culpado-no-flamengo-depois-de-vice-na-recopa\/\",\"url\":\"https:\/\/www.gaveanews.com\/index.php\/2023\/03\/02\/vene-casagrande-aponta-quem-e-o-menos-culpado-no-flamengo-depois-de-vice-na-recopa\/\",\"name\":\"Ven\u00ea Casagrande aponta quem \u00e9 o \u201cmenos\u201d culpado no Flamengo depois de vice na Recopa\",\"isPartOf\":{\"@id\":\"https:\/\/www.gaveanews.com\/#website\"},\"primaryImageOfPage\":{\"@id\":\"https:\/\/www.gaveanews.com\/index.php\/2023\/03\/02\/vene-casagrande-aponta-quem-e-o-menos-culpado-no-flamengo-depois-de-vice-na-recopa\/#primaryimage\"},\"image\":{\"@id\":\"https:\/\/www.gaveanews.com\/index.php\/2023\/03\/02\/vene-casagrande-aponta-quem-e-o-menos-culpado-no-flamengo-depois-de-vice-na-recopa\/#primaryimage\"},\"thumbnailUrl\":\"https:\/\/www.gaveanews.com\/wp-content\/uploads\/vitor-pereira-flamengo-portuguesa-carioca-2023.webp\",\"datePublished\":\"2023-03-02T03:09:50+00:00\",\"dateModified\":\"2024-04-07T12:14:43+00:00\",\"author\":{\"@id\":\"https:\/\/www.gaveanews.com\/#\/schema\/person\/2ec14f73fb96be2caf28f91afb14749d\"},\"breadcrumb\":{\"@id\":\"https:\/\/www.gaveanews.com\/index.php\/2023\/03\/02\/vene-casagrande-aponta-quem-e-o-menos-culpado-no-flamengo-depois-de-vice-na-recopa\/#breadcrumb\"},\"inLanguage\":\"pt-BR\",\"potentialAction\":[{\"@type\":\"ReadAction\",\"target\":[\"https:\/\/www.gaveanews.com\/index.php\/2023\/03\/02\/vene-casagrande-aponta-quem-e-o-menos-culpado-no-flamengo-depois-de-vice-na-recopa\/\"]}]},{\"@type\":\"ImageObject\",\"inLanguage\":\"pt-BR\",\"@id\":\"https:\/\/www.gaveanews.com\/index.php\/2023\/03\/02\/vene-casagrande-aponta-quem-e-o-menos-culpado-no-flamengo-depois-de-vice-na-recopa\/#primaryimage\",\"url\":\"https:\/\/www.gaveanews.com\/wp-content\/uploads\/vitor-pereira-flamengo-portuguesa-carioca-2023.webp\",\"contentUrl\":\"https:\/\/www.gaveanews.com\/wp-content\/uploads\/vitor-pereira-flamengo-portuguesa-carioca-2023.webp\",\"width\":984,\"height\":700,\"caption\":\"V\u00edtor Pereira estreia no Flamengo contra a Portuguesa pelo Campeonato Carioca 2023 (Foto: Andr\u00e9 Dur\u00e3o)\"},{\"@type\":\"BreadcrumbList\",\"@id\":\"https:\/\/www.gaveanews.com\/index.php\/2023\/03\/02\/vene-casagrande-aponta-quem-e-o-menos-culpado-no-flamengo-depois-de-vice-na-recopa\/#breadcrumb\",\"itemListElement\":[{\"@type\":\"ListItem\",\"position\":1,\"name\":\"Home\",\"item\":\"https:\/\/www.gaveanews.com\/\"},{\"@type\":\"ListItem\",\"position\":2,\"name\":\"Ven\u00ea Casagrande aponta quem \u00e9 o \u201cmenos\u201d culpado no Flamengo depois de vice na Recopa\"}]},{\"@type\":\"WebSite\",\"@id\":\"https:\/\/www.gaveanews.com\/#website\",\"url\":\"https:\/\/www.gaveanews.com\/\",\"name\":\"G\u00e1vea News\",\"description\":\"Veja todas as not\u00edcias sobre o Flamengo: Contrata\u00e7\u00f5es, categorias de base, resultados das partidas, tabela de classifica\u00e7\u00e3o, pr\u00f3ximos jogos!\",\"potentialAction\":[{\"@type\":\"SearchAction\",\"target\":{\"@type\":\"EntryPoint\",\"urlTemplate\":\"https:\/\/www.gaveanews.com\/?s={search_term_string}\"},\"query-input\":{\"@type\":\"PropertyValueSpecification\",\"valueRequired\":true,\"valueName\":\"search_term_string\"}}],\"inLanguage\":\"pt-BR\"},{\"@type\":\"Person\",\"@id\":\"https:\/\/www.gaveanews.com\/#\/schema\/person\/2ec14f73fb96be2caf28f91afb14749d\",\"name\":\"Equipe G\u00e1vea News\",\"image\":{\"@type\":\"ImageObject\",\"inLanguage\":\"pt-BR\",\"@id\":\"https:\/\/www.gaveanews.com\/#\/schema\/person\/image\/\",\"url\":\"https:\/\/secure.gravatar.com\/avatar\/1e1956f1facbffd3f8fa53a326721950116b3b9dc9bd44939c01180fd4a745a9?s=96&d=mm&r=g\",\"contentUrl\":\"https:\/\/secure.gravatar.com\/avatar\/1e1956f1facbffd3f8fa53a326721950116b3b9dc9bd44939c01180fd4a745a9?s=96&d=mm&r=g\",\"caption\":\"Equipe G\u00e1vea News\"}}]}<\/script>\n<!-- \/ Yoast SEO Premium plugin. -->","yoast_head_json":{"title":"Ven\u00ea Casagrande aponta quem \u00e9 o \u201cmenos\u201d culpado no Flamengo depois de vice na Recopa","robots":{"index":"index","follow":"follow","max-snippet":"max-snippet:-1","max-image-preview":"max-image-preview:large","max-video-preview":"max-video-preview:-1"},"canonical":"https:\/\/www.gaveanews.com\/index.php\/2023\/03\/02\/vene-casagrande-aponta-quem-e-o-menos-culpado-no-flamengo-depois-de-vice-na-recopa\/","og_locale":"pt_BR","og_type":"article","og_title":"Ven\u00ea Casagrande aponta quem \u00e9 o \u201cmenos\u201d culpado no Flamengo depois de vice na Recopa","og_description":"Em sua terceira chance de faturar t\u00edtulo na temporada 2023, o Flamengo acabou sucumbindo diante do Independiente del Valle na \u00faltima ter\u00e7a-feira (28), no Maracan\u00e3, e ficou com o vice na Recopa Sul-Americana. Apesar de muitas cr\u00edticas disparadas por parte da torcida, o t\u00e9cnico V\u00edtor Pereira foi defendido pelo jornalista Ven\u00ea Casagrande. Na vis\u00e3o do [&hellip;]","og_url":"https:\/\/www.gaveanews.com\/index.php\/2023\/03\/02\/vene-casagrande-aponta-quem-e-o-menos-culpado-no-flamengo-depois-de-vice-na-recopa\/","og_site_name":"G\u00e1vea News","article_publisher":"https:\/\/facebook.com\/gaveaNews\/","article_published_time":"2023-03-02T03:09:50+00:00","article_modified_time":"2024-04-07T12:14:43+00:00","og_image":[{"width":984,"height":700,"url":"https:\/\/www.gaveanews.com\/wp-content\/uploads\/vitor-pereira-flamengo-portuguesa-carioca-2023.webp","type":"image\/webp"}],"author":"Equipe G\u00e1vea News","twitter_card":"summary_large_image","twitter_misc":{"Escrito por":"Equipe G\u00e1vea News","Est. tempo de leitura":"1 minuto"},"schema":{"@context":"https:\/\/schema.org","@graph":[{"@type":"NewsArticle","@id":"https:\/\/www.gaveanews.com\/index.php\/2023\/03\/02\/vene-casagrande-aponta-quem-e-o-menos-culpado-no-flamengo-depois-de-vice-na-recopa\/#article","isPartOf":{"@id":"https:\/\/www.gaveanews.com\/index.php\/2023\/03\/02\/vene-casagrande-aponta-quem-e-o-menos-culpado-no-flamengo-depois-de-vice-na-recopa\/"},"author":{"name":"Equipe G\u00e1vea News","@id":"https:\/\/www.gaveanews.com\/#\/schema\/person\/2ec14f73fb96be2caf28f91afb14749d"},"headline":"Ven\u00ea Casagrande aponta quem \u00e9 o \u201cmenos\u201d culpado no Flamengo depois de vice na Recopa","datePublished":"2023-03-02T03:09:50+00:00","dateModified":"2024-04-07T12:14:43+00:00","mainEntityOfPage":{"@id":"https:\/\/www.gaveanews.com\/index.php\/2023\/03\/02\/vene-casagrande-aponta-quem-e-o-menos-culpado-no-flamengo-depois-de-vice-na-recopa\/"},"wordCount":171,"commentCount":0,"image":{"@id":"https:\/\/www.gaveanews.com\/index.php\/2023\/03\/02\/vene-casagrande-aponta-quem-e-o-menos-culpado-no-flamengo-depois-de-vice-na-recopa\/#primaryimage"},"thumbnailUrl":"https:\/\/www.gaveanews.com\/wp-content\/uploads\/vitor-pereira-flamengo-portuguesa-carioca-2023.webp","keywords":["Venelouis Casagrande Faitanin Xavier"],"articleSection":["Flamengo"],"inLanguage":"pt-BR","potentialAction":[{"@type":"CommentAction","name":"Comment","target":["https:\/\/www.gaveanews.com\/index.php\/2023\/03\/02\/vene-casagrande-aponta-quem-e-o-menos-culpado-no-flamengo-depois-de-vice-na-recopa\/#respond"]}],"copyrightYear":"2023","copyrightHolder":{"@id":"https:\/\/www.gaveanews.com\/#organization"}},{"@type":"WebPage","@id":"https:\/\/www.gaveanews.com\/index.php\/2023\/03\/02\/vene-casagrande-aponta-quem-e-o-menos-culpado-no-flamengo-depois-de-vice-na-recopa\/","url":"https:\/\/www.gaveanews.com\/index.php\/2023\/03\/02\/vene-casagrande-aponta-quem-e-o-menos-culpado-no-flamengo-depois-de-vice-na-recopa\/","name":"Ven\u00ea Casagrande aponta quem \u00e9 o \u201cmenos\u201d culpado no Flamengo depois de vice na Recopa","isPartOf":{"@id":"https:\/\/www.gaveanews.com\/#website"},"primaryImageOfPage":{"@id":"https:\/\/www.gaveanews.com\/index.php\/2023\/03\/02\/vene-casagrande-aponta-quem-e-o-menos-culpado-no-flamengo-depois-de-vice-na-recopa\/#primaryimage"},"image":{"@id":"https:\/\/www.gaveanews.com\/index.php\/2023\/03\/02\/vene-casagrande-aponta-quem-e-o-menos-culpado-no-flamengo-depois-de-vice-na-recopa\/#primaryimage"},"thumbnailUrl":"https:\/\/www.gaveanews.com\/wp-content\/uploads\/vitor-pereira-flamengo-portuguesa-carioca-2023.webp","datePublished":"2023-03-02T03:09:50+00:00","dateModified":"2024-04-07T12:14:43+00:00","author":{"@id":"https:\/\/www.gaveanews.com\/#\/schema\/person\/2ec14f73fb96be2caf28f91afb14749d"},"breadcrumb":{"@id":"https:\/\/www.gaveanews.com\/index.php\/2023\/03\/02\/vene-casagrande-aponta-quem-e-o-menos-culpado-no-flamengo-depois-de-vice-na-recopa\/#breadcrumb"},"inLanguage":"pt-BR","potentialAction":[{"@type":"ReadAction","target":["https:\/\/www.gaveanews.com\/index.php\/2023\/03\/02\/vene-casagrande-aponta-quem-e-o-menos-culpado-no-flamengo-depois-de-vice-na-recopa\/"]}]},{"@type":"ImageObject","inLanguage":"pt-BR","@id":"https:\/\/www.gaveanews.com\/index.php\/2023\/03\/02\/vene-casagrande-aponta-quem-e-o-menos-culpado-no-flamengo-depois-de-vice-na-recopa\/#primaryimage","url":"https:\/\/www.gaveanews.com\/wp-content\/uploads\/vitor-pereira-flamengo-portuguesa-carioca-2023.webp","contentUrl":"https:\/\/www.gaveanews.com\/wp-content\/uploads\/vitor-pereira-flamengo-portuguesa-carioca-2023.webp","width":984,"height":700,"caption":"V\u00edtor Pereira estreia no Flamengo contra a Portuguesa pelo Campeonato Carioca 2023 (Foto: Andr\u00e9 Dur\u00e3o)"},{"@type":"BreadcrumbList","@id":"https:\/\/www.gaveanews.com\/index.php\/2023\/03\/02\/vene-casagrande-aponta-quem-e-o-menos-culpado-no-flamengo-depois-de-vice-na-recopa\/#breadcrumb","itemListElement":[{"@type":"ListItem","position":1,"name":"Home","item":"https:\/\/www.gaveanews.com\/"},{"@type":"ListItem","position":2,"name":"Ven\u00ea Casagrande aponta quem \u00e9 o \u201cmenos\u201d culpado no Flamengo depois de vice na Recopa"}]},{"@type":"WebSite","@id":"https:\/\/www.gaveanews.com\/#website","url":"https:\/\/www.gaveanews.com\/","name":"G\u00e1vea News","description":"Veja todas as not\u00edcias sobre o Flamengo: Contrata\u00e7\u00f5es, categorias de base, resultados das partidas, tabela de classifica\u00e7\u00e3o, pr\u00f3ximos jogos!","potentialAction":[{"@type":"SearchAction","target":{"@type":"EntryPoint","urlTemplate":"https:\/\/www.gaveanews.com\/?s={search_term_string}"},"query-input":{"@type":"PropertyValueSpecification","valueRequired":true,"valueName":"search_term_string"}}],"inLanguage":"pt-BR"},{"@type":"Person","@id":"https:\/\/www.gaveanews.com\/#\/schema\/person\/2ec14f73fb96be2caf28f91afb14749d","name":"Equipe G\u00e1vea News","image":{"@type":"ImageObject","inLanguage":"pt-BR","@id":"https:\/\/www.gaveanews.com\/#\/schema\/person\/image\/","url":"https:\/\/secure.gravatar.com\/avatar\/1e1956f1facbffd3f8fa53a326721950116b3b9dc9bd44939c01180fd4a745a9?s=96&d=mm&r=g","contentUrl":"https:\/\/secure.gravatar.com\/avatar\/1e1956f1facbffd3f8fa53a326721950116b3b9dc9bd44939c01180fd4a745a9?s=96&d=mm&r=g","caption":"Equipe G\u00e1vea News"}}]}},"_links":{"self":[{"href":"https:\/\/www.gaveanews.com\/index.php\/wp-json\/wp\/v2\/posts\/94826","targetHints":{"allow":["GET"]}}],"collection":[{"href":"https:\/\/www.gaveanews.com\/index.php\/wp-json\/wp\/v2\/posts"}],"about":[{"href":"https:\/\/www.gaveanews.com\/index.php\/wp-json\/wp\/v2\/types\/post"}],"author":[{"embeddable":true,"href":"https:\/\/www.gaveanews.com\/index.php\/wp-json\/wp\/v2\/users\/1"}],"replies":[{"embeddable":true,"href":"https:\/\/www.gaveanews.com\/index.php\/wp-json\/wp\/v2\/comments?post=94826"}],"version-history":[{"count":1,"href":"https:\/\/www.gaveanews.com\/index.php\/wp-json\/wp\/v2\/posts\/94826\/revisions"}],"predecessor-version":[{"id":136900,"href":"https:\/\/www.gaveanews.com\/index.php\/wp-json\/wp\/v2\/posts\/94826\/revisions\/136900"}],"wp:featuredmedia":[{"embeddable":true,"href":"https:\/\/www.gaveanews.com\/index.php\/wp-json\/wp\/v2\/media\/93176"}],"wp:attachment":[{"href":"https:\/\/www.gaveanews.com\/index.php\/wp-json\/wp\/v2\/media?parent=94826"}],"wp:term":[{"taxonomy":"category","embeddable":true,"href":"https:\/\/www.gaveanews.com\/index.php\/wp-json\/wp\/v2\/categories?post=94826"},{"taxonomy":"post_tag","embeddable":true,"href":"https:\/\/www.gaveanews.com\/index.php\/wp-json\/wp\/v2\/tags?post=94826"}],"curies":[{"name":"wp","href":"https:\/\/api.w.org\/{rel}","templated":true}]}}