{"id":94836,"date":"2023-03-02T09:37:40","date_gmt":"2023-03-02T12:37:40","guid":{"rendered":"https:\/\/www.gaveanews.com\/?p=94836"},"modified":"2023-03-02T09:37:43","modified_gmt":"2023-03-02T12:37:43","slug":"bom-nome-flamengo-quer-contratar-jogador-do-benfica","status":"publish","type":"post","link":"https:\/\/www.gaveanews.com\/index.php\/2023\/03\/02\/bom-nome-flamengo-quer-contratar-jogador-do-benfica\/","title":{"rendered":"Bom nome? Flamengo quer contratar jogador do Benfica"},"content":{"rendered":"\n<p>O Flamengo ainda n\u00e3o desistiu da ideia de contratar um lateral-direito. Com Guillermo Varela e Matheuzinho em baixa, o clube decidiu voltar \u00e0 carga por um jogador que \u00e9 considerado alvo antigo da diretoria.<\/p>\n\n\n\n<p>O\u00a0site &#8216;Torcedores&#8217; apurou que o Flamengo est\u00e1 interessado na contrata\u00e7\u00e3o do lateral-direito Gilberto, do Benfica, de Portugal. O jogador tem o desejo de retornar ao futebol brasileiro para recuperar a carreira.<\/p>\n\n\n\n<p>Outros clubes tamb\u00e9m buscaram informa\u00e7\u00f5es sobre Gilberto. Nos \u00faltimos dias, ele foi sondado por representantes de Atl\u00e9tico-MG, Gr\u00eamio e Palmeiras. Por\u00e9m, o Flamengo est\u00e1 na frente na disputa.<\/p>\n\n\n\n<p>Isso se d\u00e1 pelo excelente relacionamento que a diretoria rubro=negra tem com o empres\u00e1rio do jogador, Giuliano Bertolucci, da Bertolucci Sports. O agente \u00e9 o maior parceiro comercial do Flamengo mercado da bola europeu desde 2019.<\/p>\n\n\n\n<p>Ainda segundo apurou a reportagem, o Flamengo tenta um acordo com o Benfica para contratar o defensor por empr\u00e9stimo de uma temporada e com op\u00e7\u00e3o dos direitos econ\u00f4micos. Os valores, contudo, ainda n\u00e3o debatidos internamente.<\/p>\n\n\n\n<p>O vice-presidente de futebol do Flamengo, Marcos Braz, tem pressa para agilizar a negocia\u00e7\u00e3o. Isso porque, Guillermo Varela e Matheuzinho ainda n\u00e3o conseguiram emplacar boas atua\u00e7\u00f5es com a camisa rubro-negra.<\/p>\n\n\n\n<p>Gilberto n\u00e3o atravessa bom momento no futebol portugu\u00eas. Ele disputou 26 das 40 partidas disputadas pelo Benfica nesta temporada. Al\u00e9m disso, o jogador perdeu a condi\u00e7\u00e3o de titular para o dinamarqu\u00eas Alexander Bah.<\/p>\n\n\n\n<p>O jogador revelado pelo Botafogo em 2011 e contratado pelo Benfica em agosto de 2020, por 3 milh\u00f5es de euros (R$ 18,9 milh\u00f5es, \u00e0 \u00e9poca). Agora, o clube portugu\u00eas tenta negociar o atleta para reaver o dinheiro empenhado para tir\u00e1-lo do Fluminense.<\/p>\n\n\n\n<h2 class=\"wp-block-heading\" id=\"h-a-carreira-de-gilberto\">A carreira de Gilberto<\/h2>\n\n\n\n<p>Gilberto surgiu para o futebol no CFZ-RJ em 2009. Por\u00e9m, ele ganhou proje\u00e7\u00e3o atuando nas divis\u00f5es de base do Botafogo at\u00e9 ser promovido ao elenco principal pelo t\u00e9cnico Oswaldo de Oliveira em 2021.<\/p>\n\n\n\n<p>Depois disso, o lateral direito passou por Internacional, Vasco e Fluminense. No exterior, teve passagem sem brilho pelo futebol italiano onde atuou por tr\u00eas clubes: Fiorentina, Hellas Verona e Latina.<\/p>\n\n\n\n<p>Retirado de: Torcedores<\/p>\n","protected":false},"excerpt":{"rendered":"<p>O Flamengo ainda n\u00e3o desistiu da ideia de contratar um lateral-direito. Com Guillermo Varela e Matheuzinho em baixa, o clube decidiu voltar \u00e0 carga por um jogador que \u00e9 considerado alvo antigo da diretoria. O\u00a0site &#8216;Torcedores&#8217; apurou que o Flamengo est\u00e1 interessado na contrata\u00e7\u00e3o do lateral-direito Gilberto, do Benfica, de Portugal. O jogador tem o [&hellip;]<\/p>\n","protected":false},"author":1,"featured_media":91723,"comment_status":"open","ping_status":"closed","sticky":false,"template":"","format":"standard","meta":{"footnotes":""},"categories":[48],"tags":[],"class_list":["post-94836","post","type-post","status-publish","format-standard","has-post-thumbnail","hentry","category-negociacoes"],"yoast_head":"<!-- This site is optimized with the Yoast SEO Premium plugin v24.2 (Yoast SEO v26.9) - https:\/\/yoast.com\/product\/yoast-seo-premium-wordpress\/ -->\n<title>Bom nome? Flamengo quer contratar jogador do Benfica<\/title>\n<meta name=\"robots\" content=\"index, follow, max-snippet:-1, max-image-preview:large, max-video-preview:-1\" \/>\n<link rel=\"canonical\" href=\"https:\/\/www.gaveanews.com\/index.php\/2023\/03\/02\/bom-nome-flamengo-quer-contratar-jogador-do-benfica\/\" \/>\n<meta property=\"og:locale\" content=\"pt_BR\" \/>\n<meta property=\"og:type\" content=\"article\" \/>\n<meta property=\"og:title\" content=\"Bom nome? Flamengo quer contratar jogador do Benfica\" \/>\n<meta property=\"og:description\" content=\"O Flamengo ainda n\u00e3o desistiu da ideia de contratar um lateral-direito. Com Guillermo Varela e Matheuzinho em baixa, o clube decidiu voltar \u00e0 carga por um jogador que \u00e9 considerado alvo antigo da diretoria. O\u00a0site &#8216;Torcedores&#8217; apurou que o Flamengo est\u00e1 interessado na contrata\u00e7\u00e3o do lateral-direito Gilberto, do Benfica, de Portugal. O jogador tem o [&hellip;]\" \/>\n<meta property=\"og:url\" content=\"https:\/\/www.gaveanews.com\/index.php\/2023\/03\/02\/bom-nome-flamengo-quer-contratar-jogador-do-benfica\/\" \/>\n<meta property=\"og:site_name\" content=\"G\u00e1vea News\" \/>\n<meta property=\"article:publisher\" content=\"https:\/\/facebook.com\/gaveaNews\/\" \/>\n<meta property=\"article:published_time\" content=\"2023-03-02T12:37:40+00:00\" \/>\n<meta property=\"article:modified_time\" content=\"2023-03-02T12:37:43+00:00\" \/>\n<meta property=\"og:image\" content=\"https:\/\/www.gaveanews.com\/wp-content\/uploads\/gilberto-benfica.webp\" \/>\n\t<meta property=\"og:image:width\" content=\"984\" \/>\n\t<meta property=\"og:image:height\" content=\"699\" \/>\n\t<meta property=\"og:image:type\" content=\"image\/webp\" \/>\n<meta name=\"author\" content=\"Equipe G\u00e1vea News\" \/>\n<meta name=\"twitter:card\" content=\"summary_large_image\" \/>\n<meta name=\"twitter:label1\" content=\"Escrito por\" \/>\n\t<meta name=\"twitter:data1\" content=\"Equipe G\u00e1vea News\" \/>\n\t<meta name=\"twitter:label2\" content=\"Est. tempo de leitura\" \/>\n\t<meta name=\"twitter:data2\" content=\"2 minutos\" \/>\n<script type=\"application\/ld+json\" class=\"yoast-schema-graph\">{\"@context\":\"https:\/\/schema.org\",\"@graph\":[{\"@type\":\"NewsArticle\",\"@id\":\"https:\/\/www.gaveanews.com\/index.php\/2023\/03\/02\/bom-nome-flamengo-quer-contratar-jogador-do-benfica\/#article\",\"isPartOf\":{\"@id\":\"https:\/\/www.gaveanews.com\/index.php\/2023\/03\/02\/bom-nome-flamengo-quer-contratar-jogador-do-benfica\/\"},\"author\":{\"name\":\"Equipe G\u00e1vea News\",\"@id\":\"https:\/\/www.gaveanews.com\/#\/schema\/person\/2ec14f73fb96be2caf28f91afb14749d\"},\"headline\":\"Bom nome? Flamengo quer contratar jogador do Benfica\",\"datePublished\":\"2023-03-02T12:37:40+00:00\",\"dateModified\":\"2023-03-02T12:37:43+00:00\",\"mainEntityOfPage\":{\"@id\":\"https:\/\/www.gaveanews.com\/index.php\/2023\/03\/02\/bom-nome-flamengo-quer-contratar-jogador-do-benfica\/\"},\"wordCount\":365,\"commentCount\":0,\"image\":{\"@id\":\"https:\/\/www.gaveanews.com\/index.php\/2023\/03\/02\/bom-nome-flamengo-quer-contratar-jogador-do-benfica\/#primaryimage\"},\"thumbnailUrl\":\"https:\/\/www.gaveanews.com\/wp-content\/uploads\/gilberto-benfica.webp\",\"articleSection\":[\"Negocia\u00e7\u00f5es\"],\"inLanguage\":\"pt-BR\",\"potentialAction\":[{\"@type\":\"CommentAction\",\"name\":\"Comment\",\"target\":[\"https:\/\/www.gaveanews.com\/index.php\/2023\/03\/02\/bom-nome-flamengo-quer-contratar-jogador-do-benfica\/#respond\"]}],\"copyrightYear\":\"2023\",\"copyrightHolder\":{\"@id\":\"https:\/\/www.gaveanews.com\/#organization\"}},{\"@type\":\"WebPage\",\"@id\":\"https:\/\/www.gaveanews.com\/index.php\/2023\/03\/02\/bom-nome-flamengo-quer-contratar-jogador-do-benfica\/\",\"url\":\"https:\/\/www.gaveanews.com\/index.php\/2023\/03\/02\/bom-nome-flamengo-quer-contratar-jogador-do-benfica\/\",\"name\":\"Bom nome? Flamengo quer contratar jogador do Benfica\",\"isPartOf\":{\"@id\":\"https:\/\/www.gaveanews.com\/#website\"},\"primaryImageOfPage\":{\"@id\":\"https:\/\/www.gaveanews.com\/index.php\/2023\/03\/02\/bom-nome-flamengo-quer-contratar-jogador-do-benfica\/#primaryimage\"},\"image\":{\"@id\":\"https:\/\/www.gaveanews.com\/index.php\/2023\/03\/02\/bom-nome-flamengo-quer-contratar-jogador-do-benfica\/#primaryimage\"},\"thumbnailUrl\":\"https:\/\/www.gaveanews.com\/wp-content\/uploads\/gilberto-benfica.webp\",\"datePublished\":\"2023-03-02T12:37:40+00:00\",\"dateModified\":\"2023-03-02T12:37:43+00:00\",\"author\":{\"@id\":\"https:\/\/www.gaveanews.com\/#\/schema\/person\/2ec14f73fb96be2caf28f91afb14749d\"},\"breadcrumb\":{\"@id\":\"https:\/\/www.gaveanews.com\/index.php\/2023\/03\/02\/bom-nome-flamengo-quer-contratar-jogador-do-benfica\/#breadcrumb\"},\"inLanguage\":\"pt-BR\",\"potentialAction\":[{\"@type\":\"ReadAction\",\"target\":[\"https:\/\/www.gaveanews.com\/index.php\/2023\/03\/02\/bom-nome-flamengo-quer-contratar-jogador-do-benfica\/\"]}]},{\"@type\":\"ImageObject\",\"inLanguage\":\"pt-BR\",\"@id\":\"https:\/\/www.gaveanews.com\/index.php\/2023\/03\/02\/bom-nome-flamengo-quer-contratar-jogador-do-benfica\/#primaryimage\",\"url\":\"https:\/\/www.gaveanews.com\/wp-content\/uploads\/gilberto-benfica.webp\",\"contentUrl\":\"https:\/\/www.gaveanews.com\/wp-content\/uploads\/gilberto-benfica.webp\",\"width\":984,\"height\":699,\"caption\":\"Gilberto em partida pelo Benfica (Foto: Reuters)\"},{\"@type\":\"BreadcrumbList\",\"@id\":\"https:\/\/www.gaveanews.com\/index.php\/2023\/03\/02\/bom-nome-flamengo-quer-contratar-jogador-do-benfica\/#breadcrumb\",\"itemListElement\":[{\"@type\":\"ListItem\",\"position\":1,\"name\":\"Home\",\"item\":\"https:\/\/www.gaveanews.com\/\"},{\"@type\":\"ListItem\",\"position\":2,\"name\":\"Bom nome? Flamengo quer contratar jogador do Benfica\"}]},{\"@type\":\"WebSite\",\"@id\":\"https:\/\/www.gaveanews.com\/#website\",\"url\":\"https:\/\/www.gaveanews.com\/\",\"name\":\"G\u00e1vea News\",\"description\":\"Veja todas as not\u00edcias sobre o Flamengo: Contrata\u00e7\u00f5es, categorias de base, resultados das partidas, tabela de classifica\u00e7\u00e3o, pr\u00f3ximos jogos!\",\"potentialAction\":[{\"@type\":\"SearchAction\",\"target\":{\"@type\":\"EntryPoint\",\"urlTemplate\":\"https:\/\/www.gaveanews.com\/?s={search_term_string}\"},\"query-input\":{\"@type\":\"PropertyValueSpecification\",\"valueRequired\":true,\"valueName\":\"search_term_string\"}}],\"inLanguage\":\"pt-BR\"},{\"@type\":\"Person\",\"@id\":\"https:\/\/www.gaveanews.com\/#\/schema\/person\/2ec14f73fb96be2caf28f91afb14749d\",\"name\":\"Equipe G\u00e1vea News\",\"image\":{\"@type\":\"ImageObject\",\"inLanguage\":\"pt-BR\",\"@id\":\"https:\/\/www.gaveanews.com\/#\/schema\/person\/image\/\",\"url\":\"https:\/\/secure.gravatar.com\/avatar\/1e1956f1facbffd3f8fa53a326721950116b3b9dc9bd44939c01180fd4a745a9?s=96&d=mm&r=g\",\"contentUrl\":\"https:\/\/secure.gravatar.com\/avatar\/1e1956f1facbffd3f8fa53a326721950116b3b9dc9bd44939c01180fd4a745a9?s=96&d=mm&r=g\",\"caption\":\"Equipe G\u00e1vea News\"}}]}<\/script>\n<!-- \/ Yoast SEO Premium plugin. -->","yoast_head_json":{"title":"Bom nome? Flamengo quer contratar jogador do Benfica","robots":{"index":"index","follow":"follow","max-snippet":"max-snippet:-1","max-image-preview":"max-image-preview:large","max-video-preview":"max-video-preview:-1"},"canonical":"https:\/\/www.gaveanews.com\/index.php\/2023\/03\/02\/bom-nome-flamengo-quer-contratar-jogador-do-benfica\/","og_locale":"pt_BR","og_type":"article","og_title":"Bom nome? Flamengo quer contratar jogador do Benfica","og_description":"O Flamengo ainda n\u00e3o desistiu da ideia de contratar um lateral-direito. Com Guillermo Varela e Matheuzinho em baixa, o clube decidiu voltar \u00e0 carga por um jogador que \u00e9 considerado alvo antigo da diretoria. O\u00a0site &#8216;Torcedores&#8217; apurou que o Flamengo est\u00e1 interessado na contrata\u00e7\u00e3o do lateral-direito Gilberto, do Benfica, de Portugal. O jogador tem o [&hellip;]","og_url":"https:\/\/www.gaveanews.com\/index.php\/2023\/03\/02\/bom-nome-flamengo-quer-contratar-jogador-do-benfica\/","og_site_name":"G\u00e1vea News","article_publisher":"https:\/\/facebook.com\/gaveaNews\/","article_published_time":"2023-03-02T12:37:40+00:00","article_modified_time":"2023-03-02T12:37:43+00:00","og_image":[{"width":984,"height":699,"url":"https:\/\/www.gaveanews.com\/wp-content\/uploads\/gilberto-benfica.webp","type":"image\/webp"}],"author":"Equipe G\u00e1vea News","twitter_card":"summary_large_image","twitter_misc":{"Escrito por":"Equipe G\u00e1vea News","Est. tempo de leitura":"2 minutos"},"schema":{"@context":"https:\/\/schema.org","@graph":[{"@type":"NewsArticle","@id":"https:\/\/www.gaveanews.com\/index.php\/2023\/03\/02\/bom-nome-flamengo-quer-contratar-jogador-do-benfica\/#article","isPartOf":{"@id":"https:\/\/www.gaveanews.com\/index.php\/2023\/03\/02\/bom-nome-flamengo-quer-contratar-jogador-do-benfica\/"},"author":{"name":"Equipe G\u00e1vea News","@id":"https:\/\/www.gaveanews.com\/#\/schema\/person\/2ec14f73fb96be2caf28f91afb14749d"},"headline":"Bom nome? Flamengo quer contratar jogador do Benfica","datePublished":"2023-03-02T12:37:40+00:00","dateModified":"2023-03-02T12:37:43+00:00","mainEntityOfPage":{"@id":"https:\/\/www.gaveanews.com\/index.php\/2023\/03\/02\/bom-nome-flamengo-quer-contratar-jogador-do-benfica\/"},"wordCount":365,"commentCount":0,"image":{"@id":"https:\/\/www.gaveanews.com\/index.php\/2023\/03\/02\/bom-nome-flamengo-quer-contratar-jogador-do-benfica\/#primaryimage"},"thumbnailUrl":"https:\/\/www.gaveanews.com\/wp-content\/uploads\/gilberto-benfica.webp","articleSection":["Negocia\u00e7\u00f5es"],"inLanguage":"pt-BR","potentialAction":[{"@type":"CommentAction","name":"Comment","target":["https:\/\/www.gaveanews.com\/index.php\/2023\/03\/02\/bom-nome-flamengo-quer-contratar-jogador-do-benfica\/#respond"]}],"copyrightYear":"2023","copyrightHolder":{"@id":"https:\/\/www.gaveanews.com\/#organization"}},{"@type":"WebPage","@id":"https:\/\/www.gaveanews.com\/index.php\/2023\/03\/02\/bom-nome-flamengo-quer-contratar-jogador-do-benfica\/","url":"https:\/\/www.gaveanews.com\/index.php\/2023\/03\/02\/bom-nome-flamengo-quer-contratar-jogador-do-benfica\/","name":"Bom nome? Flamengo quer contratar jogador do Benfica","isPartOf":{"@id":"https:\/\/www.gaveanews.com\/#website"},"primaryImageOfPage":{"@id":"https:\/\/www.gaveanews.com\/index.php\/2023\/03\/02\/bom-nome-flamengo-quer-contratar-jogador-do-benfica\/#primaryimage"},"image":{"@id":"https:\/\/www.gaveanews.com\/index.php\/2023\/03\/02\/bom-nome-flamengo-quer-contratar-jogador-do-benfica\/#primaryimage"},"thumbnailUrl":"https:\/\/www.gaveanews.com\/wp-content\/uploads\/gilberto-benfica.webp","datePublished":"2023-03-02T12:37:40+00:00","dateModified":"2023-03-02T12:37:43+00:00","author":{"@id":"https:\/\/www.gaveanews.com\/#\/schema\/person\/2ec14f73fb96be2caf28f91afb14749d"},"breadcrumb":{"@id":"https:\/\/www.gaveanews.com\/index.php\/2023\/03\/02\/bom-nome-flamengo-quer-contratar-jogador-do-benfica\/#breadcrumb"},"inLanguage":"pt-BR","potentialAction":[{"@type":"ReadAction","target":["https:\/\/www.gaveanews.com\/index.php\/2023\/03\/02\/bom-nome-flamengo-quer-contratar-jogador-do-benfica\/"]}]},{"@type":"ImageObject","inLanguage":"pt-BR","@id":"https:\/\/www.gaveanews.com\/index.php\/2023\/03\/02\/bom-nome-flamengo-quer-contratar-jogador-do-benfica\/#primaryimage","url":"https:\/\/www.gaveanews.com\/wp-content\/uploads\/gilberto-benfica.webp","contentUrl":"https:\/\/www.gaveanews.com\/wp-content\/uploads\/gilberto-benfica.webp","width":984,"height":699,"caption":"Gilberto em partida pelo Benfica (Foto: Reuters)"},{"@type":"BreadcrumbList","@id":"https:\/\/www.gaveanews.com\/index.php\/2023\/03\/02\/bom-nome-flamengo-quer-contratar-jogador-do-benfica\/#breadcrumb","itemListElement":[{"@type":"ListItem","position":1,"name":"Home","item":"https:\/\/www.gaveanews.com\/"},{"@type":"ListItem","position":2,"name":"Bom nome? Flamengo quer contratar jogador do Benfica"}]},{"@type":"WebSite","@id":"https:\/\/www.gaveanews.com\/#website","url":"https:\/\/www.gaveanews.com\/","name":"G\u00e1vea News","description":"Veja todas as not\u00edcias sobre o Flamengo: Contrata\u00e7\u00f5es, categorias de base, resultados das partidas, tabela de classifica\u00e7\u00e3o, pr\u00f3ximos jogos!","potentialAction":[{"@type":"SearchAction","target":{"@type":"EntryPoint","urlTemplate":"https:\/\/www.gaveanews.com\/?s={search_term_string}"},"query-input":{"@type":"PropertyValueSpecification","valueRequired":true,"valueName":"search_term_string"}}],"inLanguage":"pt-BR"},{"@type":"Person","@id":"https:\/\/www.gaveanews.com\/#\/schema\/person\/2ec14f73fb96be2caf28f91afb14749d","name":"Equipe G\u00e1vea News","image":{"@type":"ImageObject","inLanguage":"pt-BR","@id":"https:\/\/www.gaveanews.com\/#\/schema\/person\/image\/","url":"https:\/\/secure.gravatar.com\/avatar\/1e1956f1facbffd3f8fa53a326721950116b3b9dc9bd44939c01180fd4a745a9?s=96&d=mm&r=g","contentUrl":"https:\/\/secure.gravatar.com\/avatar\/1e1956f1facbffd3f8fa53a326721950116b3b9dc9bd44939c01180fd4a745a9?s=96&d=mm&r=g","caption":"Equipe G\u00e1vea News"}}]}},"_links":{"self":[{"href":"https:\/\/www.gaveanews.com\/index.php\/wp-json\/wp\/v2\/posts\/94836","targetHints":{"allow":["GET"]}}],"collection":[{"href":"https:\/\/www.gaveanews.com\/index.php\/wp-json\/wp\/v2\/posts"}],"about":[{"href":"https:\/\/www.gaveanews.com\/index.php\/wp-json\/wp\/v2\/types\/post"}],"author":[{"embeddable":true,"href":"https:\/\/www.gaveanews.com\/index.php\/wp-json\/wp\/v2\/users\/1"}],"replies":[{"embeddable":true,"href":"https:\/\/www.gaveanews.com\/index.php\/wp-json\/wp\/v2\/comments?post=94836"}],"version-history":[{"count":0,"href":"https:\/\/www.gaveanews.com\/index.php\/wp-json\/wp\/v2\/posts\/94836\/revisions"}],"wp:featuredmedia":[{"embeddable":true,"href":"https:\/\/www.gaveanews.com\/index.php\/wp-json\/wp\/v2\/media\/91723"}],"wp:attachment":[{"href":"https:\/\/www.gaveanews.com\/index.php\/wp-json\/wp\/v2\/media?parent=94836"}],"wp:term":[{"taxonomy":"category","embeddable":true,"href":"https:\/\/www.gaveanews.com\/index.php\/wp-json\/wp\/v2\/categories?post=94836"},{"taxonomy":"post_tag","embeddable":true,"href":"https:\/\/www.gaveanews.com\/index.php\/wp-json\/wp\/v2\/tags?post=94836"}],"curies":[{"name":"wp","href":"https:\/\/api.w.org\/{rel}","templated":true}]}}