{"id":94846,"date":"2023-03-02T12:51:03","date_gmt":"2023-03-02T15:51:03","guid":{"rendered":"https:\/\/www.gaveanews.com\/?p=94846"},"modified":"2023-03-02T13:14:43","modified_gmt":"2023-03-02T16:14:43","slug":"declaracao-de-vitor-pereira-do-flamengo-gera-revolta","status":"publish","type":"post","link":"https:\/\/www.gaveanews.com\/index.php\/2023\/03\/02\/declaracao-de-vitor-pereira-do-flamengo-gera-revolta\/","title":{"rendered":"Declara\u00e7\u00e3o de V\u00edtor Pereira, do Flamengo, gera revolta"},"content":{"rendered":"\n<p>Com dois meses de Flamengo, V\u00edtor Pereira parece j\u00e1 estar na corda bamba. O Rubro-Negro passou em branco nos tr\u00eas t\u00edtulos que disputou at\u00e9 aqui, sendo o \u00faltimo diante do Independiente del Valle, na Recopa Sul-Americana. A entrevista p\u00f3s-jogo do treinador n\u00e3o foi bem digerida pelo rep\u00f3rter Rodrigo Viga, da R\u00e1dio Jovem Pan.<\/p>\n\n\n\n<p>\u201cSeria muito mais f\u00e1cil pra mim n\u00e3o assumir a equipe nestas condi\u00e7\u00f5es. Eu assumi e no tempo que estamos j\u00e1 fizemos 12 jogos, \u00e9 uma pr\u00e9-temporada. Sabia que n\u00e3o teria esse tempo. Hoje, se tiv\u00e9ssemos feito a metade das oportunidades, o discurso seria diferente. Se eu sentisse que n\u00e3o teria alinhamento seria o primeiro a falar, mas eu sinto totalmente o contr\u00e1rio\u201d, disse V\u00edtor Pereira.<\/p>\n\n\n\n<p>Viga, por sua vez, reprovou as declara\u00e7\u00f5es de VP. \u201cPeixe morre pela boca. O torcedor n\u00e3o quer ouvir isso, esse discurso \u00e9 script j\u00e1 pronto esperando o que poderia acontecer. N\u00e3o \u00e9 essa a postura. Primeiro ele tem que ter humildade, ser sujeito homem. Eu errei, n\u00f3s erramos, todos n\u00f3s erramos. Agora, vir com esse discursinho\u2026O V\u00edtor Pereira est\u00e1 perdido\u201d, afirma.<\/p>\n\n\n\n<p>O Flamengo pode enfim ganhar o primeiro trof\u00e9u da temporada neste domingo. Para ficar com a Ta\u00e7a Guanabara, fase de classifica\u00e7\u00e3o do Campeonato Carioca, os rubro-negros precisam vencer o Vasco, em partida disputada \u00e0s 18h10 (de Bras\u00edlia), no Maracan\u00e3.<\/p>\n\n\n\n<h2 class=\"wp-block-heading\" id=\"h-vitor-pereira-demitido\">V\u00edtor Pereira demitido?<\/h2>\n\n\n\n<p>Ainda que o trabalho seja embrion\u00e1rio, Viga n\u00e3o enxerga outra alternativa que a troca no comando t\u00e9cnico da equipe. O jornalista cita os tr\u00eas trope\u00e7os neste come\u00e7o de 2023.<\/p>\n\n\n\n<p>\u201cN\u00e3o se sabe internamente o que acontece internamente, mas n\u00e3o vejo for\u00e7a, toque e capacidade para o t\u00e9cnico V\u00edtor Pereira reverter. N\u00e3o sei se houve liga entre ele e jogadores, se h\u00e1 vi\u00favas daqueles que queriam a perman\u00eancia de Dorival Jr., mas entendo que \u00e9 preciso cortar o mal pela ra\u00edz. Das tr\u00eas competi\u00e7\u00f5es que ele tinha, essa era, em tese, a mais f\u00e1cil. O Mundial de Clubes era dif\u00edcil, e diante do Palmeiras, que \u00e9 um time organizado acabou perdendo. Acho que a press\u00e3o \u00e9 muito grande. O V\u00edtor Pereira faria um bem ao Flamengo se chegasse a um consenso com a diretoria. A sa\u00edda dele deveria ser urgente para o bem da temporada\u201d.<\/p>\n\n\n\n<p>Retirado de: Torcedores<\/p>\n","protected":false},"excerpt":{"rendered":"<p>Com dois meses de Flamengo, V\u00edtor Pereira parece j\u00e1 estar na corda bamba. O Rubro-Negro passou em branco nos tr\u00eas t\u00edtulos que disputou at\u00e9 aqui, sendo o \u00faltimo diante do Independiente del Valle, na Recopa Sul-Americana. A entrevista p\u00f3s-jogo do treinador n\u00e3o foi bem digerida pelo rep\u00f3rter Rodrigo Viga, da R\u00e1dio Jovem Pan. \u201cSeria muito [&hellip;]<\/p>\n","protected":false},"author":1,"featured_media":93176,"comment_status":"open","ping_status":"closed","sticky":false,"template":"","format":"standard","meta":{"footnotes":""},"categories":[1],"tags":[],"class_list":["post-94846","post","type-post","status-publish","format-standard","has-post-thumbnail","hentry","category-flamengo"],"yoast_head":"<!-- This site is optimized with the Yoast SEO Premium plugin v24.2 (Yoast SEO v26.9) - https:\/\/yoast.com\/product\/yoast-seo-premium-wordpress\/ -->\n<title>Declara\u00e7\u00e3o de V\u00edtor Pereira, do Flamengo, gera revolta<\/title>\n<meta name=\"robots\" content=\"index, follow, max-snippet:-1, max-image-preview:large, max-video-preview:-1\" \/>\n<link rel=\"canonical\" href=\"https:\/\/www.gaveanews.com\/index.php\/2023\/03\/02\/declaracao-de-vitor-pereira-do-flamengo-gera-revolta\/\" \/>\n<meta property=\"og:locale\" content=\"pt_BR\" \/>\n<meta property=\"og:type\" content=\"article\" \/>\n<meta property=\"og:title\" content=\"Declara\u00e7\u00e3o de V\u00edtor Pereira, do Flamengo, gera revolta\" \/>\n<meta property=\"og:description\" content=\"Com dois meses de Flamengo, V\u00edtor Pereira parece j\u00e1 estar na corda bamba. O Rubro-Negro passou em branco nos tr\u00eas t\u00edtulos que disputou at\u00e9 aqui, sendo o \u00faltimo diante do Independiente del Valle, na Recopa Sul-Americana. A entrevista p\u00f3s-jogo do treinador n\u00e3o foi bem digerida pelo rep\u00f3rter Rodrigo Viga, da R\u00e1dio Jovem Pan. \u201cSeria muito [&hellip;]\" \/>\n<meta property=\"og:url\" content=\"https:\/\/www.gaveanews.com\/index.php\/2023\/03\/02\/declaracao-de-vitor-pereira-do-flamengo-gera-revolta\/\" \/>\n<meta property=\"og:site_name\" content=\"G\u00e1vea News\" \/>\n<meta property=\"article:publisher\" content=\"https:\/\/facebook.com\/gaveaNews\/\" \/>\n<meta property=\"article:published_time\" content=\"2023-03-02T15:51:03+00:00\" \/>\n<meta property=\"article:modified_time\" content=\"2023-03-02T16:14:43+00:00\" \/>\n<meta property=\"og:image\" content=\"https:\/\/www.gaveanews.com\/wp-content\/uploads\/vitor-pereira-flamengo-portuguesa-carioca-2023.webp\" \/>\n\t<meta property=\"og:image:width\" content=\"984\" \/>\n\t<meta property=\"og:image:height\" content=\"700\" \/>\n\t<meta property=\"og:image:type\" content=\"image\/webp\" \/>\n<meta name=\"author\" content=\"Equipe G\u00e1vea News\" \/>\n<meta name=\"twitter:card\" content=\"summary_large_image\" \/>\n<meta name=\"twitter:label1\" content=\"Escrito por\" \/>\n\t<meta name=\"twitter:data1\" content=\"Equipe G\u00e1vea News\" \/>\n\t<meta name=\"twitter:label2\" content=\"Est. tempo de leitura\" \/>\n\t<meta name=\"twitter:data2\" content=\"3 minutos\" \/>\n<script type=\"application\/ld+json\" class=\"yoast-schema-graph\">{\"@context\":\"https:\/\/schema.org\",\"@graph\":[{\"@type\":\"NewsArticle\",\"@id\":\"https:\/\/www.gaveanews.com\/index.php\/2023\/03\/02\/declaracao-de-vitor-pereira-do-flamengo-gera-revolta\/#article\",\"isPartOf\":{\"@id\":\"https:\/\/www.gaveanews.com\/index.php\/2023\/03\/02\/declaracao-de-vitor-pereira-do-flamengo-gera-revolta\/\"},\"author\":{\"name\":\"Equipe G\u00e1vea News\",\"@id\":\"https:\/\/www.gaveanews.com\/#\/schema\/person\/2ec14f73fb96be2caf28f91afb14749d\"},\"headline\":\"Declara\u00e7\u00e3o de V\u00edtor Pereira, do Flamengo, gera revolta\",\"datePublished\":\"2023-03-02T15:51:03+00:00\",\"dateModified\":\"2023-03-02T16:14:43+00:00\",\"mainEntityOfPage\":{\"@id\":\"https:\/\/www.gaveanews.com\/index.php\/2023\/03\/02\/declaracao-de-vitor-pereira-do-flamengo-gera-revolta\/\"},\"wordCount\":420,\"commentCount\":0,\"image\":{\"@id\":\"https:\/\/www.gaveanews.com\/index.php\/2023\/03\/02\/declaracao-de-vitor-pereira-do-flamengo-gera-revolta\/#primaryimage\"},\"thumbnailUrl\":\"https:\/\/www.gaveanews.com\/wp-content\/uploads\/vitor-pereira-flamengo-portuguesa-carioca-2023.webp\",\"articleSection\":[\"Flamengo\"],\"inLanguage\":\"pt-BR\",\"potentialAction\":[{\"@type\":\"CommentAction\",\"name\":\"Comment\",\"target\":[\"https:\/\/www.gaveanews.com\/index.php\/2023\/03\/02\/declaracao-de-vitor-pereira-do-flamengo-gera-revolta\/#respond\"]}],\"copyrightYear\":\"2023\",\"copyrightHolder\":{\"@id\":\"https:\/\/www.gaveanews.com\/#organization\"}},{\"@type\":\"WebPage\",\"@id\":\"https:\/\/www.gaveanews.com\/index.php\/2023\/03\/02\/declaracao-de-vitor-pereira-do-flamengo-gera-revolta\/\",\"url\":\"https:\/\/www.gaveanews.com\/index.php\/2023\/03\/02\/declaracao-de-vitor-pereira-do-flamengo-gera-revolta\/\",\"name\":\"Declara\u00e7\u00e3o de V\u00edtor Pereira, do Flamengo, gera revolta\",\"isPartOf\":{\"@id\":\"https:\/\/www.gaveanews.com\/#website\"},\"primaryImageOfPage\":{\"@id\":\"https:\/\/www.gaveanews.com\/index.php\/2023\/03\/02\/declaracao-de-vitor-pereira-do-flamengo-gera-revolta\/#primaryimage\"},\"image\":{\"@id\":\"https:\/\/www.gaveanews.com\/index.php\/2023\/03\/02\/declaracao-de-vitor-pereira-do-flamengo-gera-revolta\/#primaryimage\"},\"thumbnailUrl\":\"https:\/\/www.gaveanews.com\/wp-content\/uploads\/vitor-pereira-flamengo-portuguesa-carioca-2023.webp\",\"datePublished\":\"2023-03-02T15:51:03+00:00\",\"dateModified\":\"2023-03-02T16:14:43+00:00\",\"author\":{\"@id\":\"https:\/\/www.gaveanews.com\/#\/schema\/person\/2ec14f73fb96be2caf28f91afb14749d\"},\"breadcrumb\":{\"@id\":\"https:\/\/www.gaveanews.com\/index.php\/2023\/03\/02\/declaracao-de-vitor-pereira-do-flamengo-gera-revolta\/#breadcrumb\"},\"inLanguage\":\"pt-BR\",\"potentialAction\":[{\"@type\":\"ReadAction\",\"target\":[\"https:\/\/www.gaveanews.com\/index.php\/2023\/03\/02\/declaracao-de-vitor-pereira-do-flamengo-gera-revolta\/\"]}]},{\"@type\":\"ImageObject\",\"inLanguage\":\"pt-BR\",\"@id\":\"https:\/\/www.gaveanews.com\/index.php\/2023\/03\/02\/declaracao-de-vitor-pereira-do-flamengo-gera-revolta\/#primaryimage\",\"url\":\"https:\/\/www.gaveanews.com\/wp-content\/uploads\/vitor-pereira-flamengo-portuguesa-carioca-2023.webp\",\"contentUrl\":\"https:\/\/www.gaveanews.com\/wp-content\/uploads\/vitor-pereira-flamengo-portuguesa-carioca-2023.webp\",\"width\":984,\"height\":700,\"caption\":\"V\u00edtor Pereira estreia no Flamengo contra a Portuguesa pelo Campeonato Carioca 2023 (Foto: Andr\u00e9 Dur\u00e3o)\"},{\"@type\":\"BreadcrumbList\",\"@id\":\"https:\/\/www.gaveanews.com\/index.php\/2023\/03\/02\/declaracao-de-vitor-pereira-do-flamengo-gera-revolta\/#breadcrumb\",\"itemListElement\":[{\"@type\":\"ListItem\",\"position\":1,\"name\":\"Home\",\"item\":\"https:\/\/www.gaveanews.com\/\"},{\"@type\":\"ListItem\",\"position\":2,\"name\":\"Declara\u00e7\u00e3o de V\u00edtor Pereira, do Flamengo, gera revolta\"}]},{\"@type\":\"WebSite\",\"@id\":\"https:\/\/www.gaveanews.com\/#website\",\"url\":\"https:\/\/www.gaveanews.com\/\",\"name\":\"G\u00e1vea News\",\"description\":\"Veja todas as not\u00edcias sobre o Flamengo: Contrata\u00e7\u00f5es, categorias de base, resultados das partidas, tabela de classifica\u00e7\u00e3o, pr\u00f3ximos jogos!\",\"potentialAction\":[{\"@type\":\"SearchAction\",\"target\":{\"@type\":\"EntryPoint\",\"urlTemplate\":\"https:\/\/www.gaveanews.com\/?s={search_term_string}\"},\"query-input\":{\"@type\":\"PropertyValueSpecification\",\"valueRequired\":true,\"valueName\":\"search_term_string\"}}],\"inLanguage\":\"pt-BR\"},{\"@type\":\"Person\",\"@id\":\"https:\/\/www.gaveanews.com\/#\/schema\/person\/2ec14f73fb96be2caf28f91afb14749d\",\"name\":\"Equipe G\u00e1vea News\",\"image\":{\"@type\":\"ImageObject\",\"inLanguage\":\"pt-BR\",\"@id\":\"https:\/\/www.gaveanews.com\/#\/schema\/person\/image\/\",\"url\":\"https:\/\/secure.gravatar.com\/avatar\/1e1956f1facbffd3f8fa53a326721950116b3b9dc9bd44939c01180fd4a745a9?s=96&d=mm&r=g\",\"contentUrl\":\"https:\/\/secure.gravatar.com\/avatar\/1e1956f1facbffd3f8fa53a326721950116b3b9dc9bd44939c01180fd4a745a9?s=96&d=mm&r=g\",\"caption\":\"Equipe G\u00e1vea News\"}}]}<\/script>\n<!-- \/ Yoast SEO Premium plugin. -->","yoast_head_json":{"title":"Declara\u00e7\u00e3o de V\u00edtor Pereira, do Flamengo, gera revolta","robots":{"index":"index","follow":"follow","max-snippet":"max-snippet:-1","max-image-preview":"max-image-preview:large","max-video-preview":"max-video-preview:-1"},"canonical":"https:\/\/www.gaveanews.com\/index.php\/2023\/03\/02\/declaracao-de-vitor-pereira-do-flamengo-gera-revolta\/","og_locale":"pt_BR","og_type":"article","og_title":"Declara\u00e7\u00e3o de V\u00edtor Pereira, do Flamengo, gera revolta","og_description":"Com dois meses de Flamengo, V\u00edtor Pereira parece j\u00e1 estar na corda bamba. O Rubro-Negro passou em branco nos tr\u00eas t\u00edtulos que disputou at\u00e9 aqui, sendo o \u00faltimo diante do Independiente del Valle, na Recopa Sul-Americana. A entrevista p\u00f3s-jogo do treinador n\u00e3o foi bem digerida pelo rep\u00f3rter Rodrigo Viga, da R\u00e1dio Jovem Pan. \u201cSeria muito [&hellip;]","og_url":"https:\/\/www.gaveanews.com\/index.php\/2023\/03\/02\/declaracao-de-vitor-pereira-do-flamengo-gera-revolta\/","og_site_name":"G\u00e1vea News","article_publisher":"https:\/\/facebook.com\/gaveaNews\/","article_published_time":"2023-03-02T15:51:03+00:00","article_modified_time":"2023-03-02T16:14:43+00:00","og_image":[{"width":984,"height":700,"url":"https:\/\/www.gaveanews.com\/wp-content\/uploads\/vitor-pereira-flamengo-portuguesa-carioca-2023.webp","type":"image\/webp"}],"author":"Equipe G\u00e1vea News","twitter_card":"summary_large_image","twitter_misc":{"Escrito por":"Equipe G\u00e1vea News","Est. tempo de leitura":"3 minutos"},"schema":{"@context":"https:\/\/schema.org","@graph":[{"@type":"NewsArticle","@id":"https:\/\/www.gaveanews.com\/index.php\/2023\/03\/02\/declaracao-de-vitor-pereira-do-flamengo-gera-revolta\/#article","isPartOf":{"@id":"https:\/\/www.gaveanews.com\/index.php\/2023\/03\/02\/declaracao-de-vitor-pereira-do-flamengo-gera-revolta\/"},"author":{"name":"Equipe G\u00e1vea News","@id":"https:\/\/www.gaveanews.com\/#\/schema\/person\/2ec14f73fb96be2caf28f91afb14749d"},"headline":"Declara\u00e7\u00e3o de V\u00edtor Pereira, do Flamengo, gera revolta","datePublished":"2023-03-02T15:51:03+00:00","dateModified":"2023-03-02T16:14:43+00:00","mainEntityOfPage":{"@id":"https:\/\/www.gaveanews.com\/index.php\/2023\/03\/02\/declaracao-de-vitor-pereira-do-flamengo-gera-revolta\/"},"wordCount":420,"commentCount":0,"image":{"@id":"https:\/\/www.gaveanews.com\/index.php\/2023\/03\/02\/declaracao-de-vitor-pereira-do-flamengo-gera-revolta\/#primaryimage"},"thumbnailUrl":"https:\/\/www.gaveanews.com\/wp-content\/uploads\/vitor-pereira-flamengo-portuguesa-carioca-2023.webp","articleSection":["Flamengo"],"inLanguage":"pt-BR","potentialAction":[{"@type":"CommentAction","name":"Comment","target":["https:\/\/www.gaveanews.com\/index.php\/2023\/03\/02\/declaracao-de-vitor-pereira-do-flamengo-gera-revolta\/#respond"]}],"copyrightYear":"2023","copyrightHolder":{"@id":"https:\/\/www.gaveanews.com\/#organization"}},{"@type":"WebPage","@id":"https:\/\/www.gaveanews.com\/index.php\/2023\/03\/02\/declaracao-de-vitor-pereira-do-flamengo-gera-revolta\/","url":"https:\/\/www.gaveanews.com\/index.php\/2023\/03\/02\/declaracao-de-vitor-pereira-do-flamengo-gera-revolta\/","name":"Declara\u00e7\u00e3o de V\u00edtor Pereira, do Flamengo, gera revolta","isPartOf":{"@id":"https:\/\/www.gaveanews.com\/#website"},"primaryImageOfPage":{"@id":"https:\/\/www.gaveanews.com\/index.php\/2023\/03\/02\/declaracao-de-vitor-pereira-do-flamengo-gera-revolta\/#primaryimage"},"image":{"@id":"https:\/\/www.gaveanews.com\/index.php\/2023\/03\/02\/declaracao-de-vitor-pereira-do-flamengo-gera-revolta\/#primaryimage"},"thumbnailUrl":"https:\/\/www.gaveanews.com\/wp-content\/uploads\/vitor-pereira-flamengo-portuguesa-carioca-2023.webp","datePublished":"2023-03-02T15:51:03+00:00","dateModified":"2023-03-02T16:14:43+00:00","author":{"@id":"https:\/\/www.gaveanews.com\/#\/schema\/person\/2ec14f73fb96be2caf28f91afb14749d"},"breadcrumb":{"@id":"https:\/\/www.gaveanews.com\/index.php\/2023\/03\/02\/declaracao-de-vitor-pereira-do-flamengo-gera-revolta\/#breadcrumb"},"inLanguage":"pt-BR","potentialAction":[{"@type":"ReadAction","target":["https:\/\/www.gaveanews.com\/index.php\/2023\/03\/02\/declaracao-de-vitor-pereira-do-flamengo-gera-revolta\/"]}]},{"@type":"ImageObject","inLanguage":"pt-BR","@id":"https:\/\/www.gaveanews.com\/index.php\/2023\/03\/02\/declaracao-de-vitor-pereira-do-flamengo-gera-revolta\/#primaryimage","url":"https:\/\/www.gaveanews.com\/wp-content\/uploads\/vitor-pereira-flamengo-portuguesa-carioca-2023.webp","contentUrl":"https:\/\/www.gaveanews.com\/wp-content\/uploads\/vitor-pereira-flamengo-portuguesa-carioca-2023.webp","width":984,"height":700,"caption":"V\u00edtor Pereira estreia no Flamengo contra a Portuguesa pelo Campeonato Carioca 2023 (Foto: Andr\u00e9 Dur\u00e3o)"},{"@type":"BreadcrumbList","@id":"https:\/\/www.gaveanews.com\/index.php\/2023\/03\/02\/declaracao-de-vitor-pereira-do-flamengo-gera-revolta\/#breadcrumb","itemListElement":[{"@type":"ListItem","position":1,"name":"Home","item":"https:\/\/www.gaveanews.com\/"},{"@type":"ListItem","position":2,"name":"Declara\u00e7\u00e3o de V\u00edtor Pereira, do Flamengo, gera revolta"}]},{"@type":"WebSite","@id":"https:\/\/www.gaveanews.com\/#website","url":"https:\/\/www.gaveanews.com\/","name":"G\u00e1vea News","description":"Veja todas as not\u00edcias sobre o Flamengo: Contrata\u00e7\u00f5es, categorias de base, resultados das partidas, tabela de classifica\u00e7\u00e3o, pr\u00f3ximos jogos!","potentialAction":[{"@type":"SearchAction","target":{"@type":"EntryPoint","urlTemplate":"https:\/\/www.gaveanews.com\/?s={search_term_string}"},"query-input":{"@type":"PropertyValueSpecification","valueRequired":true,"valueName":"search_term_string"}}],"inLanguage":"pt-BR"},{"@type":"Person","@id":"https:\/\/www.gaveanews.com\/#\/schema\/person\/2ec14f73fb96be2caf28f91afb14749d","name":"Equipe G\u00e1vea News","image":{"@type":"ImageObject","inLanguage":"pt-BR","@id":"https:\/\/www.gaveanews.com\/#\/schema\/person\/image\/","url":"https:\/\/secure.gravatar.com\/avatar\/1e1956f1facbffd3f8fa53a326721950116b3b9dc9bd44939c01180fd4a745a9?s=96&d=mm&r=g","contentUrl":"https:\/\/secure.gravatar.com\/avatar\/1e1956f1facbffd3f8fa53a326721950116b3b9dc9bd44939c01180fd4a745a9?s=96&d=mm&r=g","caption":"Equipe G\u00e1vea News"}}]}},"_links":{"self":[{"href":"https:\/\/www.gaveanews.com\/index.php\/wp-json\/wp\/v2\/posts\/94846","targetHints":{"allow":["GET"]}}],"collection":[{"href":"https:\/\/www.gaveanews.com\/index.php\/wp-json\/wp\/v2\/posts"}],"about":[{"href":"https:\/\/www.gaveanews.com\/index.php\/wp-json\/wp\/v2\/types\/post"}],"author":[{"embeddable":true,"href":"https:\/\/www.gaveanews.com\/index.php\/wp-json\/wp\/v2\/users\/1"}],"replies":[{"embeddable":true,"href":"https:\/\/www.gaveanews.com\/index.php\/wp-json\/wp\/v2\/comments?post=94846"}],"version-history":[{"count":0,"href":"https:\/\/www.gaveanews.com\/index.php\/wp-json\/wp\/v2\/posts\/94846\/revisions"}],"wp:featuredmedia":[{"embeddable":true,"href":"https:\/\/www.gaveanews.com\/index.php\/wp-json\/wp\/v2\/media\/93176"}],"wp:attachment":[{"href":"https:\/\/www.gaveanews.com\/index.php\/wp-json\/wp\/v2\/media?parent=94846"}],"wp:term":[{"taxonomy":"category","embeddable":true,"href":"https:\/\/www.gaveanews.com\/index.php\/wp-json\/wp\/v2\/categories?post=94846"},{"taxonomy":"post_tag","embeddable":true,"href":"https:\/\/www.gaveanews.com\/index.php\/wp-json\/wp\/v2\/tags?post=94846"}],"curies":[{"name":"wp","href":"https:\/\/api.w.org\/{rel}","templated":true}]}}