{"id":94929,"date":"2023-03-04T18:00:51","date_gmt":"2023-03-04T21:00:51","guid":{"rendered":"https:\/\/www.gaveanews.com\/?p=94929"},"modified":"2023-03-04T18:00:53","modified_gmt":"2023-03-04T21:00:53","slug":"video-rodrigo-caio-da-a-sua-opiniao-sobre-o-tecnico-vitor-pereira-no-flamengo","status":"publish","type":"post","link":"https:\/\/www.gaveanews.com\/index.php\/2023\/03\/04\/video-rodrigo-caio-da-a-sua-opiniao-sobre-o-tecnico-vitor-pereira-no-flamengo\/","title":{"rendered":"V\u00eddeo: Rodrigo Caio d\u00e1 a sua opini\u00e3o sobre o t\u00e9cnico Vitor Pereira no Flamengo"},"content":{"rendered":"\n<p>Pressionado pelos resultados no in\u00edcio da temporada, V\u00edtor Pereira segue \u00e0 frente do Flamengo, mas ciente que n\u00e3o possui margem envolvendo novos fracassos. Mesmo com o cen\u00e1rio desfavor\u00e1vel, Rodrigo Caio acredita em uma volta por cima do Rubro-Negro na temporada, j\u00e1 que o elenco confia na capacidade do treinador. Sendo assim, o camisa 3 cravou que o ano vai terminar com alegrias para os torcedores.<\/p>\n\n\n\n<p>Al\u00e9m disso, Rodrigo Caio destacou que o trabalho de V\u00edtor Pereira ainda est\u00e1 no in\u00edcio. Logo de cara, o portugu\u00eas encarou decis\u00f5es importantes no momento em que ainda estava aplicando sua filosofia de jogo, algo que \u00e9 entendido pelo plantel do Flamengo.<\/p>\n\n\n\n<p>\u201cNatural (a press\u00e3o). Flamengo \u00e9 assim, principalmente quando os resultados n\u00e3o v\u00eam, mas \u00e9 um treinador que j\u00e1 passou por momentos de turbul\u00eancia na carreira. N\u00f3s, jogadores, a mesma coisa. Estamos todos com o mesmo pensamento de terminar a temporada da melhor forma. Come\u00e7ou agora. Infelizmente, n\u00e3o come\u00e7amos da forma como gostar\u00edamos, mas temos uma longa caminhada pela frente. N\u00f3s confiamos totalmente no trabalho do Mister e ele confia no trabalho dos jogadores. Tenho certeza que a temporada n\u00e3o vai terminar da forma como come\u00e7ou.\u201d, disse \u00e0 rep\u00f3rter Isabelle Costa.<\/p>\n\n\n\n<figure class=\"wp-block-embed is-type-rich is-provider-twitter wp-block-embed-twitter\"><div class=\"wp-block-embed__wrapper\">\n<blockquote class=\"twitter-tweet\" data-width=\"550\" data-dnt=\"true\"><p lang=\"pt\" dir=\"ltr\">Rodrigo Caio d\u00e1 a sua opini\u00e3o sobre o trabalho do t\u00e9cnico Vitor Pereira no <a href=\"https:\/\/twitter.com\/hashtag\/Flamengo?src=hash&amp;ref_src=twsrc%5Etfw\">#Flamengo<\/a><a href=\"https:\/\/t.co\/aD9lLpavbc\">pic.twitter.com\/aD9lLpavbc<\/a><\/p>&mdash; G\u00e1vea News (@GaveaNews_) <a href=\"https:\/\/twitter.com\/GaveaNews_\/status\/1632123884924272641?ref_src=twsrc%5Etfw\">March 4, 2023<\/a><\/blockquote><script async src=\"https:\/\/platform.twitter.com\/widgets.js\" charset=\"utf-8\"><\/script>\n<\/div><\/figure>\n\n\n\n<h2 class=\"wp-block-heading\" id=\"h-desafio-em-flamengo-x-vasco\">Desafio em Flamengo x Vasco<\/h2>\n\n\n\n<p>Assim como Rodrigo Caio, Everton Ribeiro cr\u00ea que V\u00edtor Pereira vai ter \u00eaxito dirigindo o Flamengo. Agora, para que o time volte aos trilhos, uma vit\u00f3ria contra o Vasco, pelo Campeonato Carioca, ser\u00e1 crucial para a retomada da confian\u00e7a e o al\u00edvio da press\u00e3o em torno do comandante. Por\u00e9m, como o Cruzmaltino deseja aumentar a crise implantada no rival, o confronto promete ser complicado.<\/p>\n\n\n\n<p><em>\u201cA gente tem total confian\u00e7a no trabalho, a gente acredita que est\u00e1 na evolu\u00e7\u00e3o. Estamos nos sentindo melhores e nos preparando bem para esse jogo.<\/em>\u201d, afirmou.<\/p>\n\n\n\n<p>Retirado de: Torcedores<\/p>\n","protected":false},"excerpt":{"rendered":"<p>Pressionado pelos resultados no in\u00edcio da temporada, V\u00edtor Pereira segue \u00e0 frente do Flamengo, mas ciente que n\u00e3o possui margem envolvendo novos fracassos. Mesmo com o cen\u00e1rio desfavor\u00e1vel, Rodrigo Caio acredita em uma volta por cima do Rubro-Negro na temporada, j\u00e1 que o elenco confia na capacidade do treinador. Sendo assim, o camisa 3 cravou [&hellip;]<\/p>\n","protected":false},"author":1,"featured_media":94686,"comment_status":"open","ping_status":"closed","sticky":false,"template":"","format":"standard","meta":{"footnotes":""},"categories":[40],"tags":[],"class_list":["post-94929","post","type-post","status-publish","format-standard","has-post-thumbnail","hentry","category-video"],"yoast_head":"<!-- This site is optimized with the Yoast SEO Premium plugin v24.2 (Yoast SEO v26.9) - https:\/\/yoast.com\/product\/yoast-seo-premium-wordpress\/ -->\n<title>V\u00eddeo: Rodrigo Caio d\u00e1 a sua opini\u00e3o sobre o t\u00e9cnico Vitor Pereira no Flamengo<\/title>\n<meta name=\"robots\" content=\"index, follow, max-snippet:-1, max-image-preview:large, max-video-preview:-1\" \/>\n<link rel=\"canonical\" href=\"https:\/\/www.gaveanews.com\/index.php\/2023\/03\/04\/video-rodrigo-caio-da-a-sua-opiniao-sobre-o-tecnico-vitor-pereira-no-flamengo\/\" \/>\n<meta property=\"og:locale\" content=\"pt_BR\" \/>\n<meta property=\"og:type\" content=\"article\" \/>\n<meta property=\"og:title\" content=\"V\u00eddeo: Rodrigo Caio d\u00e1 a sua opini\u00e3o sobre o t\u00e9cnico Vitor Pereira no Flamengo\" \/>\n<meta property=\"og:description\" content=\"Pressionado pelos resultados no in\u00edcio da temporada, V\u00edtor Pereira segue \u00e0 frente do Flamengo, mas ciente que n\u00e3o possui margem envolvendo novos fracassos. Mesmo com o cen\u00e1rio desfavor\u00e1vel, Rodrigo Caio acredita em uma volta por cima do Rubro-Negro na temporada, j\u00e1 que o elenco confia na capacidade do treinador. Sendo assim, o camisa 3 cravou [&hellip;]\" \/>\n<meta property=\"og:url\" content=\"https:\/\/www.gaveanews.com\/index.php\/2023\/03\/04\/video-rodrigo-caio-da-a-sua-opiniao-sobre-o-tecnico-vitor-pereira-no-flamengo\/\" \/>\n<meta property=\"og:site_name\" content=\"G\u00e1vea News\" \/>\n<meta property=\"article:publisher\" content=\"https:\/\/facebook.com\/gaveaNews\/\" \/>\n<meta property=\"article:published_time\" content=\"2023-03-04T21:00:51+00:00\" \/>\n<meta property=\"article:modified_time\" content=\"2023-03-04T21:00:53+00:00\" \/>\n<meta property=\"og:image\" content=\"https:\/\/www.gaveanews.com\/wp-content\/uploads\/rodrigo-caio-flamengo-botafogo.webp\" \/>\n\t<meta property=\"og:image:width\" content=\"680\" \/>\n\t<meta property=\"og:image:height\" content=\"452\" \/>\n\t<meta property=\"og:image:type\" content=\"image\/jpeg\" \/>\n<meta name=\"author\" content=\"Equipe G\u00e1vea News\" \/>\n<meta name=\"twitter:card\" content=\"summary_large_image\" \/>\n<meta name=\"twitter:label1\" content=\"Escrito por\" \/>\n\t<meta name=\"twitter:data1\" content=\"Equipe G\u00e1vea News\" \/>\n\t<meta name=\"twitter:label2\" content=\"Est. tempo de leitura\" \/>\n\t<meta name=\"twitter:data2\" content=\"2 minutos\" \/>\n<script type=\"application\/ld+json\" class=\"yoast-schema-graph\">{\"@context\":\"https:\/\/schema.org\",\"@graph\":[{\"@type\":\"NewsArticle\",\"@id\":\"https:\/\/www.gaveanews.com\/index.php\/2023\/03\/04\/video-rodrigo-caio-da-a-sua-opiniao-sobre-o-tecnico-vitor-pereira-no-flamengo\/#article\",\"isPartOf\":{\"@id\":\"https:\/\/www.gaveanews.com\/index.php\/2023\/03\/04\/video-rodrigo-caio-da-a-sua-opiniao-sobre-o-tecnico-vitor-pereira-no-flamengo\/\"},\"author\":{\"name\":\"Equipe G\u00e1vea News\",\"@id\":\"https:\/\/www.gaveanews.com\/#\/schema\/person\/2ec14f73fb96be2caf28f91afb14749d\"},\"headline\":\"V\u00eddeo: Rodrigo Caio d\u00e1 a sua opini\u00e3o sobre o t\u00e9cnico Vitor Pereira no Flamengo\",\"datePublished\":\"2023-03-04T21:00:51+00:00\",\"dateModified\":\"2023-03-04T21:00:53+00:00\",\"mainEntityOfPage\":{\"@id\":\"https:\/\/www.gaveanews.com\/index.php\/2023\/03\/04\/video-rodrigo-caio-da-a-sua-opiniao-sobre-o-tecnico-vitor-pereira-no-flamengo\/\"},\"wordCount\":342,\"commentCount\":0,\"image\":{\"@id\":\"https:\/\/www.gaveanews.com\/index.php\/2023\/03\/04\/video-rodrigo-caio-da-a-sua-opiniao-sobre-o-tecnico-vitor-pereira-no-flamengo\/#primaryimage\"},\"thumbnailUrl\":\"https:\/\/www.gaveanews.com\/wp-content\/uploads\/rodrigo-caio-flamengo-botafogo.webp\",\"articleSection\":[\"V\u00eddeos\"],\"inLanguage\":\"pt-BR\",\"potentialAction\":[{\"@type\":\"CommentAction\",\"name\":\"Comment\",\"target\":[\"https:\/\/www.gaveanews.com\/index.php\/2023\/03\/04\/video-rodrigo-caio-da-a-sua-opiniao-sobre-o-tecnico-vitor-pereira-no-flamengo\/#respond\"]}],\"copyrightYear\":\"2023\",\"copyrightHolder\":{\"@id\":\"https:\/\/www.gaveanews.com\/#organization\"}},{\"@type\":\"WebPage\",\"@id\":\"https:\/\/www.gaveanews.com\/index.php\/2023\/03\/04\/video-rodrigo-caio-da-a-sua-opiniao-sobre-o-tecnico-vitor-pereira-no-flamengo\/\",\"url\":\"https:\/\/www.gaveanews.com\/index.php\/2023\/03\/04\/video-rodrigo-caio-da-a-sua-opiniao-sobre-o-tecnico-vitor-pereira-no-flamengo\/\",\"name\":\"V\u00eddeo: Rodrigo Caio d\u00e1 a sua opini\u00e3o sobre o t\u00e9cnico Vitor Pereira no Flamengo\",\"isPartOf\":{\"@id\":\"https:\/\/www.gaveanews.com\/#website\"},\"primaryImageOfPage\":{\"@id\":\"https:\/\/www.gaveanews.com\/index.php\/2023\/03\/04\/video-rodrigo-caio-da-a-sua-opiniao-sobre-o-tecnico-vitor-pereira-no-flamengo\/#primaryimage\"},\"image\":{\"@id\":\"https:\/\/www.gaveanews.com\/index.php\/2023\/03\/04\/video-rodrigo-caio-da-a-sua-opiniao-sobre-o-tecnico-vitor-pereira-no-flamengo\/#primaryimage\"},\"thumbnailUrl\":\"https:\/\/www.gaveanews.com\/wp-content\/uploads\/rodrigo-caio-flamengo-botafogo.webp\",\"datePublished\":\"2023-03-04T21:00:51+00:00\",\"dateModified\":\"2023-03-04T21:00:53+00:00\",\"author\":{\"@id\":\"https:\/\/www.gaveanews.com\/#\/schema\/person\/2ec14f73fb96be2caf28f91afb14749d\"},\"breadcrumb\":{\"@id\":\"https:\/\/www.gaveanews.com\/index.php\/2023\/03\/04\/video-rodrigo-caio-da-a-sua-opiniao-sobre-o-tecnico-vitor-pereira-no-flamengo\/#breadcrumb\"},\"inLanguage\":\"pt-BR\",\"potentialAction\":[{\"@type\":\"ReadAction\",\"target\":[\"https:\/\/www.gaveanews.com\/index.php\/2023\/03\/04\/video-rodrigo-caio-da-a-sua-opiniao-sobre-o-tecnico-vitor-pereira-no-flamengo\/\"]}]},{\"@type\":\"ImageObject\",\"inLanguage\":\"pt-BR\",\"@id\":\"https:\/\/www.gaveanews.com\/index.php\/2023\/03\/04\/video-rodrigo-caio-da-a-sua-opiniao-sobre-o-tecnico-vitor-pereira-no-flamengo\/#primaryimage\",\"url\":\"https:\/\/www.gaveanews.com\/wp-content\/uploads\/rodrigo-caio-flamengo-botafogo.webp\",\"contentUrl\":\"https:\/\/www.gaveanews.com\/wp-content\/uploads\/rodrigo-caio-flamengo-botafogo.webp\",\"width\":680,\"height\":452,\"caption\":\"Rodrigo Caio em a\u00e7\u00e3o pelo Flamengo contra o Botafogo (Foto: Marcelo Cortes\/Flamengo)\"},{\"@type\":\"BreadcrumbList\",\"@id\":\"https:\/\/www.gaveanews.com\/index.php\/2023\/03\/04\/video-rodrigo-caio-da-a-sua-opiniao-sobre-o-tecnico-vitor-pereira-no-flamengo\/#breadcrumb\",\"itemListElement\":[{\"@type\":\"ListItem\",\"position\":1,\"name\":\"Home\",\"item\":\"https:\/\/www.gaveanews.com\/\"},{\"@type\":\"ListItem\",\"position\":2,\"name\":\"V\u00eddeo: Rodrigo Caio d\u00e1 a sua opini\u00e3o sobre o t\u00e9cnico Vitor Pereira no Flamengo\"}]},{\"@type\":\"WebSite\",\"@id\":\"https:\/\/www.gaveanews.com\/#website\",\"url\":\"https:\/\/www.gaveanews.com\/\",\"name\":\"G\u00e1vea News\",\"description\":\"Veja todas as not\u00edcias sobre o Flamengo: Contrata\u00e7\u00f5es, categorias de base, resultados das partidas, tabela de classifica\u00e7\u00e3o, pr\u00f3ximos jogos!\",\"potentialAction\":[{\"@type\":\"SearchAction\",\"target\":{\"@type\":\"EntryPoint\",\"urlTemplate\":\"https:\/\/www.gaveanews.com\/?s={search_term_string}\"},\"query-input\":{\"@type\":\"PropertyValueSpecification\",\"valueRequired\":true,\"valueName\":\"search_term_string\"}}],\"inLanguage\":\"pt-BR\"},{\"@type\":\"Person\",\"@id\":\"https:\/\/www.gaveanews.com\/#\/schema\/person\/2ec14f73fb96be2caf28f91afb14749d\",\"name\":\"Equipe G\u00e1vea News\",\"image\":{\"@type\":\"ImageObject\",\"inLanguage\":\"pt-BR\",\"@id\":\"https:\/\/www.gaveanews.com\/#\/schema\/person\/image\/\",\"url\":\"https:\/\/secure.gravatar.com\/avatar\/1e1956f1facbffd3f8fa53a326721950116b3b9dc9bd44939c01180fd4a745a9?s=96&d=mm&r=g\",\"contentUrl\":\"https:\/\/secure.gravatar.com\/avatar\/1e1956f1facbffd3f8fa53a326721950116b3b9dc9bd44939c01180fd4a745a9?s=96&d=mm&r=g\",\"caption\":\"Equipe G\u00e1vea News\"}}]}<\/script>\n<!-- \/ Yoast SEO Premium plugin. -->","yoast_head_json":{"title":"V\u00eddeo: Rodrigo Caio d\u00e1 a sua opini\u00e3o sobre o t\u00e9cnico Vitor Pereira no Flamengo","robots":{"index":"index","follow":"follow","max-snippet":"max-snippet:-1","max-image-preview":"max-image-preview:large","max-video-preview":"max-video-preview:-1"},"canonical":"https:\/\/www.gaveanews.com\/index.php\/2023\/03\/04\/video-rodrigo-caio-da-a-sua-opiniao-sobre-o-tecnico-vitor-pereira-no-flamengo\/","og_locale":"pt_BR","og_type":"article","og_title":"V\u00eddeo: Rodrigo Caio d\u00e1 a sua opini\u00e3o sobre o t\u00e9cnico Vitor Pereira no Flamengo","og_description":"Pressionado pelos resultados no in\u00edcio da temporada, V\u00edtor Pereira segue \u00e0 frente do Flamengo, mas ciente que n\u00e3o possui margem envolvendo novos fracassos. Mesmo com o cen\u00e1rio desfavor\u00e1vel, Rodrigo Caio acredita em uma volta por cima do Rubro-Negro na temporada, j\u00e1 que o elenco confia na capacidade do treinador. Sendo assim, o camisa 3 cravou [&hellip;]","og_url":"https:\/\/www.gaveanews.com\/index.php\/2023\/03\/04\/video-rodrigo-caio-da-a-sua-opiniao-sobre-o-tecnico-vitor-pereira-no-flamengo\/","og_site_name":"G\u00e1vea News","article_publisher":"https:\/\/facebook.com\/gaveaNews\/","article_published_time":"2023-03-04T21:00:51+00:00","article_modified_time":"2023-03-04T21:00:53+00:00","og_image":[{"width":680,"height":452,"url":"https:\/\/www.gaveanews.com\/wp-content\/uploads\/rodrigo-caio-flamengo-botafogo.webp","type":"image\/jpeg"}],"author":"Equipe G\u00e1vea News","twitter_card":"summary_large_image","twitter_misc":{"Escrito por":"Equipe G\u00e1vea News","Est. tempo de leitura":"2 minutos"},"schema":{"@context":"https:\/\/schema.org","@graph":[{"@type":"NewsArticle","@id":"https:\/\/www.gaveanews.com\/index.php\/2023\/03\/04\/video-rodrigo-caio-da-a-sua-opiniao-sobre-o-tecnico-vitor-pereira-no-flamengo\/#article","isPartOf":{"@id":"https:\/\/www.gaveanews.com\/index.php\/2023\/03\/04\/video-rodrigo-caio-da-a-sua-opiniao-sobre-o-tecnico-vitor-pereira-no-flamengo\/"},"author":{"name":"Equipe G\u00e1vea News","@id":"https:\/\/www.gaveanews.com\/#\/schema\/person\/2ec14f73fb96be2caf28f91afb14749d"},"headline":"V\u00eddeo: Rodrigo Caio d\u00e1 a sua opini\u00e3o sobre o t\u00e9cnico Vitor Pereira no Flamengo","datePublished":"2023-03-04T21:00:51+00:00","dateModified":"2023-03-04T21:00:53+00:00","mainEntityOfPage":{"@id":"https:\/\/www.gaveanews.com\/index.php\/2023\/03\/04\/video-rodrigo-caio-da-a-sua-opiniao-sobre-o-tecnico-vitor-pereira-no-flamengo\/"},"wordCount":342,"commentCount":0,"image":{"@id":"https:\/\/www.gaveanews.com\/index.php\/2023\/03\/04\/video-rodrigo-caio-da-a-sua-opiniao-sobre-o-tecnico-vitor-pereira-no-flamengo\/#primaryimage"},"thumbnailUrl":"https:\/\/www.gaveanews.com\/wp-content\/uploads\/rodrigo-caio-flamengo-botafogo.webp","articleSection":["V\u00eddeos"],"inLanguage":"pt-BR","potentialAction":[{"@type":"CommentAction","name":"Comment","target":["https:\/\/www.gaveanews.com\/index.php\/2023\/03\/04\/video-rodrigo-caio-da-a-sua-opiniao-sobre-o-tecnico-vitor-pereira-no-flamengo\/#respond"]}],"copyrightYear":"2023","copyrightHolder":{"@id":"https:\/\/www.gaveanews.com\/#organization"}},{"@type":"WebPage","@id":"https:\/\/www.gaveanews.com\/index.php\/2023\/03\/04\/video-rodrigo-caio-da-a-sua-opiniao-sobre-o-tecnico-vitor-pereira-no-flamengo\/","url":"https:\/\/www.gaveanews.com\/index.php\/2023\/03\/04\/video-rodrigo-caio-da-a-sua-opiniao-sobre-o-tecnico-vitor-pereira-no-flamengo\/","name":"V\u00eddeo: Rodrigo Caio d\u00e1 a sua opini\u00e3o sobre o t\u00e9cnico Vitor Pereira no Flamengo","isPartOf":{"@id":"https:\/\/www.gaveanews.com\/#website"},"primaryImageOfPage":{"@id":"https:\/\/www.gaveanews.com\/index.php\/2023\/03\/04\/video-rodrigo-caio-da-a-sua-opiniao-sobre-o-tecnico-vitor-pereira-no-flamengo\/#primaryimage"},"image":{"@id":"https:\/\/www.gaveanews.com\/index.php\/2023\/03\/04\/video-rodrigo-caio-da-a-sua-opiniao-sobre-o-tecnico-vitor-pereira-no-flamengo\/#primaryimage"},"thumbnailUrl":"https:\/\/www.gaveanews.com\/wp-content\/uploads\/rodrigo-caio-flamengo-botafogo.webp","datePublished":"2023-03-04T21:00:51+00:00","dateModified":"2023-03-04T21:00:53+00:00","author":{"@id":"https:\/\/www.gaveanews.com\/#\/schema\/person\/2ec14f73fb96be2caf28f91afb14749d"},"breadcrumb":{"@id":"https:\/\/www.gaveanews.com\/index.php\/2023\/03\/04\/video-rodrigo-caio-da-a-sua-opiniao-sobre-o-tecnico-vitor-pereira-no-flamengo\/#breadcrumb"},"inLanguage":"pt-BR","potentialAction":[{"@type":"ReadAction","target":["https:\/\/www.gaveanews.com\/index.php\/2023\/03\/04\/video-rodrigo-caio-da-a-sua-opiniao-sobre-o-tecnico-vitor-pereira-no-flamengo\/"]}]},{"@type":"ImageObject","inLanguage":"pt-BR","@id":"https:\/\/www.gaveanews.com\/index.php\/2023\/03\/04\/video-rodrigo-caio-da-a-sua-opiniao-sobre-o-tecnico-vitor-pereira-no-flamengo\/#primaryimage","url":"https:\/\/www.gaveanews.com\/wp-content\/uploads\/rodrigo-caio-flamengo-botafogo.webp","contentUrl":"https:\/\/www.gaveanews.com\/wp-content\/uploads\/rodrigo-caio-flamengo-botafogo.webp","width":680,"height":452,"caption":"Rodrigo Caio em a\u00e7\u00e3o pelo Flamengo contra o Botafogo (Foto: Marcelo Cortes\/Flamengo)"},{"@type":"BreadcrumbList","@id":"https:\/\/www.gaveanews.com\/index.php\/2023\/03\/04\/video-rodrigo-caio-da-a-sua-opiniao-sobre-o-tecnico-vitor-pereira-no-flamengo\/#breadcrumb","itemListElement":[{"@type":"ListItem","position":1,"name":"Home","item":"https:\/\/www.gaveanews.com\/"},{"@type":"ListItem","position":2,"name":"V\u00eddeo: Rodrigo Caio d\u00e1 a sua opini\u00e3o sobre o t\u00e9cnico Vitor Pereira no Flamengo"}]},{"@type":"WebSite","@id":"https:\/\/www.gaveanews.com\/#website","url":"https:\/\/www.gaveanews.com\/","name":"G\u00e1vea News","description":"Veja todas as not\u00edcias sobre o Flamengo: Contrata\u00e7\u00f5es, categorias de base, resultados das partidas, tabela de classifica\u00e7\u00e3o, pr\u00f3ximos jogos!","potentialAction":[{"@type":"SearchAction","target":{"@type":"EntryPoint","urlTemplate":"https:\/\/www.gaveanews.com\/?s={search_term_string}"},"query-input":{"@type":"PropertyValueSpecification","valueRequired":true,"valueName":"search_term_string"}}],"inLanguage":"pt-BR"},{"@type":"Person","@id":"https:\/\/www.gaveanews.com\/#\/schema\/person\/2ec14f73fb96be2caf28f91afb14749d","name":"Equipe G\u00e1vea News","image":{"@type":"ImageObject","inLanguage":"pt-BR","@id":"https:\/\/www.gaveanews.com\/#\/schema\/person\/image\/","url":"https:\/\/secure.gravatar.com\/avatar\/1e1956f1facbffd3f8fa53a326721950116b3b9dc9bd44939c01180fd4a745a9?s=96&d=mm&r=g","contentUrl":"https:\/\/secure.gravatar.com\/avatar\/1e1956f1facbffd3f8fa53a326721950116b3b9dc9bd44939c01180fd4a745a9?s=96&d=mm&r=g","caption":"Equipe G\u00e1vea News"}}]}},"_links":{"self":[{"href":"https:\/\/www.gaveanews.com\/index.php\/wp-json\/wp\/v2\/posts\/94929","targetHints":{"allow":["GET"]}}],"collection":[{"href":"https:\/\/www.gaveanews.com\/index.php\/wp-json\/wp\/v2\/posts"}],"about":[{"href":"https:\/\/www.gaveanews.com\/index.php\/wp-json\/wp\/v2\/types\/post"}],"author":[{"embeddable":true,"href":"https:\/\/www.gaveanews.com\/index.php\/wp-json\/wp\/v2\/users\/1"}],"replies":[{"embeddable":true,"href":"https:\/\/www.gaveanews.com\/index.php\/wp-json\/wp\/v2\/comments?post=94929"}],"version-history":[{"count":0,"href":"https:\/\/www.gaveanews.com\/index.php\/wp-json\/wp\/v2\/posts\/94929\/revisions"}],"wp:featuredmedia":[{"embeddable":true,"href":"https:\/\/www.gaveanews.com\/index.php\/wp-json\/wp\/v2\/media\/94686"}],"wp:attachment":[{"href":"https:\/\/www.gaveanews.com\/index.php\/wp-json\/wp\/v2\/media?parent=94929"}],"wp:term":[{"taxonomy":"category","embeddable":true,"href":"https:\/\/www.gaveanews.com\/index.php\/wp-json\/wp\/v2\/categories?post=94929"},{"taxonomy":"post_tag","embeddable":true,"href":"https:\/\/www.gaveanews.com\/index.php\/wp-json\/wp\/v2\/tags?post=94929"}],"curies":[{"name":"wp","href":"https:\/\/api.w.org\/{rel}","templated":true}]}}