{"id":94937,"date":"2023-03-04T19:07:19","date_gmt":"2023-03-04T22:07:19","guid":{"rendered":"https:\/\/www.gaveanews.com\/?p=94937"},"modified":"2023-03-04T19:07:21","modified_gmt":"2023-03-04T22:07:21","slug":"com-vitor-pereira-flamengo-deixou-de-ganhar-quase-r-45-milhoes-entenda","status":"publish","type":"post","link":"https:\/\/www.gaveanews.com\/index.php\/2023\/03\/04\/com-vitor-pereira-flamengo-deixou-de-ganhar-quase-r-45-milhoes-entenda\/","title":{"rendered":"Com V\u00edtor Pereira, Flamengo deixou de ganhar quase R$ 45 milh\u00f5es; entenda"},"content":{"rendered":"\n<p>O Flamengo deixou escapar a terceira oportunidade de erguer um trof\u00e9u na temporada 2023, na noite da \u00faltima ter\u00e7a-feira, 28, com a derrota nas penalidades para o Independiente del Valle, pela segunda final da Recopa Sul-Americana. Antes do rev\u00e9s para os equatorianos, o Rubro-Negro tamb\u00e9m j\u00e1 havia perdido para o Palmeiras, na decis\u00e3o da Supercopa do Brasil, torneio que re\u00fane os atuais campe\u00f5es do Brasileir\u00e3o e da Copa do Brasil. <\/p>\n\n\n\n<p>Al\u00e9m disso, os flamenguistas decepcionaram no Marrocos, caindo na semifinal do Mundial de Clubes para o Al Hilal (Ar\u00e1bia Saudita) \u2013 na disputa pelo terceiro lugar, a equipe de V\u00edtor Pereira ainda conseguiu bater o Al Ahly (Egito). <\/p>\n\n\n\n<p>Mais do que ficar sem as ta\u00e7as e desanimar seus torcedores, o clube tamb\u00e9m deixou de receber uma \u201cbolada\u201d com as premia\u00e7\u00f5es entregues pela Confedera\u00e7\u00e3o Brasileira de Futebol (CBF), Confedera\u00e7\u00e3o Sul-Americana de Futebol (Conmebol) e Fifa. Ao todo, o Flamengo poderia ter refor\u00e7ado seu caixa com mais R$ 22,7 milh\u00f5es.<\/p>\n\n\n\n<p>Na primeira final do ano, realizada no Est\u00e1dio Man\u00e9 Garrincha, em Bras\u00edlia, o Flamengo ficou com R$ 5 milh\u00f5es pelo vice-campeonato da Supercopa do Brasil. O campe\u00e3o Palmeiras, por sua vez, recebeu R$ 10 milh\u00f5es com a emocionante vit\u00f3ria. Depois, o Rubro-Negro teve direito a US$ 2,5 milh\u00f5es (cerca de R$ 12 milh\u00f5es) pela terceira posi\u00e7\u00e3o no Mundial de Clubes. <\/p>\n\n\n\n<p>O vencedor do Real Madrid ganhou US$ 5 milh\u00f5es (aproximadamente R$ 25 milh\u00f5es), enquanto o Al Hilal embolsou US$ 4 milh\u00f5es (R$ 20 milh\u00f5es) pela segunda posi\u00e7\u00e3o. J\u00e1 na \u00faltima ter\u00e7a-feira, 28, o Del Valle garantiu R$ 9,4 milh\u00f5es com o t\u00edtulo da Recopa Sul-Americana. Derrotado nos p\u00eanaltis, o clube carioca ficar\u00e1 com a metade da quantia, ou seja, R$ 4,7 milh\u00f5es. Assim, o Flamengo foi premiado com R$ 21,7 milh\u00f5es pelas campanhas nos tr\u00eas torneios. Em caso de t\u00edtulo em todas as competi\u00e7\u00f5es, o montante chegaria a cerca de R$ 44,4 milh\u00f5es.<\/p>\n\n\n\n<p>Retirado de: Jovem Pan<\/p>\n","protected":false},"excerpt":{"rendered":"<p>O Flamengo deixou escapar a terceira oportunidade de erguer um trof\u00e9u na temporada 2023, na noite da \u00faltima ter\u00e7a-feira, 28, com a derrota nas penalidades para o Independiente del Valle, pela segunda final da Recopa Sul-Americana. Antes do rev\u00e9s para os equatorianos, o Rubro-Negro tamb\u00e9m j\u00e1 havia perdido para o Palmeiras, na decis\u00e3o da Supercopa [&hellip;]<\/p>\n","protected":false},"author":1,"featured_media":94483,"comment_status":"open","ping_status":"closed","sticky":false,"template":"","format":"standard","meta":{"footnotes":""},"categories":[1],"tags":[],"class_list":["post-94937","post","type-post","status-publish","format-standard","has-post-thumbnail","hentry","category-flamengo"],"yoast_head":"<!-- This site is optimized with the Yoast SEO Premium plugin v24.2 (Yoast SEO v26.9) - https:\/\/yoast.com\/product\/yoast-seo-premium-wordpress\/ -->\n<title>Com V\u00edtor Pereira, Flamengo deixou de ganhar quase R$ 45 milh\u00f5es; entenda<\/title>\n<meta name=\"robots\" content=\"index, follow, max-snippet:-1, max-image-preview:large, max-video-preview:-1\" \/>\n<link rel=\"canonical\" href=\"https:\/\/www.gaveanews.com\/index.php\/2023\/03\/04\/com-vitor-pereira-flamengo-deixou-de-ganhar-quase-r-45-milhoes-entenda\/\" \/>\n<meta property=\"og:locale\" content=\"pt_BR\" \/>\n<meta property=\"og:type\" content=\"article\" \/>\n<meta property=\"og:title\" content=\"Com V\u00edtor Pereira, Flamengo deixou de ganhar quase R$ 45 milh\u00f5es; entenda\" \/>\n<meta property=\"og:description\" content=\"O Flamengo deixou escapar a terceira oportunidade de erguer um trof\u00e9u na temporada 2023, na noite da \u00faltima ter\u00e7a-feira, 28, com a derrota nas penalidades para o Independiente del Valle, pela segunda final da Recopa Sul-Americana. Antes do rev\u00e9s para os equatorianos, o Rubro-Negro tamb\u00e9m j\u00e1 havia perdido para o Palmeiras, na decis\u00e3o da Supercopa [&hellip;]\" \/>\n<meta property=\"og:url\" content=\"https:\/\/www.gaveanews.com\/index.php\/2023\/03\/04\/com-vitor-pereira-flamengo-deixou-de-ganhar-quase-r-45-milhoes-entenda\/\" \/>\n<meta property=\"og:site_name\" content=\"G\u00e1vea News\" \/>\n<meta property=\"article:publisher\" content=\"https:\/\/facebook.com\/gaveaNews\/\" \/>\n<meta property=\"article:published_time\" content=\"2023-03-04T22:07:19+00:00\" \/>\n<meta property=\"article:modified_time\" content=\"2023-03-04T22:07:21+00:00\" \/>\n<meta property=\"og:image\" content=\"https:\/\/www.gaveanews.com\/wp-content\/uploads\/vitor-pereira-flamengo.webp\" \/>\n\t<meta property=\"og:image:width\" content=\"696\" \/>\n\t<meta property=\"og:image:height\" content=\"463\" \/>\n\t<meta property=\"og:image:type\" content=\"image\/webp\" \/>\n<meta name=\"author\" content=\"Equipe G\u00e1vea News\" \/>\n<meta name=\"twitter:card\" content=\"summary_large_image\" \/>\n<meta name=\"twitter:label1\" content=\"Escrito por\" \/>\n\t<meta name=\"twitter:data1\" content=\"Equipe G\u00e1vea News\" \/>\n\t<meta name=\"twitter:label2\" content=\"Est. tempo de leitura\" \/>\n\t<meta name=\"twitter:data2\" content=\"2 minutos\" \/>\n<script type=\"application\/ld+json\" class=\"yoast-schema-graph\">{\"@context\":\"https:\/\/schema.org\",\"@graph\":[{\"@type\":\"NewsArticle\",\"@id\":\"https:\/\/www.gaveanews.com\/index.php\/2023\/03\/04\/com-vitor-pereira-flamengo-deixou-de-ganhar-quase-r-45-milhoes-entenda\/#article\",\"isPartOf\":{\"@id\":\"https:\/\/www.gaveanews.com\/index.php\/2023\/03\/04\/com-vitor-pereira-flamengo-deixou-de-ganhar-quase-r-45-milhoes-entenda\/\"},\"author\":{\"name\":\"Equipe G\u00e1vea News\",\"@id\":\"https:\/\/www.gaveanews.com\/#\/schema\/person\/2ec14f73fb96be2caf28f91afb14749d\"},\"headline\":\"Com V\u00edtor Pereira, Flamengo deixou de ganhar quase R$ 45 milh\u00f5es; entenda\",\"datePublished\":\"2023-03-04T22:07:19+00:00\",\"dateModified\":\"2023-03-04T22:07:21+00:00\",\"mainEntityOfPage\":{\"@id\":\"https:\/\/www.gaveanews.com\/index.php\/2023\/03\/04\/com-vitor-pereira-flamengo-deixou-de-ganhar-quase-r-45-milhoes-entenda\/\"},\"wordCount\":353,\"commentCount\":0,\"image\":{\"@id\":\"https:\/\/www.gaveanews.com\/index.php\/2023\/03\/04\/com-vitor-pereira-flamengo-deixou-de-ganhar-quase-r-45-milhoes-entenda\/#primaryimage\"},\"thumbnailUrl\":\"https:\/\/www.gaveanews.com\/wp-content\/uploads\/vitor-pereira-flamengo.webp\",\"articleSection\":[\"Flamengo\"],\"inLanguage\":\"pt-BR\",\"potentialAction\":[{\"@type\":\"CommentAction\",\"name\":\"Comment\",\"target\":[\"https:\/\/www.gaveanews.com\/index.php\/2023\/03\/04\/com-vitor-pereira-flamengo-deixou-de-ganhar-quase-r-45-milhoes-entenda\/#respond\"]}],\"copyrightYear\":\"2023\",\"copyrightHolder\":{\"@id\":\"https:\/\/www.gaveanews.com\/#organization\"}},{\"@type\":\"WebPage\",\"@id\":\"https:\/\/www.gaveanews.com\/index.php\/2023\/03\/04\/com-vitor-pereira-flamengo-deixou-de-ganhar-quase-r-45-milhoes-entenda\/\",\"url\":\"https:\/\/www.gaveanews.com\/index.php\/2023\/03\/04\/com-vitor-pereira-flamengo-deixou-de-ganhar-quase-r-45-milhoes-entenda\/\",\"name\":\"Com V\u00edtor Pereira, Flamengo deixou de ganhar quase R$ 45 milh\u00f5es; entenda\",\"isPartOf\":{\"@id\":\"https:\/\/www.gaveanews.com\/#website\"},\"primaryImageOfPage\":{\"@id\":\"https:\/\/www.gaveanews.com\/index.php\/2023\/03\/04\/com-vitor-pereira-flamengo-deixou-de-ganhar-quase-r-45-milhoes-entenda\/#primaryimage\"},\"image\":{\"@id\":\"https:\/\/www.gaveanews.com\/index.php\/2023\/03\/04\/com-vitor-pereira-flamengo-deixou-de-ganhar-quase-r-45-milhoes-entenda\/#primaryimage\"},\"thumbnailUrl\":\"https:\/\/www.gaveanews.com\/wp-content\/uploads\/vitor-pereira-flamengo.webp\",\"datePublished\":\"2023-03-04T22:07:19+00:00\",\"dateModified\":\"2023-03-04T22:07:21+00:00\",\"author\":{\"@id\":\"https:\/\/www.gaveanews.com\/#\/schema\/person\/2ec14f73fb96be2caf28f91afb14749d\"},\"breadcrumb\":{\"@id\":\"https:\/\/www.gaveanews.com\/index.php\/2023\/03\/04\/com-vitor-pereira-flamengo-deixou-de-ganhar-quase-r-45-milhoes-entenda\/#breadcrumb\"},\"inLanguage\":\"pt-BR\",\"potentialAction\":[{\"@type\":\"ReadAction\",\"target\":[\"https:\/\/www.gaveanews.com\/index.php\/2023\/03\/04\/com-vitor-pereira-flamengo-deixou-de-ganhar-quase-r-45-milhoes-entenda\/\"]}]},{\"@type\":\"ImageObject\",\"inLanguage\":\"pt-BR\",\"@id\":\"https:\/\/www.gaveanews.com\/index.php\/2023\/03\/04\/com-vitor-pereira-flamengo-deixou-de-ganhar-quase-r-45-milhoes-entenda\/#primaryimage\",\"url\":\"https:\/\/www.gaveanews.com\/wp-content\/uploads\/vitor-pereira-flamengo.webp\",\"contentUrl\":\"https:\/\/www.gaveanews.com\/wp-content\/uploads\/vitor-pereira-flamengo.webp\",\"width\":696,\"height\":463,\"caption\":\"V\u00edtor Pereira comanda o Flamengo em treinamento (Foto: Marcelo Cortes\/Flamengo)\"},{\"@type\":\"BreadcrumbList\",\"@id\":\"https:\/\/www.gaveanews.com\/index.php\/2023\/03\/04\/com-vitor-pereira-flamengo-deixou-de-ganhar-quase-r-45-milhoes-entenda\/#breadcrumb\",\"itemListElement\":[{\"@type\":\"ListItem\",\"position\":1,\"name\":\"Home\",\"item\":\"https:\/\/www.gaveanews.com\/\"},{\"@type\":\"ListItem\",\"position\":2,\"name\":\"Com V\u00edtor Pereira, Flamengo deixou de ganhar quase R$ 45 milh\u00f5es; entenda\"}]},{\"@type\":\"WebSite\",\"@id\":\"https:\/\/www.gaveanews.com\/#website\",\"url\":\"https:\/\/www.gaveanews.com\/\",\"name\":\"G\u00e1vea News\",\"description\":\"Veja todas as not\u00edcias sobre o Flamengo: Contrata\u00e7\u00f5es, categorias de base, resultados das partidas, tabela de classifica\u00e7\u00e3o, pr\u00f3ximos jogos!\",\"potentialAction\":[{\"@type\":\"SearchAction\",\"target\":{\"@type\":\"EntryPoint\",\"urlTemplate\":\"https:\/\/www.gaveanews.com\/?s={search_term_string}\"},\"query-input\":{\"@type\":\"PropertyValueSpecification\",\"valueRequired\":true,\"valueName\":\"search_term_string\"}}],\"inLanguage\":\"pt-BR\"},{\"@type\":\"Person\",\"@id\":\"https:\/\/www.gaveanews.com\/#\/schema\/person\/2ec14f73fb96be2caf28f91afb14749d\",\"name\":\"Equipe G\u00e1vea News\",\"image\":{\"@type\":\"ImageObject\",\"inLanguage\":\"pt-BR\",\"@id\":\"https:\/\/www.gaveanews.com\/#\/schema\/person\/image\/\",\"url\":\"https:\/\/secure.gravatar.com\/avatar\/1e1956f1facbffd3f8fa53a326721950116b3b9dc9bd44939c01180fd4a745a9?s=96&d=mm&r=g\",\"contentUrl\":\"https:\/\/secure.gravatar.com\/avatar\/1e1956f1facbffd3f8fa53a326721950116b3b9dc9bd44939c01180fd4a745a9?s=96&d=mm&r=g\",\"caption\":\"Equipe G\u00e1vea News\"}}]}<\/script>\n<!-- \/ Yoast SEO Premium plugin. -->","yoast_head_json":{"title":"Com V\u00edtor Pereira, Flamengo deixou de ganhar quase R$ 45 milh\u00f5es; entenda","robots":{"index":"index","follow":"follow","max-snippet":"max-snippet:-1","max-image-preview":"max-image-preview:large","max-video-preview":"max-video-preview:-1"},"canonical":"https:\/\/www.gaveanews.com\/index.php\/2023\/03\/04\/com-vitor-pereira-flamengo-deixou-de-ganhar-quase-r-45-milhoes-entenda\/","og_locale":"pt_BR","og_type":"article","og_title":"Com V\u00edtor Pereira, Flamengo deixou de ganhar quase R$ 45 milh\u00f5es; entenda","og_description":"O Flamengo deixou escapar a terceira oportunidade de erguer um trof\u00e9u na temporada 2023, na noite da \u00faltima ter\u00e7a-feira, 28, com a derrota nas penalidades para o Independiente del Valle, pela segunda final da Recopa Sul-Americana. Antes do rev\u00e9s para os equatorianos, o Rubro-Negro tamb\u00e9m j\u00e1 havia perdido para o Palmeiras, na decis\u00e3o da Supercopa [&hellip;]","og_url":"https:\/\/www.gaveanews.com\/index.php\/2023\/03\/04\/com-vitor-pereira-flamengo-deixou-de-ganhar-quase-r-45-milhoes-entenda\/","og_site_name":"G\u00e1vea News","article_publisher":"https:\/\/facebook.com\/gaveaNews\/","article_published_time":"2023-03-04T22:07:19+00:00","article_modified_time":"2023-03-04T22:07:21+00:00","og_image":[{"width":696,"height":463,"url":"https:\/\/www.gaveanews.com\/wp-content\/uploads\/vitor-pereira-flamengo.webp","type":"image\/webp"}],"author":"Equipe G\u00e1vea News","twitter_card":"summary_large_image","twitter_misc":{"Escrito por":"Equipe G\u00e1vea News","Est. tempo de leitura":"2 minutos"},"schema":{"@context":"https:\/\/schema.org","@graph":[{"@type":"NewsArticle","@id":"https:\/\/www.gaveanews.com\/index.php\/2023\/03\/04\/com-vitor-pereira-flamengo-deixou-de-ganhar-quase-r-45-milhoes-entenda\/#article","isPartOf":{"@id":"https:\/\/www.gaveanews.com\/index.php\/2023\/03\/04\/com-vitor-pereira-flamengo-deixou-de-ganhar-quase-r-45-milhoes-entenda\/"},"author":{"name":"Equipe G\u00e1vea News","@id":"https:\/\/www.gaveanews.com\/#\/schema\/person\/2ec14f73fb96be2caf28f91afb14749d"},"headline":"Com V\u00edtor Pereira, Flamengo deixou de ganhar quase R$ 45 milh\u00f5es; entenda","datePublished":"2023-03-04T22:07:19+00:00","dateModified":"2023-03-04T22:07:21+00:00","mainEntityOfPage":{"@id":"https:\/\/www.gaveanews.com\/index.php\/2023\/03\/04\/com-vitor-pereira-flamengo-deixou-de-ganhar-quase-r-45-milhoes-entenda\/"},"wordCount":353,"commentCount":0,"image":{"@id":"https:\/\/www.gaveanews.com\/index.php\/2023\/03\/04\/com-vitor-pereira-flamengo-deixou-de-ganhar-quase-r-45-milhoes-entenda\/#primaryimage"},"thumbnailUrl":"https:\/\/www.gaveanews.com\/wp-content\/uploads\/vitor-pereira-flamengo.webp","articleSection":["Flamengo"],"inLanguage":"pt-BR","potentialAction":[{"@type":"CommentAction","name":"Comment","target":["https:\/\/www.gaveanews.com\/index.php\/2023\/03\/04\/com-vitor-pereira-flamengo-deixou-de-ganhar-quase-r-45-milhoes-entenda\/#respond"]}],"copyrightYear":"2023","copyrightHolder":{"@id":"https:\/\/www.gaveanews.com\/#organization"}},{"@type":"WebPage","@id":"https:\/\/www.gaveanews.com\/index.php\/2023\/03\/04\/com-vitor-pereira-flamengo-deixou-de-ganhar-quase-r-45-milhoes-entenda\/","url":"https:\/\/www.gaveanews.com\/index.php\/2023\/03\/04\/com-vitor-pereira-flamengo-deixou-de-ganhar-quase-r-45-milhoes-entenda\/","name":"Com V\u00edtor Pereira, Flamengo deixou de ganhar quase R$ 45 milh\u00f5es; entenda","isPartOf":{"@id":"https:\/\/www.gaveanews.com\/#website"},"primaryImageOfPage":{"@id":"https:\/\/www.gaveanews.com\/index.php\/2023\/03\/04\/com-vitor-pereira-flamengo-deixou-de-ganhar-quase-r-45-milhoes-entenda\/#primaryimage"},"image":{"@id":"https:\/\/www.gaveanews.com\/index.php\/2023\/03\/04\/com-vitor-pereira-flamengo-deixou-de-ganhar-quase-r-45-milhoes-entenda\/#primaryimage"},"thumbnailUrl":"https:\/\/www.gaveanews.com\/wp-content\/uploads\/vitor-pereira-flamengo.webp","datePublished":"2023-03-04T22:07:19+00:00","dateModified":"2023-03-04T22:07:21+00:00","author":{"@id":"https:\/\/www.gaveanews.com\/#\/schema\/person\/2ec14f73fb96be2caf28f91afb14749d"},"breadcrumb":{"@id":"https:\/\/www.gaveanews.com\/index.php\/2023\/03\/04\/com-vitor-pereira-flamengo-deixou-de-ganhar-quase-r-45-milhoes-entenda\/#breadcrumb"},"inLanguage":"pt-BR","potentialAction":[{"@type":"ReadAction","target":["https:\/\/www.gaveanews.com\/index.php\/2023\/03\/04\/com-vitor-pereira-flamengo-deixou-de-ganhar-quase-r-45-milhoes-entenda\/"]}]},{"@type":"ImageObject","inLanguage":"pt-BR","@id":"https:\/\/www.gaveanews.com\/index.php\/2023\/03\/04\/com-vitor-pereira-flamengo-deixou-de-ganhar-quase-r-45-milhoes-entenda\/#primaryimage","url":"https:\/\/www.gaveanews.com\/wp-content\/uploads\/vitor-pereira-flamengo.webp","contentUrl":"https:\/\/www.gaveanews.com\/wp-content\/uploads\/vitor-pereira-flamengo.webp","width":696,"height":463,"caption":"V\u00edtor Pereira comanda o Flamengo em treinamento (Foto: Marcelo Cortes\/Flamengo)"},{"@type":"BreadcrumbList","@id":"https:\/\/www.gaveanews.com\/index.php\/2023\/03\/04\/com-vitor-pereira-flamengo-deixou-de-ganhar-quase-r-45-milhoes-entenda\/#breadcrumb","itemListElement":[{"@type":"ListItem","position":1,"name":"Home","item":"https:\/\/www.gaveanews.com\/"},{"@type":"ListItem","position":2,"name":"Com V\u00edtor Pereira, Flamengo deixou de ganhar quase R$ 45 milh\u00f5es; entenda"}]},{"@type":"WebSite","@id":"https:\/\/www.gaveanews.com\/#website","url":"https:\/\/www.gaveanews.com\/","name":"G\u00e1vea News","description":"Veja todas as not\u00edcias sobre o Flamengo: Contrata\u00e7\u00f5es, categorias de base, resultados das partidas, tabela de classifica\u00e7\u00e3o, pr\u00f3ximos jogos!","potentialAction":[{"@type":"SearchAction","target":{"@type":"EntryPoint","urlTemplate":"https:\/\/www.gaveanews.com\/?s={search_term_string}"},"query-input":{"@type":"PropertyValueSpecification","valueRequired":true,"valueName":"search_term_string"}}],"inLanguage":"pt-BR"},{"@type":"Person","@id":"https:\/\/www.gaveanews.com\/#\/schema\/person\/2ec14f73fb96be2caf28f91afb14749d","name":"Equipe G\u00e1vea News","image":{"@type":"ImageObject","inLanguage":"pt-BR","@id":"https:\/\/www.gaveanews.com\/#\/schema\/person\/image\/","url":"https:\/\/secure.gravatar.com\/avatar\/1e1956f1facbffd3f8fa53a326721950116b3b9dc9bd44939c01180fd4a745a9?s=96&d=mm&r=g","contentUrl":"https:\/\/secure.gravatar.com\/avatar\/1e1956f1facbffd3f8fa53a326721950116b3b9dc9bd44939c01180fd4a745a9?s=96&d=mm&r=g","caption":"Equipe G\u00e1vea News"}}]}},"_links":{"self":[{"href":"https:\/\/www.gaveanews.com\/index.php\/wp-json\/wp\/v2\/posts\/94937","targetHints":{"allow":["GET"]}}],"collection":[{"href":"https:\/\/www.gaveanews.com\/index.php\/wp-json\/wp\/v2\/posts"}],"about":[{"href":"https:\/\/www.gaveanews.com\/index.php\/wp-json\/wp\/v2\/types\/post"}],"author":[{"embeddable":true,"href":"https:\/\/www.gaveanews.com\/index.php\/wp-json\/wp\/v2\/users\/1"}],"replies":[{"embeddable":true,"href":"https:\/\/www.gaveanews.com\/index.php\/wp-json\/wp\/v2\/comments?post=94937"}],"version-history":[{"count":0,"href":"https:\/\/www.gaveanews.com\/index.php\/wp-json\/wp\/v2\/posts\/94937\/revisions"}],"wp:featuredmedia":[{"embeddable":true,"href":"https:\/\/www.gaveanews.com\/index.php\/wp-json\/wp\/v2\/media\/94483"}],"wp:attachment":[{"href":"https:\/\/www.gaveanews.com\/index.php\/wp-json\/wp\/v2\/media?parent=94937"}],"wp:term":[{"taxonomy":"category","embeddable":true,"href":"https:\/\/www.gaveanews.com\/index.php\/wp-json\/wp\/v2\/categories?post=94937"},{"taxonomy":"post_tag","embeddable":true,"href":"https:\/\/www.gaveanews.com\/index.php\/wp-json\/wp\/v2\/tags?post=94937"}],"curies":[{"name":"wp","href":"https:\/\/api.w.org\/{rel}","templated":true}]}}