{"id":94941,"date":"2023-03-04T21:24:36","date_gmt":"2023-03-05T00:24:36","guid":{"rendered":"https:\/\/www.gaveanews.com\/?p=94941"},"modified":"2023-03-04T21:24:40","modified_gmt":"2023-03-05T00:24:40","slug":"lembra-dele-ex-flamengo-entra-na-mira-do-cruzeiro","status":"publish","type":"post","link":"https:\/\/www.gaveanews.com\/index.php\/2023\/03\/04\/lembra-dele-ex-flamengo-entra-na-mira-do-cruzeiro\/","title":{"rendered":"Lembra dele? Ex-Flamengo entra na mira do Cruzeiro"},"content":{"rendered":"\n<p>Tendo passado por um intenso processo de reformula\u00e7\u00e3o em seu elenco ap\u00f3s confirmar o acesso para a elite do futebol brasileiro, o Cruzeiro ainda n\u00e3o saiu totalmente no mercado. O time celeste agora tem como alvo o zagueiro Welinton, ex-Flamengo, que atualmente defende as cores do Besiktas, da Turquia. A informa\u00e7\u00e3o \u00e9 do jornalista Samuel Ven\u00e2ncio.<\/p>\n\n\n\n<p>O jogador de 33 anos tem v\u00ednculo com a equipe europeia at\u00e9 junho deste ano, e j\u00e1 pode assinar um pr\u00e9-contrato. Apesar deste cen\u00e1rio, o Besiktar n\u00e3o facilita e imp\u00f5e condi\u00e7\u00f5es para liberar o atleta revelado pelas categorias de base do Flamengo.<\/p>\n\n\n\n<p>De acordo com o \u201cge\u201d, Welinton foi consultado pelo Cruzeiro, que uma pe\u00e7a de reposi\u00e7\u00e3o para a vaga de Eduardo Brock, negociado para o Cerro Porte\u00f1o. O t\u00e9cnico Paulo Pezzolano s\u00f3 tem dois zagueiros do time principal em condi\u00e7\u00f5es de jogo, e vem aproveitando outros garotos da base.<\/p>\n\n\n\n<p>Para liberar o ex-Flamengo ao Cruzeiro, o Besiktas quer receber uma compensa\u00e7\u00e3o financeira. Outro ponto que dificulta a transa\u00e7\u00e3o \u00e9 a janela de inscri\u00e7\u00e3o de jogadores para o Campeonato Turco, sem contar que o defensor \u00e9 titular da equipe, e vem atuando normalmente.<\/p>\n\n\n\n<p>O cen\u00e1rio mais poss\u00edvel para a Raposa seria negociar um pr\u00e9-contrato, com o atleta ficando acertado para rumar \u00e0 Toca da Raposa no segundo semestre. Contudo, at\u00e9 o momento, a Raposa ainda n\u00e3o iniciou as tratativas neste sentido pelo ex-Fla.<\/p>\n\n\n\n<p>Retirado de: Torcedores<\/p>\n","protected":false},"excerpt":{"rendered":"<p>Tendo passado por um intenso processo de reformula\u00e7\u00e3o em seu elenco ap\u00f3s confirmar o acesso para a elite do futebol brasileiro, o Cruzeiro ainda n\u00e3o saiu totalmente no mercado. O time celeste agora tem como alvo o zagueiro Welinton, ex-Flamengo, que atualmente defende as cores do Besiktas, da Turquia. A informa\u00e7\u00e3o \u00e9 do jornalista Samuel [&hellip;]<\/p>\n","protected":false},"author":1,"featured_media":18893,"comment_status":"open","ping_status":"closed","sticky":false,"template":"","format":"standard","meta":{"footnotes":""},"categories":[1],"tags":[],"class_list":["post-94941","post","type-post","status-publish","format-standard","has-post-thumbnail","hentry","category-flamengo"],"yoast_head":"<!-- This site is optimized with the Yoast SEO Premium plugin v24.2 (Yoast SEO v26.9) - https:\/\/yoast.com\/product\/yoast-seo-premium-wordpress\/ -->\n<title>Lembra dele? Ex-Flamengo entra na mira do Cruzeiro<\/title>\n<meta name=\"robots\" content=\"index, follow, max-snippet:-1, max-image-preview:large, max-video-preview:-1\" \/>\n<link rel=\"canonical\" href=\"https:\/\/www.gaveanews.com\/index.php\/2023\/03\/04\/lembra-dele-ex-flamengo-entra-na-mira-do-cruzeiro\/\" \/>\n<meta property=\"og:locale\" content=\"pt_BR\" \/>\n<meta property=\"og:type\" content=\"article\" \/>\n<meta property=\"og:title\" content=\"Lembra dele? Ex-Flamengo entra na mira do Cruzeiro\" \/>\n<meta property=\"og:description\" content=\"Tendo passado por um intenso processo de reformula\u00e7\u00e3o em seu elenco ap\u00f3s confirmar o acesso para a elite do futebol brasileiro, o Cruzeiro ainda n\u00e3o saiu totalmente no mercado. O time celeste agora tem como alvo o zagueiro Welinton, ex-Flamengo, que atualmente defende as cores do Besiktas, da Turquia. A informa\u00e7\u00e3o \u00e9 do jornalista Samuel [&hellip;]\" \/>\n<meta property=\"og:url\" content=\"https:\/\/www.gaveanews.com\/index.php\/2023\/03\/04\/lembra-dele-ex-flamengo-entra-na-mira-do-cruzeiro\/\" \/>\n<meta property=\"og:site_name\" content=\"G\u00e1vea News\" \/>\n<meta property=\"article:publisher\" content=\"https:\/\/facebook.com\/gaveaNews\/\" \/>\n<meta property=\"article:published_time\" content=\"2023-03-05T00:24:36+00:00\" \/>\n<meta property=\"article:modified_time\" content=\"2023-03-05T00:24:40+00:00\" \/>\n<meta property=\"og:image\" content=\"https:\/\/www.gaveanews.com\/wp-content\/uploads\/2019\/04\/Welinton-Souza-em-acao-pelo-Flamengo.webp\" \/>\n\t<meta property=\"og:image:width\" content=\"1\" \/>\n\t<meta property=\"og:image:height\" content=\"1\" \/>\n\t<meta property=\"og:image:type\" content=\"image\/jpeg\" \/>\n<meta name=\"author\" content=\"Equipe G\u00e1vea News\" \/>\n<meta name=\"twitter:card\" content=\"summary_large_image\" \/>\n<meta name=\"twitter:label1\" content=\"Escrito por\" \/>\n\t<meta name=\"twitter:data1\" content=\"Equipe G\u00e1vea News\" \/>\n\t<meta name=\"twitter:label2\" content=\"Est. tempo de leitura\" \/>\n\t<meta name=\"twitter:data2\" content=\"2 minutos\" \/>\n<script type=\"application\/ld+json\" class=\"yoast-schema-graph\">{\"@context\":\"https:\/\/schema.org\",\"@graph\":[{\"@type\":\"NewsArticle\",\"@id\":\"https:\/\/www.gaveanews.com\/index.php\/2023\/03\/04\/lembra-dele-ex-flamengo-entra-na-mira-do-cruzeiro\/#article\",\"isPartOf\":{\"@id\":\"https:\/\/www.gaveanews.com\/index.php\/2023\/03\/04\/lembra-dele-ex-flamengo-entra-na-mira-do-cruzeiro\/\"},\"author\":{\"name\":\"Equipe G\u00e1vea News\",\"@id\":\"https:\/\/www.gaveanews.com\/#\/schema\/person\/2ec14f73fb96be2caf28f91afb14749d\"},\"headline\":\"Lembra dele? Ex-Flamengo entra na mira do Cruzeiro\",\"datePublished\":\"2023-03-05T00:24:36+00:00\",\"dateModified\":\"2023-03-05T00:24:40+00:00\",\"mainEntityOfPage\":{\"@id\":\"https:\/\/www.gaveanews.com\/index.php\/2023\/03\/04\/lembra-dele-ex-flamengo-entra-na-mira-do-cruzeiro\/\"},\"wordCount\":258,\"commentCount\":0,\"image\":{\"@id\":\"https:\/\/www.gaveanews.com\/index.php\/2023\/03\/04\/lembra-dele-ex-flamengo-entra-na-mira-do-cruzeiro\/#primaryimage\"},\"thumbnailUrl\":\"https:\/\/www.gaveanews.com\/wp-content\/uploads\/2019\/04\/Welinton-Souza-em-acao-pelo-Flamengo.webp\",\"articleSection\":[\"Flamengo\"],\"inLanguage\":\"pt-BR\",\"potentialAction\":[{\"@type\":\"CommentAction\",\"name\":\"Comment\",\"target\":[\"https:\/\/www.gaveanews.com\/index.php\/2023\/03\/04\/lembra-dele-ex-flamengo-entra-na-mira-do-cruzeiro\/#respond\"]}],\"copyrightYear\":\"2023\",\"copyrightHolder\":{\"@id\":\"https:\/\/www.gaveanews.com\/#organization\"}},{\"@type\":\"WebPage\",\"@id\":\"https:\/\/www.gaveanews.com\/index.php\/2023\/03\/04\/lembra-dele-ex-flamengo-entra-na-mira-do-cruzeiro\/\",\"url\":\"https:\/\/www.gaveanews.com\/index.php\/2023\/03\/04\/lembra-dele-ex-flamengo-entra-na-mira-do-cruzeiro\/\",\"name\":\"Lembra dele? Ex-Flamengo entra na mira do Cruzeiro\",\"isPartOf\":{\"@id\":\"https:\/\/www.gaveanews.com\/#website\"},\"primaryImageOfPage\":{\"@id\":\"https:\/\/www.gaveanews.com\/index.php\/2023\/03\/04\/lembra-dele-ex-flamengo-entra-na-mira-do-cruzeiro\/#primaryimage\"},\"image\":{\"@id\":\"https:\/\/www.gaveanews.com\/index.php\/2023\/03\/04\/lembra-dele-ex-flamengo-entra-na-mira-do-cruzeiro\/#primaryimage\"},\"thumbnailUrl\":\"https:\/\/www.gaveanews.com\/wp-content\/uploads\/2019\/04\/Welinton-Souza-em-acao-pelo-Flamengo.webp\",\"datePublished\":\"2023-03-05T00:24:36+00:00\",\"dateModified\":\"2023-03-05T00:24:40+00:00\",\"author\":{\"@id\":\"https:\/\/www.gaveanews.com\/#\/schema\/person\/2ec14f73fb96be2caf28f91afb14749d\"},\"breadcrumb\":{\"@id\":\"https:\/\/www.gaveanews.com\/index.php\/2023\/03\/04\/lembra-dele-ex-flamengo-entra-na-mira-do-cruzeiro\/#breadcrumb\"},\"inLanguage\":\"pt-BR\",\"potentialAction\":[{\"@type\":\"ReadAction\",\"target\":[\"https:\/\/www.gaveanews.com\/index.php\/2023\/03\/04\/lembra-dele-ex-flamengo-entra-na-mira-do-cruzeiro\/\"]}]},{\"@type\":\"ImageObject\",\"inLanguage\":\"pt-BR\",\"@id\":\"https:\/\/www.gaveanews.com\/index.php\/2023\/03\/04\/lembra-dele-ex-flamengo-entra-na-mira-do-cruzeiro\/#primaryimage\",\"url\":\"https:\/\/www.gaveanews.com\/wp-content\/uploads\/2019\/04\/Welinton-Souza-em-acao-pelo-Flamengo.webp\",\"contentUrl\":\"https:\/\/www.gaveanews.com\/wp-content\/uploads\/2019\/04\/Welinton-Souza-em-acao-pelo-Flamengo.webp\",\"caption\":\"Welinton Souza em a\u00e7\u00e3o pelo Flamengo (Foto: Jorge Rodrigues\/Ag\u00eancia Eleven)\"},{\"@type\":\"BreadcrumbList\",\"@id\":\"https:\/\/www.gaveanews.com\/index.php\/2023\/03\/04\/lembra-dele-ex-flamengo-entra-na-mira-do-cruzeiro\/#breadcrumb\",\"itemListElement\":[{\"@type\":\"ListItem\",\"position\":1,\"name\":\"Home\",\"item\":\"https:\/\/www.gaveanews.com\/\"},{\"@type\":\"ListItem\",\"position\":2,\"name\":\"Lembra dele? Ex-Flamengo entra na mira do Cruzeiro\"}]},{\"@type\":\"WebSite\",\"@id\":\"https:\/\/www.gaveanews.com\/#website\",\"url\":\"https:\/\/www.gaveanews.com\/\",\"name\":\"G\u00e1vea News\",\"description\":\"Veja todas as not\u00edcias sobre o Flamengo: Contrata\u00e7\u00f5es, categorias de base, resultados das partidas, tabela de classifica\u00e7\u00e3o, pr\u00f3ximos jogos!\",\"potentialAction\":[{\"@type\":\"SearchAction\",\"target\":{\"@type\":\"EntryPoint\",\"urlTemplate\":\"https:\/\/www.gaveanews.com\/?s={search_term_string}\"},\"query-input\":{\"@type\":\"PropertyValueSpecification\",\"valueRequired\":true,\"valueName\":\"search_term_string\"}}],\"inLanguage\":\"pt-BR\"},{\"@type\":\"Person\",\"@id\":\"https:\/\/www.gaveanews.com\/#\/schema\/person\/2ec14f73fb96be2caf28f91afb14749d\",\"name\":\"Equipe G\u00e1vea News\",\"image\":{\"@type\":\"ImageObject\",\"inLanguage\":\"pt-BR\",\"@id\":\"https:\/\/www.gaveanews.com\/#\/schema\/person\/image\/\",\"url\":\"https:\/\/secure.gravatar.com\/avatar\/1e1956f1facbffd3f8fa53a326721950116b3b9dc9bd44939c01180fd4a745a9?s=96&d=mm&r=g\",\"contentUrl\":\"https:\/\/secure.gravatar.com\/avatar\/1e1956f1facbffd3f8fa53a326721950116b3b9dc9bd44939c01180fd4a745a9?s=96&d=mm&r=g\",\"caption\":\"Equipe G\u00e1vea News\"}}]}<\/script>\n<!-- \/ Yoast SEO Premium plugin. -->","yoast_head_json":{"title":"Lembra dele? Ex-Flamengo entra na mira do Cruzeiro","robots":{"index":"index","follow":"follow","max-snippet":"max-snippet:-1","max-image-preview":"max-image-preview:large","max-video-preview":"max-video-preview:-1"},"canonical":"https:\/\/www.gaveanews.com\/index.php\/2023\/03\/04\/lembra-dele-ex-flamengo-entra-na-mira-do-cruzeiro\/","og_locale":"pt_BR","og_type":"article","og_title":"Lembra dele? Ex-Flamengo entra na mira do Cruzeiro","og_description":"Tendo passado por um intenso processo de reformula\u00e7\u00e3o em seu elenco ap\u00f3s confirmar o acesso para a elite do futebol brasileiro, o Cruzeiro ainda n\u00e3o saiu totalmente no mercado. O time celeste agora tem como alvo o zagueiro Welinton, ex-Flamengo, que atualmente defende as cores do Besiktas, da Turquia. A informa\u00e7\u00e3o \u00e9 do jornalista Samuel [&hellip;]","og_url":"https:\/\/www.gaveanews.com\/index.php\/2023\/03\/04\/lembra-dele-ex-flamengo-entra-na-mira-do-cruzeiro\/","og_site_name":"G\u00e1vea News","article_publisher":"https:\/\/facebook.com\/gaveaNews\/","article_published_time":"2023-03-05T00:24:36+00:00","article_modified_time":"2023-03-05T00:24:40+00:00","og_image":[{"url":"https:\/\/www.gaveanews.com\/wp-content\/uploads\/2019\/04\/Welinton-Souza-em-acao-pelo-Flamengo.webp","width":1,"height":1,"type":"image\/jpeg"}],"author":"Equipe G\u00e1vea News","twitter_card":"summary_large_image","twitter_misc":{"Escrito por":"Equipe G\u00e1vea News","Est. tempo de leitura":"2 minutos"},"schema":{"@context":"https:\/\/schema.org","@graph":[{"@type":"NewsArticle","@id":"https:\/\/www.gaveanews.com\/index.php\/2023\/03\/04\/lembra-dele-ex-flamengo-entra-na-mira-do-cruzeiro\/#article","isPartOf":{"@id":"https:\/\/www.gaveanews.com\/index.php\/2023\/03\/04\/lembra-dele-ex-flamengo-entra-na-mira-do-cruzeiro\/"},"author":{"name":"Equipe G\u00e1vea News","@id":"https:\/\/www.gaveanews.com\/#\/schema\/person\/2ec14f73fb96be2caf28f91afb14749d"},"headline":"Lembra dele? Ex-Flamengo entra na mira do Cruzeiro","datePublished":"2023-03-05T00:24:36+00:00","dateModified":"2023-03-05T00:24:40+00:00","mainEntityOfPage":{"@id":"https:\/\/www.gaveanews.com\/index.php\/2023\/03\/04\/lembra-dele-ex-flamengo-entra-na-mira-do-cruzeiro\/"},"wordCount":258,"commentCount":0,"image":{"@id":"https:\/\/www.gaveanews.com\/index.php\/2023\/03\/04\/lembra-dele-ex-flamengo-entra-na-mira-do-cruzeiro\/#primaryimage"},"thumbnailUrl":"https:\/\/www.gaveanews.com\/wp-content\/uploads\/2019\/04\/Welinton-Souza-em-acao-pelo-Flamengo.webp","articleSection":["Flamengo"],"inLanguage":"pt-BR","potentialAction":[{"@type":"CommentAction","name":"Comment","target":["https:\/\/www.gaveanews.com\/index.php\/2023\/03\/04\/lembra-dele-ex-flamengo-entra-na-mira-do-cruzeiro\/#respond"]}],"copyrightYear":"2023","copyrightHolder":{"@id":"https:\/\/www.gaveanews.com\/#organization"}},{"@type":"WebPage","@id":"https:\/\/www.gaveanews.com\/index.php\/2023\/03\/04\/lembra-dele-ex-flamengo-entra-na-mira-do-cruzeiro\/","url":"https:\/\/www.gaveanews.com\/index.php\/2023\/03\/04\/lembra-dele-ex-flamengo-entra-na-mira-do-cruzeiro\/","name":"Lembra dele? Ex-Flamengo entra na mira do Cruzeiro","isPartOf":{"@id":"https:\/\/www.gaveanews.com\/#website"},"primaryImageOfPage":{"@id":"https:\/\/www.gaveanews.com\/index.php\/2023\/03\/04\/lembra-dele-ex-flamengo-entra-na-mira-do-cruzeiro\/#primaryimage"},"image":{"@id":"https:\/\/www.gaveanews.com\/index.php\/2023\/03\/04\/lembra-dele-ex-flamengo-entra-na-mira-do-cruzeiro\/#primaryimage"},"thumbnailUrl":"https:\/\/www.gaveanews.com\/wp-content\/uploads\/2019\/04\/Welinton-Souza-em-acao-pelo-Flamengo.webp","datePublished":"2023-03-05T00:24:36+00:00","dateModified":"2023-03-05T00:24:40+00:00","author":{"@id":"https:\/\/www.gaveanews.com\/#\/schema\/person\/2ec14f73fb96be2caf28f91afb14749d"},"breadcrumb":{"@id":"https:\/\/www.gaveanews.com\/index.php\/2023\/03\/04\/lembra-dele-ex-flamengo-entra-na-mira-do-cruzeiro\/#breadcrumb"},"inLanguage":"pt-BR","potentialAction":[{"@type":"ReadAction","target":["https:\/\/www.gaveanews.com\/index.php\/2023\/03\/04\/lembra-dele-ex-flamengo-entra-na-mira-do-cruzeiro\/"]}]},{"@type":"ImageObject","inLanguage":"pt-BR","@id":"https:\/\/www.gaveanews.com\/index.php\/2023\/03\/04\/lembra-dele-ex-flamengo-entra-na-mira-do-cruzeiro\/#primaryimage","url":"https:\/\/www.gaveanews.com\/wp-content\/uploads\/2019\/04\/Welinton-Souza-em-acao-pelo-Flamengo.webp","contentUrl":"https:\/\/www.gaveanews.com\/wp-content\/uploads\/2019\/04\/Welinton-Souza-em-acao-pelo-Flamengo.webp","caption":"Welinton Souza em a\u00e7\u00e3o pelo Flamengo (Foto: Jorge Rodrigues\/Ag\u00eancia Eleven)"},{"@type":"BreadcrumbList","@id":"https:\/\/www.gaveanews.com\/index.php\/2023\/03\/04\/lembra-dele-ex-flamengo-entra-na-mira-do-cruzeiro\/#breadcrumb","itemListElement":[{"@type":"ListItem","position":1,"name":"Home","item":"https:\/\/www.gaveanews.com\/"},{"@type":"ListItem","position":2,"name":"Lembra dele? Ex-Flamengo entra na mira do Cruzeiro"}]},{"@type":"WebSite","@id":"https:\/\/www.gaveanews.com\/#website","url":"https:\/\/www.gaveanews.com\/","name":"G\u00e1vea News","description":"Veja todas as not\u00edcias sobre o Flamengo: Contrata\u00e7\u00f5es, categorias de base, resultados das partidas, tabela de classifica\u00e7\u00e3o, pr\u00f3ximos jogos!","potentialAction":[{"@type":"SearchAction","target":{"@type":"EntryPoint","urlTemplate":"https:\/\/www.gaveanews.com\/?s={search_term_string}"},"query-input":{"@type":"PropertyValueSpecification","valueRequired":true,"valueName":"search_term_string"}}],"inLanguage":"pt-BR"},{"@type":"Person","@id":"https:\/\/www.gaveanews.com\/#\/schema\/person\/2ec14f73fb96be2caf28f91afb14749d","name":"Equipe G\u00e1vea News","image":{"@type":"ImageObject","inLanguage":"pt-BR","@id":"https:\/\/www.gaveanews.com\/#\/schema\/person\/image\/","url":"https:\/\/secure.gravatar.com\/avatar\/1e1956f1facbffd3f8fa53a326721950116b3b9dc9bd44939c01180fd4a745a9?s=96&d=mm&r=g","contentUrl":"https:\/\/secure.gravatar.com\/avatar\/1e1956f1facbffd3f8fa53a326721950116b3b9dc9bd44939c01180fd4a745a9?s=96&d=mm&r=g","caption":"Equipe G\u00e1vea News"}}]}},"_links":{"self":[{"href":"https:\/\/www.gaveanews.com\/index.php\/wp-json\/wp\/v2\/posts\/94941","targetHints":{"allow":["GET"]}}],"collection":[{"href":"https:\/\/www.gaveanews.com\/index.php\/wp-json\/wp\/v2\/posts"}],"about":[{"href":"https:\/\/www.gaveanews.com\/index.php\/wp-json\/wp\/v2\/types\/post"}],"author":[{"embeddable":true,"href":"https:\/\/www.gaveanews.com\/index.php\/wp-json\/wp\/v2\/users\/1"}],"replies":[{"embeddable":true,"href":"https:\/\/www.gaveanews.com\/index.php\/wp-json\/wp\/v2\/comments?post=94941"}],"version-history":[{"count":0,"href":"https:\/\/www.gaveanews.com\/index.php\/wp-json\/wp\/v2\/posts\/94941\/revisions"}],"wp:featuredmedia":[{"embeddable":true,"href":"https:\/\/www.gaveanews.com\/index.php\/wp-json\/wp\/v2\/media\/18893"}],"wp:attachment":[{"href":"https:\/\/www.gaveanews.com\/index.php\/wp-json\/wp\/v2\/media?parent=94941"}],"wp:term":[{"taxonomy":"category","embeddable":true,"href":"https:\/\/www.gaveanews.com\/index.php\/wp-json\/wp\/v2\/categories?post=94941"},{"taxonomy":"post_tag","embeddable":true,"href":"https:\/\/www.gaveanews.com\/index.php\/wp-json\/wp\/v2\/tags?post=94941"}],"curies":[{"name":"wp","href":"https:\/\/api.w.org\/{rel}","templated":true}]}}