{"id":94943,"date":"2023-03-04T23:50:34","date_gmt":"2023-03-05T02:50:34","guid":{"rendered":"https:\/\/www.gaveanews.com\/?p=94943"},"modified":"2023-03-04T23:51:29","modified_gmt":"2023-03-05T02:51:29","slug":"adidas-lanca-novas-camisas-para-o-flamengo-veja-fotos","status":"publish","type":"post","link":"https:\/\/www.gaveanews.com\/index.php\/2023\/03\/04\/adidas-lanca-novas-camisas-para-o-flamengo-veja-fotos\/","title":{"rendered":"Adidas lan\u00e7a novas camisas para o Flamengo; veja fotos"},"content":{"rendered":"\n<p>A Adidas anunciou a nova linha retr\u00f4 Icons, com camisas que fazem alus\u00e3o ao futebol na d\u00e9cada de 90, com a presen\u00e7a do Flamengo. Ali\u00e1s, de forma exclusiva no Brasil, j\u00e1 que as outras equipes no pa\u00eds patrocinadas pela marca n\u00e3o foram inclu\u00eddas no projeto.<\/p>\n\n\n\n<p>A cole\u00e7\u00e3o conta tamb\u00e9m com grandes clubes europeus. Como por exemplo, Ajax, Arsenal, Bayern de Munique, Boca Juniors, Juventus, Manchester United, Real Madrid e a sele\u00e7\u00e3o italiana. Afinal, a Azzurra (a azul em italiano) retomou parceria com a empresa no in\u00edcio de 2023.<\/p>\n\n\n\n<p>Segundo a fornecedora de material esportivo, a decis\u00e3o por homenagear o futebol da d\u00e9cada de 90 se explica pela inspira\u00e7\u00e3o que o desempenho causava na \u00e9poca \u201cencantou uma gera\u00e7\u00e3o e definiu um estilo dentro e fora do campo\u201d.<\/p>\n\n\n\n<p>Ainda de acordo com a Adidas, a linha \u201cmergulha em alguns dos momentos mais memor\u00e1veis \u200b\u200bdo futebol de cada time, ao mesmo tempo em que revela looks retr\u00f4 elegantes que confundem as linhas entre o desempenho do futebol e a cultura streetwear\u201d.<\/p>\n\n\n\n<p>A cole\u00e7\u00e3o \u00e9 baseada na era \u2018Adidas Equipment\u2019 e \u00e9 tem como intuito trazer \u00e0 tona cl\u00e1ssicos antigos. Al\u00e9m disso, criar um cen\u00e1rio imaginando como seriam os uniformes caso esses clubes e sele\u00e7\u00e3o fossem patrocinados pela marca na d\u00e9cada de 90. A linha conta com alguns detalhes como por exemplo, escudos dos times centralizados, acabamentos brilhantes e ajustes mais soltos.<\/p>\n\n\n\n<p>Excluindo as pe\u00e7as produzidas para o Flamengo, a das demais equipes j\u00e1 est\u00e3o \u00e0 venda no site oficial da Adidas, no valor de R$ 399,99. Enquanto isso, os uniformes do Rubro-Negro estar\u00e3o dispon\u00edveis a partir do dia 7 de abril.<\/p>\n\n\n\n<figure class=\"wp-block-image size-large\"><img decoding=\"async\" src=\"https:\/\/jogada10.com.br\/wp-content\/uploads\/2023\/03\/Colecao-Adidas-Icon-2023-Flamengo-1170x658-1.webp\" alt=\"\"\/><\/figure>\n\n\n\n<figure class=\"wp-block-image size-large\"><img decoding=\"async\" src=\"https:\/\/jogada10.com.br\/wp-content\/uploads\/2023\/03\/Colecao-Adidas-Icon-2023-Flamengo-2-1170x658-1.webp\" alt=\"\"\/><\/figure>\n\n\n\n<p>Retirado de: Jogada 10 <\/p>\n","protected":false},"excerpt":{"rendered":"<p>A Adidas anunciou a nova linha retr\u00f4 Icons, com camisas que fazem alus\u00e3o ao futebol na d\u00e9cada de 90, com a presen\u00e7a do Flamengo. Ali\u00e1s, de forma exclusiva no Brasil, j\u00e1 que as outras equipes no pa\u00eds patrocinadas pela marca n\u00e3o foram inclu\u00eddas no projeto. A cole\u00e7\u00e3o conta tamb\u00e9m com grandes clubes europeus. Como por [&hellip;]<\/p>\n","protected":false},"author":1,"featured_media":16214,"comment_status":"open","ping_status":"closed","sticky":false,"template":"","format":"standard","meta":{"footnotes":""},"categories":[47],"tags":[],"class_list":["post-94943","post","type-post","status-publish","format-standard","has-post-thumbnail","hentry","category-destaques"],"yoast_head":"<!-- This site is optimized with the Yoast SEO Premium plugin v24.2 (Yoast SEO v26.9) - https:\/\/yoast.com\/product\/yoast-seo-premium-wordpress\/ -->\n<title>Adidas lan\u00e7a novas camisas para o Flamengo; veja fotos<\/title>\n<meta name=\"robots\" content=\"index, follow, max-snippet:-1, max-image-preview:large, max-video-preview:-1\" \/>\n<link rel=\"canonical\" href=\"https:\/\/www.gaveanews.com\/index.php\/2023\/03\/04\/adidas-lanca-novas-camisas-para-o-flamengo-veja-fotos\/\" \/>\n<meta property=\"og:locale\" content=\"pt_BR\" \/>\n<meta property=\"og:type\" content=\"article\" \/>\n<meta property=\"og:title\" content=\"Adidas lan\u00e7a novas camisas para o Flamengo; veja fotos\" \/>\n<meta property=\"og:description\" content=\"A Adidas anunciou a nova linha retr\u00f4 Icons, com camisas que fazem alus\u00e3o ao futebol na d\u00e9cada de 90, com a presen\u00e7a do Flamengo. Ali\u00e1s, de forma exclusiva no Brasil, j\u00e1 que as outras equipes no pa\u00eds patrocinadas pela marca n\u00e3o foram inclu\u00eddas no projeto. A cole\u00e7\u00e3o conta tamb\u00e9m com grandes clubes europeus. Como por [&hellip;]\" \/>\n<meta property=\"og:url\" content=\"https:\/\/www.gaveanews.com\/index.php\/2023\/03\/04\/adidas-lanca-novas-camisas-para-o-flamengo-veja-fotos\/\" \/>\n<meta property=\"og:site_name\" content=\"G\u00e1vea News\" \/>\n<meta property=\"article:publisher\" content=\"https:\/\/facebook.com\/gaveaNews\/\" \/>\n<meta property=\"article:published_time\" content=\"2023-03-05T02:50:34+00:00\" \/>\n<meta property=\"article:modified_time\" content=\"2023-03-05T02:51:29+00:00\" \/>\n<meta property=\"og:image\" content=\"https:\/\/www.gaveanews.com\/wp-content\/uploads\/2019\/03\/Logomarca-da-Adidas.webp\" \/>\n\t<meta property=\"og:image:width\" content=\"1200\" \/>\n\t<meta property=\"og:image:height\" content=\"600\" \/>\n\t<meta property=\"og:image:type\" content=\"image\/png\" \/>\n<meta name=\"author\" content=\"Equipe G\u00e1vea News\" \/>\n<meta name=\"twitter:card\" content=\"summary_large_image\" \/>\n<meta name=\"twitter:label1\" content=\"Escrito por\" \/>\n\t<meta name=\"twitter:data1\" content=\"Equipe G\u00e1vea News\" \/>\n\t<meta name=\"twitter:label2\" content=\"Est. tempo de leitura\" \/>\n\t<meta name=\"twitter:data2\" content=\"2 minutos\" \/>\n<script type=\"application\/ld+json\" class=\"yoast-schema-graph\">{\"@context\":\"https:\/\/schema.org\",\"@graph\":[{\"@type\":\"NewsArticle\",\"@id\":\"https:\/\/www.gaveanews.com\/index.php\/2023\/03\/04\/adidas-lanca-novas-camisas-para-o-flamengo-veja-fotos\/#article\",\"isPartOf\":{\"@id\":\"https:\/\/www.gaveanews.com\/index.php\/2023\/03\/04\/adidas-lanca-novas-camisas-para-o-flamengo-veja-fotos\/\"},\"author\":{\"name\":\"Equipe G\u00e1vea News\",\"@id\":\"https:\/\/www.gaveanews.com\/#\/schema\/person\/2ec14f73fb96be2caf28f91afb14749d\"},\"headline\":\"Adidas lan\u00e7a novas camisas para o Flamengo; veja fotos\",\"datePublished\":\"2023-03-05T02:50:34+00:00\",\"dateModified\":\"2023-03-05T02:51:29+00:00\",\"mainEntityOfPage\":{\"@id\":\"https:\/\/www.gaveanews.com\/index.php\/2023\/03\/04\/adidas-lanca-novas-camisas-para-o-flamengo-veja-fotos\/\"},\"wordCount\":297,\"commentCount\":0,\"image\":{\"@id\":\"https:\/\/www.gaveanews.com\/index.php\/2023\/03\/04\/adidas-lanca-novas-camisas-para-o-flamengo-veja-fotos\/#primaryimage\"},\"thumbnailUrl\":\"https:\/\/www.gaveanews.com\/wp-content\/uploads\/2019\/03\/Logomarca-da-Adidas.webp\",\"articleSection\":[\"Destaques\"],\"inLanguage\":\"pt-BR\",\"potentialAction\":[{\"@type\":\"CommentAction\",\"name\":\"Comment\",\"target\":[\"https:\/\/www.gaveanews.com\/index.php\/2023\/03\/04\/adidas-lanca-novas-camisas-para-o-flamengo-veja-fotos\/#respond\"]}],\"copyrightYear\":\"2023\",\"copyrightHolder\":{\"@id\":\"https:\/\/www.gaveanews.com\/#organization\"}},{\"@type\":\"WebPage\",\"@id\":\"https:\/\/www.gaveanews.com\/index.php\/2023\/03\/04\/adidas-lanca-novas-camisas-para-o-flamengo-veja-fotos\/\",\"url\":\"https:\/\/www.gaveanews.com\/index.php\/2023\/03\/04\/adidas-lanca-novas-camisas-para-o-flamengo-veja-fotos\/\",\"name\":\"Adidas lan\u00e7a novas camisas para o Flamengo; veja fotos\",\"isPartOf\":{\"@id\":\"https:\/\/www.gaveanews.com\/#website\"},\"primaryImageOfPage\":{\"@id\":\"https:\/\/www.gaveanews.com\/index.php\/2023\/03\/04\/adidas-lanca-novas-camisas-para-o-flamengo-veja-fotos\/#primaryimage\"},\"image\":{\"@id\":\"https:\/\/www.gaveanews.com\/index.php\/2023\/03\/04\/adidas-lanca-novas-camisas-para-o-flamengo-veja-fotos\/#primaryimage\"},\"thumbnailUrl\":\"https:\/\/www.gaveanews.com\/wp-content\/uploads\/2019\/03\/Logomarca-da-Adidas.webp\",\"datePublished\":\"2023-03-05T02:50:34+00:00\",\"dateModified\":\"2023-03-05T02:51:29+00:00\",\"author\":{\"@id\":\"https:\/\/www.gaveanews.com\/#\/schema\/person\/2ec14f73fb96be2caf28f91afb14749d\"},\"breadcrumb\":{\"@id\":\"https:\/\/www.gaveanews.com\/index.php\/2023\/03\/04\/adidas-lanca-novas-camisas-para-o-flamengo-veja-fotos\/#breadcrumb\"},\"inLanguage\":\"pt-BR\",\"potentialAction\":[{\"@type\":\"ReadAction\",\"target\":[\"https:\/\/www.gaveanews.com\/index.php\/2023\/03\/04\/adidas-lanca-novas-camisas-para-o-flamengo-veja-fotos\/\"]}]},{\"@type\":\"ImageObject\",\"inLanguage\":\"pt-BR\",\"@id\":\"https:\/\/www.gaveanews.com\/index.php\/2023\/03\/04\/adidas-lanca-novas-camisas-para-o-flamengo-veja-fotos\/#primaryimage\",\"url\":\"https:\/\/www.gaveanews.com\/wp-content\/uploads\/2019\/03\/Logomarca-da-Adidas.webp\",\"contentUrl\":\"https:\/\/www.gaveanews.com\/wp-content\/uploads\/2019\/03\/Logomarca-da-Adidas.webp\",\"width\":1200,\"height\":600,\"caption\":\"Logomarca da Adidas (Foto: Reprodu\u00e7\u00e3o)\"},{\"@type\":\"BreadcrumbList\",\"@id\":\"https:\/\/www.gaveanews.com\/index.php\/2023\/03\/04\/adidas-lanca-novas-camisas-para-o-flamengo-veja-fotos\/#breadcrumb\",\"itemListElement\":[{\"@type\":\"ListItem\",\"position\":1,\"name\":\"Home\",\"item\":\"https:\/\/www.gaveanews.com\/\"},{\"@type\":\"ListItem\",\"position\":2,\"name\":\"Adidas lan\u00e7a novas camisas para o Flamengo; veja fotos\"}]},{\"@type\":\"WebSite\",\"@id\":\"https:\/\/www.gaveanews.com\/#website\",\"url\":\"https:\/\/www.gaveanews.com\/\",\"name\":\"G\u00e1vea News\",\"description\":\"Veja todas as not\u00edcias sobre o Flamengo: Contrata\u00e7\u00f5es, categorias de base, resultados das partidas, tabela de classifica\u00e7\u00e3o, pr\u00f3ximos jogos!\",\"potentialAction\":[{\"@type\":\"SearchAction\",\"target\":{\"@type\":\"EntryPoint\",\"urlTemplate\":\"https:\/\/www.gaveanews.com\/?s={search_term_string}\"},\"query-input\":{\"@type\":\"PropertyValueSpecification\",\"valueRequired\":true,\"valueName\":\"search_term_string\"}}],\"inLanguage\":\"pt-BR\"},{\"@type\":\"Person\",\"@id\":\"https:\/\/www.gaveanews.com\/#\/schema\/person\/2ec14f73fb96be2caf28f91afb14749d\",\"name\":\"Equipe G\u00e1vea News\",\"image\":{\"@type\":\"ImageObject\",\"inLanguage\":\"pt-BR\",\"@id\":\"https:\/\/www.gaveanews.com\/#\/schema\/person\/image\/\",\"url\":\"https:\/\/secure.gravatar.com\/avatar\/1e1956f1facbffd3f8fa53a326721950116b3b9dc9bd44939c01180fd4a745a9?s=96&d=mm&r=g\",\"contentUrl\":\"https:\/\/secure.gravatar.com\/avatar\/1e1956f1facbffd3f8fa53a326721950116b3b9dc9bd44939c01180fd4a745a9?s=96&d=mm&r=g\",\"caption\":\"Equipe G\u00e1vea News\"}}]}<\/script>\n<!-- \/ Yoast SEO Premium plugin. -->","yoast_head_json":{"title":"Adidas lan\u00e7a novas camisas para o Flamengo; veja fotos","robots":{"index":"index","follow":"follow","max-snippet":"max-snippet:-1","max-image-preview":"max-image-preview:large","max-video-preview":"max-video-preview:-1"},"canonical":"https:\/\/www.gaveanews.com\/index.php\/2023\/03\/04\/adidas-lanca-novas-camisas-para-o-flamengo-veja-fotos\/","og_locale":"pt_BR","og_type":"article","og_title":"Adidas lan\u00e7a novas camisas para o Flamengo; veja fotos","og_description":"A Adidas anunciou a nova linha retr\u00f4 Icons, com camisas que fazem alus\u00e3o ao futebol na d\u00e9cada de 90, com a presen\u00e7a do Flamengo. Ali\u00e1s, de forma exclusiva no Brasil, j\u00e1 que as outras equipes no pa\u00eds patrocinadas pela marca n\u00e3o foram inclu\u00eddas no projeto. A cole\u00e7\u00e3o conta tamb\u00e9m com grandes clubes europeus. Como por [&hellip;]","og_url":"https:\/\/www.gaveanews.com\/index.php\/2023\/03\/04\/adidas-lanca-novas-camisas-para-o-flamengo-veja-fotos\/","og_site_name":"G\u00e1vea News","article_publisher":"https:\/\/facebook.com\/gaveaNews\/","article_published_time":"2023-03-05T02:50:34+00:00","article_modified_time":"2023-03-05T02:51:29+00:00","og_image":[{"width":1200,"height":600,"url":"https:\/\/www.gaveanews.com\/wp-content\/uploads\/2019\/03\/Logomarca-da-Adidas.webp","type":"image\/png"}],"author":"Equipe G\u00e1vea News","twitter_card":"summary_large_image","twitter_misc":{"Escrito por":"Equipe G\u00e1vea News","Est. tempo de leitura":"2 minutos"},"schema":{"@context":"https:\/\/schema.org","@graph":[{"@type":"NewsArticle","@id":"https:\/\/www.gaveanews.com\/index.php\/2023\/03\/04\/adidas-lanca-novas-camisas-para-o-flamengo-veja-fotos\/#article","isPartOf":{"@id":"https:\/\/www.gaveanews.com\/index.php\/2023\/03\/04\/adidas-lanca-novas-camisas-para-o-flamengo-veja-fotos\/"},"author":{"name":"Equipe G\u00e1vea News","@id":"https:\/\/www.gaveanews.com\/#\/schema\/person\/2ec14f73fb96be2caf28f91afb14749d"},"headline":"Adidas lan\u00e7a novas camisas para o Flamengo; veja fotos","datePublished":"2023-03-05T02:50:34+00:00","dateModified":"2023-03-05T02:51:29+00:00","mainEntityOfPage":{"@id":"https:\/\/www.gaveanews.com\/index.php\/2023\/03\/04\/adidas-lanca-novas-camisas-para-o-flamengo-veja-fotos\/"},"wordCount":297,"commentCount":0,"image":{"@id":"https:\/\/www.gaveanews.com\/index.php\/2023\/03\/04\/adidas-lanca-novas-camisas-para-o-flamengo-veja-fotos\/#primaryimage"},"thumbnailUrl":"https:\/\/www.gaveanews.com\/wp-content\/uploads\/2019\/03\/Logomarca-da-Adidas.webp","articleSection":["Destaques"],"inLanguage":"pt-BR","potentialAction":[{"@type":"CommentAction","name":"Comment","target":["https:\/\/www.gaveanews.com\/index.php\/2023\/03\/04\/adidas-lanca-novas-camisas-para-o-flamengo-veja-fotos\/#respond"]}],"copyrightYear":"2023","copyrightHolder":{"@id":"https:\/\/www.gaveanews.com\/#organization"}},{"@type":"WebPage","@id":"https:\/\/www.gaveanews.com\/index.php\/2023\/03\/04\/adidas-lanca-novas-camisas-para-o-flamengo-veja-fotos\/","url":"https:\/\/www.gaveanews.com\/index.php\/2023\/03\/04\/adidas-lanca-novas-camisas-para-o-flamengo-veja-fotos\/","name":"Adidas lan\u00e7a novas camisas para o Flamengo; veja fotos","isPartOf":{"@id":"https:\/\/www.gaveanews.com\/#website"},"primaryImageOfPage":{"@id":"https:\/\/www.gaveanews.com\/index.php\/2023\/03\/04\/adidas-lanca-novas-camisas-para-o-flamengo-veja-fotos\/#primaryimage"},"image":{"@id":"https:\/\/www.gaveanews.com\/index.php\/2023\/03\/04\/adidas-lanca-novas-camisas-para-o-flamengo-veja-fotos\/#primaryimage"},"thumbnailUrl":"https:\/\/www.gaveanews.com\/wp-content\/uploads\/2019\/03\/Logomarca-da-Adidas.webp","datePublished":"2023-03-05T02:50:34+00:00","dateModified":"2023-03-05T02:51:29+00:00","author":{"@id":"https:\/\/www.gaveanews.com\/#\/schema\/person\/2ec14f73fb96be2caf28f91afb14749d"},"breadcrumb":{"@id":"https:\/\/www.gaveanews.com\/index.php\/2023\/03\/04\/adidas-lanca-novas-camisas-para-o-flamengo-veja-fotos\/#breadcrumb"},"inLanguage":"pt-BR","potentialAction":[{"@type":"ReadAction","target":["https:\/\/www.gaveanews.com\/index.php\/2023\/03\/04\/adidas-lanca-novas-camisas-para-o-flamengo-veja-fotos\/"]}]},{"@type":"ImageObject","inLanguage":"pt-BR","@id":"https:\/\/www.gaveanews.com\/index.php\/2023\/03\/04\/adidas-lanca-novas-camisas-para-o-flamengo-veja-fotos\/#primaryimage","url":"https:\/\/www.gaveanews.com\/wp-content\/uploads\/2019\/03\/Logomarca-da-Adidas.webp","contentUrl":"https:\/\/www.gaveanews.com\/wp-content\/uploads\/2019\/03\/Logomarca-da-Adidas.webp","width":1200,"height":600,"caption":"Logomarca da Adidas (Foto: Reprodu\u00e7\u00e3o)"},{"@type":"BreadcrumbList","@id":"https:\/\/www.gaveanews.com\/index.php\/2023\/03\/04\/adidas-lanca-novas-camisas-para-o-flamengo-veja-fotos\/#breadcrumb","itemListElement":[{"@type":"ListItem","position":1,"name":"Home","item":"https:\/\/www.gaveanews.com\/"},{"@type":"ListItem","position":2,"name":"Adidas lan\u00e7a novas camisas para o Flamengo; veja fotos"}]},{"@type":"WebSite","@id":"https:\/\/www.gaveanews.com\/#website","url":"https:\/\/www.gaveanews.com\/","name":"G\u00e1vea News","description":"Veja todas as not\u00edcias sobre o Flamengo: Contrata\u00e7\u00f5es, categorias de base, resultados das partidas, tabela de classifica\u00e7\u00e3o, pr\u00f3ximos jogos!","potentialAction":[{"@type":"SearchAction","target":{"@type":"EntryPoint","urlTemplate":"https:\/\/www.gaveanews.com\/?s={search_term_string}"},"query-input":{"@type":"PropertyValueSpecification","valueRequired":true,"valueName":"search_term_string"}}],"inLanguage":"pt-BR"},{"@type":"Person","@id":"https:\/\/www.gaveanews.com\/#\/schema\/person\/2ec14f73fb96be2caf28f91afb14749d","name":"Equipe G\u00e1vea News","image":{"@type":"ImageObject","inLanguage":"pt-BR","@id":"https:\/\/www.gaveanews.com\/#\/schema\/person\/image\/","url":"https:\/\/secure.gravatar.com\/avatar\/1e1956f1facbffd3f8fa53a326721950116b3b9dc9bd44939c01180fd4a745a9?s=96&d=mm&r=g","contentUrl":"https:\/\/secure.gravatar.com\/avatar\/1e1956f1facbffd3f8fa53a326721950116b3b9dc9bd44939c01180fd4a745a9?s=96&d=mm&r=g","caption":"Equipe G\u00e1vea News"}}]}},"_links":{"self":[{"href":"https:\/\/www.gaveanews.com\/index.php\/wp-json\/wp\/v2\/posts\/94943","targetHints":{"allow":["GET"]}}],"collection":[{"href":"https:\/\/www.gaveanews.com\/index.php\/wp-json\/wp\/v2\/posts"}],"about":[{"href":"https:\/\/www.gaveanews.com\/index.php\/wp-json\/wp\/v2\/types\/post"}],"author":[{"embeddable":true,"href":"https:\/\/www.gaveanews.com\/index.php\/wp-json\/wp\/v2\/users\/1"}],"replies":[{"embeddable":true,"href":"https:\/\/www.gaveanews.com\/index.php\/wp-json\/wp\/v2\/comments?post=94943"}],"version-history":[{"count":0,"href":"https:\/\/www.gaveanews.com\/index.php\/wp-json\/wp\/v2\/posts\/94943\/revisions"}],"wp:featuredmedia":[{"embeddable":true,"href":"https:\/\/www.gaveanews.com\/index.php\/wp-json\/wp\/v2\/media\/16214"}],"wp:attachment":[{"href":"https:\/\/www.gaveanews.com\/index.php\/wp-json\/wp\/v2\/media?parent=94943"}],"wp:term":[{"taxonomy":"category","embeddable":true,"href":"https:\/\/www.gaveanews.com\/index.php\/wp-json\/wp\/v2\/categories?post=94943"},{"taxonomy":"post_tag","embeddable":true,"href":"https:\/\/www.gaveanews.com\/index.php\/wp-json\/wp\/v2\/tags?post=94943"}],"curies":[{"name":"wp","href":"https:\/\/api.w.org\/{rel}","templated":true}]}}