{"id":94954,"date":"2023-03-05T21:09:43","date_gmt":"2023-03-06T00:09:43","guid":{"rendered":"https:\/\/www.gaveanews.com\/?p=94954"},"modified":"2023-03-05T21:09:45","modified_gmt":"2023-03-06T00:09:45","slug":"jorge-jesus-da-resposta-enigmatica-sobre-possivel-volta-ao-flamengo","status":"publish","type":"post","link":"https:\/\/www.gaveanews.com\/index.php\/2023\/03\/05\/jorge-jesus-da-resposta-enigmatica-sobre-possivel-volta-ao-flamengo\/","title":{"rendered":"Jorge Jesus d\u00e1 resposta enigm\u00e1tica sobre poss\u00edvel volta ao Flamengo"},"content":{"rendered":"\n<p>O torcedor do Flamengo sonha com a volta de Jorge Jesus. Com o in\u00edcio nada animador do compatriota V\u00edtor Pereira, a saudade pelo Mister acaba sendo ainda maior. No momento, por\u00e9m, \u00e9 um cen\u00e1rio pouco dif\u00edcil de se concretizar. Ainda assim, as especula\u00e7\u00f5es acabam sendo inevit\u00e1veis e, agora, ganharam um tempero especial.<\/p>\n\n\n\n<p>Em contato com o jornalista Bruno Villafranca, Jorge Jesus deu uma resposta curiosa ao ser perguntado justamente sobre a chance de assumir o Flamengo ainda em 2023. Acompanhe abaixo o relato do rep\u00f3rter do site \u201cColuna do Fla\u201d.<\/p>\n\n\n\n<p>\u201cPerguntei ao mister JJ sobre a real possibilidade de voltar ao Brasil assumir o Flamengo em 2023. O mister, inteligente, me deu uma resposta curta e enigm\u00e1tica. Ap\u00f3s a breve resposta, n\u00e3o falou mais nada&#8221;.<\/p>\n\n\n\n<p>O Fenerbahce, time comandado por Jorge Jesus, \u00e9 o segundo colocado no Campeonato Turco. Com 51 pontos, est\u00e1 atr\u00e1s apenas do Galatasaray, que soma 54. S\u00e3o 16 vit\u00f3rias, tr\u00eas empates e quatro derrotas.<\/p>\n\n\n\n<p>Retirado de: Torcedores <\/p>\n","protected":false},"excerpt":{"rendered":"<p>O torcedor do Flamengo sonha com a volta de Jorge Jesus. Com o in\u00edcio nada animador do compatriota V\u00edtor Pereira, a saudade pelo Mister acaba sendo ainda maior. No momento, por\u00e9m, \u00e9 um cen\u00e1rio pouco dif\u00edcil de se concretizar. Ainda assim, as especula\u00e7\u00f5es acabam sendo inevit\u00e1veis e, agora, ganharam um tempero especial. Em contato com [&hellip;]<\/p>\n","protected":false},"author":1,"featured_media":89897,"comment_status":"open","ping_status":"closed","sticky":false,"template":"","format":"standard","meta":{"footnotes":""},"categories":[1],"tags":[],"class_list":["post-94954","post","type-post","status-publish","format-standard","has-post-thumbnail","hentry","category-flamengo"],"yoast_head":"<!-- This site is optimized with the Yoast SEO Premium plugin v24.2 (Yoast SEO v26.9) - https:\/\/yoast.com\/product\/yoast-seo-premium-wordpress\/ -->\n<title>Jorge Jesus d\u00e1 resposta enigm\u00e1tica sobre poss\u00edvel volta ao Flamengo<\/title>\n<meta name=\"robots\" content=\"index, follow, max-snippet:-1, max-image-preview:large, max-video-preview:-1\" \/>\n<link rel=\"canonical\" href=\"https:\/\/www.gaveanews.com\/index.php\/2023\/03\/05\/jorge-jesus-da-resposta-enigmatica-sobre-possivel-volta-ao-flamengo\/\" \/>\n<meta property=\"og:locale\" content=\"pt_BR\" \/>\n<meta property=\"og:type\" content=\"article\" \/>\n<meta property=\"og:title\" content=\"Jorge Jesus d\u00e1 resposta enigm\u00e1tica sobre poss\u00edvel volta ao Flamengo\" \/>\n<meta property=\"og:description\" content=\"O torcedor do Flamengo sonha com a volta de Jorge Jesus. Com o in\u00edcio nada animador do compatriota V\u00edtor Pereira, a saudade pelo Mister acaba sendo ainda maior. No momento, por\u00e9m, \u00e9 um cen\u00e1rio pouco dif\u00edcil de se concretizar. Ainda assim, as especula\u00e7\u00f5es acabam sendo inevit\u00e1veis e, agora, ganharam um tempero especial. Em contato com [&hellip;]\" \/>\n<meta property=\"og:url\" content=\"https:\/\/www.gaveanews.com\/index.php\/2023\/03\/05\/jorge-jesus-da-resposta-enigmatica-sobre-possivel-volta-ao-flamengo\/\" \/>\n<meta property=\"og:site_name\" content=\"G\u00e1vea News\" \/>\n<meta property=\"article:publisher\" content=\"https:\/\/facebook.com\/gaveaNews\/\" \/>\n<meta property=\"article:published_time\" content=\"2023-03-06T00:09:43+00:00\" \/>\n<meta property=\"article:modified_time\" content=\"2023-03-06T00:09:45+00:00\" \/>\n<meta property=\"og:image\" content=\"https:\/\/www.gaveanews.com\/wp-content\/uploads\/jorge-jesus-fenerbahce.webp\" \/>\n\t<meta property=\"og:image:width\" content=\"729\" \/>\n\t<meta property=\"og:image:height\" content=\"486\" \/>\n\t<meta property=\"og:image:type\" content=\"image\/jpeg\" \/>\n<meta name=\"author\" content=\"Equipe G\u00e1vea News\" \/>\n<meta name=\"twitter:card\" content=\"summary_large_image\" \/>\n<meta name=\"twitter:label1\" content=\"Escrito por\" \/>\n\t<meta name=\"twitter:data1\" content=\"Equipe G\u00e1vea News\" \/>\n\t<meta name=\"twitter:label2\" content=\"Est. tempo de leitura\" \/>\n\t<meta name=\"twitter:data2\" content=\"1 minuto\" \/>\n<script type=\"application\/ld+json\" class=\"yoast-schema-graph\">{\"@context\":\"https:\/\/schema.org\",\"@graph\":[{\"@type\":\"NewsArticle\",\"@id\":\"https:\/\/www.gaveanews.com\/index.php\/2023\/03\/05\/jorge-jesus-da-resposta-enigmatica-sobre-possivel-volta-ao-flamengo\/#article\",\"isPartOf\":{\"@id\":\"https:\/\/www.gaveanews.com\/index.php\/2023\/03\/05\/jorge-jesus-da-resposta-enigmatica-sobre-possivel-volta-ao-flamengo\/\"},\"author\":{\"name\":\"Equipe G\u00e1vea News\",\"@id\":\"https:\/\/www.gaveanews.com\/#\/schema\/person\/2ec14f73fb96be2caf28f91afb14749d\"},\"headline\":\"Jorge Jesus d\u00e1 resposta enigm\u00e1tica sobre poss\u00edvel volta ao Flamengo\",\"datePublished\":\"2023-03-06T00:09:43+00:00\",\"dateModified\":\"2023-03-06T00:09:45+00:00\",\"mainEntityOfPage\":{\"@id\":\"https:\/\/www.gaveanews.com\/index.php\/2023\/03\/05\/jorge-jesus-da-resposta-enigmatica-sobre-possivel-volta-ao-flamengo\/\"},\"wordCount\":181,\"commentCount\":0,\"image\":{\"@id\":\"https:\/\/www.gaveanews.com\/index.php\/2023\/03\/05\/jorge-jesus-da-resposta-enigmatica-sobre-possivel-volta-ao-flamengo\/#primaryimage\"},\"thumbnailUrl\":\"https:\/\/www.gaveanews.com\/wp-content\/uploads\/jorge-jesus-fenerbahce.webp\",\"articleSection\":[\"Flamengo\"],\"inLanguage\":\"pt-BR\",\"potentialAction\":[{\"@type\":\"CommentAction\",\"name\":\"Comment\",\"target\":[\"https:\/\/www.gaveanews.com\/index.php\/2023\/03\/05\/jorge-jesus-da-resposta-enigmatica-sobre-possivel-volta-ao-flamengo\/#respond\"]}],\"copyrightYear\":\"2023\",\"copyrightHolder\":{\"@id\":\"https:\/\/www.gaveanews.com\/#organization\"}},{\"@type\":\"WebPage\",\"@id\":\"https:\/\/www.gaveanews.com\/index.php\/2023\/03\/05\/jorge-jesus-da-resposta-enigmatica-sobre-possivel-volta-ao-flamengo\/\",\"url\":\"https:\/\/www.gaveanews.com\/index.php\/2023\/03\/05\/jorge-jesus-da-resposta-enigmatica-sobre-possivel-volta-ao-flamengo\/\",\"name\":\"Jorge Jesus d\u00e1 resposta enigm\u00e1tica sobre poss\u00edvel volta ao Flamengo\",\"isPartOf\":{\"@id\":\"https:\/\/www.gaveanews.com\/#website\"},\"primaryImageOfPage\":{\"@id\":\"https:\/\/www.gaveanews.com\/index.php\/2023\/03\/05\/jorge-jesus-da-resposta-enigmatica-sobre-possivel-volta-ao-flamengo\/#primaryimage\"},\"image\":{\"@id\":\"https:\/\/www.gaveanews.com\/index.php\/2023\/03\/05\/jorge-jesus-da-resposta-enigmatica-sobre-possivel-volta-ao-flamengo\/#primaryimage\"},\"thumbnailUrl\":\"https:\/\/www.gaveanews.com\/wp-content\/uploads\/jorge-jesus-fenerbahce.webp\",\"datePublished\":\"2023-03-06T00:09:43+00:00\",\"dateModified\":\"2023-03-06T00:09:45+00:00\",\"author\":{\"@id\":\"https:\/\/www.gaveanews.com\/#\/schema\/person\/2ec14f73fb96be2caf28f91afb14749d\"},\"breadcrumb\":{\"@id\":\"https:\/\/www.gaveanews.com\/index.php\/2023\/03\/05\/jorge-jesus-da-resposta-enigmatica-sobre-possivel-volta-ao-flamengo\/#breadcrumb\"},\"inLanguage\":\"pt-BR\",\"potentialAction\":[{\"@type\":\"ReadAction\",\"target\":[\"https:\/\/www.gaveanews.com\/index.php\/2023\/03\/05\/jorge-jesus-da-resposta-enigmatica-sobre-possivel-volta-ao-flamengo\/\"]}]},{\"@type\":\"ImageObject\",\"inLanguage\":\"pt-BR\",\"@id\":\"https:\/\/www.gaveanews.com\/index.php\/2023\/03\/05\/jorge-jesus-da-resposta-enigmatica-sobre-possivel-volta-ao-flamengo\/#primaryimage\",\"url\":\"https:\/\/www.gaveanews.com\/wp-content\/uploads\/jorge-jesus-fenerbahce.webp\",\"contentUrl\":\"https:\/\/www.gaveanews.com\/wp-content\/uploads\/jorge-jesus-fenerbahce.webp\",\"width\":729,\"height\":486,\"caption\":\"Jorge Jesus durante um jogo do Fenerbah\u00e7e (Foto: Divulga\u00e7\u00e3o\/Fenerbah\u00e7e)\"},{\"@type\":\"BreadcrumbList\",\"@id\":\"https:\/\/www.gaveanews.com\/index.php\/2023\/03\/05\/jorge-jesus-da-resposta-enigmatica-sobre-possivel-volta-ao-flamengo\/#breadcrumb\",\"itemListElement\":[{\"@type\":\"ListItem\",\"position\":1,\"name\":\"Home\",\"item\":\"https:\/\/www.gaveanews.com\/\"},{\"@type\":\"ListItem\",\"position\":2,\"name\":\"Jorge Jesus d\u00e1 resposta enigm\u00e1tica sobre poss\u00edvel volta ao Flamengo\"}]},{\"@type\":\"WebSite\",\"@id\":\"https:\/\/www.gaveanews.com\/#website\",\"url\":\"https:\/\/www.gaveanews.com\/\",\"name\":\"G\u00e1vea News\",\"description\":\"Veja todas as not\u00edcias sobre o Flamengo: Contrata\u00e7\u00f5es, categorias de base, resultados das partidas, tabela de classifica\u00e7\u00e3o, pr\u00f3ximos jogos!\",\"potentialAction\":[{\"@type\":\"SearchAction\",\"target\":{\"@type\":\"EntryPoint\",\"urlTemplate\":\"https:\/\/www.gaveanews.com\/?s={search_term_string}\"},\"query-input\":{\"@type\":\"PropertyValueSpecification\",\"valueRequired\":true,\"valueName\":\"search_term_string\"}}],\"inLanguage\":\"pt-BR\"},{\"@type\":\"Person\",\"@id\":\"https:\/\/www.gaveanews.com\/#\/schema\/person\/2ec14f73fb96be2caf28f91afb14749d\",\"name\":\"Equipe G\u00e1vea News\",\"image\":{\"@type\":\"ImageObject\",\"inLanguage\":\"pt-BR\",\"@id\":\"https:\/\/www.gaveanews.com\/#\/schema\/person\/image\/\",\"url\":\"https:\/\/secure.gravatar.com\/avatar\/1e1956f1facbffd3f8fa53a326721950116b3b9dc9bd44939c01180fd4a745a9?s=96&d=mm&r=g\",\"contentUrl\":\"https:\/\/secure.gravatar.com\/avatar\/1e1956f1facbffd3f8fa53a326721950116b3b9dc9bd44939c01180fd4a745a9?s=96&d=mm&r=g\",\"caption\":\"Equipe G\u00e1vea News\"}}]}<\/script>\n<!-- \/ Yoast SEO Premium plugin. -->","yoast_head_json":{"title":"Jorge Jesus d\u00e1 resposta enigm\u00e1tica sobre poss\u00edvel volta ao Flamengo","robots":{"index":"index","follow":"follow","max-snippet":"max-snippet:-1","max-image-preview":"max-image-preview:large","max-video-preview":"max-video-preview:-1"},"canonical":"https:\/\/www.gaveanews.com\/index.php\/2023\/03\/05\/jorge-jesus-da-resposta-enigmatica-sobre-possivel-volta-ao-flamengo\/","og_locale":"pt_BR","og_type":"article","og_title":"Jorge Jesus d\u00e1 resposta enigm\u00e1tica sobre poss\u00edvel volta ao Flamengo","og_description":"O torcedor do Flamengo sonha com a volta de Jorge Jesus. Com o in\u00edcio nada animador do compatriota V\u00edtor Pereira, a saudade pelo Mister acaba sendo ainda maior. No momento, por\u00e9m, \u00e9 um cen\u00e1rio pouco dif\u00edcil de se concretizar. Ainda assim, as especula\u00e7\u00f5es acabam sendo inevit\u00e1veis e, agora, ganharam um tempero especial. Em contato com [&hellip;]","og_url":"https:\/\/www.gaveanews.com\/index.php\/2023\/03\/05\/jorge-jesus-da-resposta-enigmatica-sobre-possivel-volta-ao-flamengo\/","og_site_name":"G\u00e1vea News","article_publisher":"https:\/\/facebook.com\/gaveaNews\/","article_published_time":"2023-03-06T00:09:43+00:00","article_modified_time":"2023-03-06T00:09:45+00:00","og_image":[{"width":729,"height":486,"url":"https:\/\/www.gaveanews.com\/wp-content\/uploads\/jorge-jesus-fenerbahce.webp","type":"image\/jpeg"}],"author":"Equipe G\u00e1vea News","twitter_card":"summary_large_image","twitter_misc":{"Escrito por":"Equipe G\u00e1vea News","Est. tempo de leitura":"1 minuto"},"schema":{"@context":"https:\/\/schema.org","@graph":[{"@type":"NewsArticle","@id":"https:\/\/www.gaveanews.com\/index.php\/2023\/03\/05\/jorge-jesus-da-resposta-enigmatica-sobre-possivel-volta-ao-flamengo\/#article","isPartOf":{"@id":"https:\/\/www.gaveanews.com\/index.php\/2023\/03\/05\/jorge-jesus-da-resposta-enigmatica-sobre-possivel-volta-ao-flamengo\/"},"author":{"name":"Equipe G\u00e1vea News","@id":"https:\/\/www.gaveanews.com\/#\/schema\/person\/2ec14f73fb96be2caf28f91afb14749d"},"headline":"Jorge Jesus d\u00e1 resposta enigm\u00e1tica sobre poss\u00edvel volta ao Flamengo","datePublished":"2023-03-06T00:09:43+00:00","dateModified":"2023-03-06T00:09:45+00:00","mainEntityOfPage":{"@id":"https:\/\/www.gaveanews.com\/index.php\/2023\/03\/05\/jorge-jesus-da-resposta-enigmatica-sobre-possivel-volta-ao-flamengo\/"},"wordCount":181,"commentCount":0,"image":{"@id":"https:\/\/www.gaveanews.com\/index.php\/2023\/03\/05\/jorge-jesus-da-resposta-enigmatica-sobre-possivel-volta-ao-flamengo\/#primaryimage"},"thumbnailUrl":"https:\/\/www.gaveanews.com\/wp-content\/uploads\/jorge-jesus-fenerbahce.webp","articleSection":["Flamengo"],"inLanguage":"pt-BR","potentialAction":[{"@type":"CommentAction","name":"Comment","target":["https:\/\/www.gaveanews.com\/index.php\/2023\/03\/05\/jorge-jesus-da-resposta-enigmatica-sobre-possivel-volta-ao-flamengo\/#respond"]}],"copyrightYear":"2023","copyrightHolder":{"@id":"https:\/\/www.gaveanews.com\/#organization"}},{"@type":"WebPage","@id":"https:\/\/www.gaveanews.com\/index.php\/2023\/03\/05\/jorge-jesus-da-resposta-enigmatica-sobre-possivel-volta-ao-flamengo\/","url":"https:\/\/www.gaveanews.com\/index.php\/2023\/03\/05\/jorge-jesus-da-resposta-enigmatica-sobre-possivel-volta-ao-flamengo\/","name":"Jorge Jesus d\u00e1 resposta enigm\u00e1tica sobre poss\u00edvel volta ao Flamengo","isPartOf":{"@id":"https:\/\/www.gaveanews.com\/#website"},"primaryImageOfPage":{"@id":"https:\/\/www.gaveanews.com\/index.php\/2023\/03\/05\/jorge-jesus-da-resposta-enigmatica-sobre-possivel-volta-ao-flamengo\/#primaryimage"},"image":{"@id":"https:\/\/www.gaveanews.com\/index.php\/2023\/03\/05\/jorge-jesus-da-resposta-enigmatica-sobre-possivel-volta-ao-flamengo\/#primaryimage"},"thumbnailUrl":"https:\/\/www.gaveanews.com\/wp-content\/uploads\/jorge-jesus-fenerbahce.webp","datePublished":"2023-03-06T00:09:43+00:00","dateModified":"2023-03-06T00:09:45+00:00","author":{"@id":"https:\/\/www.gaveanews.com\/#\/schema\/person\/2ec14f73fb96be2caf28f91afb14749d"},"breadcrumb":{"@id":"https:\/\/www.gaveanews.com\/index.php\/2023\/03\/05\/jorge-jesus-da-resposta-enigmatica-sobre-possivel-volta-ao-flamengo\/#breadcrumb"},"inLanguage":"pt-BR","potentialAction":[{"@type":"ReadAction","target":["https:\/\/www.gaveanews.com\/index.php\/2023\/03\/05\/jorge-jesus-da-resposta-enigmatica-sobre-possivel-volta-ao-flamengo\/"]}]},{"@type":"ImageObject","inLanguage":"pt-BR","@id":"https:\/\/www.gaveanews.com\/index.php\/2023\/03\/05\/jorge-jesus-da-resposta-enigmatica-sobre-possivel-volta-ao-flamengo\/#primaryimage","url":"https:\/\/www.gaveanews.com\/wp-content\/uploads\/jorge-jesus-fenerbahce.webp","contentUrl":"https:\/\/www.gaveanews.com\/wp-content\/uploads\/jorge-jesus-fenerbahce.webp","width":729,"height":486,"caption":"Jorge Jesus durante um jogo do Fenerbah\u00e7e (Foto: Divulga\u00e7\u00e3o\/Fenerbah\u00e7e)"},{"@type":"BreadcrumbList","@id":"https:\/\/www.gaveanews.com\/index.php\/2023\/03\/05\/jorge-jesus-da-resposta-enigmatica-sobre-possivel-volta-ao-flamengo\/#breadcrumb","itemListElement":[{"@type":"ListItem","position":1,"name":"Home","item":"https:\/\/www.gaveanews.com\/"},{"@type":"ListItem","position":2,"name":"Jorge Jesus d\u00e1 resposta enigm\u00e1tica sobre poss\u00edvel volta ao Flamengo"}]},{"@type":"WebSite","@id":"https:\/\/www.gaveanews.com\/#website","url":"https:\/\/www.gaveanews.com\/","name":"G\u00e1vea News","description":"Veja todas as not\u00edcias sobre o Flamengo: Contrata\u00e7\u00f5es, categorias de base, resultados das partidas, tabela de classifica\u00e7\u00e3o, pr\u00f3ximos jogos!","potentialAction":[{"@type":"SearchAction","target":{"@type":"EntryPoint","urlTemplate":"https:\/\/www.gaveanews.com\/?s={search_term_string}"},"query-input":{"@type":"PropertyValueSpecification","valueRequired":true,"valueName":"search_term_string"}}],"inLanguage":"pt-BR"},{"@type":"Person","@id":"https:\/\/www.gaveanews.com\/#\/schema\/person\/2ec14f73fb96be2caf28f91afb14749d","name":"Equipe G\u00e1vea News","image":{"@type":"ImageObject","inLanguage":"pt-BR","@id":"https:\/\/www.gaveanews.com\/#\/schema\/person\/image\/","url":"https:\/\/secure.gravatar.com\/avatar\/1e1956f1facbffd3f8fa53a326721950116b3b9dc9bd44939c01180fd4a745a9?s=96&d=mm&r=g","contentUrl":"https:\/\/secure.gravatar.com\/avatar\/1e1956f1facbffd3f8fa53a326721950116b3b9dc9bd44939c01180fd4a745a9?s=96&d=mm&r=g","caption":"Equipe G\u00e1vea News"}}]}},"_links":{"self":[{"href":"https:\/\/www.gaveanews.com\/index.php\/wp-json\/wp\/v2\/posts\/94954","targetHints":{"allow":["GET"]}}],"collection":[{"href":"https:\/\/www.gaveanews.com\/index.php\/wp-json\/wp\/v2\/posts"}],"about":[{"href":"https:\/\/www.gaveanews.com\/index.php\/wp-json\/wp\/v2\/types\/post"}],"author":[{"embeddable":true,"href":"https:\/\/www.gaveanews.com\/index.php\/wp-json\/wp\/v2\/users\/1"}],"replies":[{"embeddable":true,"href":"https:\/\/www.gaveanews.com\/index.php\/wp-json\/wp\/v2\/comments?post=94954"}],"version-history":[{"count":0,"href":"https:\/\/www.gaveanews.com\/index.php\/wp-json\/wp\/v2\/posts\/94954\/revisions"}],"wp:featuredmedia":[{"embeddable":true,"href":"https:\/\/www.gaveanews.com\/index.php\/wp-json\/wp\/v2\/media\/89897"}],"wp:attachment":[{"href":"https:\/\/www.gaveanews.com\/index.php\/wp-json\/wp\/v2\/media?parent=94954"}],"wp:term":[{"taxonomy":"category","embeddable":true,"href":"https:\/\/www.gaveanews.com\/index.php\/wp-json\/wp\/v2\/categories?post=94954"},{"taxonomy":"post_tag","embeddable":true,"href":"https:\/\/www.gaveanews.com\/index.php\/wp-json\/wp\/v2\/tags?post=94954"}],"curies":[{"name":"wp","href":"https:\/\/api.w.org\/{rel}","templated":true}]}}