{"id":94968,"date":"2023-03-06T00:24:06","date_gmt":"2023-03-06T03:24:06","guid":{"rendered":"https:\/\/www.gaveanews.com\/?p=94968"},"modified":"2023-03-06T00:24:09","modified_gmt":"2023-03-06T03:24:09","slug":"torcida-do-flamengo-perde-a-paciencia-e-faz-campanha-pela-saida-de-vitor-pereira","status":"publish","type":"post","link":"https:\/\/www.gaveanews.com\/index.php\/2023\/03\/06\/torcida-do-flamengo-perde-a-paciencia-e-faz-campanha-pela-saida-de-vitor-pereira\/","title":{"rendered":"Torcida do Flamengo perde a paci\u00eancia e faz campanha pela sa\u00edda de V\u00edtor Pereira"},"content":{"rendered":"\n<p>O Flamengo perdeu o cl\u00e1ssico para o Vasco, por 1 a 0, neste domingo (05), pelo Campeonato Carioca, e tirou parte da sua torcida do s\u00e9rio. Ap\u00f3s a partida, diversos torcedores foram \u00e0s redes sociais para pedirem a demiss\u00e3o do t\u00e9cnico V\u00edtor Pereira.<\/p>\n\n\n\n<p>Parte da torcida, inclusive, iniciou uma esp\u00e9cie de campanha pela sa\u00edda do treinador portugu\u00eas, que vem sendo muito pressionado neste seu in\u00edcio de trabalho no Rubro-Negro, tendo perdido as finais da Recopa Sul-Americana e da Supercopa do Brasil, al\u00e9m da semifinal do Mundial de Clubes da Fifa. <\/p>\n\n\n\n<p><strong>Veja a repercuss\u00e3o abaixo:<\/strong><\/p>\n\n\n\n<figure class=\"wp-block-embed is-type-rich is-provider-twitter wp-block-embed-twitter\"><div class=\"wp-block-embed__wrapper\">\n<blockquote class=\"twitter-tweet\" data-width=\"550\" data-dnt=\"true\"><p lang=\"pt\" dir=\"ltr\">eu ODEIO todos os praticantes do cucabol, eu odiava o Abel pelo cucabolismo, e o VP \u00e9 cucabol europeu fora VP!!<br><br>plmdds quando abel saiu e veio JJ foi um al\u00edvio ver um time CONSTRUINDO jogadas e n\u00e3o cruzando aleatoriamente, mas a diretoria s\u00f3 quer um estrangeiro mesmo q cucaboler<\/p>&mdash; nan (@renansoaresm) <a href=\"https:\/\/twitter.com\/renansoaresm\/status\/1632519014567014400?ref_src=twsrc%5Etfw\">March 5, 2023<\/a><\/blockquote><script async src=\"https:\/\/platform.twitter.com\/widgets.js\" charset=\"utf-8\"><\/script>\n<\/div><\/figure>\n\n\n\n<figure class=\"wp-block-embed is-type-rich is-provider-twitter wp-block-embed-twitter\"><div class=\"wp-block-embed__wrapper\">\n<blockquote class=\"twitter-tweet\" data-width=\"550\" data-dnt=\"true\"><p lang=\"en\" dir=\"ltr\">FORA VP!<\/p>&mdash; gabigolo\ud83c\udde7\ud83c\uddf7 (@gabigolu) <a href=\"https:\/\/twitter.com\/gabigolu\/status\/1632519232763092992?ref_src=twsrc%5Etfw\">March 5, 2023<\/a><\/blockquote><script async src=\"https:\/\/platform.twitter.com\/widgets.js\" charset=\"utf-8\"><\/script>\n<\/div><\/figure>\n\n\n\n<figure class=\"wp-block-embed is-type-rich is-provider-twitter wp-block-embed-twitter\"><div class=\"wp-block-embed__wrapper\">\n<blockquote class=\"twitter-tweet\" data-width=\"550\" data-dnt=\"true\"><p lang=\"pt\" dir=\"ltr\">FORA VP SEU HORR\u00cdVEL<\/p>&mdash; maria. (@tuiitabcaroly) <a href=\"https:\/\/twitter.com\/tuiitabcaroly\/status\/1632519613073244162?ref_src=twsrc%5Etfw\">March 5, 2023<\/a><\/blockquote><script async src=\"https:\/\/platform.twitter.com\/widgets.js\" charset=\"utf-8\"><\/script>\n<\/div><\/figure>\n\n\n\n<figure class=\"wp-block-embed is-type-rich is-provider-twitter wp-block-embed-twitter\"><div class=\"wp-block-embed__wrapper\">\n<blockquote class=\"twitter-tweet\" data-width=\"550\" data-dnt=\"true\"><p lang=\"en\" dir=\"ltr\">Fora VP<\/p>&mdash; Alencar \u1d9c\u02b3\u1da0 (@raafalencar1) <a href=\"https:\/\/twitter.com\/raafalencar1\/status\/1632518738745479171?ref_src=twsrc%5Etfw\">March 5, 2023<\/a><\/blockquote><script async src=\"https:\/\/platform.twitter.com\/widgets.js\" charset=\"utf-8\"><\/script>\n<\/div><\/figure>\n\n\n\n<figure class=\"wp-block-embed is-type-rich is-provider-twitter wp-block-embed-twitter\"><div class=\"wp-block-embed__wrapper\">\n<blockquote class=\"twitter-tweet\" data-width=\"550\" data-dnt=\"true\"><p lang=\"pt\" dir=\"ltr\">quem \u00e9 Vitor Pereira?<br>pro cego, \u00e9 a escurid\u00e3o.<br>pro faminto, \u00e9 a fome.<br>pro sedento, \u00e9 a sede.<br>pro morto, \u00e9 a morte.<br>pro enfermo, \u00e9 a doen\u00e7a.<br>pro viajante, \u00e9 o obst\u00e1culo.<br>pra mim, \u00e9 tudo de pior!<a href=\"https:\/\/twitter.com\/hashtag\/ForaVP?src=hash&amp;ref_src=twsrc%5Etfw\">#ForaVP<\/a> <a href=\"https:\/\/twitter.com\/hashtag\/FlamengoxVasco?src=hash&amp;ref_src=twsrc%5Etfw\">#FlamengoxVasco<\/a> <a href=\"https:\/\/twitter.com\/hashtag\/Flamengo?src=hash&amp;ref_src=twsrc%5Etfw\">#Flamengo<\/a> <a href=\"https:\/\/t.co\/ZcAfT4X8mS\">pic.twitter.com\/ZcAfT4X8mS<\/a><\/p>&mdash; Sykes (@P4bluusk) <a href=\"https:\/\/twitter.com\/P4bluusk\/status\/1632518905099956233?ref_src=twsrc%5Etfw\">March 5, 2023<\/a><\/blockquote><script async src=\"https:\/\/platform.twitter.com\/widgets.js\" charset=\"utf-8\"><\/script>\n<\/div><\/figure>\n\n\n\n<figure class=\"wp-block-embed is-type-rich is-provider-twitter wp-block-embed-twitter\"><div class=\"wp-block-embed__wrapper\">\n<blockquote class=\"twitter-tweet\" data-width=\"550\" data-dnt=\"true\"><p lang=\"qme\" dir=\"ltr\"><a href=\"https:\/\/twitter.com\/hashtag\/ForaVp?src=hash&amp;ref_src=twsrc%5Etfw\">#ForaVp<\/a> <a href=\"https:\/\/t.co\/gHd2yYxfVI\">pic.twitter.com\/gHd2yYxfVI<\/a><\/p>&mdash; . (@vesccrf) <a href=\"https:\/\/twitter.com\/vesccrf\/status\/1632519815477829633?ref_src=twsrc%5Etfw\">March 5, 2023<\/a><\/blockquote><script async src=\"https:\/\/platform.twitter.com\/widgets.js\" charset=\"utf-8\"><\/script>\n<\/div><\/figure>\n\n\n\n<p>Retirado de: TNT Sports<\/p>\n","protected":false},"excerpt":{"rendered":"<p>O Flamengo perdeu o cl\u00e1ssico para o Vasco, por 1 a 0, neste domingo (05), pelo Campeonato Carioca, e tirou parte da sua torcida do s\u00e9rio. Ap\u00f3s a partida, diversos torcedores foram \u00e0s redes sociais para pedirem a demiss\u00e3o do t\u00e9cnico V\u00edtor Pereira. Parte da torcida, inclusive, iniciou uma esp\u00e9cie de campanha pela sa\u00edda do [&hellip;]<\/p>\n","protected":false},"author":1,"featured_media":94483,"comment_status":"open","ping_status":"closed","sticky":false,"template":"","format":"standard","meta":{"footnotes":""},"categories":[1],"tags":[],"class_list":["post-94968","post","type-post","status-publish","format-standard","has-post-thumbnail","hentry","category-flamengo"],"yoast_head":"<!-- This site is optimized with the Yoast SEO Premium plugin v24.2 (Yoast SEO v26.9) - https:\/\/yoast.com\/product\/yoast-seo-premium-wordpress\/ -->\n<title>Torcida do Flamengo perde a paci\u00eancia e faz campanha pela sa\u00edda de V\u00edtor Pereira<\/title>\n<meta name=\"robots\" content=\"index, follow, max-snippet:-1, max-image-preview:large, max-video-preview:-1\" \/>\n<link rel=\"canonical\" href=\"https:\/\/www.gaveanews.com\/index.php\/2023\/03\/06\/torcida-do-flamengo-perde-a-paciencia-e-faz-campanha-pela-saida-de-vitor-pereira\/\" \/>\n<meta property=\"og:locale\" content=\"pt_BR\" \/>\n<meta property=\"og:type\" content=\"article\" \/>\n<meta property=\"og:title\" content=\"Torcida do Flamengo perde a paci\u00eancia e faz campanha pela sa\u00edda de V\u00edtor Pereira\" \/>\n<meta property=\"og:description\" content=\"O Flamengo perdeu o cl\u00e1ssico para o Vasco, por 1 a 0, neste domingo (05), pelo Campeonato Carioca, e tirou parte da sua torcida do s\u00e9rio. Ap\u00f3s a partida, diversos torcedores foram \u00e0s redes sociais para pedirem a demiss\u00e3o do t\u00e9cnico V\u00edtor Pereira. Parte da torcida, inclusive, iniciou uma esp\u00e9cie de campanha pela sa\u00edda do [&hellip;]\" \/>\n<meta property=\"og:url\" content=\"https:\/\/www.gaveanews.com\/index.php\/2023\/03\/06\/torcida-do-flamengo-perde-a-paciencia-e-faz-campanha-pela-saida-de-vitor-pereira\/\" \/>\n<meta property=\"og:site_name\" content=\"G\u00e1vea News\" \/>\n<meta property=\"article:publisher\" content=\"https:\/\/facebook.com\/gaveaNews\/\" \/>\n<meta property=\"article:published_time\" content=\"2023-03-06T03:24:06+00:00\" \/>\n<meta property=\"article:modified_time\" content=\"2023-03-06T03:24:09+00:00\" \/>\n<meta property=\"og:image\" content=\"https:\/\/www.gaveanews.com\/wp-content\/uploads\/vitor-pereira-flamengo.webp\" \/>\n\t<meta property=\"og:image:width\" content=\"696\" \/>\n\t<meta property=\"og:image:height\" content=\"463\" \/>\n\t<meta property=\"og:image:type\" content=\"image\/webp\" \/>\n<meta name=\"author\" content=\"Equipe G\u00e1vea News\" \/>\n<meta name=\"twitter:card\" content=\"summary_large_image\" \/>\n<meta name=\"twitter:label1\" content=\"Escrito por\" \/>\n\t<meta name=\"twitter:data1\" content=\"Equipe G\u00e1vea News\" \/>\n\t<meta name=\"twitter:label2\" content=\"Est. tempo de leitura\" \/>\n\t<meta name=\"twitter:data2\" content=\"1 minuto\" \/>\n<script type=\"application\/ld+json\" class=\"yoast-schema-graph\">{\"@context\":\"https:\/\/schema.org\",\"@graph\":[{\"@type\":\"NewsArticle\",\"@id\":\"https:\/\/www.gaveanews.com\/index.php\/2023\/03\/06\/torcida-do-flamengo-perde-a-paciencia-e-faz-campanha-pela-saida-de-vitor-pereira\/#article\",\"isPartOf\":{\"@id\":\"https:\/\/www.gaveanews.com\/index.php\/2023\/03\/06\/torcida-do-flamengo-perde-a-paciencia-e-faz-campanha-pela-saida-de-vitor-pereira\/\"},\"author\":{\"name\":\"Equipe G\u00e1vea News\",\"@id\":\"https:\/\/www.gaveanews.com\/#\/schema\/person\/2ec14f73fb96be2caf28f91afb14749d\"},\"headline\":\"Torcida do Flamengo perde a paci\u00eancia e faz campanha pela sa\u00edda de V\u00edtor Pereira\",\"datePublished\":\"2023-03-06T03:24:06+00:00\",\"dateModified\":\"2023-03-06T03:24:09+00:00\",\"mainEntityOfPage\":{\"@id\":\"https:\/\/www.gaveanews.com\/index.php\/2023\/03\/06\/torcida-do-flamengo-perde-a-paciencia-e-faz-campanha-pela-saida-de-vitor-pereira\/\"},\"wordCount\":155,\"commentCount\":0,\"image\":{\"@id\":\"https:\/\/www.gaveanews.com\/index.php\/2023\/03\/06\/torcida-do-flamengo-perde-a-paciencia-e-faz-campanha-pela-saida-de-vitor-pereira\/#primaryimage\"},\"thumbnailUrl\":\"https:\/\/www.gaveanews.com\/wp-content\/uploads\/vitor-pereira-flamengo.webp\",\"articleSection\":[\"Flamengo\"],\"inLanguage\":\"pt-BR\",\"potentialAction\":[{\"@type\":\"CommentAction\",\"name\":\"Comment\",\"target\":[\"https:\/\/www.gaveanews.com\/index.php\/2023\/03\/06\/torcida-do-flamengo-perde-a-paciencia-e-faz-campanha-pela-saida-de-vitor-pereira\/#respond\"]}],\"copyrightYear\":\"2023\",\"copyrightHolder\":{\"@id\":\"https:\/\/www.gaveanews.com\/#organization\"}},{\"@type\":\"WebPage\",\"@id\":\"https:\/\/www.gaveanews.com\/index.php\/2023\/03\/06\/torcida-do-flamengo-perde-a-paciencia-e-faz-campanha-pela-saida-de-vitor-pereira\/\",\"url\":\"https:\/\/www.gaveanews.com\/index.php\/2023\/03\/06\/torcida-do-flamengo-perde-a-paciencia-e-faz-campanha-pela-saida-de-vitor-pereira\/\",\"name\":\"Torcida do Flamengo perde a paci\u00eancia e faz campanha pela sa\u00edda de V\u00edtor Pereira\",\"isPartOf\":{\"@id\":\"https:\/\/www.gaveanews.com\/#website\"},\"primaryImageOfPage\":{\"@id\":\"https:\/\/www.gaveanews.com\/index.php\/2023\/03\/06\/torcida-do-flamengo-perde-a-paciencia-e-faz-campanha-pela-saida-de-vitor-pereira\/#primaryimage\"},\"image\":{\"@id\":\"https:\/\/www.gaveanews.com\/index.php\/2023\/03\/06\/torcida-do-flamengo-perde-a-paciencia-e-faz-campanha-pela-saida-de-vitor-pereira\/#primaryimage\"},\"thumbnailUrl\":\"https:\/\/www.gaveanews.com\/wp-content\/uploads\/vitor-pereira-flamengo.webp\",\"datePublished\":\"2023-03-06T03:24:06+00:00\",\"dateModified\":\"2023-03-06T03:24:09+00:00\",\"author\":{\"@id\":\"https:\/\/www.gaveanews.com\/#\/schema\/person\/2ec14f73fb96be2caf28f91afb14749d\"},\"breadcrumb\":{\"@id\":\"https:\/\/www.gaveanews.com\/index.php\/2023\/03\/06\/torcida-do-flamengo-perde-a-paciencia-e-faz-campanha-pela-saida-de-vitor-pereira\/#breadcrumb\"},\"inLanguage\":\"pt-BR\",\"potentialAction\":[{\"@type\":\"ReadAction\",\"target\":[\"https:\/\/www.gaveanews.com\/index.php\/2023\/03\/06\/torcida-do-flamengo-perde-a-paciencia-e-faz-campanha-pela-saida-de-vitor-pereira\/\"]}]},{\"@type\":\"ImageObject\",\"inLanguage\":\"pt-BR\",\"@id\":\"https:\/\/www.gaveanews.com\/index.php\/2023\/03\/06\/torcida-do-flamengo-perde-a-paciencia-e-faz-campanha-pela-saida-de-vitor-pereira\/#primaryimage\",\"url\":\"https:\/\/www.gaveanews.com\/wp-content\/uploads\/vitor-pereira-flamengo.webp\",\"contentUrl\":\"https:\/\/www.gaveanews.com\/wp-content\/uploads\/vitor-pereira-flamengo.webp\",\"width\":696,\"height\":463,\"caption\":\"V\u00edtor Pereira comanda o Flamengo em treinamento (Foto: Marcelo Cortes\/Flamengo)\"},{\"@type\":\"BreadcrumbList\",\"@id\":\"https:\/\/www.gaveanews.com\/index.php\/2023\/03\/06\/torcida-do-flamengo-perde-a-paciencia-e-faz-campanha-pela-saida-de-vitor-pereira\/#breadcrumb\",\"itemListElement\":[{\"@type\":\"ListItem\",\"position\":1,\"name\":\"Home\",\"item\":\"https:\/\/www.gaveanews.com\/\"},{\"@type\":\"ListItem\",\"position\":2,\"name\":\"Torcida do Flamengo perde a paci\u00eancia e faz campanha pela sa\u00edda de V\u00edtor Pereira\"}]},{\"@type\":\"WebSite\",\"@id\":\"https:\/\/www.gaveanews.com\/#website\",\"url\":\"https:\/\/www.gaveanews.com\/\",\"name\":\"G\u00e1vea News\",\"description\":\"Veja todas as not\u00edcias sobre o Flamengo: Contrata\u00e7\u00f5es, categorias de base, resultados das partidas, tabela de classifica\u00e7\u00e3o, pr\u00f3ximos jogos!\",\"potentialAction\":[{\"@type\":\"SearchAction\",\"target\":{\"@type\":\"EntryPoint\",\"urlTemplate\":\"https:\/\/www.gaveanews.com\/?s={search_term_string}\"},\"query-input\":{\"@type\":\"PropertyValueSpecification\",\"valueRequired\":true,\"valueName\":\"search_term_string\"}}],\"inLanguage\":\"pt-BR\"},{\"@type\":\"Person\",\"@id\":\"https:\/\/www.gaveanews.com\/#\/schema\/person\/2ec14f73fb96be2caf28f91afb14749d\",\"name\":\"Equipe G\u00e1vea News\",\"image\":{\"@type\":\"ImageObject\",\"inLanguage\":\"pt-BR\",\"@id\":\"https:\/\/www.gaveanews.com\/#\/schema\/person\/image\/\",\"url\":\"https:\/\/secure.gravatar.com\/avatar\/1e1956f1facbffd3f8fa53a326721950116b3b9dc9bd44939c01180fd4a745a9?s=96&d=mm&r=g\",\"contentUrl\":\"https:\/\/secure.gravatar.com\/avatar\/1e1956f1facbffd3f8fa53a326721950116b3b9dc9bd44939c01180fd4a745a9?s=96&d=mm&r=g\",\"caption\":\"Equipe G\u00e1vea News\"}}]}<\/script>\n<!-- \/ Yoast SEO Premium plugin. -->","yoast_head_json":{"title":"Torcida do Flamengo perde a paci\u00eancia e faz campanha pela sa\u00edda de V\u00edtor Pereira","robots":{"index":"index","follow":"follow","max-snippet":"max-snippet:-1","max-image-preview":"max-image-preview:large","max-video-preview":"max-video-preview:-1"},"canonical":"https:\/\/www.gaveanews.com\/index.php\/2023\/03\/06\/torcida-do-flamengo-perde-a-paciencia-e-faz-campanha-pela-saida-de-vitor-pereira\/","og_locale":"pt_BR","og_type":"article","og_title":"Torcida do Flamengo perde a paci\u00eancia e faz campanha pela sa\u00edda de V\u00edtor Pereira","og_description":"O Flamengo perdeu o cl\u00e1ssico para o Vasco, por 1 a 0, neste domingo (05), pelo Campeonato Carioca, e tirou parte da sua torcida do s\u00e9rio. Ap\u00f3s a partida, diversos torcedores foram \u00e0s redes sociais para pedirem a demiss\u00e3o do t\u00e9cnico V\u00edtor Pereira. Parte da torcida, inclusive, iniciou uma esp\u00e9cie de campanha pela sa\u00edda do [&hellip;]","og_url":"https:\/\/www.gaveanews.com\/index.php\/2023\/03\/06\/torcida-do-flamengo-perde-a-paciencia-e-faz-campanha-pela-saida-de-vitor-pereira\/","og_site_name":"G\u00e1vea News","article_publisher":"https:\/\/facebook.com\/gaveaNews\/","article_published_time":"2023-03-06T03:24:06+00:00","article_modified_time":"2023-03-06T03:24:09+00:00","og_image":[{"width":696,"height":463,"url":"https:\/\/www.gaveanews.com\/wp-content\/uploads\/vitor-pereira-flamengo.webp","type":"image\/webp"}],"author":"Equipe G\u00e1vea News","twitter_card":"summary_large_image","twitter_misc":{"Escrito por":"Equipe G\u00e1vea News","Est. tempo de leitura":"1 minuto"},"schema":{"@context":"https:\/\/schema.org","@graph":[{"@type":"NewsArticle","@id":"https:\/\/www.gaveanews.com\/index.php\/2023\/03\/06\/torcida-do-flamengo-perde-a-paciencia-e-faz-campanha-pela-saida-de-vitor-pereira\/#article","isPartOf":{"@id":"https:\/\/www.gaveanews.com\/index.php\/2023\/03\/06\/torcida-do-flamengo-perde-a-paciencia-e-faz-campanha-pela-saida-de-vitor-pereira\/"},"author":{"name":"Equipe G\u00e1vea News","@id":"https:\/\/www.gaveanews.com\/#\/schema\/person\/2ec14f73fb96be2caf28f91afb14749d"},"headline":"Torcida do Flamengo perde a paci\u00eancia e faz campanha pela sa\u00edda de V\u00edtor Pereira","datePublished":"2023-03-06T03:24:06+00:00","dateModified":"2023-03-06T03:24:09+00:00","mainEntityOfPage":{"@id":"https:\/\/www.gaveanews.com\/index.php\/2023\/03\/06\/torcida-do-flamengo-perde-a-paciencia-e-faz-campanha-pela-saida-de-vitor-pereira\/"},"wordCount":155,"commentCount":0,"image":{"@id":"https:\/\/www.gaveanews.com\/index.php\/2023\/03\/06\/torcida-do-flamengo-perde-a-paciencia-e-faz-campanha-pela-saida-de-vitor-pereira\/#primaryimage"},"thumbnailUrl":"https:\/\/www.gaveanews.com\/wp-content\/uploads\/vitor-pereira-flamengo.webp","articleSection":["Flamengo"],"inLanguage":"pt-BR","potentialAction":[{"@type":"CommentAction","name":"Comment","target":["https:\/\/www.gaveanews.com\/index.php\/2023\/03\/06\/torcida-do-flamengo-perde-a-paciencia-e-faz-campanha-pela-saida-de-vitor-pereira\/#respond"]}],"copyrightYear":"2023","copyrightHolder":{"@id":"https:\/\/www.gaveanews.com\/#organization"}},{"@type":"WebPage","@id":"https:\/\/www.gaveanews.com\/index.php\/2023\/03\/06\/torcida-do-flamengo-perde-a-paciencia-e-faz-campanha-pela-saida-de-vitor-pereira\/","url":"https:\/\/www.gaveanews.com\/index.php\/2023\/03\/06\/torcida-do-flamengo-perde-a-paciencia-e-faz-campanha-pela-saida-de-vitor-pereira\/","name":"Torcida do Flamengo perde a paci\u00eancia e faz campanha pela sa\u00edda de V\u00edtor Pereira","isPartOf":{"@id":"https:\/\/www.gaveanews.com\/#website"},"primaryImageOfPage":{"@id":"https:\/\/www.gaveanews.com\/index.php\/2023\/03\/06\/torcida-do-flamengo-perde-a-paciencia-e-faz-campanha-pela-saida-de-vitor-pereira\/#primaryimage"},"image":{"@id":"https:\/\/www.gaveanews.com\/index.php\/2023\/03\/06\/torcida-do-flamengo-perde-a-paciencia-e-faz-campanha-pela-saida-de-vitor-pereira\/#primaryimage"},"thumbnailUrl":"https:\/\/www.gaveanews.com\/wp-content\/uploads\/vitor-pereira-flamengo.webp","datePublished":"2023-03-06T03:24:06+00:00","dateModified":"2023-03-06T03:24:09+00:00","author":{"@id":"https:\/\/www.gaveanews.com\/#\/schema\/person\/2ec14f73fb96be2caf28f91afb14749d"},"breadcrumb":{"@id":"https:\/\/www.gaveanews.com\/index.php\/2023\/03\/06\/torcida-do-flamengo-perde-a-paciencia-e-faz-campanha-pela-saida-de-vitor-pereira\/#breadcrumb"},"inLanguage":"pt-BR","potentialAction":[{"@type":"ReadAction","target":["https:\/\/www.gaveanews.com\/index.php\/2023\/03\/06\/torcida-do-flamengo-perde-a-paciencia-e-faz-campanha-pela-saida-de-vitor-pereira\/"]}]},{"@type":"ImageObject","inLanguage":"pt-BR","@id":"https:\/\/www.gaveanews.com\/index.php\/2023\/03\/06\/torcida-do-flamengo-perde-a-paciencia-e-faz-campanha-pela-saida-de-vitor-pereira\/#primaryimage","url":"https:\/\/www.gaveanews.com\/wp-content\/uploads\/vitor-pereira-flamengo.webp","contentUrl":"https:\/\/www.gaveanews.com\/wp-content\/uploads\/vitor-pereira-flamengo.webp","width":696,"height":463,"caption":"V\u00edtor Pereira comanda o Flamengo em treinamento (Foto: Marcelo Cortes\/Flamengo)"},{"@type":"BreadcrumbList","@id":"https:\/\/www.gaveanews.com\/index.php\/2023\/03\/06\/torcida-do-flamengo-perde-a-paciencia-e-faz-campanha-pela-saida-de-vitor-pereira\/#breadcrumb","itemListElement":[{"@type":"ListItem","position":1,"name":"Home","item":"https:\/\/www.gaveanews.com\/"},{"@type":"ListItem","position":2,"name":"Torcida do Flamengo perde a paci\u00eancia e faz campanha pela sa\u00edda de V\u00edtor Pereira"}]},{"@type":"WebSite","@id":"https:\/\/www.gaveanews.com\/#website","url":"https:\/\/www.gaveanews.com\/","name":"G\u00e1vea News","description":"Veja todas as not\u00edcias sobre o Flamengo: Contrata\u00e7\u00f5es, categorias de base, resultados das partidas, tabela de classifica\u00e7\u00e3o, pr\u00f3ximos jogos!","potentialAction":[{"@type":"SearchAction","target":{"@type":"EntryPoint","urlTemplate":"https:\/\/www.gaveanews.com\/?s={search_term_string}"},"query-input":{"@type":"PropertyValueSpecification","valueRequired":true,"valueName":"search_term_string"}}],"inLanguage":"pt-BR"},{"@type":"Person","@id":"https:\/\/www.gaveanews.com\/#\/schema\/person\/2ec14f73fb96be2caf28f91afb14749d","name":"Equipe G\u00e1vea News","image":{"@type":"ImageObject","inLanguage":"pt-BR","@id":"https:\/\/www.gaveanews.com\/#\/schema\/person\/image\/","url":"https:\/\/secure.gravatar.com\/avatar\/1e1956f1facbffd3f8fa53a326721950116b3b9dc9bd44939c01180fd4a745a9?s=96&d=mm&r=g","contentUrl":"https:\/\/secure.gravatar.com\/avatar\/1e1956f1facbffd3f8fa53a326721950116b3b9dc9bd44939c01180fd4a745a9?s=96&d=mm&r=g","caption":"Equipe G\u00e1vea News"}}]}},"_links":{"self":[{"href":"https:\/\/www.gaveanews.com\/index.php\/wp-json\/wp\/v2\/posts\/94968","targetHints":{"allow":["GET"]}}],"collection":[{"href":"https:\/\/www.gaveanews.com\/index.php\/wp-json\/wp\/v2\/posts"}],"about":[{"href":"https:\/\/www.gaveanews.com\/index.php\/wp-json\/wp\/v2\/types\/post"}],"author":[{"embeddable":true,"href":"https:\/\/www.gaveanews.com\/index.php\/wp-json\/wp\/v2\/users\/1"}],"replies":[{"embeddable":true,"href":"https:\/\/www.gaveanews.com\/index.php\/wp-json\/wp\/v2\/comments?post=94968"}],"version-history":[{"count":0,"href":"https:\/\/www.gaveanews.com\/index.php\/wp-json\/wp\/v2\/posts\/94968\/revisions"}],"wp:featuredmedia":[{"embeddable":true,"href":"https:\/\/www.gaveanews.com\/index.php\/wp-json\/wp\/v2\/media\/94483"}],"wp:attachment":[{"href":"https:\/\/www.gaveanews.com\/index.php\/wp-json\/wp\/v2\/media?parent=94968"}],"wp:term":[{"taxonomy":"category","embeddable":true,"href":"https:\/\/www.gaveanews.com\/index.php\/wp-json\/wp\/v2\/categories?post=94968"},{"taxonomy":"post_tag","embeddable":true,"href":"https:\/\/www.gaveanews.com\/index.php\/wp-json\/wp\/v2\/tags?post=94968"}],"curies":[{"name":"wp","href":"https:\/\/api.w.org\/{rel}","templated":true}]}}