{"id":94974,"date":"2023-03-06T10:03:03","date_gmt":"2023-03-06T13:03:03","guid":{"rendered":"https:\/\/www.gaveanews.com\/?p=94974"},"modified":"2023-03-06T10:03:05","modified_gmt":"2023-03-06T13:03:05","slug":"gerson-fala-sobre-momento-ruim-do-flamengo-nao-adianta-ficar-se-desculpando","status":"publish","type":"post","link":"https:\/\/www.gaveanews.com\/index.php\/2023\/03\/06\/gerson-fala-sobre-momento-ruim-do-flamengo-nao-adianta-ficar-se-desculpando\/","title":{"rendered":"Gerson fala sobre momento ruim do Flamengo: &#8220;N\u00e3o adianta ficar se desculpando&#8221;"},"content":{"rendered":"\n<p>Com tr\u00eas chances de t\u00edtulo perdidas neste come\u00e7o de ano, o \u00fanico recurso do Flamengo era o Campeonato Carioca, onde estava invicto at\u00e9 ent\u00e3o. Contudo, em mais uma atua\u00e7\u00e3o sem efici\u00eancia do elenco rubro-negro, o clube sofreu sua primeira derrota no estadual ao sofrer o gol do Vasco e perdeu a oportunidade de vencer a Ta\u00e7a Guanabara antecipadamente.<\/p>\n\n\n\n<p>Ap\u00f3s o cl\u00e1ssico, Gerson foi o \u00fanico jogador a falar com os jornalistas na zona mista. O volante n\u00e3o escondeu a frustra\u00e7\u00e3o com o momento da equipe e tamb\u00e9m afirmou que n\u00e3o h\u00e1 desculpas para a atual situa\u00e7\u00e3o. O Coringa ainda disse que acredita na recupera\u00e7\u00e3o do grupo e em breve vai poder celebrar a melhora do time.<\/p>\n\n\n\n<p><em>\u2014 S\u00f3 o trabalho pode mudar (esse momento). N\u00e3o adianta vir e ficar aqui se desculpando. Agora \u00e9 trabalhar, quietinho e na humildade. Acontece que a bola n\u00e3o est\u00e1 estrando. Estamos sempre juntos. Nos momentos bons e ruins. Acontece. Daqui a pouco eu vou estar aqui dando entrevista num momento bom.<\/em><\/p>\n\n\n\n<p>Com desfalques esperados e poss\u00edveis novidades entre as baixas, V\u00edtor Pereira ter\u00e1 poucos dias para encontrar uma solu\u00e7\u00e3o e estancar o sangramento do time a tampo do cl\u00e1ssico contra o Fluminense.<\/p>\n\n\n\n<p>A bola rola para as equipes nesta quarta-feira (08), \u00e0s 21h10 (hor\u00e1rio de Bras\u00edlia), no Maracan\u00e3. O cl\u00e1ssico ser\u00e1 v\u00e1lido pela \u00faltima rodada da Ta\u00e7a Guanabara e definir\u00e1 o trof\u00e9u da competi\u00e7\u00e3o. O Flamengo entra em campo precisando apenas do empate.<\/p>\n","protected":false},"excerpt":{"rendered":"<p>Com tr\u00eas chances de t\u00edtulo perdidas neste come\u00e7o de ano, o \u00fanico recurso do Flamengo era o Campeonato Carioca, onde estava invicto at\u00e9 ent\u00e3o. Contudo, em mais uma atua\u00e7\u00e3o sem efici\u00eancia do elenco rubro-negro, o clube sofreu sua primeira derrota no estadual ao sofrer o gol do Vasco e perdeu a oportunidade de vencer a [&hellip;]<\/p>\n","protected":false},"author":4,"featured_media":94977,"comment_status":"open","ping_status":"closed","sticky":false,"template":"","format":"standard","meta":{"footnotes":""},"categories":[1],"tags":[],"class_list":["post-94974","post","type-post","status-publish","format-standard","has-post-thumbnail","hentry","category-flamengo"],"yoast_head":"<!-- This site is optimized with the Yoast SEO Premium plugin v24.2 (Yoast SEO v26.9) - https:\/\/yoast.com\/product\/yoast-seo-premium-wordpress\/ -->\n<title>Gerson fala sobre momento ruim do Flamengo: &quot;N\u00e3o adianta ficar se desculpando&quot;<\/title>\n<meta name=\"robots\" content=\"index, follow, max-snippet:-1, max-image-preview:large, max-video-preview:-1\" \/>\n<link rel=\"canonical\" href=\"https:\/\/www.gaveanews.com\/index.php\/2023\/03\/06\/gerson-fala-sobre-momento-ruim-do-flamengo-nao-adianta-ficar-se-desculpando\/\" \/>\n<meta property=\"og:locale\" content=\"pt_BR\" \/>\n<meta property=\"og:type\" content=\"article\" \/>\n<meta property=\"og:title\" content=\"Gerson fala sobre momento ruim do Flamengo: &quot;N\u00e3o adianta ficar se desculpando&quot;\" \/>\n<meta property=\"og:description\" content=\"Com tr\u00eas chances de t\u00edtulo perdidas neste come\u00e7o de ano, o \u00fanico recurso do Flamengo era o Campeonato Carioca, onde estava invicto at\u00e9 ent\u00e3o. Contudo, em mais uma atua\u00e7\u00e3o sem efici\u00eancia do elenco rubro-negro, o clube sofreu sua primeira derrota no estadual ao sofrer o gol do Vasco e perdeu a oportunidade de vencer a [&hellip;]\" \/>\n<meta property=\"og:url\" content=\"https:\/\/www.gaveanews.com\/index.php\/2023\/03\/06\/gerson-fala-sobre-momento-ruim-do-flamengo-nao-adianta-ficar-se-desculpando\/\" \/>\n<meta property=\"og:site_name\" content=\"G\u00e1vea News\" \/>\n<meta property=\"article:publisher\" content=\"https:\/\/facebook.com\/gaveaNews\/\" \/>\n<meta property=\"article:published_time\" content=\"2023-03-06T13:03:03+00:00\" \/>\n<meta property=\"article:modified_time\" content=\"2023-03-06T13:03:05+00:00\" \/>\n<meta property=\"og:image\" content=\"https:\/\/www.gaveanews.com\/wp-content\/uploads\/gerson-flamengo-vasco.webp\" \/>\n\t<meta property=\"og:image:width\" content=\"846\" \/>\n\t<meta property=\"og:image:height\" content=\"476\" \/>\n\t<meta property=\"og:image:type\" content=\"image\/webp\" \/>\n<meta name=\"author\" content=\"Let\u00edcia Gerheim\" \/>\n<meta name=\"twitter:card\" content=\"summary_large_image\" \/>\n<meta name=\"twitter:label1\" content=\"Escrito por\" \/>\n\t<meta name=\"twitter:data1\" content=\"Let\u00edcia Gerheim\" \/>\n\t<meta name=\"twitter:label2\" content=\"Est. tempo de leitura\" \/>\n\t<meta name=\"twitter:data2\" content=\"2 minutos\" \/>\n<script type=\"application\/ld+json\" class=\"yoast-schema-graph\">{\"@context\":\"https:\/\/schema.org\",\"@graph\":[{\"@type\":\"NewsArticle\",\"@id\":\"https:\/\/www.gaveanews.com\/index.php\/2023\/03\/06\/gerson-fala-sobre-momento-ruim-do-flamengo-nao-adianta-ficar-se-desculpando\/#article\",\"isPartOf\":{\"@id\":\"https:\/\/www.gaveanews.com\/index.php\/2023\/03\/06\/gerson-fala-sobre-momento-ruim-do-flamengo-nao-adianta-ficar-se-desculpando\/\"},\"author\":{\"name\":\"Let\u00edcia Gerheim\",\"@id\":\"https:\/\/www.gaveanews.com\/#\/schema\/person\/714c67050b836198af2450ba1c142a67\"},\"headline\":\"Gerson fala sobre momento ruim do Flamengo: &#8220;N\u00e3o adianta ficar se desculpando&#8221;\",\"datePublished\":\"2023-03-06T13:03:03+00:00\",\"dateModified\":\"2023-03-06T13:03:05+00:00\",\"mainEntityOfPage\":{\"@id\":\"https:\/\/www.gaveanews.com\/index.php\/2023\/03\/06\/gerson-fala-sobre-momento-ruim-do-flamengo-nao-adianta-ficar-se-desculpando\/\"},\"wordCount\":277,\"commentCount\":0,\"image\":{\"@id\":\"https:\/\/www.gaveanews.com\/index.php\/2023\/03\/06\/gerson-fala-sobre-momento-ruim-do-flamengo-nao-adianta-ficar-se-desculpando\/#primaryimage\"},\"thumbnailUrl\":\"https:\/\/www.gaveanews.com\/wp-content\/uploads\/gerson-flamengo-vasco.webp\",\"articleSection\":[\"Flamengo\"],\"inLanguage\":\"pt-BR\",\"potentialAction\":[{\"@type\":\"CommentAction\",\"name\":\"Comment\",\"target\":[\"https:\/\/www.gaveanews.com\/index.php\/2023\/03\/06\/gerson-fala-sobre-momento-ruim-do-flamengo-nao-adianta-ficar-se-desculpando\/#respond\"]}],\"copyrightYear\":\"2023\",\"copyrightHolder\":{\"@id\":\"https:\/\/www.gaveanews.com\/#organization\"}},{\"@type\":\"WebPage\",\"@id\":\"https:\/\/www.gaveanews.com\/index.php\/2023\/03\/06\/gerson-fala-sobre-momento-ruim-do-flamengo-nao-adianta-ficar-se-desculpando\/\",\"url\":\"https:\/\/www.gaveanews.com\/index.php\/2023\/03\/06\/gerson-fala-sobre-momento-ruim-do-flamengo-nao-adianta-ficar-se-desculpando\/\",\"name\":\"Gerson fala sobre momento ruim do Flamengo: \\\"N\u00e3o adianta ficar se desculpando\\\"\",\"isPartOf\":{\"@id\":\"https:\/\/www.gaveanews.com\/#website\"},\"primaryImageOfPage\":{\"@id\":\"https:\/\/www.gaveanews.com\/index.php\/2023\/03\/06\/gerson-fala-sobre-momento-ruim-do-flamengo-nao-adianta-ficar-se-desculpando\/#primaryimage\"},\"image\":{\"@id\":\"https:\/\/www.gaveanews.com\/index.php\/2023\/03\/06\/gerson-fala-sobre-momento-ruim-do-flamengo-nao-adianta-ficar-se-desculpando\/#primaryimage\"},\"thumbnailUrl\":\"https:\/\/www.gaveanews.com\/wp-content\/uploads\/gerson-flamengo-vasco.webp\",\"datePublished\":\"2023-03-06T13:03:03+00:00\",\"dateModified\":\"2023-03-06T13:03:05+00:00\",\"author\":{\"@id\":\"https:\/\/www.gaveanews.com\/#\/schema\/person\/714c67050b836198af2450ba1c142a67\"},\"breadcrumb\":{\"@id\":\"https:\/\/www.gaveanews.com\/index.php\/2023\/03\/06\/gerson-fala-sobre-momento-ruim-do-flamengo-nao-adianta-ficar-se-desculpando\/#breadcrumb\"},\"inLanguage\":\"pt-BR\",\"potentialAction\":[{\"@type\":\"ReadAction\",\"target\":[\"https:\/\/www.gaveanews.com\/index.php\/2023\/03\/06\/gerson-fala-sobre-momento-ruim-do-flamengo-nao-adianta-ficar-se-desculpando\/\"]}]},{\"@type\":\"ImageObject\",\"inLanguage\":\"pt-BR\",\"@id\":\"https:\/\/www.gaveanews.com\/index.php\/2023\/03\/06\/gerson-fala-sobre-momento-ruim-do-flamengo-nao-adianta-ficar-se-desculpando\/#primaryimage\",\"url\":\"https:\/\/www.gaveanews.com\/wp-content\/uploads\/gerson-flamengo-vasco.webp\",\"contentUrl\":\"https:\/\/www.gaveanews.com\/wp-content\/uploads\/gerson-flamengo-vasco.webp\",\"width\":846,\"height\":476,\"caption\":\"Gerson em a\u00e7\u00e3o no jogo entre Flamengo e Vasco (Foto: Armando Paiva\/LANCE!)\"},{\"@type\":\"BreadcrumbList\",\"@id\":\"https:\/\/www.gaveanews.com\/index.php\/2023\/03\/06\/gerson-fala-sobre-momento-ruim-do-flamengo-nao-adianta-ficar-se-desculpando\/#breadcrumb\",\"itemListElement\":[{\"@type\":\"ListItem\",\"position\":1,\"name\":\"Home\",\"item\":\"https:\/\/www.gaveanews.com\/\"},{\"@type\":\"ListItem\",\"position\":2,\"name\":\"Gerson fala sobre momento ruim do Flamengo: &#8220;N\u00e3o adianta ficar se desculpando&#8221;\"}]},{\"@type\":\"WebSite\",\"@id\":\"https:\/\/www.gaveanews.com\/#website\",\"url\":\"https:\/\/www.gaveanews.com\/\",\"name\":\"G\u00e1vea News\",\"description\":\"Veja todas as not\u00edcias sobre o Flamengo: Contrata\u00e7\u00f5es, categorias de base, resultados das partidas, tabela de classifica\u00e7\u00e3o, pr\u00f3ximos jogos!\",\"potentialAction\":[{\"@type\":\"SearchAction\",\"target\":{\"@type\":\"EntryPoint\",\"urlTemplate\":\"https:\/\/www.gaveanews.com\/?s={search_term_string}\"},\"query-input\":{\"@type\":\"PropertyValueSpecification\",\"valueRequired\":true,\"valueName\":\"search_term_string\"}}],\"inLanguage\":\"pt-BR\"},{\"@type\":\"Person\",\"@id\":\"https:\/\/www.gaveanews.com\/#\/schema\/person\/714c67050b836198af2450ba1c142a67\",\"name\":\"Let\u00edcia Gerheim\",\"image\":{\"@type\":\"ImageObject\",\"inLanguage\":\"pt-BR\",\"@id\":\"https:\/\/www.gaveanews.com\/#\/schema\/person\/image\/\",\"url\":\"https:\/\/secure.gravatar.com\/avatar\/60734739c50fcebfbac509e2a826ccd0ff405c019bc73aab9354f19ecad1dcb4?s=96&d=mm&r=g\",\"contentUrl\":\"https:\/\/secure.gravatar.com\/avatar\/60734739c50fcebfbac509e2a826ccd0ff405c019bc73aab9354f19ecad1dcb4?s=96&d=mm&r=g\",\"caption\":\"Let\u00edcia Gerheim\"}}]}<\/script>\n<!-- \/ Yoast SEO Premium plugin. -->","yoast_head_json":{"title":"Gerson fala sobre momento ruim do Flamengo: \"N\u00e3o adianta ficar se desculpando\"","robots":{"index":"index","follow":"follow","max-snippet":"max-snippet:-1","max-image-preview":"max-image-preview:large","max-video-preview":"max-video-preview:-1"},"canonical":"https:\/\/www.gaveanews.com\/index.php\/2023\/03\/06\/gerson-fala-sobre-momento-ruim-do-flamengo-nao-adianta-ficar-se-desculpando\/","og_locale":"pt_BR","og_type":"article","og_title":"Gerson fala sobre momento ruim do Flamengo: \"N\u00e3o adianta ficar se desculpando\"","og_description":"Com tr\u00eas chances de t\u00edtulo perdidas neste come\u00e7o de ano, o \u00fanico recurso do Flamengo era o Campeonato Carioca, onde estava invicto at\u00e9 ent\u00e3o. Contudo, em mais uma atua\u00e7\u00e3o sem efici\u00eancia do elenco rubro-negro, o clube sofreu sua primeira derrota no estadual ao sofrer o gol do Vasco e perdeu a oportunidade de vencer a [&hellip;]","og_url":"https:\/\/www.gaveanews.com\/index.php\/2023\/03\/06\/gerson-fala-sobre-momento-ruim-do-flamengo-nao-adianta-ficar-se-desculpando\/","og_site_name":"G\u00e1vea News","article_publisher":"https:\/\/facebook.com\/gaveaNews\/","article_published_time":"2023-03-06T13:03:03+00:00","article_modified_time":"2023-03-06T13:03:05+00:00","og_image":[{"width":846,"height":476,"url":"https:\/\/www.gaveanews.com\/wp-content\/uploads\/gerson-flamengo-vasco.webp","type":"image\/webp"}],"author":"Let\u00edcia Gerheim","twitter_card":"summary_large_image","twitter_misc":{"Escrito por":"Let\u00edcia Gerheim","Est. tempo de leitura":"2 minutos"},"schema":{"@context":"https:\/\/schema.org","@graph":[{"@type":"NewsArticle","@id":"https:\/\/www.gaveanews.com\/index.php\/2023\/03\/06\/gerson-fala-sobre-momento-ruim-do-flamengo-nao-adianta-ficar-se-desculpando\/#article","isPartOf":{"@id":"https:\/\/www.gaveanews.com\/index.php\/2023\/03\/06\/gerson-fala-sobre-momento-ruim-do-flamengo-nao-adianta-ficar-se-desculpando\/"},"author":{"name":"Let\u00edcia Gerheim","@id":"https:\/\/www.gaveanews.com\/#\/schema\/person\/714c67050b836198af2450ba1c142a67"},"headline":"Gerson fala sobre momento ruim do Flamengo: &#8220;N\u00e3o adianta ficar se desculpando&#8221;","datePublished":"2023-03-06T13:03:03+00:00","dateModified":"2023-03-06T13:03:05+00:00","mainEntityOfPage":{"@id":"https:\/\/www.gaveanews.com\/index.php\/2023\/03\/06\/gerson-fala-sobre-momento-ruim-do-flamengo-nao-adianta-ficar-se-desculpando\/"},"wordCount":277,"commentCount":0,"image":{"@id":"https:\/\/www.gaveanews.com\/index.php\/2023\/03\/06\/gerson-fala-sobre-momento-ruim-do-flamengo-nao-adianta-ficar-se-desculpando\/#primaryimage"},"thumbnailUrl":"https:\/\/www.gaveanews.com\/wp-content\/uploads\/gerson-flamengo-vasco.webp","articleSection":["Flamengo"],"inLanguage":"pt-BR","potentialAction":[{"@type":"CommentAction","name":"Comment","target":["https:\/\/www.gaveanews.com\/index.php\/2023\/03\/06\/gerson-fala-sobre-momento-ruim-do-flamengo-nao-adianta-ficar-se-desculpando\/#respond"]}],"copyrightYear":"2023","copyrightHolder":{"@id":"https:\/\/www.gaveanews.com\/#organization"}},{"@type":"WebPage","@id":"https:\/\/www.gaveanews.com\/index.php\/2023\/03\/06\/gerson-fala-sobre-momento-ruim-do-flamengo-nao-adianta-ficar-se-desculpando\/","url":"https:\/\/www.gaveanews.com\/index.php\/2023\/03\/06\/gerson-fala-sobre-momento-ruim-do-flamengo-nao-adianta-ficar-se-desculpando\/","name":"Gerson fala sobre momento ruim do Flamengo: \"N\u00e3o adianta ficar se desculpando\"","isPartOf":{"@id":"https:\/\/www.gaveanews.com\/#website"},"primaryImageOfPage":{"@id":"https:\/\/www.gaveanews.com\/index.php\/2023\/03\/06\/gerson-fala-sobre-momento-ruim-do-flamengo-nao-adianta-ficar-se-desculpando\/#primaryimage"},"image":{"@id":"https:\/\/www.gaveanews.com\/index.php\/2023\/03\/06\/gerson-fala-sobre-momento-ruim-do-flamengo-nao-adianta-ficar-se-desculpando\/#primaryimage"},"thumbnailUrl":"https:\/\/www.gaveanews.com\/wp-content\/uploads\/gerson-flamengo-vasco.webp","datePublished":"2023-03-06T13:03:03+00:00","dateModified":"2023-03-06T13:03:05+00:00","author":{"@id":"https:\/\/www.gaveanews.com\/#\/schema\/person\/714c67050b836198af2450ba1c142a67"},"breadcrumb":{"@id":"https:\/\/www.gaveanews.com\/index.php\/2023\/03\/06\/gerson-fala-sobre-momento-ruim-do-flamengo-nao-adianta-ficar-se-desculpando\/#breadcrumb"},"inLanguage":"pt-BR","potentialAction":[{"@type":"ReadAction","target":["https:\/\/www.gaveanews.com\/index.php\/2023\/03\/06\/gerson-fala-sobre-momento-ruim-do-flamengo-nao-adianta-ficar-se-desculpando\/"]}]},{"@type":"ImageObject","inLanguage":"pt-BR","@id":"https:\/\/www.gaveanews.com\/index.php\/2023\/03\/06\/gerson-fala-sobre-momento-ruim-do-flamengo-nao-adianta-ficar-se-desculpando\/#primaryimage","url":"https:\/\/www.gaveanews.com\/wp-content\/uploads\/gerson-flamengo-vasco.webp","contentUrl":"https:\/\/www.gaveanews.com\/wp-content\/uploads\/gerson-flamengo-vasco.webp","width":846,"height":476,"caption":"Gerson em a\u00e7\u00e3o no jogo entre Flamengo e Vasco (Foto: Armando Paiva\/LANCE!)"},{"@type":"BreadcrumbList","@id":"https:\/\/www.gaveanews.com\/index.php\/2023\/03\/06\/gerson-fala-sobre-momento-ruim-do-flamengo-nao-adianta-ficar-se-desculpando\/#breadcrumb","itemListElement":[{"@type":"ListItem","position":1,"name":"Home","item":"https:\/\/www.gaveanews.com\/"},{"@type":"ListItem","position":2,"name":"Gerson fala sobre momento ruim do Flamengo: &#8220;N\u00e3o adianta ficar se desculpando&#8221;"}]},{"@type":"WebSite","@id":"https:\/\/www.gaveanews.com\/#website","url":"https:\/\/www.gaveanews.com\/","name":"G\u00e1vea News","description":"Veja todas as not\u00edcias sobre o Flamengo: Contrata\u00e7\u00f5es, categorias de base, resultados das partidas, tabela de classifica\u00e7\u00e3o, pr\u00f3ximos jogos!","potentialAction":[{"@type":"SearchAction","target":{"@type":"EntryPoint","urlTemplate":"https:\/\/www.gaveanews.com\/?s={search_term_string}"},"query-input":{"@type":"PropertyValueSpecification","valueRequired":true,"valueName":"search_term_string"}}],"inLanguage":"pt-BR"},{"@type":"Person","@id":"https:\/\/www.gaveanews.com\/#\/schema\/person\/714c67050b836198af2450ba1c142a67","name":"Let\u00edcia Gerheim","image":{"@type":"ImageObject","inLanguage":"pt-BR","@id":"https:\/\/www.gaveanews.com\/#\/schema\/person\/image\/","url":"https:\/\/secure.gravatar.com\/avatar\/60734739c50fcebfbac509e2a826ccd0ff405c019bc73aab9354f19ecad1dcb4?s=96&d=mm&r=g","contentUrl":"https:\/\/secure.gravatar.com\/avatar\/60734739c50fcebfbac509e2a826ccd0ff405c019bc73aab9354f19ecad1dcb4?s=96&d=mm&r=g","caption":"Let\u00edcia Gerheim"}}]}},"_links":{"self":[{"href":"https:\/\/www.gaveanews.com\/index.php\/wp-json\/wp\/v2\/posts\/94974","targetHints":{"allow":["GET"]}}],"collection":[{"href":"https:\/\/www.gaveanews.com\/index.php\/wp-json\/wp\/v2\/posts"}],"about":[{"href":"https:\/\/www.gaveanews.com\/index.php\/wp-json\/wp\/v2\/types\/post"}],"author":[{"embeddable":true,"href":"https:\/\/www.gaveanews.com\/index.php\/wp-json\/wp\/v2\/users\/4"}],"replies":[{"embeddable":true,"href":"https:\/\/www.gaveanews.com\/index.php\/wp-json\/wp\/v2\/comments?post=94974"}],"version-history":[{"count":0,"href":"https:\/\/www.gaveanews.com\/index.php\/wp-json\/wp\/v2\/posts\/94974\/revisions"}],"wp:featuredmedia":[{"embeddable":true,"href":"https:\/\/www.gaveanews.com\/index.php\/wp-json\/wp\/v2\/media\/94977"}],"wp:attachment":[{"href":"https:\/\/www.gaveanews.com\/index.php\/wp-json\/wp\/v2\/media?parent=94974"}],"wp:term":[{"taxonomy":"category","embeddable":true,"href":"https:\/\/www.gaveanews.com\/index.php\/wp-json\/wp\/v2\/categories?post=94974"},{"taxonomy":"post_tag","embeddable":true,"href":"https:\/\/www.gaveanews.com\/index.php\/wp-json\/wp\/v2\/tags?post=94974"}],"curies":[{"name":"wp","href":"https:\/\/api.w.org\/{rel}","templated":true}]}}