{"id":94987,"date":"2023-03-06T13:19:27","date_gmt":"2023-03-06T16:19:27","guid":{"rendered":"https:\/\/www.gaveanews.com\/?p=94987"},"modified":"2023-03-06T13:19:30","modified_gmt":"2023-03-06T16:19:30","slug":"apos-passagem-na-europa-zagueiro-vai-retornar-ao-flamengo","status":"publish","type":"post","link":"https:\/\/www.gaveanews.com\/index.php\/2023\/03\/06\/apos-passagem-na-europa-zagueiro-vai-retornar-ao-flamengo\/","title":{"rendered":"Ap\u00f3s passagem na Europa, zagueiro vai retornar ao Flamengo"},"content":{"rendered":"\n<p>O Fenerbah\u00e7e ter\u00e1 um novo t\u00e9cnico na pr\u00f3xima temporada. O t\u00e9cnico Jorge Jesus decidiu que n\u00e3o renovar\u00e1 seu contrato com o clube turco. O v\u00ednculo termina em junho de 2023. Diante disso, a diretoria come\u00e7ou a definir a situa\u00e7\u00e3o contratual de alguns jogadores.<\/p>\n\n\n\n<p>O\u00a0site torcedores\u00a0apurou que o Fenerbah\u00e7e optou por n\u00e3o exercer o direito de compra dos direitos econ\u00f4micos de Gustavo Henrique. Com isso, o zagueiro de 29 anos retornar\u00e1 ao Flamengo no meio do ano.<\/p>\n\n\n\n<p>Gustavo Henrique foi contratado pela equipe turca, em 29 de julho de 2022, com op\u00e7\u00e3o de compra do passe ao fim do empr\u00e9stimo. O Fenerbah\u00e7e pagou 1,4 milh\u00e3o de euros (R$ 7,4 milh\u00f5es, \u00e0 \u00e9poca) ao Flamengo pela cess\u00e3o.<\/p>\n\n\n\n<p>Caso o jogador cumprisse metas pr\u00e9-estabelecidas, o clube turco teria de pagar outros 1,4 milh\u00f5es de euros (R$ 7,4 milh\u00f5es) ao Flamengo. Por\u00e9m, o Fenerbah\u00e7e notificou a diretoria rubro-negra na \u00faltima sexta-feira (3) de que n\u00e3o ir\u00e1 far\u00e1 tal investimento.<\/p>\n\n\n\n<p>Ainda segundo apurou a reportagem, o Flamengo n\u00e3o faz planos para reintegrar Gustavo Henrique em junho. Isso porque, o elenco conta com David Luiz, Fabr\u00edcio Bruno, Rodrigo Caio, L\u00e9o Pereira, Pablo e Cleiton como op\u00e7\u00f5es para a zaga.<\/p>\n\n\n\n<p>Gustavo Henrique n\u00e3o disputa uma partida oficial desde o dia 25 de fevereiro, quando sofreu um estiramento no m\u00fasculo adutor da coxa esquerda no cl\u00e1ssico contra o Galatasaray. Desde ent\u00e3o, ele n\u00e3o foi mais utilizado pelo portugu\u00eas.<\/p>\n\n\n\n<p>O zagueiro vem alternando bons e maus momentos nesta temporada. Al\u00e9m disso, n\u00e3o foi utilizado nos \u00faltimos jogos do time no Campeonato Turco. Jorge Jesus o deixou no banco de reservas nos confrontos contra Caykus Rizespor, Kasimpasa, dana Demirspor e Konayaspor.<\/p>\n\n\n\n<h2 class=\"wp-block-heading\" id=\"h-gustavo-henrique-nao-deve-ser-aproveitado\"><strong>Gustavo Henrique n\u00e3o deve ser aproveitado<\/strong><\/h2>\n\n\n\n<p>Apesar de ter contrato at\u00e9 dezembro de 2024, Gustavo Henrique n\u00e3o deve permanecer no Flamengo. E, ao que tudo indica, ele seve ser utilizado como moeda de troca pela diretoria para refor\u00e7ar o elenco na sequ\u00eancia da temporada.<\/p>\n\n\n\n<p>Gustavo Henrique est\u00e1 no radar de clubes no mercado interno. Gr\u00eamio e S\u00e3o Paulo sondaram recentemente o estafe do jogador. N\u00e3o h\u00e1, ainda, proposta oficial pelo jogador. Mas, o que se sabe \u00e9 que as duas equipes t\u00eam interesse em contrat\u00e1-lo por empr\u00e9stimo.<\/p>\n\n\n\n<p>O Flamengo, por sua vez, n\u00e3o se op\u00f5e a uma eventual sa\u00edda no futuro. No entanto, prioriza uma negocia\u00e7\u00e3o em definitivo. Isso porque, os dirigentes desejam refor\u00e7ar as finan\u00e7as para aumentar a margem de manobra no mercado de transfer\u00eancias.<\/p>\n\n\n\n<p>Retirado de: Torcedores<\/p>\n","protected":false},"excerpt":{"rendered":"<p>O Fenerbah\u00e7e ter\u00e1 um novo t\u00e9cnico na pr\u00f3xima temporada. O t\u00e9cnico Jorge Jesus decidiu que n\u00e3o renovar\u00e1 seu contrato com o clube turco. O v\u00ednculo termina em junho de 2023. Diante disso, a diretoria come\u00e7ou a definir a situa\u00e7\u00e3o contratual de alguns jogadores. O\u00a0site torcedores\u00a0apurou que o Fenerbah\u00e7e optou por n\u00e3o exercer o direito de [&hellip;]<\/p>\n","protected":false},"author":1,"featured_media":49426,"comment_status":"open","ping_status":"closed","sticky":false,"template":"","format":"standard","meta":{"footnotes":""},"categories":[1],"tags":[],"class_list":["post-94987","post","type-post","status-publish","format-standard","has-post-thumbnail","hentry","category-flamengo"],"yoast_head":"<!-- This site is optimized with the Yoast SEO Premium plugin v24.2 (Yoast SEO v26.9) - https:\/\/yoast.com\/product\/yoast-seo-premium-wordpress\/ -->\n<title>Ap\u00f3s passagem na Europa, zagueiro vai retornar ao Flamengo<\/title>\n<meta name=\"robots\" content=\"index, follow, max-snippet:-1, max-image-preview:large, max-video-preview:-1\" \/>\n<link rel=\"canonical\" href=\"https:\/\/www.gaveanews.com\/index.php\/2023\/03\/06\/apos-passagem-na-europa-zagueiro-vai-retornar-ao-flamengo\/\" \/>\n<meta property=\"og:locale\" content=\"pt_BR\" \/>\n<meta property=\"og:type\" content=\"article\" \/>\n<meta property=\"og:title\" content=\"Ap\u00f3s passagem na Europa, zagueiro vai retornar ao Flamengo\" \/>\n<meta property=\"og:description\" content=\"O Fenerbah\u00e7e ter\u00e1 um novo t\u00e9cnico na pr\u00f3xima temporada. O t\u00e9cnico Jorge Jesus decidiu que n\u00e3o renovar\u00e1 seu contrato com o clube turco. O v\u00ednculo termina em junho de 2023. Diante disso, a diretoria come\u00e7ou a definir a situa\u00e7\u00e3o contratual de alguns jogadores. O\u00a0site torcedores\u00a0apurou que o Fenerbah\u00e7e optou por n\u00e3o exercer o direito de [&hellip;]\" \/>\n<meta property=\"og:url\" content=\"https:\/\/www.gaveanews.com\/index.php\/2023\/03\/06\/apos-passagem-na-europa-zagueiro-vai-retornar-ao-flamengo\/\" \/>\n<meta property=\"og:site_name\" content=\"G\u00e1vea News\" \/>\n<meta property=\"article:publisher\" content=\"https:\/\/facebook.com\/gaveaNews\/\" \/>\n<meta property=\"article:published_time\" content=\"2023-03-06T16:19:27+00:00\" \/>\n<meta property=\"article:modified_time\" content=\"2023-03-06T16:19:30+00:00\" \/>\n<meta property=\"og:image\" content=\"https:\/\/www.gaveanews.com\/wp-content\/uploads\/Gustavo-Henrique-apos-fazer-gol-pelo-Flamengo-contra-o-Sport.webp\" \/>\n\t<meta property=\"og:image:width\" content=\"1080\" \/>\n\t<meta property=\"og:image:height\" content=\"1080\" \/>\n\t<meta property=\"og:image:type\" content=\"image\/jpeg\" \/>\n<meta name=\"author\" content=\"Equipe G\u00e1vea News\" \/>\n<meta name=\"twitter:card\" content=\"summary_large_image\" \/>\n<meta name=\"twitter:label1\" content=\"Escrito por\" \/>\n\t<meta name=\"twitter:data1\" content=\"Equipe G\u00e1vea News\" \/>\n\t<meta name=\"twitter:label2\" content=\"Est. tempo de leitura\" \/>\n\t<meta name=\"twitter:data2\" content=\"3 minutos\" \/>\n<script type=\"application\/ld+json\" class=\"yoast-schema-graph\">{\"@context\":\"https:\/\/schema.org\",\"@graph\":[{\"@type\":\"NewsArticle\",\"@id\":\"https:\/\/www.gaveanews.com\/index.php\/2023\/03\/06\/apos-passagem-na-europa-zagueiro-vai-retornar-ao-flamengo\/#article\",\"isPartOf\":{\"@id\":\"https:\/\/www.gaveanews.com\/index.php\/2023\/03\/06\/apos-passagem-na-europa-zagueiro-vai-retornar-ao-flamengo\/\"},\"author\":{\"name\":\"Equipe G\u00e1vea News\",\"@id\":\"https:\/\/www.gaveanews.com\/#\/schema\/person\/2ec14f73fb96be2caf28f91afb14749d\"},\"headline\":\"Ap\u00f3s passagem na Europa, zagueiro vai retornar ao Flamengo\",\"datePublished\":\"2023-03-06T16:19:27+00:00\",\"dateModified\":\"2023-03-06T16:19:30+00:00\",\"mainEntityOfPage\":{\"@id\":\"https:\/\/www.gaveanews.com\/index.php\/2023\/03\/06\/apos-passagem-na-europa-zagueiro-vai-retornar-ao-flamengo\/\"},\"wordCount\":451,\"commentCount\":0,\"image\":{\"@id\":\"https:\/\/www.gaveanews.com\/index.php\/2023\/03\/06\/apos-passagem-na-europa-zagueiro-vai-retornar-ao-flamengo\/#primaryimage\"},\"thumbnailUrl\":\"https:\/\/www.gaveanews.com\/wp-content\/uploads\/Gustavo-Henrique-apos-fazer-gol-pelo-Flamengo-contra-o-Sport.webp\",\"articleSection\":[\"Flamengo\"],\"inLanguage\":\"pt-BR\",\"potentialAction\":[{\"@type\":\"CommentAction\",\"name\":\"Comment\",\"target\":[\"https:\/\/www.gaveanews.com\/index.php\/2023\/03\/06\/apos-passagem-na-europa-zagueiro-vai-retornar-ao-flamengo\/#respond\"]}],\"copyrightYear\":\"2023\",\"copyrightHolder\":{\"@id\":\"https:\/\/www.gaveanews.com\/#organization\"}},{\"@type\":\"WebPage\",\"@id\":\"https:\/\/www.gaveanews.com\/index.php\/2023\/03\/06\/apos-passagem-na-europa-zagueiro-vai-retornar-ao-flamengo\/\",\"url\":\"https:\/\/www.gaveanews.com\/index.php\/2023\/03\/06\/apos-passagem-na-europa-zagueiro-vai-retornar-ao-flamengo\/\",\"name\":\"Ap\u00f3s passagem na Europa, zagueiro vai retornar ao Flamengo\",\"isPartOf\":{\"@id\":\"https:\/\/www.gaveanews.com\/#website\"},\"primaryImageOfPage\":{\"@id\":\"https:\/\/www.gaveanews.com\/index.php\/2023\/03\/06\/apos-passagem-na-europa-zagueiro-vai-retornar-ao-flamengo\/#primaryimage\"},\"image\":{\"@id\":\"https:\/\/www.gaveanews.com\/index.php\/2023\/03\/06\/apos-passagem-na-europa-zagueiro-vai-retornar-ao-flamengo\/#primaryimage\"},\"thumbnailUrl\":\"https:\/\/www.gaveanews.com\/wp-content\/uploads\/Gustavo-Henrique-apos-fazer-gol-pelo-Flamengo-contra-o-Sport.webp\",\"datePublished\":\"2023-03-06T16:19:27+00:00\",\"dateModified\":\"2023-03-06T16:19:30+00:00\",\"author\":{\"@id\":\"https:\/\/www.gaveanews.com\/#\/schema\/person\/2ec14f73fb96be2caf28f91afb14749d\"},\"breadcrumb\":{\"@id\":\"https:\/\/www.gaveanews.com\/index.php\/2023\/03\/06\/apos-passagem-na-europa-zagueiro-vai-retornar-ao-flamengo\/#breadcrumb\"},\"inLanguage\":\"pt-BR\",\"potentialAction\":[{\"@type\":\"ReadAction\",\"target\":[\"https:\/\/www.gaveanews.com\/index.php\/2023\/03\/06\/apos-passagem-na-europa-zagueiro-vai-retornar-ao-flamengo\/\"]}]},{\"@type\":\"ImageObject\",\"inLanguage\":\"pt-BR\",\"@id\":\"https:\/\/www.gaveanews.com\/index.php\/2023\/03\/06\/apos-passagem-na-europa-zagueiro-vai-retornar-ao-flamengo\/#primaryimage\",\"url\":\"https:\/\/www.gaveanews.com\/wp-content\/uploads\/Gustavo-Henrique-apos-fazer-gol-pelo-Flamengo-contra-o-Sport.webp\",\"contentUrl\":\"https:\/\/www.gaveanews.com\/wp-content\/uploads\/Gustavo-Henrique-apos-fazer-gol-pelo-Flamengo-contra-o-Sport.webp\",\"width\":1080,\"height\":1080,\"caption\":\"Gustavo Henrique ap\u00f3s fazer gol pelo Flamengo contra o Sport (Foto: Alexandre Vidal\/Instagram)\"},{\"@type\":\"BreadcrumbList\",\"@id\":\"https:\/\/www.gaveanews.com\/index.php\/2023\/03\/06\/apos-passagem-na-europa-zagueiro-vai-retornar-ao-flamengo\/#breadcrumb\",\"itemListElement\":[{\"@type\":\"ListItem\",\"position\":1,\"name\":\"Home\",\"item\":\"https:\/\/www.gaveanews.com\/\"},{\"@type\":\"ListItem\",\"position\":2,\"name\":\"Ap\u00f3s passagem na Europa, zagueiro vai retornar ao Flamengo\"}]},{\"@type\":\"WebSite\",\"@id\":\"https:\/\/www.gaveanews.com\/#website\",\"url\":\"https:\/\/www.gaveanews.com\/\",\"name\":\"G\u00e1vea News\",\"description\":\"Veja todas as not\u00edcias sobre o Flamengo: Contrata\u00e7\u00f5es, categorias de base, resultados das partidas, tabela de classifica\u00e7\u00e3o, pr\u00f3ximos jogos!\",\"potentialAction\":[{\"@type\":\"SearchAction\",\"target\":{\"@type\":\"EntryPoint\",\"urlTemplate\":\"https:\/\/www.gaveanews.com\/?s={search_term_string}\"},\"query-input\":{\"@type\":\"PropertyValueSpecification\",\"valueRequired\":true,\"valueName\":\"search_term_string\"}}],\"inLanguage\":\"pt-BR\"},{\"@type\":\"Person\",\"@id\":\"https:\/\/www.gaveanews.com\/#\/schema\/person\/2ec14f73fb96be2caf28f91afb14749d\",\"name\":\"Equipe G\u00e1vea News\",\"image\":{\"@type\":\"ImageObject\",\"inLanguage\":\"pt-BR\",\"@id\":\"https:\/\/www.gaveanews.com\/#\/schema\/person\/image\/\",\"url\":\"https:\/\/secure.gravatar.com\/avatar\/1e1956f1facbffd3f8fa53a326721950116b3b9dc9bd44939c01180fd4a745a9?s=96&d=mm&r=g\",\"contentUrl\":\"https:\/\/secure.gravatar.com\/avatar\/1e1956f1facbffd3f8fa53a326721950116b3b9dc9bd44939c01180fd4a745a9?s=96&d=mm&r=g\",\"caption\":\"Equipe G\u00e1vea News\"}}]}<\/script>\n<!-- \/ Yoast SEO Premium plugin. -->","yoast_head_json":{"title":"Ap\u00f3s passagem na Europa, zagueiro vai retornar ao Flamengo","robots":{"index":"index","follow":"follow","max-snippet":"max-snippet:-1","max-image-preview":"max-image-preview:large","max-video-preview":"max-video-preview:-1"},"canonical":"https:\/\/www.gaveanews.com\/index.php\/2023\/03\/06\/apos-passagem-na-europa-zagueiro-vai-retornar-ao-flamengo\/","og_locale":"pt_BR","og_type":"article","og_title":"Ap\u00f3s passagem na Europa, zagueiro vai retornar ao Flamengo","og_description":"O Fenerbah\u00e7e ter\u00e1 um novo t\u00e9cnico na pr\u00f3xima temporada. O t\u00e9cnico Jorge Jesus decidiu que n\u00e3o renovar\u00e1 seu contrato com o clube turco. O v\u00ednculo termina em junho de 2023. Diante disso, a diretoria come\u00e7ou a definir a situa\u00e7\u00e3o contratual de alguns jogadores. O\u00a0site torcedores\u00a0apurou que o Fenerbah\u00e7e optou por n\u00e3o exercer o direito de [&hellip;]","og_url":"https:\/\/www.gaveanews.com\/index.php\/2023\/03\/06\/apos-passagem-na-europa-zagueiro-vai-retornar-ao-flamengo\/","og_site_name":"G\u00e1vea News","article_publisher":"https:\/\/facebook.com\/gaveaNews\/","article_published_time":"2023-03-06T16:19:27+00:00","article_modified_time":"2023-03-06T16:19:30+00:00","og_image":[{"width":1080,"height":1080,"url":"https:\/\/www.gaveanews.com\/wp-content\/uploads\/Gustavo-Henrique-apos-fazer-gol-pelo-Flamengo-contra-o-Sport.webp","type":"image\/jpeg"}],"author":"Equipe G\u00e1vea News","twitter_card":"summary_large_image","twitter_misc":{"Escrito por":"Equipe G\u00e1vea News","Est. tempo de leitura":"3 minutos"},"schema":{"@context":"https:\/\/schema.org","@graph":[{"@type":"NewsArticle","@id":"https:\/\/www.gaveanews.com\/index.php\/2023\/03\/06\/apos-passagem-na-europa-zagueiro-vai-retornar-ao-flamengo\/#article","isPartOf":{"@id":"https:\/\/www.gaveanews.com\/index.php\/2023\/03\/06\/apos-passagem-na-europa-zagueiro-vai-retornar-ao-flamengo\/"},"author":{"name":"Equipe G\u00e1vea News","@id":"https:\/\/www.gaveanews.com\/#\/schema\/person\/2ec14f73fb96be2caf28f91afb14749d"},"headline":"Ap\u00f3s passagem na Europa, zagueiro vai retornar ao Flamengo","datePublished":"2023-03-06T16:19:27+00:00","dateModified":"2023-03-06T16:19:30+00:00","mainEntityOfPage":{"@id":"https:\/\/www.gaveanews.com\/index.php\/2023\/03\/06\/apos-passagem-na-europa-zagueiro-vai-retornar-ao-flamengo\/"},"wordCount":451,"commentCount":0,"image":{"@id":"https:\/\/www.gaveanews.com\/index.php\/2023\/03\/06\/apos-passagem-na-europa-zagueiro-vai-retornar-ao-flamengo\/#primaryimage"},"thumbnailUrl":"https:\/\/www.gaveanews.com\/wp-content\/uploads\/Gustavo-Henrique-apos-fazer-gol-pelo-Flamengo-contra-o-Sport.webp","articleSection":["Flamengo"],"inLanguage":"pt-BR","potentialAction":[{"@type":"CommentAction","name":"Comment","target":["https:\/\/www.gaveanews.com\/index.php\/2023\/03\/06\/apos-passagem-na-europa-zagueiro-vai-retornar-ao-flamengo\/#respond"]}],"copyrightYear":"2023","copyrightHolder":{"@id":"https:\/\/www.gaveanews.com\/#organization"}},{"@type":"WebPage","@id":"https:\/\/www.gaveanews.com\/index.php\/2023\/03\/06\/apos-passagem-na-europa-zagueiro-vai-retornar-ao-flamengo\/","url":"https:\/\/www.gaveanews.com\/index.php\/2023\/03\/06\/apos-passagem-na-europa-zagueiro-vai-retornar-ao-flamengo\/","name":"Ap\u00f3s passagem na Europa, zagueiro vai retornar ao Flamengo","isPartOf":{"@id":"https:\/\/www.gaveanews.com\/#website"},"primaryImageOfPage":{"@id":"https:\/\/www.gaveanews.com\/index.php\/2023\/03\/06\/apos-passagem-na-europa-zagueiro-vai-retornar-ao-flamengo\/#primaryimage"},"image":{"@id":"https:\/\/www.gaveanews.com\/index.php\/2023\/03\/06\/apos-passagem-na-europa-zagueiro-vai-retornar-ao-flamengo\/#primaryimage"},"thumbnailUrl":"https:\/\/www.gaveanews.com\/wp-content\/uploads\/Gustavo-Henrique-apos-fazer-gol-pelo-Flamengo-contra-o-Sport.webp","datePublished":"2023-03-06T16:19:27+00:00","dateModified":"2023-03-06T16:19:30+00:00","author":{"@id":"https:\/\/www.gaveanews.com\/#\/schema\/person\/2ec14f73fb96be2caf28f91afb14749d"},"breadcrumb":{"@id":"https:\/\/www.gaveanews.com\/index.php\/2023\/03\/06\/apos-passagem-na-europa-zagueiro-vai-retornar-ao-flamengo\/#breadcrumb"},"inLanguage":"pt-BR","potentialAction":[{"@type":"ReadAction","target":["https:\/\/www.gaveanews.com\/index.php\/2023\/03\/06\/apos-passagem-na-europa-zagueiro-vai-retornar-ao-flamengo\/"]}]},{"@type":"ImageObject","inLanguage":"pt-BR","@id":"https:\/\/www.gaveanews.com\/index.php\/2023\/03\/06\/apos-passagem-na-europa-zagueiro-vai-retornar-ao-flamengo\/#primaryimage","url":"https:\/\/www.gaveanews.com\/wp-content\/uploads\/Gustavo-Henrique-apos-fazer-gol-pelo-Flamengo-contra-o-Sport.webp","contentUrl":"https:\/\/www.gaveanews.com\/wp-content\/uploads\/Gustavo-Henrique-apos-fazer-gol-pelo-Flamengo-contra-o-Sport.webp","width":1080,"height":1080,"caption":"Gustavo Henrique ap\u00f3s fazer gol pelo Flamengo contra o Sport (Foto: Alexandre Vidal\/Instagram)"},{"@type":"BreadcrumbList","@id":"https:\/\/www.gaveanews.com\/index.php\/2023\/03\/06\/apos-passagem-na-europa-zagueiro-vai-retornar-ao-flamengo\/#breadcrumb","itemListElement":[{"@type":"ListItem","position":1,"name":"Home","item":"https:\/\/www.gaveanews.com\/"},{"@type":"ListItem","position":2,"name":"Ap\u00f3s passagem na Europa, zagueiro vai retornar ao Flamengo"}]},{"@type":"WebSite","@id":"https:\/\/www.gaveanews.com\/#website","url":"https:\/\/www.gaveanews.com\/","name":"G\u00e1vea News","description":"Veja todas as not\u00edcias sobre o Flamengo: Contrata\u00e7\u00f5es, categorias de base, resultados das partidas, tabela de classifica\u00e7\u00e3o, pr\u00f3ximos jogos!","potentialAction":[{"@type":"SearchAction","target":{"@type":"EntryPoint","urlTemplate":"https:\/\/www.gaveanews.com\/?s={search_term_string}"},"query-input":{"@type":"PropertyValueSpecification","valueRequired":true,"valueName":"search_term_string"}}],"inLanguage":"pt-BR"},{"@type":"Person","@id":"https:\/\/www.gaveanews.com\/#\/schema\/person\/2ec14f73fb96be2caf28f91afb14749d","name":"Equipe G\u00e1vea News","image":{"@type":"ImageObject","inLanguage":"pt-BR","@id":"https:\/\/www.gaveanews.com\/#\/schema\/person\/image\/","url":"https:\/\/secure.gravatar.com\/avatar\/1e1956f1facbffd3f8fa53a326721950116b3b9dc9bd44939c01180fd4a745a9?s=96&d=mm&r=g","contentUrl":"https:\/\/secure.gravatar.com\/avatar\/1e1956f1facbffd3f8fa53a326721950116b3b9dc9bd44939c01180fd4a745a9?s=96&d=mm&r=g","caption":"Equipe G\u00e1vea News"}}]}},"_links":{"self":[{"href":"https:\/\/www.gaveanews.com\/index.php\/wp-json\/wp\/v2\/posts\/94987","targetHints":{"allow":["GET"]}}],"collection":[{"href":"https:\/\/www.gaveanews.com\/index.php\/wp-json\/wp\/v2\/posts"}],"about":[{"href":"https:\/\/www.gaveanews.com\/index.php\/wp-json\/wp\/v2\/types\/post"}],"author":[{"embeddable":true,"href":"https:\/\/www.gaveanews.com\/index.php\/wp-json\/wp\/v2\/users\/1"}],"replies":[{"embeddable":true,"href":"https:\/\/www.gaveanews.com\/index.php\/wp-json\/wp\/v2\/comments?post=94987"}],"version-history":[{"count":0,"href":"https:\/\/www.gaveanews.com\/index.php\/wp-json\/wp\/v2\/posts\/94987\/revisions"}],"wp:featuredmedia":[{"embeddable":true,"href":"https:\/\/www.gaveanews.com\/index.php\/wp-json\/wp\/v2\/media\/49426"}],"wp:attachment":[{"href":"https:\/\/www.gaveanews.com\/index.php\/wp-json\/wp\/v2\/media?parent=94987"}],"wp:term":[{"taxonomy":"category","embeddable":true,"href":"https:\/\/www.gaveanews.com\/index.php\/wp-json\/wp\/v2\/categories?post=94987"},{"taxonomy":"post_tag","embeddable":true,"href":"https:\/\/www.gaveanews.com\/index.php\/wp-json\/wp\/v2\/tags?post=94987"}],"curies":[{"name":"wp","href":"https:\/\/api.w.org\/{rel}","templated":true}]}}