{"id":95019,"date":"2023-03-06T23:55:37","date_gmt":"2023-03-07T02:55:37","guid":{"rendered":"https:\/\/www.gaveanews.com\/?p=95019"},"modified":"2023-03-06T23:56:31","modified_gmt":"2023-03-07T02:56:31","slug":"desejado-pelo-flamengo-angelo-tem-salario-baixissimo-no-santos-veja-valores","status":"publish","type":"post","link":"https:\/\/www.gaveanews.com\/index.php\/2023\/03\/06\/desejado-pelo-flamengo-angelo-tem-salario-baixissimo-no-santos-veja-valores\/","title":{"rendered":"Desejado pelo Flamengo, \u00c2ngelo tem sal\u00e1rio baix\u00edssimo no Santos; veja valores"},"content":{"rendered":"\n<p>Aguardando refor\u00e7os para a sequ\u00eancia da temporada, V\u00edtor Pereira, em breve, pode ter um dos seus pedidos atendidos. Isso porque o Flamengo definiu que ir\u00e1 fazer proposta para contratar \u00c2ngelo. Segundo o jornalista Ven\u00ea Casagrande, a proposta de 13 milh\u00f5es de euros (R$ 71.5 milh\u00f5es) foi aprovada em reuni\u00e3o, algo que \u00e9 visto como um grande avan\u00e7o nos bastidores.<\/p>\n\n\n\n<p>Agora, as cifras ser\u00e3o levadas ao Santos, que mudou sua postura. Inicialmente, o Peixe priorizou a perman\u00eancia de \u00c2ngelo, tendo em vista a possibilidade de uma venda para o futebol europeu. Por\u00e9m, como a crise financeira est\u00e1 atingindo os cofres, a diretoria j\u00e1 considera liberar o atacante de forma imediata.<\/p>\n\n\n\n<p>\u201c<em>Na reuni\u00e3o do Comit\u00ea de Futebol foi decidido: eles v\u00e3o formalizar a proposta de 13 milh\u00f5es de euros por 80% do atleta. O Santos vive uma crise financeira absurda e j\u00e1 aceita vender o jogador\u201d<\/em>, disse o jornalista em seu canal no Youtube.<\/p>\n\n\n\n<p>Atualmente, \u00c2ngelo possui sal\u00e1rio de R$ 80 mil por m\u00eas no Santos. Dessa forma, caso feche com o Flamengo, ele vai assinar um contrato de quatro anos e meio. Al\u00e9m dos ganhos elevados, o jovem ficar\u00e1 em evid\u00eancia e pode gerar lucro para o Rubro-Negro, tendo em vista o potencial de revenda.<\/p>\n\n\n\n<p>A n\u00edvel de compara\u00e7\u00e3o, \u00c2ngelo n\u00e3o recebe durante toda uma temporada o valor que nomes como Gabigol e Arrascaeta recebem em apenas um \u00fanico m\u00eas. <\/p>\n\n\n\n<h2 class=\"wp-block-heading\" id=\"h-saida-no-flamengo\">Sa\u00edda no Flamengo?<\/h2>\n\n\n\n<p>Se \u00c2ngelo pode chegar, Marinho est\u00e1 cotado para ter o caminho inverso. Reserva no Flamengo, o camisa 31 entrou na mira do Bahia e uma oferta satisfat\u00f3ria deve assegurar uma transfer\u00eancia. Comprado por R$ 7 milh\u00f5es, o ex-jogador do Santos n\u00e3o conseguiu se firmar na equipe e vem perdendo espa\u00e7o para Matheus Gon\u00e7alves, joia da base.<\/p>\n\n\n\n<p><em>\u201cN\u00e3o cheguei aqui por acaso, n\u00e3o fui eleito Rei da Am\u00e9rica por acaso, por ser legal ou bonito\u201d,<\/em>\u00a0desabafou recentemente sobre os rumores de sa\u00edda.<\/p>\n\n\n\n<p>Retirado de: Torcedores<\/p>\n","protected":false},"excerpt":{"rendered":"<p>Aguardando refor\u00e7os para a sequ\u00eancia da temporada, V\u00edtor Pereira, em breve, pode ter um dos seus pedidos atendidos. Isso porque o Flamengo definiu que ir\u00e1 fazer proposta para contratar \u00c2ngelo. Segundo o jornalista Ven\u00ea Casagrande, a proposta de 13 milh\u00f5es de euros (R$ 71.5 milh\u00f5es) foi aprovada em reuni\u00e3o, algo que \u00e9 visto como um [&hellip;]<\/p>\n","protected":false},"author":1,"featured_media":93802,"comment_status":"open","ping_status":"closed","sticky":false,"template":"","format":"standard","meta":{"footnotes":""},"categories":[1],"tags":[],"class_list":["post-95019","post","type-post","status-publish","format-standard","has-post-thumbnail","hentry","category-flamengo"],"yoast_head":"<!-- This site is optimized with the Yoast SEO Premium plugin v24.2 (Yoast SEO v26.9) - https:\/\/yoast.com\/product\/yoast-seo-premium-wordpress\/ -->\n<title>Desejado pelo Flamengo, \u00c2ngelo tem sal\u00e1rio baix\u00edssimo no Santos; veja valores<\/title>\n<meta name=\"robots\" content=\"index, follow, max-snippet:-1, max-image-preview:large, max-video-preview:-1\" \/>\n<link rel=\"canonical\" href=\"https:\/\/www.gaveanews.com\/index.php\/2023\/03\/06\/desejado-pelo-flamengo-angelo-tem-salario-baixissimo-no-santos-veja-valores\/\" \/>\n<meta property=\"og:locale\" content=\"pt_BR\" \/>\n<meta property=\"og:type\" content=\"article\" \/>\n<meta property=\"og:title\" content=\"Desejado pelo Flamengo, \u00c2ngelo tem sal\u00e1rio baix\u00edssimo no Santos; veja valores\" \/>\n<meta property=\"og:description\" content=\"Aguardando refor\u00e7os para a sequ\u00eancia da temporada, V\u00edtor Pereira, em breve, pode ter um dos seus pedidos atendidos. Isso porque o Flamengo definiu que ir\u00e1 fazer proposta para contratar \u00c2ngelo. Segundo o jornalista Ven\u00ea Casagrande, a proposta de 13 milh\u00f5es de euros (R$ 71.5 milh\u00f5es) foi aprovada em reuni\u00e3o, algo que \u00e9 visto como um [&hellip;]\" \/>\n<meta property=\"og:url\" content=\"https:\/\/www.gaveanews.com\/index.php\/2023\/03\/06\/desejado-pelo-flamengo-angelo-tem-salario-baixissimo-no-santos-veja-valores\/\" \/>\n<meta property=\"og:site_name\" content=\"G\u00e1vea News\" \/>\n<meta property=\"article:publisher\" content=\"https:\/\/facebook.com\/gaveaNews\/\" \/>\n<meta property=\"article:published_time\" content=\"2023-03-07T02:55:37+00:00\" \/>\n<meta property=\"article:modified_time\" content=\"2023-03-07T02:56:31+00:00\" \/>\n<meta property=\"og:image\" content=\"https:\/\/www.gaveanews.com\/wp-content\/uploads\/angelo-atacante-santos.webp\" \/>\n\t<meta property=\"og:image:width\" content=\"640\" \/>\n\t<meta property=\"og:image:height\" content=\"400\" \/>\n\t<meta property=\"og:image:type\" content=\"image\/jpeg\" \/>\n<meta name=\"author\" content=\"Equipe G\u00e1vea News\" \/>\n<meta name=\"twitter:card\" content=\"summary_large_image\" \/>\n<meta name=\"twitter:label1\" content=\"Escrito por\" \/>\n\t<meta name=\"twitter:data1\" content=\"Equipe G\u00e1vea News\" \/>\n\t<meta name=\"twitter:label2\" content=\"Est. tempo de leitura\" \/>\n\t<meta name=\"twitter:data2\" content=\"2 minutos\" \/>\n<script type=\"application\/ld+json\" class=\"yoast-schema-graph\">{\"@context\":\"https:\/\/schema.org\",\"@graph\":[{\"@type\":\"NewsArticle\",\"@id\":\"https:\/\/www.gaveanews.com\/index.php\/2023\/03\/06\/desejado-pelo-flamengo-angelo-tem-salario-baixissimo-no-santos-veja-valores\/#article\",\"isPartOf\":{\"@id\":\"https:\/\/www.gaveanews.com\/index.php\/2023\/03\/06\/desejado-pelo-flamengo-angelo-tem-salario-baixissimo-no-santos-veja-valores\/\"},\"author\":{\"name\":\"Equipe G\u00e1vea News\",\"@id\":\"https:\/\/www.gaveanews.com\/#\/schema\/person\/2ec14f73fb96be2caf28f91afb14749d\"},\"headline\":\"Desejado pelo Flamengo, \u00c2ngelo tem sal\u00e1rio baix\u00edssimo no Santos; veja valores\",\"datePublished\":\"2023-03-07T02:55:37+00:00\",\"dateModified\":\"2023-03-07T02:56:31+00:00\",\"mainEntityOfPage\":{\"@id\":\"https:\/\/www.gaveanews.com\/index.php\/2023\/03\/06\/desejado-pelo-flamengo-angelo-tem-salario-baixissimo-no-santos-veja-valores\/\"},\"wordCount\":353,\"commentCount\":0,\"image\":{\"@id\":\"https:\/\/www.gaveanews.com\/index.php\/2023\/03\/06\/desejado-pelo-flamengo-angelo-tem-salario-baixissimo-no-santos-veja-valores\/#primaryimage\"},\"thumbnailUrl\":\"https:\/\/www.gaveanews.com\/wp-content\/uploads\/angelo-atacante-santos.webp\",\"articleSection\":[\"Flamengo\"],\"inLanguage\":\"pt-BR\",\"potentialAction\":[{\"@type\":\"CommentAction\",\"name\":\"Comment\",\"target\":[\"https:\/\/www.gaveanews.com\/index.php\/2023\/03\/06\/desejado-pelo-flamengo-angelo-tem-salario-baixissimo-no-santos-veja-valores\/#respond\"]}],\"copyrightYear\":\"2023\",\"copyrightHolder\":{\"@id\":\"https:\/\/www.gaveanews.com\/#organization\"}},{\"@type\":\"WebPage\",\"@id\":\"https:\/\/www.gaveanews.com\/index.php\/2023\/03\/06\/desejado-pelo-flamengo-angelo-tem-salario-baixissimo-no-santos-veja-valores\/\",\"url\":\"https:\/\/www.gaveanews.com\/index.php\/2023\/03\/06\/desejado-pelo-flamengo-angelo-tem-salario-baixissimo-no-santos-veja-valores\/\",\"name\":\"Desejado pelo Flamengo, \u00c2ngelo tem sal\u00e1rio baix\u00edssimo no Santos; veja valores\",\"isPartOf\":{\"@id\":\"https:\/\/www.gaveanews.com\/#website\"},\"primaryImageOfPage\":{\"@id\":\"https:\/\/www.gaveanews.com\/index.php\/2023\/03\/06\/desejado-pelo-flamengo-angelo-tem-salario-baixissimo-no-santos-veja-valores\/#primaryimage\"},\"image\":{\"@id\":\"https:\/\/www.gaveanews.com\/index.php\/2023\/03\/06\/desejado-pelo-flamengo-angelo-tem-salario-baixissimo-no-santos-veja-valores\/#primaryimage\"},\"thumbnailUrl\":\"https:\/\/www.gaveanews.com\/wp-content\/uploads\/angelo-atacante-santos.webp\",\"datePublished\":\"2023-03-07T02:55:37+00:00\",\"dateModified\":\"2023-03-07T02:56:31+00:00\",\"author\":{\"@id\":\"https:\/\/www.gaveanews.com\/#\/schema\/person\/2ec14f73fb96be2caf28f91afb14749d\"},\"breadcrumb\":{\"@id\":\"https:\/\/www.gaveanews.com\/index.php\/2023\/03\/06\/desejado-pelo-flamengo-angelo-tem-salario-baixissimo-no-santos-veja-valores\/#breadcrumb\"},\"inLanguage\":\"pt-BR\",\"potentialAction\":[{\"@type\":\"ReadAction\",\"target\":[\"https:\/\/www.gaveanews.com\/index.php\/2023\/03\/06\/desejado-pelo-flamengo-angelo-tem-salario-baixissimo-no-santos-veja-valores\/\"]}]},{\"@type\":\"ImageObject\",\"inLanguage\":\"pt-BR\",\"@id\":\"https:\/\/www.gaveanews.com\/index.php\/2023\/03\/06\/desejado-pelo-flamengo-angelo-tem-salario-baixissimo-no-santos-veja-valores\/#primaryimage\",\"url\":\"https:\/\/www.gaveanews.com\/wp-content\/uploads\/angelo-atacante-santos.webp\",\"contentUrl\":\"https:\/\/www.gaveanews.com\/wp-content\/uploads\/angelo-atacante-santos.webp\",\"width\":640,\"height\":400,\"caption\":\"\u00c2ngelo em a\u00e7\u00e3o pelo Santos (Foto: Raul Barreta\/Santos FC)\"},{\"@type\":\"BreadcrumbList\",\"@id\":\"https:\/\/www.gaveanews.com\/index.php\/2023\/03\/06\/desejado-pelo-flamengo-angelo-tem-salario-baixissimo-no-santos-veja-valores\/#breadcrumb\",\"itemListElement\":[{\"@type\":\"ListItem\",\"position\":1,\"name\":\"Home\",\"item\":\"https:\/\/www.gaveanews.com\/\"},{\"@type\":\"ListItem\",\"position\":2,\"name\":\"Desejado pelo Flamengo, \u00c2ngelo tem sal\u00e1rio baix\u00edssimo no Santos; veja valores\"}]},{\"@type\":\"WebSite\",\"@id\":\"https:\/\/www.gaveanews.com\/#website\",\"url\":\"https:\/\/www.gaveanews.com\/\",\"name\":\"G\u00e1vea News\",\"description\":\"Veja todas as not\u00edcias sobre o Flamengo: Contrata\u00e7\u00f5es, categorias de base, resultados das partidas, tabela de classifica\u00e7\u00e3o, pr\u00f3ximos jogos!\",\"potentialAction\":[{\"@type\":\"SearchAction\",\"target\":{\"@type\":\"EntryPoint\",\"urlTemplate\":\"https:\/\/www.gaveanews.com\/?s={search_term_string}\"},\"query-input\":{\"@type\":\"PropertyValueSpecification\",\"valueRequired\":true,\"valueName\":\"search_term_string\"}}],\"inLanguage\":\"pt-BR\"},{\"@type\":\"Person\",\"@id\":\"https:\/\/www.gaveanews.com\/#\/schema\/person\/2ec14f73fb96be2caf28f91afb14749d\",\"name\":\"Equipe G\u00e1vea News\",\"image\":{\"@type\":\"ImageObject\",\"inLanguage\":\"pt-BR\",\"@id\":\"https:\/\/www.gaveanews.com\/#\/schema\/person\/image\/\",\"url\":\"https:\/\/secure.gravatar.com\/avatar\/1e1956f1facbffd3f8fa53a326721950116b3b9dc9bd44939c01180fd4a745a9?s=96&d=mm&r=g\",\"contentUrl\":\"https:\/\/secure.gravatar.com\/avatar\/1e1956f1facbffd3f8fa53a326721950116b3b9dc9bd44939c01180fd4a745a9?s=96&d=mm&r=g\",\"caption\":\"Equipe G\u00e1vea News\"}}]}<\/script>\n<!-- \/ Yoast SEO Premium plugin. -->","yoast_head_json":{"title":"Desejado pelo Flamengo, \u00c2ngelo tem sal\u00e1rio baix\u00edssimo no Santos; veja valores","robots":{"index":"index","follow":"follow","max-snippet":"max-snippet:-1","max-image-preview":"max-image-preview:large","max-video-preview":"max-video-preview:-1"},"canonical":"https:\/\/www.gaveanews.com\/index.php\/2023\/03\/06\/desejado-pelo-flamengo-angelo-tem-salario-baixissimo-no-santos-veja-valores\/","og_locale":"pt_BR","og_type":"article","og_title":"Desejado pelo Flamengo, \u00c2ngelo tem sal\u00e1rio baix\u00edssimo no Santos; veja valores","og_description":"Aguardando refor\u00e7os para a sequ\u00eancia da temporada, V\u00edtor Pereira, em breve, pode ter um dos seus pedidos atendidos. Isso porque o Flamengo definiu que ir\u00e1 fazer proposta para contratar \u00c2ngelo. Segundo o jornalista Ven\u00ea Casagrande, a proposta de 13 milh\u00f5es de euros (R$ 71.5 milh\u00f5es) foi aprovada em reuni\u00e3o, algo que \u00e9 visto como um [&hellip;]","og_url":"https:\/\/www.gaveanews.com\/index.php\/2023\/03\/06\/desejado-pelo-flamengo-angelo-tem-salario-baixissimo-no-santos-veja-valores\/","og_site_name":"G\u00e1vea News","article_publisher":"https:\/\/facebook.com\/gaveaNews\/","article_published_time":"2023-03-07T02:55:37+00:00","article_modified_time":"2023-03-07T02:56:31+00:00","og_image":[{"width":640,"height":400,"url":"https:\/\/www.gaveanews.com\/wp-content\/uploads\/angelo-atacante-santos.webp","type":"image\/jpeg"}],"author":"Equipe G\u00e1vea News","twitter_card":"summary_large_image","twitter_misc":{"Escrito por":"Equipe G\u00e1vea News","Est. tempo de leitura":"2 minutos"},"schema":{"@context":"https:\/\/schema.org","@graph":[{"@type":"NewsArticle","@id":"https:\/\/www.gaveanews.com\/index.php\/2023\/03\/06\/desejado-pelo-flamengo-angelo-tem-salario-baixissimo-no-santos-veja-valores\/#article","isPartOf":{"@id":"https:\/\/www.gaveanews.com\/index.php\/2023\/03\/06\/desejado-pelo-flamengo-angelo-tem-salario-baixissimo-no-santos-veja-valores\/"},"author":{"name":"Equipe G\u00e1vea News","@id":"https:\/\/www.gaveanews.com\/#\/schema\/person\/2ec14f73fb96be2caf28f91afb14749d"},"headline":"Desejado pelo Flamengo, \u00c2ngelo tem sal\u00e1rio baix\u00edssimo no Santos; veja valores","datePublished":"2023-03-07T02:55:37+00:00","dateModified":"2023-03-07T02:56:31+00:00","mainEntityOfPage":{"@id":"https:\/\/www.gaveanews.com\/index.php\/2023\/03\/06\/desejado-pelo-flamengo-angelo-tem-salario-baixissimo-no-santos-veja-valores\/"},"wordCount":353,"commentCount":0,"image":{"@id":"https:\/\/www.gaveanews.com\/index.php\/2023\/03\/06\/desejado-pelo-flamengo-angelo-tem-salario-baixissimo-no-santos-veja-valores\/#primaryimage"},"thumbnailUrl":"https:\/\/www.gaveanews.com\/wp-content\/uploads\/angelo-atacante-santos.webp","articleSection":["Flamengo"],"inLanguage":"pt-BR","potentialAction":[{"@type":"CommentAction","name":"Comment","target":["https:\/\/www.gaveanews.com\/index.php\/2023\/03\/06\/desejado-pelo-flamengo-angelo-tem-salario-baixissimo-no-santos-veja-valores\/#respond"]}],"copyrightYear":"2023","copyrightHolder":{"@id":"https:\/\/www.gaveanews.com\/#organization"}},{"@type":"WebPage","@id":"https:\/\/www.gaveanews.com\/index.php\/2023\/03\/06\/desejado-pelo-flamengo-angelo-tem-salario-baixissimo-no-santos-veja-valores\/","url":"https:\/\/www.gaveanews.com\/index.php\/2023\/03\/06\/desejado-pelo-flamengo-angelo-tem-salario-baixissimo-no-santos-veja-valores\/","name":"Desejado pelo Flamengo, \u00c2ngelo tem sal\u00e1rio baix\u00edssimo no Santos; veja valores","isPartOf":{"@id":"https:\/\/www.gaveanews.com\/#website"},"primaryImageOfPage":{"@id":"https:\/\/www.gaveanews.com\/index.php\/2023\/03\/06\/desejado-pelo-flamengo-angelo-tem-salario-baixissimo-no-santos-veja-valores\/#primaryimage"},"image":{"@id":"https:\/\/www.gaveanews.com\/index.php\/2023\/03\/06\/desejado-pelo-flamengo-angelo-tem-salario-baixissimo-no-santos-veja-valores\/#primaryimage"},"thumbnailUrl":"https:\/\/www.gaveanews.com\/wp-content\/uploads\/angelo-atacante-santos.webp","datePublished":"2023-03-07T02:55:37+00:00","dateModified":"2023-03-07T02:56:31+00:00","author":{"@id":"https:\/\/www.gaveanews.com\/#\/schema\/person\/2ec14f73fb96be2caf28f91afb14749d"},"breadcrumb":{"@id":"https:\/\/www.gaveanews.com\/index.php\/2023\/03\/06\/desejado-pelo-flamengo-angelo-tem-salario-baixissimo-no-santos-veja-valores\/#breadcrumb"},"inLanguage":"pt-BR","potentialAction":[{"@type":"ReadAction","target":["https:\/\/www.gaveanews.com\/index.php\/2023\/03\/06\/desejado-pelo-flamengo-angelo-tem-salario-baixissimo-no-santos-veja-valores\/"]}]},{"@type":"ImageObject","inLanguage":"pt-BR","@id":"https:\/\/www.gaveanews.com\/index.php\/2023\/03\/06\/desejado-pelo-flamengo-angelo-tem-salario-baixissimo-no-santos-veja-valores\/#primaryimage","url":"https:\/\/www.gaveanews.com\/wp-content\/uploads\/angelo-atacante-santos.webp","contentUrl":"https:\/\/www.gaveanews.com\/wp-content\/uploads\/angelo-atacante-santos.webp","width":640,"height":400,"caption":"\u00c2ngelo em a\u00e7\u00e3o pelo Santos (Foto: Raul Barreta\/Santos FC)"},{"@type":"BreadcrumbList","@id":"https:\/\/www.gaveanews.com\/index.php\/2023\/03\/06\/desejado-pelo-flamengo-angelo-tem-salario-baixissimo-no-santos-veja-valores\/#breadcrumb","itemListElement":[{"@type":"ListItem","position":1,"name":"Home","item":"https:\/\/www.gaveanews.com\/"},{"@type":"ListItem","position":2,"name":"Desejado pelo Flamengo, \u00c2ngelo tem sal\u00e1rio baix\u00edssimo no Santos; veja valores"}]},{"@type":"WebSite","@id":"https:\/\/www.gaveanews.com\/#website","url":"https:\/\/www.gaveanews.com\/","name":"G\u00e1vea News","description":"Veja todas as not\u00edcias sobre o Flamengo: Contrata\u00e7\u00f5es, categorias de base, resultados das partidas, tabela de classifica\u00e7\u00e3o, pr\u00f3ximos jogos!","potentialAction":[{"@type":"SearchAction","target":{"@type":"EntryPoint","urlTemplate":"https:\/\/www.gaveanews.com\/?s={search_term_string}"},"query-input":{"@type":"PropertyValueSpecification","valueRequired":true,"valueName":"search_term_string"}}],"inLanguage":"pt-BR"},{"@type":"Person","@id":"https:\/\/www.gaveanews.com\/#\/schema\/person\/2ec14f73fb96be2caf28f91afb14749d","name":"Equipe G\u00e1vea News","image":{"@type":"ImageObject","inLanguage":"pt-BR","@id":"https:\/\/www.gaveanews.com\/#\/schema\/person\/image\/","url":"https:\/\/secure.gravatar.com\/avatar\/1e1956f1facbffd3f8fa53a326721950116b3b9dc9bd44939c01180fd4a745a9?s=96&d=mm&r=g","contentUrl":"https:\/\/secure.gravatar.com\/avatar\/1e1956f1facbffd3f8fa53a326721950116b3b9dc9bd44939c01180fd4a745a9?s=96&d=mm&r=g","caption":"Equipe G\u00e1vea News"}}]}},"_links":{"self":[{"href":"https:\/\/www.gaveanews.com\/index.php\/wp-json\/wp\/v2\/posts\/95019","targetHints":{"allow":["GET"]}}],"collection":[{"href":"https:\/\/www.gaveanews.com\/index.php\/wp-json\/wp\/v2\/posts"}],"about":[{"href":"https:\/\/www.gaveanews.com\/index.php\/wp-json\/wp\/v2\/types\/post"}],"author":[{"embeddable":true,"href":"https:\/\/www.gaveanews.com\/index.php\/wp-json\/wp\/v2\/users\/1"}],"replies":[{"embeddable":true,"href":"https:\/\/www.gaveanews.com\/index.php\/wp-json\/wp\/v2\/comments?post=95019"}],"version-history":[{"count":0,"href":"https:\/\/www.gaveanews.com\/index.php\/wp-json\/wp\/v2\/posts\/95019\/revisions"}],"wp:featuredmedia":[{"embeddable":true,"href":"https:\/\/www.gaveanews.com\/index.php\/wp-json\/wp\/v2\/media\/93802"}],"wp:attachment":[{"href":"https:\/\/www.gaveanews.com\/index.php\/wp-json\/wp\/v2\/media?parent=95019"}],"wp:term":[{"taxonomy":"category","embeddable":true,"href":"https:\/\/www.gaveanews.com\/index.php\/wp-json\/wp\/v2\/categories?post=95019"},{"taxonomy":"post_tag","embeddable":true,"href":"https:\/\/www.gaveanews.com\/index.php\/wp-json\/wp\/v2\/tags?post=95019"}],"curies":[{"name":"wp","href":"https:\/\/api.w.org\/{rel}","templated":true}]}}