{"id":95033,"date":"2023-03-07T08:55:26","date_gmt":"2023-03-07T11:55:26","guid":{"rendered":"https:\/\/www.gaveanews.com\/?p=95033"},"modified":"2023-03-07T08:56:02","modified_gmt":"2023-03-07T11:56:02","slug":"veja-o-que-o-santos-deseja-para-vender-o-angelo-ao-flamengo","status":"publish","type":"post","link":"https:\/\/www.gaveanews.com\/index.php\/2023\/03\/07\/veja-o-que-o-santos-deseja-para-vender-o-angelo-ao-flamengo\/","title":{"rendered":"Veja o que o Santos deseja para vender o \u00c2ngelo ao Flamengo"},"content":{"rendered":"\n<p>O Santos est\u00e1 ciente desde a \u00faltima semana que o Flamengo segue interessado em contratar o atacante \u00c2ngelo e n\u00e3o descarta negociar o jovem de 18 anos. No m\u00eas passado, o clube carioca acenou com uma proposta de cerca de 10 milh\u00f5es de euros pelo jogador (R$ 55 milh\u00f5es, na cota\u00e7\u00e3o atual), que foi rejeitada pelo Peixe.<\/p>\n\n\n\n<p>A diretoria alvinegra tamb\u00e9m sabe que o Rubro-Negro est\u00e1 disposto a aumentar a oferta. Para vender \u00c2ngelo, o desejo principal do clube do litoral paulista \u00e9 que os valores girem em torno de 14 milh\u00f5es de euros (R$ 77 milh\u00f5es).<\/p>\n\n\n\n<h2 class=\"wp-block-heading\" id=\"h-de-olho-no-futuro\">De olho no futuro<\/h2>\n\n\n\n<p>Dono de 70%, o Santos ainda pretende manter uma porcentagem dos direitos econ\u00f4micos do atacante. \u00c2ngelo \u00e9 dono dos 30% restantes. A proposta do Fla seria para comprar 70% do &#8216;passe&#8217; do jovem. O Alvinegro manteria 20%, e o atleta ficaria com 10%.<\/p>\n\n\n\n<h2 class=\"wp-block-heading\">Pagamento<\/h2>\n\n\n\n<p>Mesmo com a inten\u00e7\u00e3o de receber 14 milh\u00f5es de euros, a diretoria santista pode aceitar um neg\u00f3cio por cerca de 12 milh\u00f5es de euros (R$ 66 milh\u00f5es, na cota\u00e7\u00e3o atual) se boa parte do pagamento for realizada \u00e0 vista. O clube carioca chegaria a estes valores, pagando 8 milh\u00f5es de euros \u00e0 vista (R$ 44 milh\u00f5es), 2 milh\u00f5es de euros (R$ 11 milh\u00f5es) em outubro deste ano e os outros 2 milh\u00f5es de euros em 2024.<\/p>\n\n\n\n<h2 class=\"wp-block-heading\">P\u00e9 atr\u00e1s<\/h2>\n\n\n\n<p>Inicialmente reticente para negociar o atleta, a dire\u00e7\u00e3o santista sinalizou que a oferta atual \u00e9 agrad\u00e1vel e cogita aceit\u00e1-la. Se isso se confirmar, a negocia\u00e7\u00e3o teria uma segunda parte: o convencimento de \u00c2ngelo em atuar no Flamengo.<\/p>\n\n\n\n<p>A princ\u00edpio, o desejo do atacante \u00e9 permanecer no Peixe. Por\u00e9m, se o Santos topar fazer neg\u00f3cio, os representantes flamenguistas na negocia\u00e7\u00e3o prometem convencer o jogador e o seu estafe, liderado pela advogada Marisa Alija. Eles pretendem oferecer um bom valor na compra dos 20% dos direitos econ\u00f4micos que pertencem ao camisa 11 e um aumento salarial.<\/p>\n\n\n\n<p>Por outro lado, pessoas no Santos e ao redor de \u00c2ngelo defendem a venda da revela\u00e7\u00e3o para a Europa, no meio do ano. H\u00e1 expectativa da chegada de mais propostas pelo atleta, como ocorreu nos \u00faltimos meses com o interesse do Nottingham Forest (ING), por exemplo.<\/p>\n\n\n\n<h2 class=\"wp-block-heading\">Atual temporada<\/h2>\n\n\n\n<p>Nesta temporada, \u00c2ngelo entrou em campo em nove partidas do Paulist\u00e3o e uma da Copa do Brasil, sem ter balan\u00e7ado as redes. Na \u00faltima segunda-feira (6), ele iniciou o processo de transi\u00e7\u00e3o f\u00edsica ap\u00f3s sofrer uma les\u00e3o muscular na coxa esquerda.<\/p>\n\n\n\n<p>Retirado de: Lance<\/p>\n","protected":false},"excerpt":{"rendered":"<p>O Santos est\u00e1 ciente desde a \u00faltima semana que o Flamengo segue interessado em contratar o atacante \u00c2ngelo e n\u00e3o descarta negociar o jovem de 18 anos. No m\u00eas passado, o clube carioca acenou com uma proposta de cerca de 10 milh\u00f5es de euros pelo jogador (R$ 55 milh\u00f5es, na cota\u00e7\u00e3o atual), que foi rejeitada [&hellip;]<\/p>\n","protected":false},"author":1,"featured_media":93802,"comment_status":"open","ping_status":"closed","sticky":false,"template":"","format":"standard","meta":{"footnotes":""},"categories":[48],"tags":[],"class_list":["post-95033","post","type-post","status-publish","format-standard","has-post-thumbnail","hentry","category-negociacoes"],"yoast_head":"<!-- This site is optimized with the Yoast SEO Premium plugin v24.2 (Yoast SEO v26.9) - https:\/\/yoast.com\/product\/yoast-seo-premium-wordpress\/ -->\n<title>Veja o que o Santos deseja para vender o \u00c2ngelo ao Flamengo<\/title>\n<meta name=\"robots\" content=\"index, follow, max-snippet:-1, max-image-preview:large, max-video-preview:-1\" \/>\n<link rel=\"canonical\" href=\"https:\/\/www.gaveanews.com\/index.php\/2023\/03\/07\/veja-o-que-o-santos-deseja-para-vender-o-angelo-ao-flamengo\/\" \/>\n<meta property=\"og:locale\" content=\"pt_BR\" \/>\n<meta property=\"og:type\" content=\"article\" \/>\n<meta property=\"og:title\" content=\"Veja o que o Santos deseja para vender o \u00c2ngelo ao Flamengo\" \/>\n<meta property=\"og:description\" content=\"O Santos est\u00e1 ciente desde a \u00faltima semana que o Flamengo segue interessado em contratar o atacante \u00c2ngelo e n\u00e3o descarta negociar o jovem de 18 anos. No m\u00eas passado, o clube carioca acenou com uma proposta de cerca de 10 milh\u00f5es de euros pelo jogador (R$ 55 milh\u00f5es, na cota\u00e7\u00e3o atual), que foi rejeitada [&hellip;]\" \/>\n<meta property=\"og:url\" content=\"https:\/\/www.gaveanews.com\/index.php\/2023\/03\/07\/veja-o-que-o-santos-deseja-para-vender-o-angelo-ao-flamengo\/\" \/>\n<meta property=\"og:site_name\" content=\"G\u00e1vea News\" \/>\n<meta property=\"article:publisher\" content=\"https:\/\/facebook.com\/gaveaNews\/\" \/>\n<meta property=\"article:published_time\" content=\"2023-03-07T11:55:26+00:00\" \/>\n<meta property=\"article:modified_time\" content=\"2023-03-07T11:56:02+00:00\" \/>\n<meta property=\"og:image\" content=\"https:\/\/www.gaveanews.com\/wp-content\/uploads\/angelo-atacante-santos.webp\" \/>\n\t<meta property=\"og:image:width\" content=\"640\" \/>\n\t<meta property=\"og:image:height\" content=\"400\" \/>\n\t<meta property=\"og:image:type\" content=\"image\/jpeg\" \/>\n<meta name=\"author\" content=\"Equipe G\u00e1vea News\" \/>\n<meta name=\"twitter:card\" content=\"summary_large_image\" \/>\n<meta name=\"twitter:label1\" content=\"Escrito por\" \/>\n\t<meta name=\"twitter:data1\" content=\"Equipe G\u00e1vea News\" \/>\n\t<meta name=\"twitter:label2\" content=\"Est. tempo de leitura\" \/>\n\t<meta name=\"twitter:data2\" content=\"3 minutos\" \/>\n<script type=\"application\/ld+json\" class=\"yoast-schema-graph\">{\"@context\":\"https:\/\/schema.org\",\"@graph\":[{\"@type\":\"NewsArticle\",\"@id\":\"https:\/\/www.gaveanews.com\/index.php\/2023\/03\/07\/veja-o-que-o-santos-deseja-para-vender-o-angelo-ao-flamengo\/#article\",\"isPartOf\":{\"@id\":\"https:\/\/www.gaveanews.com\/index.php\/2023\/03\/07\/veja-o-que-o-santos-deseja-para-vender-o-angelo-ao-flamengo\/\"},\"author\":{\"name\":\"Equipe G\u00e1vea News\",\"@id\":\"https:\/\/www.gaveanews.com\/#\/schema\/person\/2ec14f73fb96be2caf28f91afb14749d\"},\"headline\":\"Veja o que o Santos deseja para vender o \u00c2ngelo ao Flamengo\",\"datePublished\":\"2023-03-07T11:55:26+00:00\",\"dateModified\":\"2023-03-07T11:56:02+00:00\",\"mainEntityOfPage\":{\"@id\":\"https:\/\/www.gaveanews.com\/index.php\/2023\/03\/07\/veja-o-que-o-santos-deseja-para-vender-o-angelo-ao-flamengo\/\"},\"wordCount\":430,\"commentCount\":0,\"image\":{\"@id\":\"https:\/\/www.gaveanews.com\/index.php\/2023\/03\/07\/veja-o-que-o-santos-deseja-para-vender-o-angelo-ao-flamengo\/#primaryimage\"},\"thumbnailUrl\":\"https:\/\/www.gaveanews.com\/wp-content\/uploads\/angelo-atacante-santos.webp\",\"articleSection\":[\"Negocia\u00e7\u00f5es\"],\"inLanguage\":\"pt-BR\",\"potentialAction\":[{\"@type\":\"CommentAction\",\"name\":\"Comment\",\"target\":[\"https:\/\/www.gaveanews.com\/index.php\/2023\/03\/07\/veja-o-que-o-santos-deseja-para-vender-o-angelo-ao-flamengo\/#respond\"]}],\"copyrightYear\":\"2023\",\"copyrightHolder\":{\"@id\":\"https:\/\/www.gaveanews.com\/#organization\"}},{\"@type\":\"WebPage\",\"@id\":\"https:\/\/www.gaveanews.com\/index.php\/2023\/03\/07\/veja-o-que-o-santos-deseja-para-vender-o-angelo-ao-flamengo\/\",\"url\":\"https:\/\/www.gaveanews.com\/index.php\/2023\/03\/07\/veja-o-que-o-santos-deseja-para-vender-o-angelo-ao-flamengo\/\",\"name\":\"Veja o que o Santos deseja para vender o \u00c2ngelo ao Flamengo\",\"isPartOf\":{\"@id\":\"https:\/\/www.gaveanews.com\/#website\"},\"primaryImageOfPage\":{\"@id\":\"https:\/\/www.gaveanews.com\/index.php\/2023\/03\/07\/veja-o-que-o-santos-deseja-para-vender-o-angelo-ao-flamengo\/#primaryimage\"},\"image\":{\"@id\":\"https:\/\/www.gaveanews.com\/index.php\/2023\/03\/07\/veja-o-que-o-santos-deseja-para-vender-o-angelo-ao-flamengo\/#primaryimage\"},\"thumbnailUrl\":\"https:\/\/www.gaveanews.com\/wp-content\/uploads\/angelo-atacante-santos.webp\",\"datePublished\":\"2023-03-07T11:55:26+00:00\",\"dateModified\":\"2023-03-07T11:56:02+00:00\",\"author\":{\"@id\":\"https:\/\/www.gaveanews.com\/#\/schema\/person\/2ec14f73fb96be2caf28f91afb14749d\"},\"breadcrumb\":{\"@id\":\"https:\/\/www.gaveanews.com\/index.php\/2023\/03\/07\/veja-o-que-o-santos-deseja-para-vender-o-angelo-ao-flamengo\/#breadcrumb\"},\"inLanguage\":\"pt-BR\",\"potentialAction\":[{\"@type\":\"ReadAction\",\"target\":[\"https:\/\/www.gaveanews.com\/index.php\/2023\/03\/07\/veja-o-que-o-santos-deseja-para-vender-o-angelo-ao-flamengo\/\"]}]},{\"@type\":\"ImageObject\",\"inLanguage\":\"pt-BR\",\"@id\":\"https:\/\/www.gaveanews.com\/index.php\/2023\/03\/07\/veja-o-que-o-santos-deseja-para-vender-o-angelo-ao-flamengo\/#primaryimage\",\"url\":\"https:\/\/www.gaveanews.com\/wp-content\/uploads\/angelo-atacante-santos.webp\",\"contentUrl\":\"https:\/\/www.gaveanews.com\/wp-content\/uploads\/angelo-atacante-santos.webp\",\"width\":640,\"height\":400,\"caption\":\"\u00c2ngelo em a\u00e7\u00e3o pelo Santos (Foto: Raul Barreta\/Santos FC)\"},{\"@type\":\"BreadcrumbList\",\"@id\":\"https:\/\/www.gaveanews.com\/index.php\/2023\/03\/07\/veja-o-que-o-santos-deseja-para-vender-o-angelo-ao-flamengo\/#breadcrumb\",\"itemListElement\":[{\"@type\":\"ListItem\",\"position\":1,\"name\":\"Home\",\"item\":\"https:\/\/www.gaveanews.com\/\"},{\"@type\":\"ListItem\",\"position\":2,\"name\":\"Veja o que o Santos deseja para vender o \u00c2ngelo ao Flamengo\"}]},{\"@type\":\"WebSite\",\"@id\":\"https:\/\/www.gaveanews.com\/#website\",\"url\":\"https:\/\/www.gaveanews.com\/\",\"name\":\"G\u00e1vea News\",\"description\":\"Veja todas as not\u00edcias sobre o Flamengo: Contrata\u00e7\u00f5es, categorias de base, resultados das partidas, tabela de classifica\u00e7\u00e3o, pr\u00f3ximos jogos!\",\"potentialAction\":[{\"@type\":\"SearchAction\",\"target\":{\"@type\":\"EntryPoint\",\"urlTemplate\":\"https:\/\/www.gaveanews.com\/?s={search_term_string}\"},\"query-input\":{\"@type\":\"PropertyValueSpecification\",\"valueRequired\":true,\"valueName\":\"search_term_string\"}}],\"inLanguage\":\"pt-BR\"},{\"@type\":\"Person\",\"@id\":\"https:\/\/www.gaveanews.com\/#\/schema\/person\/2ec14f73fb96be2caf28f91afb14749d\",\"name\":\"Equipe G\u00e1vea News\",\"image\":{\"@type\":\"ImageObject\",\"inLanguage\":\"pt-BR\",\"@id\":\"https:\/\/www.gaveanews.com\/#\/schema\/person\/image\/\",\"url\":\"https:\/\/secure.gravatar.com\/avatar\/1e1956f1facbffd3f8fa53a326721950116b3b9dc9bd44939c01180fd4a745a9?s=96&d=mm&r=g\",\"contentUrl\":\"https:\/\/secure.gravatar.com\/avatar\/1e1956f1facbffd3f8fa53a326721950116b3b9dc9bd44939c01180fd4a745a9?s=96&d=mm&r=g\",\"caption\":\"Equipe G\u00e1vea News\"}}]}<\/script>\n<!-- \/ Yoast SEO Premium plugin. -->","yoast_head_json":{"title":"Veja o que o Santos deseja para vender o \u00c2ngelo ao Flamengo","robots":{"index":"index","follow":"follow","max-snippet":"max-snippet:-1","max-image-preview":"max-image-preview:large","max-video-preview":"max-video-preview:-1"},"canonical":"https:\/\/www.gaveanews.com\/index.php\/2023\/03\/07\/veja-o-que-o-santos-deseja-para-vender-o-angelo-ao-flamengo\/","og_locale":"pt_BR","og_type":"article","og_title":"Veja o que o Santos deseja para vender o \u00c2ngelo ao Flamengo","og_description":"O Santos est\u00e1 ciente desde a \u00faltima semana que o Flamengo segue interessado em contratar o atacante \u00c2ngelo e n\u00e3o descarta negociar o jovem de 18 anos. No m\u00eas passado, o clube carioca acenou com uma proposta de cerca de 10 milh\u00f5es de euros pelo jogador (R$ 55 milh\u00f5es, na cota\u00e7\u00e3o atual), que foi rejeitada [&hellip;]","og_url":"https:\/\/www.gaveanews.com\/index.php\/2023\/03\/07\/veja-o-que-o-santos-deseja-para-vender-o-angelo-ao-flamengo\/","og_site_name":"G\u00e1vea News","article_publisher":"https:\/\/facebook.com\/gaveaNews\/","article_published_time":"2023-03-07T11:55:26+00:00","article_modified_time":"2023-03-07T11:56:02+00:00","og_image":[{"width":640,"height":400,"url":"https:\/\/www.gaveanews.com\/wp-content\/uploads\/angelo-atacante-santos.webp","type":"image\/jpeg"}],"author":"Equipe G\u00e1vea News","twitter_card":"summary_large_image","twitter_misc":{"Escrito por":"Equipe G\u00e1vea News","Est. tempo de leitura":"3 minutos"},"schema":{"@context":"https:\/\/schema.org","@graph":[{"@type":"NewsArticle","@id":"https:\/\/www.gaveanews.com\/index.php\/2023\/03\/07\/veja-o-que-o-santos-deseja-para-vender-o-angelo-ao-flamengo\/#article","isPartOf":{"@id":"https:\/\/www.gaveanews.com\/index.php\/2023\/03\/07\/veja-o-que-o-santos-deseja-para-vender-o-angelo-ao-flamengo\/"},"author":{"name":"Equipe G\u00e1vea News","@id":"https:\/\/www.gaveanews.com\/#\/schema\/person\/2ec14f73fb96be2caf28f91afb14749d"},"headline":"Veja o que o Santos deseja para vender o \u00c2ngelo ao Flamengo","datePublished":"2023-03-07T11:55:26+00:00","dateModified":"2023-03-07T11:56:02+00:00","mainEntityOfPage":{"@id":"https:\/\/www.gaveanews.com\/index.php\/2023\/03\/07\/veja-o-que-o-santos-deseja-para-vender-o-angelo-ao-flamengo\/"},"wordCount":430,"commentCount":0,"image":{"@id":"https:\/\/www.gaveanews.com\/index.php\/2023\/03\/07\/veja-o-que-o-santos-deseja-para-vender-o-angelo-ao-flamengo\/#primaryimage"},"thumbnailUrl":"https:\/\/www.gaveanews.com\/wp-content\/uploads\/angelo-atacante-santos.webp","articleSection":["Negocia\u00e7\u00f5es"],"inLanguage":"pt-BR","potentialAction":[{"@type":"CommentAction","name":"Comment","target":["https:\/\/www.gaveanews.com\/index.php\/2023\/03\/07\/veja-o-que-o-santos-deseja-para-vender-o-angelo-ao-flamengo\/#respond"]}],"copyrightYear":"2023","copyrightHolder":{"@id":"https:\/\/www.gaveanews.com\/#organization"}},{"@type":"WebPage","@id":"https:\/\/www.gaveanews.com\/index.php\/2023\/03\/07\/veja-o-que-o-santos-deseja-para-vender-o-angelo-ao-flamengo\/","url":"https:\/\/www.gaveanews.com\/index.php\/2023\/03\/07\/veja-o-que-o-santos-deseja-para-vender-o-angelo-ao-flamengo\/","name":"Veja o que o Santos deseja para vender o \u00c2ngelo ao Flamengo","isPartOf":{"@id":"https:\/\/www.gaveanews.com\/#website"},"primaryImageOfPage":{"@id":"https:\/\/www.gaveanews.com\/index.php\/2023\/03\/07\/veja-o-que-o-santos-deseja-para-vender-o-angelo-ao-flamengo\/#primaryimage"},"image":{"@id":"https:\/\/www.gaveanews.com\/index.php\/2023\/03\/07\/veja-o-que-o-santos-deseja-para-vender-o-angelo-ao-flamengo\/#primaryimage"},"thumbnailUrl":"https:\/\/www.gaveanews.com\/wp-content\/uploads\/angelo-atacante-santos.webp","datePublished":"2023-03-07T11:55:26+00:00","dateModified":"2023-03-07T11:56:02+00:00","author":{"@id":"https:\/\/www.gaveanews.com\/#\/schema\/person\/2ec14f73fb96be2caf28f91afb14749d"},"breadcrumb":{"@id":"https:\/\/www.gaveanews.com\/index.php\/2023\/03\/07\/veja-o-que-o-santos-deseja-para-vender-o-angelo-ao-flamengo\/#breadcrumb"},"inLanguage":"pt-BR","potentialAction":[{"@type":"ReadAction","target":["https:\/\/www.gaveanews.com\/index.php\/2023\/03\/07\/veja-o-que-o-santos-deseja-para-vender-o-angelo-ao-flamengo\/"]}]},{"@type":"ImageObject","inLanguage":"pt-BR","@id":"https:\/\/www.gaveanews.com\/index.php\/2023\/03\/07\/veja-o-que-o-santos-deseja-para-vender-o-angelo-ao-flamengo\/#primaryimage","url":"https:\/\/www.gaveanews.com\/wp-content\/uploads\/angelo-atacante-santos.webp","contentUrl":"https:\/\/www.gaveanews.com\/wp-content\/uploads\/angelo-atacante-santos.webp","width":640,"height":400,"caption":"\u00c2ngelo em a\u00e7\u00e3o pelo Santos (Foto: Raul Barreta\/Santos FC)"},{"@type":"BreadcrumbList","@id":"https:\/\/www.gaveanews.com\/index.php\/2023\/03\/07\/veja-o-que-o-santos-deseja-para-vender-o-angelo-ao-flamengo\/#breadcrumb","itemListElement":[{"@type":"ListItem","position":1,"name":"Home","item":"https:\/\/www.gaveanews.com\/"},{"@type":"ListItem","position":2,"name":"Veja o que o Santos deseja para vender o \u00c2ngelo ao Flamengo"}]},{"@type":"WebSite","@id":"https:\/\/www.gaveanews.com\/#website","url":"https:\/\/www.gaveanews.com\/","name":"G\u00e1vea News","description":"Veja todas as not\u00edcias sobre o Flamengo: Contrata\u00e7\u00f5es, categorias de base, resultados das partidas, tabela de classifica\u00e7\u00e3o, pr\u00f3ximos jogos!","potentialAction":[{"@type":"SearchAction","target":{"@type":"EntryPoint","urlTemplate":"https:\/\/www.gaveanews.com\/?s={search_term_string}"},"query-input":{"@type":"PropertyValueSpecification","valueRequired":true,"valueName":"search_term_string"}}],"inLanguage":"pt-BR"},{"@type":"Person","@id":"https:\/\/www.gaveanews.com\/#\/schema\/person\/2ec14f73fb96be2caf28f91afb14749d","name":"Equipe G\u00e1vea News","image":{"@type":"ImageObject","inLanguage":"pt-BR","@id":"https:\/\/www.gaveanews.com\/#\/schema\/person\/image\/","url":"https:\/\/secure.gravatar.com\/avatar\/1e1956f1facbffd3f8fa53a326721950116b3b9dc9bd44939c01180fd4a745a9?s=96&d=mm&r=g","contentUrl":"https:\/\/secure.gravatar.com\/avatar\/1e1956f1facbffd3f8fa53a326721950116b3b9dc9bd44939c01180fd4a745a9?s=96&d=mm&r=g","caption":"Equipe G\u00e1vea News"}}]}},"_links":{"self":[{"href":"https:\/\/www.gaveanews.com\/index.php\/wp-json\/wp\/v2\/posts\/95033","targetHints":{"allow":["GET"]}}],"collection":[{"href":"https:\/\/www.gaveanews.com\/index.php\/wp-json\/wp\/v2\/posts"}],"about":[{"href":"https:\/\/www.gaveanews.com\/index.php\/wp-json\/wp\/v2\/types\/post"}],"author":[{"embeddable":true,"href":"https:\/\/www.gaveanews.com\/index.php\/wp-json\/wp\/v2\/users\/1"}],"replies":[{"embeddable":true,"href":"https:\/\/www.gaveanews.com\/index.php\/wp-json\/wp\/v2\/comments?post=95033"}],"version-history":[{"count":0,"href":"https:\/\/www.gaveanews.com\/index.php\/wp-json\/wp\/v2\/posts\/95033\/revisions"}],"wp:featuredmedia":[{"embeddable":true,"href":"https:\/\/www.gaveanews.com\/index.php\/wp-json\/wp\/v2\/media\/93802"}],"wp:attachment":[{"href":"https:\/\/www.gaveanews.com\/index.php\/wp-json\/wp\/v2\/media?parent=95033"}],"wp:term":[{"taxonomy":"category","embeddable":true,"href":"https:\/\/www.gaveanews.com\/index.php\/wp-json\/wp\/v2\/categories?post=95033"},{"taxonomy":"post_tag","embeddable":true,"href":"https:\/\/www.gaveanews.com\/index.php\/wp-json\/wp\/v2\/tags?post=95033"}],"curies":[{"name":"wp","href":"https:\/\/api.w.org\/{rel}","templated":true}]}}