{"id":95052,"date":"2023-03-07T14:56:26","date_gmt":"2023-03-07T17:56:26","guid":{"rendered":"https:\/\/www.gaveanews.com\/?p=95052"},"modified":"2023-03-07T14:56:29","modified_gmt":"2023-03-07T17:56:29","slug":"torcidas-organizadas-do-flamengo-sao-punidas-por-confusao-no-classico-contra-o-vasco","status":"publish","type":"post","link":"https:\/\/www.gaveanews.com\/index.php\/2023\/03\/07\/torcidas-organizadas-do-flamengo-sao-punidas-por-confusao-no-classico-contra-o-vasco\/","title":{"rendered":"Torcidas organizadas do Flamengo s\u00e3o punidas por confus\u00e3o no cl\u00e1ssico contra o Vasco"},"content":{"rendered":"\n<p>O Batalh\u00e3o Especializado de Policiamento em Eventos (Bepe) proibiu as torcidas organizadas do Flamengo de entrarem em est\u00e1dios por 90 dias devido ao epis\u00f3dio ocorrido no jogo do \u00faltimo final de semana.<\/p>\n\n\n\n<p>No \u00faltimo domingo (05), Flamengo e Vasco se encontraram no Maracan\u00e3 pela pen\u00faltima rodada da Ta\u00e7a Guanabara. Torcedores dos dois times entraram em confronto nos arredores do est\u00e1dio e a confus\u00e3o resultou em 8 pessoas feridas. Um delas morreu e outras duas est\u00e3o internadas em estado grav\u00edssimo.<\/p>\n\n\n\n<p>O Bepe afirmou que n\u00e3o houve falha no planejamento de seguran\u00e7a para o cl\u00e1ssico. Por\u00e9m, em entrevista \u00e0 TV Globo, o coronel\u00a0Marco Ant\u00f4nio Andrade Santos, porta-voz da Pol\u00edcia Militar, reconheceu que houveram erros na escolta de seguran\u00e7a e garantiu que que instaurou <em>&#8220;um procedimento operat\u00f3rio interno&#8221;<\/em> para indicar quem cometeu ou permitiu que a situa\u00e7\u00e3o acontecesse.<\/p>\n\n\n\n<p><em>\u2014 O refor\u00e7o do policiamento acontece na Regi\u00e3o Metropolitana e em diversos locais que tem concentra\u00e7\u00e3o de torcida, como a imagem que voc\u00ea acabou de citar. Foi identificada exatamente esse erro e as provid\u00eancias ser\u00e3o tomadas para que esse tipo de problema n\u00e3o aconte\u00e7a.<\/em><\/p>\n","protected":false},"excerpt":{"rendered":"<p>O Batalh\u00e3o Especializado de Policiamento em Eventos (Bepe) proibiu as torcidas organizadas do Flamengo de entrarem em est\u00e1dios por 90 dias devido ao epis\u00f3dio ocorrido no jogo do \u00faltimo final de semana. No \u00faltimo domingo (05), Flamengo e Vasco se encontraram no Maracan\u00e3 pela pen\u00faltima rodada da Ta\u00e7a Guanabara. Torcedores dos dois times entraram em [&hellip;]<\/p>\n","protected":false},"author":4,"featured_media":94980,"comment_status":"open","ping_status":"closed","sticky":false,"template":"","format":"standard","meta":{"footnotes":""},"categories":[47],"tags":[],"class_list":["post-95052","post","type-post","status-publish","format-standard","has-post-thumbnail","hentry","category-destaques"],"yoast_head":"<!-- This site is optimized with the Yoast SEO Premium plugin v24.2 (Yoast SEO v26.9) - https:\/\/yoast.com\/product\/yoast-seo-premium-wordpress\/ -->\n<title>Torcidas organizadas do Flamengo s\u00e3o punidas por confus\u00e3o no cl\u00e1ssico contra o Vasco<\/title>\n<meta name=\"robots\" content=\"index, follow, max-snippet:-1, max-image-preview:large, max-video-preview:-1\" \/>\n<link rel=\"canonical\" href=\"https:\/\/www.gaveanews.com\/index.php\/2023\/03\/07\/torcidas-organizadas-do-flamengo-sao-punidas-por-confusao-no-classico-contra-o-vasco\/\" \/>\n<meta property=\"og:locale\" content=\"pt_BR\" \/>\n<meta property=\"og:type\" content=\"article\" \/>\n<meta property=\"og:title\" content=\"Torcidas organizadas do Flamengo s\u00e3o punidas por confus\u00e3o no cl\u00e1ssico contra o Vasco\" \/>\n<meta property=\"og:description\" content=\"O Batalh\u00e3o Especializado de Policiamento em Eventos (Bepe) proibiu as torcidas organizadas do Flamengo de entrarem em est\u00e1dios por 90 dias devido ao epis\u00f3dio ocorrido no jogo do \u00faltimo final de semana. No \u00faltimo domingo (05), Flamengo e Vasco se encontraram no Maracan\u00e3 pela pen\u00faltima rodada da Ta\u00e7a Guanabara. Torcedores dos dois times entraram em [&hellip;]\" \/>\n<meta property=\"og:url\" content=\"https:\/\/www.gaveanews.com\/index.php\/2023\/03\/07\/torcidas-organizadas-do-flamengo-sao-punidas-por-confusao-no-classico-contra-o-vasco\/\" \/>\n<meta property=\"og:site_name\" content=\"G\u00e1vea News\" \/>\n<meta property=\"article:publisher\" content=\"https:\/\/facebook.com\/gaveaNews\/\" \/>\n<meta property=\"article:published_time\" content=\"2023-03-07T17:56:26+00:00\" \/>\n<meta property=\"article:modified_time\" content=\"2023-03-07T17:56:29+00:00\" \/>\n<meta property=\"og:image\" content=\"https:\/\/www.gaveanews.com\/wp-content\/uploads\/flamengo-vasco-taca-guanabara.webp\" \/>\n\t<meta property=\"og:image:width\" content=\"640\" \/>\n\t<meta property=\"og:image:height\" content=\"360\" \/>\n\t<meta property=\"og:image:type\" content=\"image\/webp\" \/>\n<meta name=\"author\" content=\"Let\u00edcia Gerheim\" \/>\n<meta name=\"twitter:card\" content=\"summary_large_image\" \/>\n<meta name=\"twitter:label1\" content=\"Escrito por\" \/>\n\t<meta name=\"twitter:data1\" content=\"Let\u00edcia Gerheim\" \/>\n\t<meta name=\"twitter:label2\" content=\"Est. tempo de leitura\" \/>\n\t<meta name=\"twitter:data2\" content=\"1 minuto\" \/>\n<script type=\"application\/ld+json\" class=\"yoast-schema-graph\">{\"@context\":\"https:\/\/schema.org\",\"@graph\":[{\"@type\":\"NewsArticle\",\"@id\":\"https:\/\/www.gaveanews.com\/index.php\/2023\/03\/07\/torcidas-organizadas-do-flamengo-sao-punidas-por-confusao-no-classico-contra-o-vasco\/#article\",\"isPartOf\":{\"@id\":\"https:\/\/www.gaveanews.com\/index.php\/2023\/03\/07\/torcidas-organizadas-do-flamengo-sao-punidas-por-confusao-no-classico-contra-o-vasco\/\"},\"author\":{\"name\":\"Let\u00edcia Gerheim\",\"@id\":\"https:\/\/www.gaveanews.com\/#\/schema\/person\/714c67050b836198af2450ba1c142a67\"},\"headline\":\"Torcidas organizadas do Flamengo s\u00e3o punidas por confus\u00e3o no cl\u00e1ssico contra o Vasco\",\"datePublished\":\"2023-03-07T17:56:26+00:00\",\"dateModified\":\"2023-03-07T17:56:29+00:00\",\"mainEntityOfPage\":{\"@id\":\"https:\/\/www.gaveanews.com\/index.php\/2023\/03\/07\/torcidas-organizadas-do-flamengo-sao-punidas-por-confusao-no-classico-contra-o-vasco\/\"},\"wordCount\":216,\"commentCount\":0,\"image\":{\"@id\":\"https:\/\/www.gaveanews.com\/index.php\/2023\/03\/07\/torcidas-organizadas-do-flamengo-sao-punidas-por-confusao-no-classico-contra-o-vasco\/#primaryimage\"},\"thumbnailUrl\":\"https:\/\/www.gaveanews.com\/wp-content\/uploads\/flamengo-vasco-taca-guanabara.webp\",\"articleSection\":[\"Destaques\"],\"inLanguage\":\"pt-BR\",\"potentialAction\":[{\"@type\":\"CommentAction\",\"name\":\"Comment\",\"target\":[\"https:\/\/www.gaveanews.com\/index.php\/2023\/03\/07\/torcidas-organizadas-do-flamengo-sao-punidas-por-confusao-no-classico-contra-o-vasco\/#respond\"]}],\"copyrightYear\":\"2023\",\"copyrightHolder\":{\"@id\":\"https:\/\/www.gaveanews.com\/#organization\"}},{\"@type\":\"WebPage\",\"@id\":\"https:\/\/www.gaveanews.com\/index.php\/2023\/03\/07\/torcidas-organizadas-do-flamengo-sao-punidas-por-confusao-no-classico-contra-o-vasco\/\",\"url\":\"https:\/\/www.gaveanews.com\/index.php\/2023\/03\/07\/torcidas-organizadas-do-flamengo-sao-punidas-por-confusao-no-classico-contra-o-vasco\/\",\"name\":\"Torcidas organizadas do Flamengo s\u00e3o punidas por confus\u00e3o no cl\u00e1ssico contra o Vasco\",\"isPartOf\":{\"@id\":\"https:\/\/www.gaveanews.com\/#website\"},\"primaryImageOfPage\":{\"@id\":\"https:\/\/www.gaveanews.com\/index.php\/2023\/03\/07\/torcidas-organizadas-do-flamengo-sao-punidas-por-confusao-no-classico-contra-o-vasco\/#primaryimage\"},\"image\":{\"@id\":\"https:\/\/www.gaveanews.com\/index.php\/2023\/03\/07\/torcidas-organizadas-do-flamengo-sao-punidas-por-confusao-no-classico-contra-o-vasco\/#primaryimage\"},\"thumbnailUrl\":\"https:\/\/www.gaveanews.com\/wp-content\/uploads\/flamengo-vasco-taca-guanabara.webp\",\"datePublished\":\"2023-03-07T17:56:26+00:00\",\"dateModified\":\"2023-03-07T17:56:29+00:00\",\"author\":{\"@id\":\"https:\/\/www.gaveanews.com\/#\/schema\/person\/714c67050b836198af2450ba1c142a67\"},\"breadcrumb\":{\"@id\":\"https:\/\/www.gaveanews.com\/index.php\/2023\/03\/07\/torcidas-organizadas-do-flamengo-sao-punidas-por-confusao-no-classico-contra-o-vasco\/#breadcrumb\"},\"inLanguage\":\"pt-BR\",\"potentialAction\":[{\"@type\":\"ReadAction\",\"target\":[\"https:\/\/www.gaveanews.com\/index.php\/2023\/03\/07\/torcidas-organizadas-do-flamengo-sao-punidas-por-confusao-no-classico-contra-o-vasco\/\"]}]},{\"@type\":\"ImageObject\",\"inLanguage\":\"pt-BR\",\"@id\":\"https:\/\/www.gaveanews.com\/index.php\/2023\/03\/07\/torcidas-organizadas-do-flamengo-sao-punidas-por-confusao-no-classico-contra-o-vasco\/#primaryimage\",\"url\":\"https:\/\/www.gaveanews.com\/wp-content\/uploads\/flamengo-vasco-taca-guanabara.webp\",\"contentUrl\":\"https:\/\/www.gaveanews.com\/wp-content\/uploads\/flamengo-vasco-taca-guanabara.webp\",\"width\":640,\"height\":360,\"caption\":\"Cl\u00e1ssico entre Flamengo e Vasco pela Ta\u00e7a Guanabara (Foto: Andr\u00e9 Dur\u00e3o)\"},{\"@type\":\"BreadcrumbList\",\"@id\":\"https:\/\/www.gaveanews.com\/index.php\/2023\/03\/07\/torcidas-organizadas-do-flamengo-sao-punidas-por-confusao-no-classico-contra-o-vasco\/#breadcrumb\",\"itemListElement\":[{\"@type\":\"ListItem\",\"position\":1,\"name\":\"Home\",\"item\":\"https:\/\/www.gaveanews.com\/\"},{\"@type\":\"ListItem\",\"position\":2,\"name\":\"Torcidas organizadas do Flamengo s\u00e3o punidas por confus\u00e3o no cl\u00e1ssico contra o Vasco\"}]},{\"@type\":\"WebSite\",\"@id\":\"https:\/\/www.gaveanews.com\/#website\",\"url\":\"https:\/\/www.gaveanews.com\/\",\"name\":\"G\u00e1vea News\",\"description\":\"Veja todas as not\u00edcias sobre o Flamengo: Contrata\u00e7\u00f5es, categorias de base, resultados das partidas, tabela de classifica\u00e7\u00e3o, pr\u00f3ximos jogos!\",\"potentialAction\":[{\"@type\":\"SearchAction\",\"target\":{\"@type\":\"EntryPoint\",\"urlTemplate\":\"https:\/\/www.gaveanews.com\/?s={search_term_string}\"},\"query-input\":{\"@type\":\"PropertyValueSpecification\",\"valueRequired\":true,\"valueName\":\"search_term_string\"}}],\"inLanguage\":\"pt-BR\"},{\"@type\":\"Person\",\"@id\":\"https:\/\/www.gaveanews.com\/#\/schema\/person\/714c67050b836198af2450ba1c142a67\",\"name\":\"Let\u00edcia Gerheim\",\"image\":{\"@type\":\"ImageObject\",\"inLanguage\":\"pt-BR\",\"@id\":\"https:\/\/www.gaveanews.com\/#\/schema\/person\/image\/\",\"url\":\"https:\/\/secure.gravatar.com\/avatar\/60734739c50fcebfbac509e2a826ccd0ff405c019bc73aab9354f19ecad1dcb4?s=96&d=mm&r=g\",\"contentUrl\":\"https:\/\/secure.gravatar.com\/avatar\/60734739c50fcebfbac509e2a826ccd0ff405c019bc73aab9354f19ecad1dcb4?s=96&d=mm&r=g\",\"caption\":\"Let\u00edcia Gerheim\"}}]}<\/script>\n<!-- \/ Yoast SEO Premium plugin. -->","yoast_head_json":{"title":"Torcidas organizadas do Flamengo s\u00e3o punidas por confus\u00e3o no cl\u00e1ssico contra o Vasco","robots":{"index":"index","follow":"follow","max-snippet":"max-snippet:-1","max-image-preview":"max-image-preview:large","max-video-preview":"max-video-preview:-1"},"canonical":"https:\/\/www.gaveanews.com\/index.php\/2023\/03\/07\/torcidas-organizadas-do-flamengo-sao-punidas-por-confusao-no-classico-contra-o-vasco\/","og_locale":"pt_BR","og_type":"article","og_title":"Torcidas organizadas do Flamengo s\u00e3o punidas por confus\u00e3o no cl\u00e1ssico contra o Vasco","og_description":"O Batalh\u00e3o Especializado de Policiamento em Eventos (Bepe) proibiu as torcidas organizadas do Flamengo de entrarem em est\u00e1dios por 90 dias devido ao epis\u00f3dio ocorrido no jogo do \u00faltimo final de semana. No \u00faltimo domingo (05), Flamengo e Vasco se encontraram no Maracan\u00e3 pela pen\u00faltima rodada da Ta\u00e7a Guanabara. Torcedores dos dois times entraram em [&hellip;]","og_url":"https:\/\/www.gaveanews.com\/index.php\/2023\/03\/07\/torcidas-organizadas-do-flamengo-sao-punidas-por-confusao-no-classico-contra-o-vasco\/","og_site_name":"G\u00e1vea News","article_publisher":"https:\/\/facebook.com\/gaveaNews\/","article_published_time":"2023-03-07T17:56:26+00:00","article_modified_time":"2023-03-07T17:56:29+00:00","og_image":[{"width":640,"height":360,"url":"https:\/\/www.gaveanews.com\/wp-content\/uploads\/flamengo-vasco-taca-guanabara.webp","type":"image\/webp"}],"author":"Let\u00edcia Gerheim","twitter_card":"summary_large_image","twitter_misc":{"Escrito por":"Let\u00edcia Gerheim","Est. tempo de leitura":"1 minuto"},"schema":{"@context":"https:\/\/schema.org","@graph":[{"@type":"NewsArticle","@id":"https:\/\/www.gaveanews.com\/index.php\/2023\/03\/07\/torcidas-organizadas-do-flamengo-sao-punidas-por-confusao-no-classico-contra-o-vasco\/#article","isPartOf":{"@id":"https:\/\/www.gaveanews.com\/index.php\/2023\/03\/07\/torcidas-organizadas-do-flamengo-sao-punidas-por-confusao-no-classico-contra-o-vasco\/"},"author":{"name":"Let\u00edcia Gerheim","@id":"https:\/\/www.gaveanews.com\/#\/schema\/person\/714c67050b836198af2450ba1c142a67"},"headline":"Torcidas organizadas do Flamengo s\u00e3o punidas por confus\u00e3o no cl\u00e1ssico contra o Vasco","datePublished":"2023-03-07T17:56:26+00:00","dateModified":"2023-03-07T17:56:29+00:00","mainEntityOfPage":{"@id":"https:\/\/www.gaveanews.com\/index.php\/2023\/03\/07\/torcidas-organizadas-do-flamengo-sao-punidas-por-confusao-no-classico-contra-o-vasco\/"},"wordCount":216,"commentCount":0,"image":{"@id":"https:\/\/www.gaveanews.com\/index.php\/2023\/03\/07\/torcidas-organizadas-do-flamengo-sao-punidas-por-confusao-no-classico-contra-o-vasco\/#primaryimage"},"thumbnailUrl":"https:\/\/www.gaveanews.com\/wp-content\/uploads\/flamengo-vasco-taca-guanabara.webp","articleSection":["Destaques"],"inLanguage":"pt-BR","potentialAction":[{"@type":"CommentAction","name":"Comment","target":["https:\/\/www.gaveanews.com\/index.php\/2023\/03\/07\/torcidas-organizadas-do-flamengo-sao-punidas-por-confusao-no-classico-contra-o-vasco\/#respond"]}],"copyrightYear":"2023","copyrightHolder":{"@id":"https:\/\/www.gaveanews.com\/#organization"}},{"@type":"WebPage","@id":"https:\/\/www.gaveanews.com\/index.php\/2023\/03\/07\/torcidas-organizadas-do-flamengo-sao-punidas-por-confusao-no-classico-contra-o-vasco\/","url":"https:\/\/www.gaveanews.com\/index.php\/2023\/03\/07\/torcidas-organizadas-do-flamengo-sao-punidas-por-confusao-no-classico-contra-o-vasco\/","name":"Torcidas organizadas do Flamengo s\u00e3o punidas por confus\u00e3o no cl\u00e1ssico contra o Vasco","isPartOf":{"@id":"https:\/\/www.gaveanews.com\/#website"},"primaryImageOfPage":{"@id":"https:\/\/www.gaveanews.com\/index.php\/2023\/03\/07\/torcidas-organizadas-do-flamengo-sao-punidas-por-confusao-no-classico-contra-o-vasco\/#primaryimage"},"image":{"@id":"https:\/\/www.gaveanews.com\/index.php\/2023\/03\/07\/torcidas-organizadas-do-flamengo-sao-punidas-por-confusao-no-classico-contra-o-vasco\/#primaryimage"},"thumbnailUrl":"https:\/\/www.gaveanews.com\/wp-content\/uploads\/flamengo-vasco-taca-guanabara.webp","datePublished":"2023-03-07T17:56:26+00:00","dateModified":"2023-03-07T17:56:29+00:00","author":{"@id":"https:\/\/www.gaveanews.com\/#\/schema\/person\/714c67050b836198af2450ba1c142a67"},"breadcrumb":{"@id":"https:\/\/www.gaveanews.com\/index.php\/2023\/03\/07\/torcidas-organizadas-do-flamengo-sao-punidas-por-confusao-no-classico-contra-o-vasco\/#breadcrumb"},"inLanguage":"pt-BR","potentialAction":[{"@type":"ReadAction","target":["https:\/\/www.gaveanews.com\/index.php\/2023\/03\/07\/torcidas-organizadas-do-flamengo-sao-punidas-por-confusao-no-classico-contra-o-vasco\/"]}]},{"@type":"ImageObject","inLanguage":"pt-BR","@id":"https:\/\/www.gaveanews.com\/index.php\/2023\/03\/07\/torcidas-organizadas-do-flamengo-sao-punidas-por-confusao-no-classico-contra-o-vasco\/#primaryimage","url":"https:\/\/www.gaveanews.com\/wp-content\/uploads\/flamengo-vasco-taca-guanabara.webp","contentUrl":"https:\/\/www.gaveanews.com\/wp-content\/uploads\/flamengo-vasco-taca-guanabara.webp","width":640,"height":360,"caption":"Cl\u00e1ssico entre Flamengo e Vasco pela Ta\u00e7a Guanabara (Foto: Andr\u00e9 Dur\u00e3o)"},{"@type":"BreadcrumbList","@id":"https:\/\/www.gaveanews.com\/index.php\/2023\/03\/07\/torcidas-organizadas-do-flamengo-sao-punidas-por-confusao-no-classico-contra-o-vasco\/#breadcrumb","itemListElement":[{"@type":"ListItem","position":1,"name":"Home","item":"https:\/\/www.gaveanews.com\/"},{"@type":"ListItem","position":2,"name":"Torcidas organizadas do Flamengo s\u00e3o punidas por confus\u00e3o no cl\u00e1ssico contra o Vasco"}]},{"@type":"WebSite","@id":"https:\/\/www.gaveanews.com\/#website","url":"https:\/\/www.gaveanews.com\/","name":"G\u00e1vea News","description":"Veja todas as not\u00edcias sobre o Flamengo: Contrata\u00e7\u00f5es, categorias de base, resultados das partidas, tabela de classifica\u00e7\u00e3o, pr\u00f3ximos jogos!","potentialAction":[{"@type":"SearchAction","target":{"@type":"EntryPoint","urlTemplate":"https:\/\/www.gaveanews.com\/?s={search_term_string}"},"query-input":{"@type":"PropertyValueSpecification","valueRequired":true,"valueName":"search_term_string"}}],"inLanguage":"pt-BR"},{"@type":"Person","@id":"https:\/\/www.gaveanews.com\/#\/schema\/person\/714c67050b836198af2450ba1c142a67","name":"Let\u00edcia Gerheim","image":{"@type":"ImageObject","inLanguage":"pt-BR","@id":"https:\/\/www.gaveanews.com\/#\/schema\/person\/image\/","url":"https:\/\/secure.gravatar.com\/avatar\/60734739c50fcebfbac509e2a826ccd0ff405c019bc73aab9354f19ecad1dcb4?s=96&d=mm&r=g","contentUrl":"https:\/\/secure.gravatar.com\/avatar\/60734739c50fcebfbac509e2a826ccd0ff405c019bc73aab9354f19ecad1dcb4?s=96&d=mm&r=g","caption":"Let\u00edcia Gerheim"}}]}},"_links":{"self":[{"href":"https:\/\/www.gaveanews.com\/index.php\/wp-json\/wp\/v2\/posts\/95052","targetHints":{"allow":["GET"]}}],"collection":[{"href":"https:\/\/www.gaveanews.com\/index.php\/wp-json\/wp\/v2\/posts"}],"about":[{"href":"https:\/\/www.gaveanews.com\/index.php\/wp-json\/wp\/v2\/types\/post"}],"author":[{"embeddable":true,"href":"https:\/\/www.gaveanews.com\/index.php\/wp-json\/wp\/v2\/users\/4"}],"replies":[{"embeddable":true,"href":"https:\/\/www.gaveanews.com\/index.php\/wp-json\/wp\/v2\/comments?post=95052"}],"version-history":[{"count":0,"href":"https:\/\/www.gaveanews.com\/index.php\/wp-json\/wp\/v2\/posts\/95052\/revisions"}],"wp:featuredmedia":[{"embeddable":true,"href":"https:\/\/www.gaveanews.com\/index.php\/wp-json\/wp\/v2\/media\/94980"}],"wp:attachment":[{"href":"https:\/\/www.gaveanews.com\/index.php\/wp-json\/wp\/v2\/media?parent=95052"}],"wp:term":[{"taxonomy":"category","embeddable":true,"href":"https:\/\/www.gaveanews.com\/index.php\/wp-json\/wp\/v2\/categories?post=95052"},{"taxonomy":"post_tag","embeddable":true,"href":"https:\/\/www.gaveanews.com\/index.php\/wp-json\/wp\/v2\/tags?post=95052"}],"curies":[{"name":"wp","href":"https:\/\/api.w.org\/{rel}","templated":true}]}}