{"id":95060,"date":"2023-03-07T19:31:35","date_gmt":"2023-03-07T22:31:35","guid":{"rendered":"https:\/\/www.gaveanews.com\/?p=95060"},"modified":"2023-03-07T19:31:38","modified_gmt":"2023-03-07T22:31:38","slug":"meio-campista-do-corinthians-revela-atitudes-de-vitor-pereira-nos-bastidores-que-irritaram-o-elenco","status":"publish","type":"post","link":"https:\/\/www.gaveanews.com\/index.php\/2023\/03\/07\/meio-campista-do-corinthians-revela-atitudes-de-vitor-pereira-nos-bastidores-que-irritaram-o-elenco\/","title":{"rendered":"Meio-campista do Corinthians revela atitudes de V\u00edtor Pereira nos bastidores que irritaram o elenco"},"content":{"rendered":"\n<p>O meio-campo Giuliano, de 32 anos, do Corinthians, detonou a passagem do t\u00e9cnico V\u00edtor Pereira pelo Corinthians. Durante a sua participa\u00e7\u00e3o no podcast \u2018Intelig\u00eancia Ltda\u2019, desta segunda-feira (7), o meia corintiano abriu o jogo e revelou diversas atitudes do treinador, que atualmente est\u00e1 no Flamengo, que irritaram os jogadores da equipe paulista. Vale lembrar, que o comandante portugu\u00eas teve uma sa\u00edda conturbada do tim\u00e3o ano passado, e alegou uma doen\u00e7a de sua sogra, para deixar o clube. Entretanto, pouco tempo depois, VP acertou com o Flamengo para a temporada de 2023.<\/p>\n\n\n\n<p>Durante o bate-papo, Giuliano elencou as situa\u00e7\u00f5es que aconteceram, que fizeram a rela\u00e7\u00e3o entre o treinador e o elenco corintiano se desgastarem.<\/p>\n\n\n\n<p>\u201cQuando ele chegou, a gente foi jogar a semifinal (do Paulist\u00e3o) contra o S\u00e3o Paulo. O Fagner machucou e a gente jogou com 3 zagueiros, algo que a gente nunca tinha treinado na vida e numa semifinal contra o S\u00e3o Paulo. Depois teve situa\u00e7\u00f5es em que a gente jogou com uma linha de 5 que nunca tinha treinado. Teve um dia que ele disse: \u2018Olha, j\u00e1 entendi que n\u00e3o funciona\u2019. Chegou no jogo seguinte e teve linha de 5 de novo. Isso ia nos irritando\u201d, declarou o meia, antes de prosseguir:<\/p>\n\n\n\n<p>\u201cAcho que o erro dele de gest\u00e3o foi n\u00e3o se adaptar ao futebol brasileiro. Ele tinha a ideia dele, fechada, e era isso. Nem os pr\u00f3prios auxiliares conseguiam passar as informa\u00e7\u00f5es para ele\u201d, concluiu o jogador do Corinthians.<\/p>\n\n\n\n<p>Al\u00e9m disso, o jogador corintiano criticou a metodologia de trabalho do t\u00e9cnico portugu\u00eas.<\/p>\n\n\n\n<p>\u201cA gente teve pouco tempo de trabalho. Depois n\u00f3s tivemos uma semana livre e aumentou muito a carga da parte f\u00edsica com eles. Mas a gente treinava pouco. A gente fazia um tipo de trabalho espec\u00edfico que n\u00e3o era o ideal. \u00c0s vezes voc\u00ea precisa fazer algo t\u00e1tico para o jogo, um esquema t\u00e1tico\u201d, pontuou, antes de concluir:<\/p>\n\n\n\n<p>\u201cDepois ele come\u00e7ou a se posicionar de uma forma ruim para a imprensa quando a gente perdia, e o jogador fica desconfiado, irritado. Teve muito isso, n\u00e3o foi s\u00f3 uma vez. Ele se posicionava assim por ser a personalidade dele\u201d, finalizou Giuliano, durante a sua participa\u00e7\u00e3o no podcast.<\/p>\n","protected":false},"excerpt":{"rendered":"<p>O meio-campo Giuliano, de 32 anos, do Corinthians, detonou a passagem do t\u00e9cnico V\u00edtor Pereira pelo Corinthians. Durante a sua participa\u00e7\u00e3o no podcast \u2018Intelig\u00eancia Ltda\u2019, desta segunda-feira (7), o meia corintiano abriu o jogo e revelou diversas atitudes do treinador, que atualmente est\u00e1 no Flamengo, que irritaram os jogadores da equipe paulista. Vale lembrar, que [&hellip;]<\/p>\n","protected":false},"author":1,"featured_media":91389,"comment_status":"open","ping_status":"closed","sticky":false,"template":"","format":"standard","meta":{"footnotes":""},"categories":[1],"tags":[],"class_list":["post-95060","post","type-post","status-publish","format-standard","has-post-thumbnail","hentry","category-flamengo"],"yoast_head":"<!-- This site is optimized with the Yoast SEO Premium plugin v24.2 (Yoast SEO v26.9) - https:\/\/yoast.com\/product\/yoast-seo-premium-wordpress\/ -->\n<title>Meio-campista do Corinthians revela atitudes de V\u00edtor Pereira nos bastidores que irritaram o elenco<\/title>\n<meta name=\"robots\" content=\"index, follow, max-snippet:-1, max-image-preview:large, max-video-preview:-1\" \/>\n<link rel=\"canonical\" href=\"https:\/\/www.gaveanews.com\/index.php\/2023\/03\/07\/meio-campista-do-corinthians-revela-atitudes-de-vitor-pereira-nos-bastidores-que-irritaram-o-elenco\/\" \/>\n<meta property=\"og:locale\" content=\"pt_BR\" \/>\n<meta property=\"og:type\" content=\"article\" \/>\n<meta property=\"og:title\" content=\"Meio-campista do Corinthians revela atitudes de V\u00edtor Pereira nos bastidores que irritaram o elenco\" \/>\n<meta property=\"og:description\" content=\"O meio-campo Giuliano, de 32 anos, do Corinthians, detonou a passagem do t\u00e9cnico V\u00edtor Pereira pelo Corinthians. Durante a sua participa\u00e7\u00e3o no podcast \u2018Intelig\u00eancia Ltda\u2019, desta segunda-feira (7), o meia corintiano abriu o jogo e revelou diversas atitudes do treinador, que atualmente est\u00e1 no Flamengo, que irritaram os jogadores da equipe paulista. Vale lembrar, que [&hellip;]\" \/>\n<meta property=\"og:url\" content=\"https:\/\/www.gaveanews.com\/index.php\/2023\/03\/07\/meio-campista-do-corinthians-revela-atitudes-de-vitor-pereira-nos-bastidores-que-irritaram-o-elenco\/\" \/>\n<meta property=\"og:site_name\" content=\"G\u00e1vea News\" \/>\n<meta property=\"article:publisher\" content=\"https:\/\/facebook.com\/gaveaNews\/\" \/>\n<meta property=\"article:published_time\" content=\"2023-03-07T22:31:35+00:00\" \/>\n<meta property=\"article:modified_time\" content=\"2023-03-07T22:31:38+00:00\" \/>\n<meta property=\"og:image\" content=\"https:\/\/www.gaveanews.com\/wp-content\/uploads\/vitor-pereira-comissao-tecnica-corinthians.webp\" \/>\n\t<meta property=\"og:image:width\" content=\"640\" \/>\n\t<meta property=\"og:image:height\" content=\"400\" \/>\n\t<meta property=\"og:image:type\" content=\"image\/jpeg\" \/>\n<meta name=\"author\" content=\"Equipe G\u00e1vea News\" \/>\n<meta name=\"twitter:card\" content=\"summary_large_image\" \/>\n<meta name=\"twitter:label1\" content=\"Escrito por\" \/>\n\t<meta name=\"twitter:data1\" content=\"Equipe G\u00e1vea News\" \/>\n\t<meta name=\"twitter:label2\" content=\"Est. tempo de leitura\" \/>\n\t<meta name=\"twitter:data2\" content=\"2 minutos\" \/>\n<script type=\"application\/ld+json\" class=\"yoast-schema-graph\">{\"@context\":\"https:\/\/schema.org\",\"@graph\":[{\"@type\":\"NewsArticle\",\"@id\":\"https:\/\/www.gaveanews.com\/index.php\/2023\/03\/07\/meio-campista-do-corinthians-revela-atitudes-de-vitor-pereira-nos-bastidores-que-irritaram-o-elenco\/#article\",\"isPartOf\":{\"@id\":\"https:\/\/www.gaveanews.com\/index.php\/2023\/03\/07\/meio-campista-do-corinthians-revela-atitudes-de-vitor-pereira-nos-bastidores-que-irritaram-o-elenco\/\"},\"author\":{\"name\":\"Equipe G\u00e1vea News\",\"@id\":\"https:\/\/www.gaveanews.com\/#\/schema\/person\/2ec14f73fb96be2caf28f91afb14749d\"},\"headline\":\"Meio-campista do Corinthians revela atitudes de V\u00edtor Pereira nos bastidores que irritaram o elenco\",\"datePublished\":\"2023-03-07T22:31:35+00:00\",\"dateModified\":\"2023-03-07T22:31:38+00:00\",\"mainEntityOfPage\":{\"@id\":\"https:\/\/www.gaveanews.com\/index.php\/2023\/03\/07\/meio-campista-do-corinthians-revela-atitudes-de-vitor-pereira-nos-bastidores-que-irritaram-o-elenco\/\"},\"wordCount\":401,\"commentCount\":0,\"image\":{\"@id\":\"https:\/\/www.gaveanews.com\/index.php\/2023\/03\/07\/meio-campista-do-corinthians-revela-atitudes-de-vitor-pereira-nos-bastidores-que-irritaram-o-elenco\/#primaryimage\"},\"thumbnailUrl\":\"https:\/\/www.gaveanews.com\/wp-content\/uploads\/vitor-pereira-comissao-tecnica-corinthians.webp\",\"articleSection\":[\"Flamengo\"],\"inLanguage\":\"pt-BR\",\"potentialAction\":[{\"@type\":\"CommentAction\",\"name\":\"Comment\",\"target\":[\"https:\/\/www.gaveanews.com\/index.php\/2023\/03\/07\/meio-campista-do-corinthians-revela-atitudes-de-vitor-pereira-nos-bastidores-que-irritaram-o-elenco\/#respond\"]}],\"copyrightYear\":\"2023\",\"copyrightHolder\":{\"@id\":\"https:\/\/www.gaveanews.com\/#organization\"}},{\"@type\":\"WebPage\",\"@id\":\"https:\/\/www.gaveanews.com\/index.php\/2023\/03\/07\/meio-campista-do-corinthians-revela-atitudes-de-vitor-pereira-nos-bastidores-que-irritaram-o-elenco\/\",\"url\":\"https:\/\/www.gaveanews.com\/index.php\/2023\/03\/07\/meio-campista-do-corinthians-revela-atitudes-de-vitor-pereira-nos-bastidores-que-irritaram-o-elenco\/\",\"name\":\"Meio-campista do Corinthians revela atitudes de V\u00edtor Pereira nos bastidores que irritaram o elenco\",\"isPartOf\":{\"@id\":\"https:\/\/www.gaveanews.com\/#website\"},\"primaryImageOfPage\":{\"@id\":\"https:\/\/www.gaveanews.com\/index.php\/2023\/03\/07\/meio-campista-do-corinthians-revela-atitudes-de-vitor-pereira-nos-bastidores-que-irritaram-o-elenco\/#primaryimage\"},\"image\":{\"@id\":\"https:\/\/www.gaveanews.com\/index.php\/2023\/03\/07\/meio-campista-do-corinthians-revela-atitudes-de-vitor-pereira-nos-bastidores-que-irritaram-o-elenco\/#primaryimage\"},\"thumbnailUrl\":\"https:\/\/www.gaveanews.com\/wp-content\/uploads\/vitor-pereira-comissao-tecnica-corinthians.webp\",\"datePublished\":\"2023-03-07T22:31:35+00:00\",\"dateModified\":\"2023-03-07T22:31:38+00:00\",\"author\":{\"@id\":\"https:\/\/www.gaveanews.com\/#\/schema\/person\/2ec14f73fb96be2caf28f91afb14749d\"},\"breadcrumb\":{\"@id\":\"https:\/\/www.gaveanews.com\/index.php\/2023\/03\/07\/meio-campista-do-corinthians-revela-atitudes-de-vitor-pereira-nos-bastidores-que-irritaram-o-elenco\/#breadcrumb\"},\"inLanguage\":\"pt-BR\",\"potentialAction\":[{\"@type\":\"ReadAction\",\"target\":[\"https:\/\/www.gaveanews.com\/index.php\/2023\/03\/07\/meio-campista-do-corinthians-revela-atitudes-de-vitor-pereira-nos-bastidores-que-irritaram-o-elenco\/\"]}]},{\"@type\":\"ImageObject\",\"inLanguage\":\"pt-BR\",\"@id\":\"https:\/\/www.gaveanews.com\/index.php\/2023\/03\/07\/meio-campista-do-corinthians-revela-atitudes-de-vitor-pereira-nos-bastidores-que-irritaram-o-elenco\/#primaryimage\",\"url\":\"https:\/\/www.gaveanews.com\/wp-content\/uploads\/vitor-pereira-comissao-tecnica-corinthians.webp\",\"contentUrl\":\"https:\/\/www.gaveanews.com\/wp-content\/uploads\/vitor-pereira-comissao-tecnica-corinthians.webp\",\"width\":640,\"height\":400,\"caption\":\"V\u00edtor Pereira e sua comiss\u00e3o t\u00e9cnica no Corinthians (Foto: Rodrigo Coca\/Ag. Corinthians)\"},{\"@type\":\"BreadcrumbList\",\"@id\":\"https:\/\/www.gaveanews.com\/index.php\/2023\/03\/07\/meio-campista-do-corinthians-revela-atitudes-de-vitor-pereira-nos-bastidores-que-irritaram-o-elenco\/#breadcrumb\",\"itemListElement\":[{\"@type\":\"ListItem\",\"position\":1,\"name\":\"Home\",\"item\":\"https:\/\/www.gaveanews.com\/\"},{\"@type\":\"ListItem\",\"position\":2,\"name\":\"Meio-campista do Corinthians revela atitudes de V\u00edtor Pereira nos bastidores que irritaram o elenco\"}]},{\"@type\":\"WebSite\",\"@id\":\"https:\/\/www.gaveanews.com\/#website\",\"url\":\"https:\/\/www.gaveanews.com\/\",\"name\":\"G\u00e1vea News\",\"description\":\"Veja todas as not\u00edcias sobre o Flamengo: Contrata\u00e7\u00f5es, categorias de base, resultados das partidas, tabela de classifica\u00e7\u00e3o, pr\u00f3ximos jogos!\",\"potentialAction\":[{\"@type\":\"SearchAction\",\"target\":{\"@type\":\"EntryPoint\",\"urlTemplate\":\"https:\/\/www.gaveanews.com\/?s={search_term_string}\"},\"query-input\":{\"@type\":\"PropertyValueSpecification\",\"valueRequired\":true,\"valueName\":\"search_term_string\"}}],\"inLanguage\":\"pt-BR\"},{\"@type\":\"Person\",\"@id\":\"https:\/\/www.gaveanews.com\/#\/schema\/person\/2ec14f73fb96be2caf28f91afb14749d\",\"name\":\"Equipe G\u00e1vea News\",\"image\":{\"@type\":\"ImageObject\",\"inLanguage\":\"pt-BR\",\"@id\":\"https:\/\/www.gaveanews.com\/#\/schema\/person\/image\/\",\"url\":\"https:\/\/secure.gravatar.com\/avatar\/1e1956f1facbffd3f8fa53a326721950116b3b9dc9bd44939c01180fd4a745a9?s=96&d=mm&r=g\",\"contentUrl\":\"https:\/\/secure.gravatar.com\/avatar\/1e1956f1facbffd3f8fa53a326721950116b3b9dc9bd44939c01180fd4a745a9?s=96&d=mm&r=g\",\"caption\":\"Equipe G\u00e1vea News\"}}]}<\/script>\n<!-- \/ Yoast SEO Premium plugin. -->","yoast_head_json":{"title":"Meio-campista do Corinthians revela atitudes de V\u00edtor Pereira nos bastidores que irritaram o elenco","robots":{"index":"index","follow":"follow","max-snippet":"max-snippet:-1","max-image-preview":"max-image-preview:large","max-video-preview":"max-video-preview:-1"},"canonical":"https:\/\/www.gaveanews.com\/index.php\/2023\/03\/07\/meio-campista-do-corinthians-revela-atitudes-de-vitor-pereira-nos-bastidores-que-irritaram-o-elenco\/","og_locale":"pt_BR","og_type":"article","og_title":"Meio-campista do Corinthians revela atitudes de V\u00edtor Pereira nos bastidores que irritaram o elenco","og_description":"O meio-campo Giuliano, de 32 anos, do Corinthians, detonou a passagem do t\u00e9cnico V\u00edtor Pereira pelo Corinthians. Durante a sua participa\u00e7\u00e3o no podcast \u2018Intelig\u00eancia Ltda\u2019, desta segunda-feira (7), o meia corintiano abriu o jogo e revelou diversas atitudes do treinador, que atualmente est\u00e1 no Flamengo, que irritaram os jogadores da equipe paulista. Vale lembrar, que [&hellip;]","og_url":"https:\/\/www.gaveanews.com\/index.php\/2023\/03\/07\/meio-campista-do-corinthians-revela-atitudes-de-vitor-pereira-nos-bastidores-que-irritaram-o-elenco\/","og_site_name":"G\u00e1vea News","article_publisher":"https:\/\/facebook.com\/gaveaNews\/","article_published_time":"2023-03-07T22:31:35+00:00","article_modified_time":"2023-03-07T22:31:38+00:00","og_image":[{"width":640,"height":400,"url":"https:\/\/www.gaveanews.com\/wp-content\/uploads\/vitor-pereira-comissao-tecnica-corinthians.webp","type":"image\/jpeg"}],"author":"Equipe G\u00e1vea News","twitter_card":"summary_large_image","twitter_misc":{"Escrito por":"Equipe G\u00e1vea News","Est. tempo de leitura":"2 minutos"},"schema":{"@context":"https:\/\/schema.org","@graph":[{"@type":"NewsArticle","@id":"https:\/\/www.gaveanews.com\/index.php\/2023\/03\/07\/meio-campista-do-corinthians-revela-atitudes-de-vitor-pereira-nos-bastidores-que-irritaram-o-elenco\/#article","isPartOf":{"@id":"https:\/\/www.gaveanews.com\/index.php\/2023\/03\/07\/meio-campista-do-corinthians-revela-atitudes-de-vitor-pereira-nos-bastidores-que-irritaram-o-elenco\/"},"author":{"name":"Equipe G\u00e1vea News","@id":"https:\/\/www.gaveanews.com\/#\/schema\/person\/2ec14f73fb96be2caf28f91afb14749d"},"headline":"Meio-campista do Corinthians revela atitudes de V\u00edtor Pereira nos bastidores que irritaram o elenco","datePublished":"2023-03-07T22:31:35+00:00","dateModified":"2023-03-07T22:31:38+00:00","mainEntityOfPage":{"@id":"https:\/\/www.gaveanews.com\/index.php\/2023\/03\/07\/meio-campista-do-corinthians-revela-atitudes-de-vitor-pereira-nos-bastidores-que-irritaram-o-elenco\/"},"wordCount":401,"commentCount":0,"image":{"@id":"https:\/\/www.gaveanews.com\/index.php\/2023\/03\/07\/meio-campista-do-corinthians-revela-atitudes-de-vitor-pereira-nos-bastidores-que-irritaram-o-elenco\/#primaryimage"},"thumbnailUrl":"https:\/\/www.gaveanews.com\/wp-content\/uploads\/vitor-pereira-comissao-tecnica-corinthians.webp","articleSection":["Flamengo"],"inLanguage":"pt-BR","potentialAction":[{"@type":"CommentAction","name":"Comment","target":["https:\/\/www.gaveanews.com\/index.php\/2023\/03\/07\/meio-campista-do-corinthians-revela-atitudes-de-vitor-pereira-nos-bastidores-que-irritaram-o-elenco\/#respond"]}],"copyrightYear":"2023","copyrightHolder":{"@id":"https:\/\/www.gaveanews.com\/#organization"}},{"@type":"WebPage","@id":"https:\/\/www.gaveanews.com\/index.php\/2023\/03\/07\/meio-campista-do-corinthians-revela-atitudes-de-vitor-pereira-nos-bastidores-que-irritaram-o-elenco\/","url":"https:\/\/www.gaveanews.com\/index.php\/2023\/03\/07\/meio-campista-do-corinthians-revela-atitudes-de-vitor-pereira-nos-bastidores-que-irritaram-o-elenco\/","name":"Meio-campista do Corinthians revela atitudes de V\u00edtor Pereira nos bastidores que irritaram o elenco","isPartOf":{"@id":"https:\/\/www.gaveanews.com\/#website"},"primaryImageOfPage":{"@id":"https:\/\/www.gaveanews.com\/index.php\/2023\/03\/07\/meio-campista-do-corinthians-revela-atitudes-de-vitor-pereira-nos-bastidores-que-irritaram-o-elenco\/#primaryimage"},"image":{"@id":"https:\/\/www.gaveanews.com\/index.php\/2023\/03\/07\/meio-campista-do-corinthians-revela-atitudes-de-vitor-pereira-nos-bastidores-que-irritaram-o-elenco\/#primaryimage"},"thumbnailUrl":"https:\/\/www.gaveanews.com\/wp-content\/uploads\/vitor-pereira-comissao-tecnica-corinthians.webp","datePublished":"2023-03-07T22:31:35+00:00","dateModified":"2023-03-07T22:31:38+00:00","author":{"@id":"https:\/\/www.gaveanews.com\/#\/schema\/person\/2ec14f73fb96be2caf28f91afb14749d"},"breadcrumb":{"@id":"https:\/\/www.gaveanews.com\/index.php\/2023\/03\/07\/meio-campista-do-corinthians-revela-atitudes-de-vitor-pereira-nos-bastidores-que-irritaram-o-elenco\/#breadcrumb"},"inLanguage":"pt-BR","potentialAction":[{"@type":"ReadAction","target":["https:\/\/www.gaveanews.com\/index.php\/2023\/03\/07\/meio-campista-do-corinthians-revela-atitudes-de-vitor-pereira-nos-bastidores-que-irritaram-o-elenco\/"]}]},{"@type":"ImageObject","inLanguage":"pt-BR","@id":"https:\/\/www.gaveanews.com\/index.php\/2023\/03\/07\/meio-campista-do-corinthians-revela-atitudes-de-vitor-pereira-nos-bastidores-que-irritaram-o-elenco\/#primaryimage","url":"https:\/\/www.gaveanews.com\/wp-content\/uploads\/vitor-pereira-comissao-tecnica-corinthians.webp","contentUrl":"https:\/\/www.gaveanews.com\/wp-content\/uploads\/vitor-pereira-comissao-tecnica-corinthians.webp","width":640,"height":400,"caption":"V\u00edtor Pereira e sua comiss\u00e3o t\u00e9cnica no Corinthians (Foto: Rodrigo Coca\/Ag. Corinthians)"},{"@type":"BreadcrumbList","@id":"https:\/\/www.gaveanews.com\/index.php\/2023\/03\/07\/meio-campista-do-corinthians-revela-atitudes-de-vitor-pereira-nos-bastidores-que-irritaram-o-elenco\/#breadcrumb","itemListElement":[{"@type":"ListItem","position":1,"name":"Home","item":"https:\/\/www.gaveanews.com\/"},{"@type":"ListItem","position":2,"name":"Meio-campista do Corinthians revela atitudes de V\u00edtor Pereira nos bastidores que irritaram o elenco"}]},{"@type":"WebSite","@id":"https:\/\/www.gaveanews.com\/#website","url":"https:\/\/www.gaveanews.com\/","name":"G\u00e1vea News","description":"Veja todas as not\u00edcias sobre o Flamengo: Contrata\u00e7\u00f5es, categorias de base, resultados das partidas, tabela de classifica\u00e7\u00e3o, pr\u00f3ximos jogos!","potentialAction":[{"@type":"SearchAction","target":{"@type":"EntryPoint","urlTemplate":"https:\/\/www.gaveanews.com\/?s={search_term_string}"},"query-input":{"@type":"PropertyValueSpecification","valueRequired":true,"valueName":"search_term_string"}}],"inLanguage":"pt-BR"},{"@type":"Person","@id":"https:\/\/www.gaveanews.com\/#\/schema\/person\/2ec14f73fb96be2caf28f91afb14749d","name":"Equipe G\u00e1vea News","image":{"@type":"ImageObject","inLanguage":"pt-BR","@id":"https:\/\/www.gaveanews.com\/#\/schema\/person\/image\/","url":"https:\/\/secure.gravatar.com\/avatar\/1e1956f1facbffd3f8fa53a326721950116b3b9dc9bd44939c01180fd4a745a9?s=96&d=mm&r=g","contentUrl":"https:\/\/secure.gravatar.com\/avatar\/1e1956f1facbffd3f8fa53a326721950116b3b9dc9bd44939c01180fd4a745a9?s=96&d=mm&r=g","caption":"Equipe G\u00e1vea News"}}]}},"_links":{"self":[{"href":"https:\/\/www.gaveanews.com\/index.php\/wp-json\/wp\/v2\/posts\/95060","targetHints":{"allow":["GET"]}}],"collection":[{"href":"https:\/\/www.gaveanews.com\/index.php\/wp-json\/wp\/v2\/posts"}],"about":[{"href":"https:\/\/www.gaveanews.com\/index.php\/wp-json\/wp\/v2\/types\/post"}],"author":[{"embeddable":true,"href":"https:\/\/www.gaveanews.com\/index.php\/wp-json\/wp\/v2\/users\/1"}],"replies":[{"embeddable":true,"href":"https:\/\/www.gaveanews.com\/index.php\/wp-json\/wp\/v2\/comments?post=95060"}],"version-history":[{"count":0,"href":"https:\/\/www.gaveanews.com\/index.php\/wp-json\/wp\/v2\/posts\/95060\/revisions"}],"wp:featuredmedia":[{"embeddable":true,"href":"https:\/\/www.gaveanews.com\/index.php\/wp-json\/wp\/v2\/media\/91389"}],"wp:attachment":[{"href":"https:\/\/www.gaveanews.com\/index.php\/wp-json\/wp\/v2\/media?parent=95060"}],"wp:term":[{"taxonomy":"category","embeddable":true,"href":"https:\/\/www.gaveanews.com\/index.php\/wp-json\/wp\/v2\/categories?post=95060"},{"taxonomy":"post_tag","embeddable":true,"href":"https:\/\/www.gaveanews.com\/index.php\/wp-json\/wp\/v2\/tags?post=95060"}],"curies":[{"name":"wp","href":"https:\/\/api.w.org\/{rel}","templated":true}]}}