{"id":95066,"date":"2023-03-07T22:36:53","date_gmt":"2023-03-08T01:36:53","guid":{"rendered":"https:\/\/www.gaveanews.com\/?p=95066"},"modified":"2023-03-07T22:54:41","modified_gmt":"2023-03-08T01:54:41","slug":"alvo-do-flamengo-saiba-mais-sobre-mateus-uribe-volante-do-porto","status":"publish","type":"post","link":"https:\/\/www.gaveanews.com\/index.php\/2023\/03\/07\/alvo-do-flamengo-saiba-mais-sobre-mateus-uribe-volante-do-porto\/","title":{"rendered":"Alvo do Flamengo: saiba mais sobre Mateus Uribe, volante do Porto"},"content":{"rendered":"\n<p>Nesta semana, o Flamengo parece ter definido seu principal alvo para suprir a lacuna deixada por Jo\u00e3o Gomes no meio-campo. Trata-se do volante Mateus Uribe, de 31 anos, que joga no Porto, de Portugal. Livre para assinar um pr\u00e9-contrato com o Rubro-Negro, o colombiano tem passagem consolidada pela Europa e j\u00e1 se envolveu em pol\u00eamicas no Velho Continente.<\/p>\n\n\n\n<p>Dessa forma, o jornal &#8216;Lance&#8217; preparou um &#8220;perfil&#8221; do jogador, com intuito de que a torcida do Flamengo conhe\u00e7a melhor a poss\u00edvel contrata\u00e7\u00e3o desta janela de transfer\u00eancias.<\/p>\n\n\n\n<p><strong>IN\u00cdCIO DA CARREIRA E SELE\u00c7\u00c3O COLOMBIANA<\/strong><\/p>\n\n\n\n<p>Revelado pelo Deportivo Espa\u00f1ol, da Argentina, Uribe teve diversas passagens por equipes do futebol sul-americano antes de chegar a Europa. Primeiro, defendeu o Envigado, de 2012 a 2014, antes de chegar ao Tolima, onde passou uma temporada e meia. O Atl\u00e9tico Nacional foi a \u00faltima parada na Col\u00f4mbia, e o jogador j\u00e1 dava ind\u00edcios de boa performance.<\/p>\n\n\n\n<p>No Am\u00e9rica do M\u00e9xico, contudo, Uribe se tornou refer\u00eancia no setor e come\u00e7ou a abrir portas do futebol europeu. Tanto que, neste per\u00edodo, ele foi convocado pelo t\u00e9cnico Jos\u00e9 Pekermann para a disputa da Copa do Mundo da R\u00fassia. O atleta fez parte da prepara\u00e7\u00e3o e esteve em campo em praticamente todos os jogos da Col\u00f4mbia.<\/p>\n\n\n\n<p>Apesar de estar vivendo um sonho, a estadia na R\u00fassia acabou virando pesadelo. Nas oitavas de final, diante da Inglaterra, Uribe quase marcou um gola\u00e7o de fora da \u00e1rea e ainda perdeu um dos p\u00eanaltis que eliminaram a Col\u00f4mbia da Copa. Ele chegou a ser amea\u00e7ado nas redes sociais, mas o epis\u00f3dio foi superado. Ao todo, o volante disputou 43 partidas e marcou cinco gols pela sele\u00e7\u00e3o.<\/p>\n\n\n\n<p><strong>CHEGADA AO PORTO + POL\u00caMICAS<\/strong><\/p>\n\n\n\n<p>Uribe chegou ao Porto por cerca de R$ 20 milh\u00f5es e n\u00e3o decepcionou. O volante colombiano conquistou seis t\u00edtulos pela equipe portuguesa, sendo a liga nacional o mais importante. Pe\u00e7a fundamental no esquema dos lusitanos, o jogador \u00e9 uma das lideran\u00e7as do elenco e, com 31 anos, faz a diferen\u00e7a, tamb\u00e9m, na experi\u00eancia.<\/p>\n\n\n\n<p>Apesar disso, nem tudo foram flores na passagem por Portugal. Uribe se envolveu em duas pol\u00eamicas, sendo uma delas envolvendo a aus\u00eancia de documenta\u00e7\u00e3o adequada para dirigir no pa\u00eds. Al\u00e9m disso, teve problemas com a festa de anivers\u00e1rio da esposa e foi afastado do elenco do Porto por certo tempo.<\/p>\n\n\n\n<p>Mesmo com as pol\u00eamicas, Uribe nunca perdeu sua import\u00e2ncia no Porto e, atualmente, \u00e9 titular absoluto da equipe portuguesa. Nesta temporada, ele atuou em 37, sendo 36 como titular, das 41 partidas do time, al\u00e9m de ter marcado tr\u00eas gols e distribu\u00eddo uma assist\u00eancia. O \u00faltimo compromisso, no entanto, n\u00e3o terminou bem, j\u00e1 que o volante terminou expulso na derrota para o Gil Vicente.<\/p>\n\n\n\n<p>O Porto volta a campo nesta sexta-feira, \u00e0s 17h15 (de Bras\u00edlia) para enfrentar o Estoril, pela Liga Portuguesa. \u00c9 uma boa oportunidade da torcida rubro-negra acompanhar o desempenho do jogador, que est\u00e1 na mira do Flamengo.<\/p>\n\n\n\n<p>Retirado de: Lance<\/p>\n","protected":false},"excerpt":{"rendered":"<p>Nesta semana, o Flamengo parece ter definido seu principal alvo para suprir a lacuna deixada por Jo\u00e3o Gomes no meio-campo. Trata-se do volante Mateus Uribe, de 31 anos, que joga no Porto, de Portugal. Livre para assinar um pr\u00e9-contrato com o Rubro-Negro, o colombiano tem passagem consolidada pela Europa e j\u00e1 se envolveu em pol\u00eamicas [&hellip;]<\/p>\n","protected":false},"author":1,"featured_media":46957,"comment_status":"open","ping_status":"closed","sticky":false,"template":"","format":"standard","meta":{"footnotes":""},"categories":[1],"tags":[],"class_list":["post-95066","post","type-post","status-publish","format-standard","has-post-thumbnail","hentry","category-flamengo"],"yoast_head":"<!-- This site is optimized with the Yoast SEO Premium plugin v24.2 (Yoast SEO v26.9) - https:\/\/yoast.com\/product\/yoast-seo-premium-wordpress\/ -->\n<title>Alvo do Flamengo: saiba mais sobre Mateus Uribe, volante do Porto<\/title>\n<meta name=\"robots\" content=\"index, follow, max-snippet:-1, max-image-preview:large, max-video-preview:-1\" \/>\n<link rel=\"canonical\" href=\"https:\/\/www.gaveanews.com\/index.php\/2023\/03\/07\/alvo-do-flamengo-saiba-mais-sobre-mateus-uribe-volante-do-porto\/\" \/>\n<meta property=\"og:locale\" content=\"pt_BR\" \/>\n<meta property=\"og:type\" content=\"article\" \/>\n<meta property=\"og:title\" content=\"Alvo do Flamengo: saiba mais sobre Mateus Uribe, volante do Porto\" \/>\n<meta property=\"og:description\" content=\"Nesta semana, o Flamengo parece ter definido seu principal alvo para suprir a lacuna deixada por Jo\u00e3o Gomes no meio-campo. Trata-se do volante Mateus Uribe, de 31 anos, que joga no Porto, de Portugal. Livre para assinar um pr\u00e9-contrato com o Rubro-Negro, o colombiano tem passagem consolidada pela Europa e j\u00e1 se envolveu em pol\u00eamicas [&hellip;]\" \/>\n<meta property=\"og:url\" content=\"https:\/\/www.gaveanews.com\/index.php\/2023\/03\/07\/alvo-do-flamengo-saiba-mais-sobre-mateus-uribe-volante-do-porto\/\" \/>\n<meta property=\"og:site_name\" content=\"G\u00e1vea News\" \/>\n<meta property=\"article:publisher\" content=\"https:\/\/facebook.com\/gaveaNews\/\" \/>\n<meta property=\"article:published_time\" content=\"2023-03-08T01:36:53+00:00\" \/>\n<meta property=\"article:modified_time\" content=\"2023-03-08T01:54:41+00:00\" \/>\n<meta property=\"og:image\" content=\"https:\/\/www.gaveanews.com\/wp-content\/uploads\/Marcos-Braz-no-gramado-do-Maracana.webp\" \/>\n\t<meta property=\"og:image:width\" content=\"799\" \/>\n\t<meta property=\"og:image:height\" content=\"532\" \/>\n\t<meta property=\"og:image:type\" content=\"image\/jpeg\" \/>\n<meta name=\"author\" content=\"Equipe G\u00e1vea News\" \/>\n<meta name=\"twitter:card\" content=\"summary_large_image\" \/>\n<meta name=\"twitter:label1\" content=\"Escrito por\" \/>\n\t<meta name=\"twitter:data1\" content=\"Equipe G\u00e1vea News\" \/>\n\t<meta name=\"twitter:label2\" content=\"Est. tempo de leitura\" \/>\n\t<meta name=\"twitter:data2\" content=\"3 minutos\" \/>\n<script type=\"application\/ld+json\" class=\"yoast-schema-graph\">{\"@context\":\"https:\/\/schema.org\",\"@graph\":[{\"@type\":\"NewsArticle\",\"@id\":\"https:\/\/www.gaveanews.com\/index.php\/2023\/03\/07\/alvo-do-flamengo-saiba-mais-sobre-mateus-uribe-volante-do-porto\/#article\",\"isPartOf\":{\"@id\":\"https:\/\/www.gaveanews.com\/index.php\/2023\/03\/07\/alvo-do-flamengo-saiba-mais-sobre-mateus-uribe-volante-do-porto\/\"},\"author\":{\"name\":\"Equipe G\u00e1vea News\",\"@id\":\"https:\/\/www.gaveanews.com\/#\/schema\/person\/2ec14f73fb96be2caf28f91afb14749d\"},\"headline\":\"Alvo do Flamengo: saiba mais sobre Mateus Uribe, volante do Porto\",\"datePublished\":\"2023-03-08T01:36:53+00:00\",\"dateModified\":\"2023-03-08T01:54:41+00:00\",\"mainEntityOfPage\":{\"@id\":\"https:\/\/www.gaveanews.com\/index.php\/2023\/03\/07\/alvo-do-flamengo-saiba-mais-sobre-mateus-uribe-volante-do-porto\/\"},\"wordCount\":532,\"commentCount\":0,\"image\":{\"@id\":\"https:\/\/www.gaveanews.com\/index.php\/2023\/03\/07\/alvo-do-flamengo-saiba-mais-sobre-mateus-uribe-volante-do-porto\/#primaryimage\"},\"thumbnailUrl\":\"https:\/\/www.gaveanews.com\/wp-content\/uploads\/Marcos-Braz-no-gramado-do-Maracana.webp\",\"articleSection\":[\"Flamengo\"],\"inLanguage\":\"pt-BR\",\"potentialAction\":[{\"@type\":\"CommentAction\",\"name\":\"Comment\",\"target\":[\"https:\/\/www.gaveanews.com\/index.php\/2023\/03\/07\/alvo-do-flamengo-saiba-mais-sobre-mateus-uribe-volante-do-porto\/#respond\"]}],\"copyrightYear\":\"2023\",\"copyrightHolder\":{\"@id\":\"https:\/\/www.gaveanews.com\/#organization\"}},{\"@type\":\"WebPage\",\"@id\":\"https:\/\/www.gaveanews.com\/index.php\/2023\/03\/07\/alvo-do-flamengo-saiba-mais-sobre-mateus-uribe-volante-do-porto\/\",\"url\":\"https:\/\/www.gaveanews.com\/index.php\/2023\/03\/07\/alvo-do-flamengo-saiba-mais-sobre-mateus-uribe-volante-do-porto\/\",\"name\":\"Alvo do Flamengo: saiba mais sobre Mateus Uribe, volante do Porto\",\"isPartOf\":{\"@id\":\"https:\/\/www.gaveanews.com\/#website\"},\"primaryImageOfPage\":{\"@id\":\"https:\/\/www.gaveanews.com\/index.php\/2023\/03\/07\/alvo-do-flamengo-saiba-mais-sobre-mateus-uribe-volante-do-porto\/#primaryimage\"},\"image\":{\"@id\":\"https:\/\/www.gaveanews.com\/index.php\/2023\/03\/07\/alvo-do-flamengo-saiba-mais-sobre-mateus-uribe-volante-do-porto\/#primaryimage\"},\"thumbnailUrl\":\"https:\/\/www.gaveanews.com\/wp-content\/uploads\/Marcos-Braz-no-gramado-do-Maracana.webp\",\"datePublished\":\"2023-03-08T01:36:53+00:00\",\"dateModified\":\"2023-03-08T01:54:41+00:00\",\"author\":{\"@id\":\"https:\/\/www.gaveanews.com\/#\/schema\/person\/2ec14f73fb96be2caf28f91afb14749d\"},\"breadcrumb\":{\"@id\":\"https:\/\/www.gaveanews.com\/index.php\/2023\/03\/07\/alvo-do-flamengo-saiba-mais-sobre-mateus-uribe-volante-do-porto\/#breadcrumb\"},\"inLanguage\":\"pt-BR\",\"potentialAction\":[{\"@type\":\"ReadAction\",\"target\":[\"https:\/\/www.gaveanews.com\/index.php\/2023\/03\/07\/alvo-do-flamengo-saiba-mais-sobre-mateus-uribe-volante-do-porto\/\"]}]},{\"@type\":\"ImageObject\",\"inLanguage\":\"pt-BR\",\"@id\":\"https:\/\/www.gaveanews.com\/index.php\/2023\/03\/07\/alvo-do-flamengo-saiba-mais-sobre-mateus-uribe-volante-do-porto\/#primaryimage\",\"url\":\"https:\/\/www.gaveanews.com\/wp-content\/uploads\/Marcos-Braz-no-gramado-do-Maracana.webp\",\"contentUrl\":\"https:\/\/www.gaveanews.com\/wp-content\/uploads\/Marcos-Braz-no-gramado-do-Maracana.webp\",\"width\":799,\"height\":532,\"caption\":\"Marcos Braz no gramado do Maracan\u00e3 (Foto: Alexandre Vidal\/Flamengo)\"},{\"@type\":\"BreadcrumbList\",\"@id\":\"https:\/\/www.gaveanews.com\/index.php\/2023\/03\/07\/alvo-do-flamengo-saiba-mais-sobre-mateus-uribe-volante-do-porto\/#breadcrumb\",\"itemListElement\":[{\"@type\":\"ListItem\",\"position\":1,\"name\":\"Home\",\"item\":\"https:\/\/www.gaveanews.com\/\"},{\"@type\":\"ListItem\",\"position\":2,\"name\":\"Alvo do Flamengo: saiba mais sobre Mateus Uribe, volante do Porto\"}]},{\"@type\":\"WebSite\",\"@id\":\"https:\/\/www.gaveanews.com\/#website\",\"url\":\"https:\/\/www.gaveanews.com\/\",\"name\":\"G\u00e1vea News\",\"description\":\"Veja todas as not\u00edcias sobre o Flamengo: Contrata\u00e7\u00f5es, categorias de base, resultados das partidas, tabela de classifica\u00e7\u00e3o, pr\u00f3ximos jogos!\",\"potentialAction\":[{\"@type\":\"SearchAction\",\"target\":{\"@type\":\"EntryPoint\",\"urlTemplate\":\"https:\/\/www.gaveanews.com\/?s={search_term_string}\"},\"query-input\":{\"@type\":\"PropertyValueSpecification\",\"valueRequired\":true,\"valueName\":\"search_term_string\"}}],\"inLanguage\":\"pt-BR\"},{\"@type\":\"Person\",\"@id\":\"https:\/\/www.gaveanews.com\/#\/schema\/person\/2ec14f73fb96be2caf28f91afb14749d\",\"name\":\"Equipe G\u00e1vea News\",\"image\":{\"@type\":\"ImageObject\",\"inLanguage\":\"pt-BR\",\"@id\":\"https:\/\/www.gaveanews.com\/#\/schema\/person\/image\/\",\"url\":\"https:\/\/secure.gravatar.com\/avatar\/1e1956f1facbffd3f8fa53a326721950116b3b9dc9bd44939c01180fd4a745a9?s=96&d=mm&r=g\",\"contentUrl\":\"https:\/\/secure.gravatar.com\/avatar\/1e1956f1facbffd3f8fa53a326721950116b3b9dc9bd44939c01180fd4a745a9?s=96&d=mm&r=g\",\"caption\":\"Equipe G\u00e1vea News\"}}]}<\/script>\n<!-- \/ Yoast SEO Premium plugin. -->","yoast_head_json":{"title":"Alvo do Flamengo: saiba mais sobre Mateus Uribe, volante do Porto","robots":{"index":"index","follow":"follow","max-snippet":"max-snippet:-1","max-image-preview":"max-image-preview:large","max-video-preview":"max-video-preview:-1"},"canonical":"https:\/\/www.gaveanews.com\/index.php\/2023\/03\/07\/alvo-do-flamengo-saiba-mais-sobre-mateus-uribe-volante-do-porto\/","og_locale":"pt_BR","og_type":"article","og_title":"Alvo do Flamengo: saiba mais sobre Mateus Uribe, volante do Porto","og_description":"Nesta semana, o Flamengo parece ter definido seu principal alvo para suprir a lacuna deixada por Jo\u00e3o Gomes no meio-campo. Trata-se do volante Mateus Uribe, de 31 anos, que joga no Porto, de Portugal. Livre para assinar um pr\u00e9-contrato com o Rubro-Negro, o colombiano tem passagem consolidada pela Europa e j\u00e1 se envolveu em pol\u00eamicas [&hellip;]","og_url":"https:\/\/www.gaveanews.com\/index.php\/2023\/03\/07\/alvo-do-flamengo-saiba-mais-sobre-mateus-uribe-volante-do-porto\/","og_site_name":"G\u00e1vea News","article_publisher":"https:\/\/facebook.com\/gaveaNews\/","article_published_time":"2023-03-08T01:36:53+00:00","article_modified_time":"2023-03-08T01:54:41+00:00","og_image":[{"width":799,"height":532,"url":"https:\/\/www.gaveanews.com\/wp-content\/uploads\/Marcos-Braz-no-gramado-do-Maracana.webp","type":"image\/jpeg"}],"author":"Equipe G\u00e1vea News","twitter_card":"summary_large_image","twitter_misc":{"Escrito por":"Equipe G\u00e1vea News","Est. tempo de leitura":"3 minutos"},"schema":{"@context":"https:\/\/schema.org","@graph":[{"@type":"NewsArticle","@id":"https:\/\/www.gaveanews.com\/index.php\/2023\/03\/07\/alvo-do-flamengo-saiba-mais-sobre-mateus-uribe-volante-do-porto\/#article","isPartOf":{"@id":"https:\/\/www.gaveanews.com\/index.php\/2023\/03\/07\/alvo-do-flamengo-saiba-mais-sobre-mateus-uribe-volante-do-porto\/"},"author":{"name":"Equipe G\u00e1vea News","@id":"https:\/\/www.gaveanews.com\/#\/schema\/person\/2ec14f73fb96be2caf28f91afb14749d"},"headline":"Alvo do Flamengo: saiba mais sobre Mateus Uribe, volante do Porto","datePublished":"2023-03-08T01:36:53+00:00","dateModified":"2023-03-08T01:54:41+00:00","mainEntityOfPage":{"@id":"https:\/\/www.gaveanews.com\/index.php\/2023\/03\/07\/alvo-do-flamengo-saiba-mais-sobre-mateus-uribe-volante-do-porto\/"},"wordCount":532,"commentCount":0,"image":{"@id":"https:\/\/www.gaveanews.com\/index.php\/2023\/03\/07\/alvo-do-flamengo-saiba-mais-sobre-mateus-uribe-volante-do-porto\/#primaryimage"},"thumbnailUrl":"https:\/\/www.gaveanews.com\/wp-content\/uploads\/Marcos-Braz-no-gramado-do-Maracana.webp","articleSection":["Flamengo"],"inLanguage":"pt-BR","potentialAction":[{"@type":"CommentAction","name":"Comment","target":["https:\/\/www.gaveanews.com\/index.php\/2023\/03\/07\/alvo-do-flamengo-saiba-mais-sobre-mateus-uribe-volante-do-porto\/#respond"]}],"copyrightYear":"2023","copyrightHolder":{"@id":"https:\/\/www.gaveanews.com\/#organization"}},{"@type":"WebPage","@id":"https:\/\/www.gaveanews.com\/index.php\/2023\/03\/07\/alvo-do-flamengo-saiba-mais-sobre-mateus-uribe-volante-do-porto\/","url":"https:\/\/www.gaveanews.com\/index.php\/2023\/03\/07\/alvo-do-flamengo-saiba-mais-sobre-mateus-uribe-volante-do-porto\/","name":"Alvo do Flamengo: saiba mais sobre Mateus Uribe, volante do Porto","isPartOf":{"@id":"https:\/\/www.gaveanews.com\/#website"},"primaryImageOfPage":{"@id":"https:\/\/www.gaveanews.com\/index.php\/2023\/03\/07\/alvo-do-flamengo-saiba-mais-sobre-mateus-uribe-volante-do-porto\/#primaryimage"},"image":{"@id":"https:\/\/www.gaveanews.com\/index.php\/2023\/03\/07\/alvo-do-flamengo-saiba-mais-sobre-mateus-uribe-volante-do-porto\/#primaryimage"},"thumbnailUrl":"https:\/\/www.gaveanews.com\/wp-content\/uploads\/Marcos-Braz-no-gramado-do-Maracana.webp","datePublished":"2023-03-08T01:36:53+00:00","dateModified":"2023-03-08T01:54:41+00:00","author":{"@id":"https:\/\/www.gaveanews.com\/#\/schema\/person\/2ec14f73fb96be2caf28f91afb14749d"},"breadcrumb":{"@id":"https:\/\/www.gaveanews.com\/index.php\/2023\/03\/07\/alvo-do-flamengo-saiba-mais-sobre-mateus-uribe-volante-do-porto\/#breadcrumb"},"inLanguage":"pt-BR","potentialAction":[{"@type":"ReadAction","target":["https:\/\/www.gaveanews.com\/index.php\/2023\/03\/07\/alvo-do-flamengo-saiba-mais-sobre-mateus-uribe-volante-do-porto\/"]}]},{"@type":"ImageObject","inLanguage":"pt-BR","@id":"https:\/\/www.gaveanews.com\/index.php\/2023\/03\/07\/alvo-do-flamengo-saiba-mais-sobre-mateus-uribe-volante-do-porto\/#primaryimage","url":"https:\/\/www.gaveanews.com\/wp-content\/uploads\/Marcos-Braz-no-gramado-do-Maracana.webp","contentUrl":"https:\/\/www.gaveanews.com\/wp-content\/uploads\/Marcos-Braz-no-gramado-do-Maracana.webp","width":799,"height":532,"caption":"Marcos Braz no gramado do Maracan\u00e3 (Foto: Alexandre Vidal\/Flamengo)"},{"@type":"BreadcrumbList","@id":"https:\/\/www.gaveanews.com\/index.php\/2023\/03\/07\/alvo-do-flamengo-saiba-mais-sobre-mateus-uribe-volante-do-porto\/#breadcrumb","itemListElement":[{"@type":"ListItem","position":1,"name":"Home","item":"https:\/\/www.gaveanews.com\/"},{"@type":"ListItem","position":2,"name":"Alvo do Flamengo: saiba mais sobre Mateus Uribe, volante do Porto"}]},{"@type":"WebSite","@id":"https:\/\/www.gaveanews.com\/#website","url":"https:\/\/www.gaveanews.com\/","name":"G\u00e1vea News","description":"Veja todas as not\u00edcias sobre o Flamengo: Contrata\u00e7\u00f5es, categorias de base, resultados das partidas, tabela de classifica\u00e7\u00e3o, pr\u00f3ximos jogos!","potentialAction":[{"@type":"SearchAction","target":{"@type":"EntryPoint","urlTemplate":"https:\/\/www.gaveanews.com\/?s={search_term_string}"},"query-input":{"@type":"PropertyValueSpecification","valueRequired":true,"valueName":"search_term_string"}}],"inLanguage":"pt-BR"},{"@type":"Person","@id":"https:\/\/www.gaveanews.com\/#\/schema\/person\/2ec14f73fb96be2caf28f91afb14749d","name":"Equipe G\u00e1vea News","image":{"@type":"ImageObject","inLanguage":"pt-BR","@id":"https:\/\/www.gaveanews.com\/#\/schema\/person\/image\/","url":"https:\/\/secure.gravatar.com\/avatar\/1e1956f1facbffd3f8fa53a326721950116b3b9dc9bd44939c01180fd4a745a9?s=96&d=mm&r=g","contentUrl":"https:\/\/secure.gravatar.com\/avatar\/1e1956f1facbffd3f8fa53a326721950116b3b9dc9bd44939c01180fd4a745a9?s=96&d=mm&r=g","caption":"Equipe G\u00e1vea News"}}]}},"_links":{"self":[{"href":"https:\/\/www.gaveanews.com\/index.php\/wp-json\/wp\/v2\/posts\/95066","targetHints":{"allow":["GET"]}}],"collection":[{"href":"https:\/\/www.gaveanews.com\/index.php\/wp-json\/wp\/v2\/posts"}],"about":[{"href":"https:\/\/www.gaveanews.com\/index.php\/wp-json\/wp\/v2\/types\/post"}],"author":[{"embeddable":true,"href":"https:\/\/www.gaveanews.com\/index.php\/wp-json\/wp\/v2\/users\/1"}],"replies":[{"embeddable":true,"href":"https:\/\/www.gaveanews.com\/index.php\/wp-json\/wp\/v2\/comments?post=95066"}],"version-history":[{"count":0,"href":"https:\/\/www.gaveanews.com\/index.php\/wp-json\/wp\/v2\/posts\/95066\/revisions"}],"wp:featuredmedia":[{"embeddable":true,"href":"https:\/\/www.gaveanews.com\/index.php\/wp-json\/wp\/v2\/media\/46957"}],"wp:attachment":[{"href":"https:\/\/www.gaveanews.com\/index.php\/wp-json\/wp\/v2\/media?parent=95066"}],"wp:term":[{"taxonomy":"category","embeddable":true,"href":"https:\/\/www.gaveanews.com\/index.php\/wp-json\/wp\/v2\/categories?post=95066"},{"taxonomy":"post_tag","embeddable":true,"href":"https:\/\/www.gaveanews.com\/index.php\/wp-json\/wp\/v2\/tags?post=95066"}],"curies":[{"name":"wp","href":"https:\/\/api.w.org\/{rel}","templated":true}]}}