{"id":95082,"date":"2023-03-08T09:51:59","date_gmt":"2023-03-08T12:51:59","guid":{"rendered":"https:\/\/www.gaveanews.com\/?p=95082"},"modified":"2023-03-08T09:52:02","modified_gmt":"2023-03-08T12:52:02","slug":"saiba-a-provavel-escalacao-do-flamengo-contra-o-fluminense-pela-taca-guanabara","status":"publish","type":"post","link":"https:\/\/www.gaveanews.com\/index.php\/2023\/03\/08\/saiba-a-provavel-escalacao-do-flamengo-contra-o-fluminense-pela-taca-guanabara\/","title":{"rendered":"Saiba a prov\u00e1vel escala\u00e7\u00e3o do Flamengo contra o Fluminense pela Ta\u00e7a Guanabara"},"content":{"rendered":"\n<p>Pressionados pela vit\u00f3ria e a manuten\u00e7\u00e3o da lideran\u00e7a na rodada final da Ta\u00e7a Guanabara, os jogadores rubro-negros entram em campo no Maracan\u00e3 para encontrar o Fluminense nesta quarta-feira (08).<\/p>\n\n\n\n<p>As derrotas em jogos decisivos e o rev\u00e9s contra o Vasco no final de semana aumentam a necessidade do Flamengo de garantir pontua\u00e7\u00e3o neste cl\u00e1ssico e fazem do estadual uma obriga\u00e7\u00e3o.<\/p>\n\n\n\n<p>Sabendo disso, V\u00edtor Pereira trabalhou nos \u00faltimos dias para ajustar suas estrat\u00e9gias visando um desempenho mais expressivo do time apesar dos desfalques. Vale lembrar que Bruno Henrique, David Luiz, Erick Pulgar, Filipe Lu\u00eds e Thiago Maia n\u00e3o est\u00e3o em condi\u00e7\u00f5es de entrar em campo e desfalcam o grupo.<\/p>\n\n\n\n<p>Em contrapartida, Pedro e Victor Hugo treinaram normalmente nos \u00faltimos dias e podem refor\u00e7ar a equipe. A dupla, no entanto, deve ficar como op\u00e7\u00e3o no banco de reservas.<\/p>\n\n\n\n<p>Quanto \u00e0s escolhas do treinador para os onze iniciais, foi feito um mist\u00e9rio e n\u00e3o \u00e9 poss\u00edvel cravar a escala\u00e7\u00e3o desta vez. Contudo, a tend\u00eancia \u00e9 que o esquema de tr\u00eas zagueiros se mantenha e Pablo e L\u00e9o Pereira fiquem com as vagas de <a href=\"https:\/\/www.gaveanews.com\/index.php\/2023\/03\/06\/boletins-medicos-flamengo-atualiza-situacoes-de-thiago-maia-e-david-luiz\/\">David Luiz e Thiago Maia, ambos lesionados.<\/a><\/p>\n\n\n\n<p>A escolha entre Varela e Matheuzinho tamb\u00e9m n\u00e3o ficou clara, mas o Garoto do Ninho tem maior possibilidade de iniciar o jogo em campo. Mais \u00e0 frente, \u00e9 poss\u00edvel que VP ouse um pouco mais e saque Everton Ribeiro para colocar outro Everton, o Ceboblinha, que vem tendo boas atua\u00e7\u00f5es e fazendo a diferen\u00e7a quando acionado.<\/p>\n\n\n\n<p>A bola rola para Flamengo e Fluminense \u00e0s 21h10 (hor\u00e1rio de Bras\u00edlia), no Maracan\u00e3. Em caso de vit\u00f3ria do Meng\u00e3o ou empate, a Ta\u00e7a Guanabara vai para a G\u00e1vea. Uma eventual derrota entrega o t\u00edtulo para o Tricolor das Laranjeiras.<\/p>\n\n\n\n<h2 class=\"wp-block-heading\" id=\"h-escalacao-provavel\">Escala\u00e7\u00e3o prov\u00e1vel:<\/h2>\n\n\n\n<p>Santos; Fabr\u00edcio Bruno, Rodrigo Caio e Pablo (L\u00e9o Pereira); Matheuzinho (Varela), Vidal, Gerson, Everton Ribeiro (Everton Cebolinha), Arrascaeta e Ayrton Lucas; Gabigol.<\/p>\n","protected":false},"excerpt":{"rendered":"<p>Pressionados pela vit\u00f3ria e a manuten\u00e7\u00e3o da lideran\u00e7a na rodada final da Ta\u00e7a Guanabara, os jogadores rubro-negros entram em campo no Maracan\u00e3 para encontrar o Fluminense nesta quarta-feira (08). As derrotas em jogos decisivos e o rev\u00e9s contra o Vasco no final de semana aumentam a necessidade do Flamengo de garantir pontua\u00e7\u00e3o neste cl\u00e1ssico e [&hellip;]<\/p>\n","protected":false},"author":4,"featured_media":87657,"comment_status":"open","ping_status":"closed","sticky":false,"template":"","format":"standard","meta":{"footnotes":""},"categories":[1],"tags":[],"class_list":["post-95082","post","type-post","status-publish","format-standard","has-post-thumbnail","hentry","category-flamengo"],"yoast_head":"<!-- This site is optimized with the Yoast SEO Premium plugin v24.2 (Yoast SEO v26.9) - https:\/\/yoast.com\/product\/yoast-seo-premium-wordpress\/ -->\n<title>Saiba a prov\u00e1vel escala\u00e7\u00e3o do Flamengo contra o Fluminense pela Ta\u00e7a Guanabara<\/title>\n<meta name=\"robots\" content=\"index, follow, max-snippet:-1, max-image-preview:large, max-video-preview:-1\" \/>\n<link rel=\"canonical\" href=\"https:\/\/www.gaveanews.com\/index.php\/2023\/03\/08\/saiba-a-provavel-escalacao-do-flamengo-contra-o-fluminense-pela-taca-guanabara\/\" \/>\n<meta property=\"og:locale\" content=\"pt_BR\" \/>\n<meta property=\"og:type\" content=\"article\" \/>\n<meta property=\"og:title\" content=\"Saiba a prov\u00e1vel escala\u00e7\u00e3o do Flamengo contra o Fluminense pela Ta\u00e7a Guanabara\" \/>\n<meta property=\"og:description\" content=\"Pressionados pela vit\u00f3ria e a manuten\u00e7\u00e3o da lideran\u00e7a na rodada final da Ta\u00e7a Guanabara, os jogadores rubro-negros entram em campo no Maracan\u00e3 para encontrar o Fluminense nesta quarta-feira (08). As derrotas em jogos decisivos e o rev\u00e9s contra o Vasco no final de semana aumentam a necessidade do Flamengo de garantir pontua\u00e7\u00e3o neste cl\u00e1ssico e [&hellip;]\" \/>\n<meta property=\"og:url\" content=\"https:\/\/www.gaveanews.com\/index.php\/2023\/03\/08\/saiba-a-provavel-escalacao-do-flamengo-contra-o-fluminense-pela-taca-guanabara\/\" \/>\n<meta property=\"og:site_name\" content=\"G\u00e1vea News\" \/>\n<meta property=\"article:publisher\" content=\"https:\/\/facebook.com\/gaveaNews\/\" \/>\n<meta property=\"article:published_time\" content=\"2023-03-08T12:51:59+00:00\" \/>\n<meta property=\"article:modified_time\" content=\"2023-03-08T12:52:02+00:00\" \/>\n<meta property=\"og:image\" content=\"https:\/\/www.gaveanews.com\/wp-content\/uploads\/Arrascaeta-em-acao-pelo-Flamengo-durante-o-jogo-contra-o-Fluminense-pelo-Brasileirao-de-2022.webp\" \/>\n\t<meta property=\"og:image:width\" content=\"800\" \/>\n\t<meta property=\"og:image:height\" content=\"533\" \/>\n\t<meta property=\"og:image:type\" content=\"image\/jpeg\" \/>\n<meta name=\"author\" content=\"Let\u00edcia Gerheim\" \/>\n<meta name=\"twitter:card\" content=\"summary_large_image\" \/>\n<meta name=\"twitter:label1\" content=\"Escrito por\" \/>\n\t<meta name=\"twitter:data1\" content=\"Let\u00edcia Gerheim\" \/>\n\t<meta name=\"twitter:label2\" content=\"Est. tempo de leitura\" \/>\n\t<meta name=\"twitter:data2\" content=\"2 minutos\" \/>\n<script type=\"application\/ld+json\" class=\"yoast-schema-graph\">{\"@context\":\"https:\/\/schema.org\",\"@graph\":[{\"@type\":\"NewsArticle\",\"@id\":\"https:\/\/www.gaveanews.com\/index.php\/2023\/03\/08\/saiba-a-provavel-escalacao-do-flamengo-contra-o-fluminense-pela-taca-guanabara\/#article\",\"isPartOf\":{\"@id\":\"https:\/\/www.gaveanews.com\/index.php\/2023\/03\/08\/saiba-a-provavel-escalacao-do-flamengo-contra-o-fluminense-pela-taca-guanabara\/\"},\"author\":{\"name\":\"Let\u00edcia Gerheim\",\"@id\":\"https:\/\/www.gaveanews.com\/#\/schema\/person\/714c67050b836198af2450ba1c142a67\"},\"headline\":\"Saiba a prov\u00e1vel escala\u00e7\u00e3o do Flamengo contra o Fluminense pela Ta\u00e7a Guanabara\",\"datePublished\":\"2023-03-08T12:51:59+00:00\",\"dateModified\":\"2023-03-08T12:52:02+00:00\",\"mainEntityOfPage\":{\"@id\":\"https:\/\/www.gaveanews.com\/index.php\/2023\/03\/08\/saiba-a-provavel-escalacao-do-flamengo-contra-o-fluminense-pela-taca-guanabara\/\"},\"wordCount\":356,\"commentCount\":0,\"image\":{\"@id\":\"https:\/\/www.gaveanews.com\/index.php\/2023\/03\/08\/saiba-a-provavel-escalacao-do-flamengo-contra-o-fluminense-pela-taca-guanabara\/#primaryimage\"},\"thumbnailUrl\":\"https:\/\/www.gaveanews.com\/wp-content\/uploads\/Arrascaeta-em-acao-pelo-Flamengo-durante-o-jogo-contra-o-Fluminense-pelo-Brasileirao-de-2022.webp\",\"articleSection\":[\"Flamengo\"],\"inLanguage\":\"pt-BR\",\"potentialAction\":[{\"@type\":\"CommentAction\",\"name\":\"Comment\",\"target\":[\"https:\/\/www.gaveanews.com\/index.php\/2023\/03\/08\/saiba-a-provavel-escalacao-do-flamengo-contra-o-fluminense-pela-taca-guanabara\/#respond\"]}],\"copyrightYear\":\"2023\",\"copyrightHolder\":{\"@id\":\"https:\/\/www.gaveanews.com\/#organization\"}},{\"@type\":\"WebPage\",\"@id\":\"https:\/\/www.gaveanews.com\/index.php\/2023\/03\/08\/saiba-a-provavel-escalacao-do-flamengo-contra-o-fluminense-pela-taca-guanabara\/\",\"url\":\"https:\/\/www.gaveanews.com\/index.php\/2023\/03\/08\/saiba-a-provavel-escalacao-do-flamengo-contra-o-fluminense-pela-taca-guanabara\/\",\"name\":\"Saiba a prov\u00e1vel escala\u00e7\u00e3o do Flamengo contra o Fluminense pela Ta\u00e7a Guanabara\",\"isPartOf\":{\"@id\":\"https:\/\/www.gaveanews.com\/#website\"},\"primaryImageOfPage\":{\"@id\":\"https:\/\/www.gaveanews.com\/index.php\/2023\/03\/08\/saiba-a-provavel-escalacao-do-flamengo-contra-o-fluminense-pela-taca-guanabara\/#primaryimage\"},\"image\":{\"@id\":\"https:\/\/www.gaveanews.com\/index.php\/2023\/03\/08\/saiba-a-provavel-escalacao-do-flamengo-contra-o-fluminense-pela-taca-guanabara\/#primaryimage\"},\"thumbnailUrl\":\"https:\/\/www.gaveanews.com\/wp-content\/uploads\/Arrascaeta-em-acao-pelo-Flamengo-durante-o-jogo-contra-o-Fluminense-pelo-Brasileirao-de-2022.webp\",\"datePublished\":\"2023-03-08T12:51:59+00:00\",\"dateModified\":\"2023-03-08T12:52:02+00:00\",\"author\":{\"@id\":\"https:\/\/www.gaveanews.com\/#\/schema\/person\/714c67050b836198af2450ba1c142a67\"},\"breadcrumb\":{\"@id\":\"https:\/\/www.gaveanews.com\/index.php\/2023\/03\/08\/saiba-a-provavel-escalacao-do-flamengo-contra-o-fluminense-pela-taca-guanabara\/#breadcrumb\"},\"inLanguage\":\"pt-BR\",\"potentialAction\":[{\"@type\":\"ReadAction\",\"target\":[\"https:\/\/www.gaveanews.com\/index.php\/2023\/03\/08\/saiba-a-provavel-escalacao-do-flamengo-contra-o-fluminense-pela-taca-guanabara\/\"]}]},{\"@type\":\"ImageObject\",\"inLanguage\":\"pt-BR\",\"@id\":\"https:\/\/www.gaveanews.com\/index.php\/2023\/03\/08\/saiba-a-provavel-escalacao-do-flamengo-contra-o-fluminense-pela-taca-guanabara\/#primaryimage\",\"url\":\"https:\/\/www.gaveanews.com\/wp-content\/uploads\/Arrascaeta-em-acao-pelo-Flamengo-durante-o-jogo-contra-o-Fluminense-pelo-Brasileirao-de-2022.webp\",\"contentUrl\":\"https:\/\/www.gaveanews.com\/wp-content\/uploads\/Arrascaeta-em-acao-pelo-Flamengo-durante-o-jogo-contra-o-Fluminense-pelo-Brasileirao-de-2022.webp\",\"width\":800,\"height\":533,\"caption\":\"Arrascaeta em a\u00e7\u00e3o pelo Flamengo durante o jogo contra o Fluminense pelo Brasileir\u00e3o de 2022 (Foto: Reprodu\u00e7\u00e3o\/Flamengo)\"},{\"@type\":\"BreadcrumbList\",\"@id\":\"https:\/\/www.gaveanews.com\/index.php\/2023\/03\/08\/saiba-a-provavel-escalacao-do-flamengo-contra-o-fluminense-pela-taca-guanabara\/#breadcrumb\",\"itemListElement\":[{\"@type\":\"ListItem\",\"position\":1,\"name\":\"Home\",\"item\":\"https:\/\/www.gaveanews.com\/\"},{\"@type\":\"ListItem\",\"position\":2,\"name\":\"Saiba a prov\u00e1vel escala\u00e7\u00e3o do Flamengo contra o Fluminense pela Ta\u00e7a Guanabara\"}]},{\"@type\":\"WebSite\",\"@id\":\"https:\/\/www.gaveanews.com\/#website\",\"url\":\"https:\/\/www.gaveanews.com\/\",\"name\":\"G\u00e1vea News\",\"description\":\"Veja todas as not\u00edcias sobre o Flamengo: Contrata\u00e7\u00f5es, categorias de base, resultados das partidas, tabela de classifica\u00e7\u00e3o, pr\u00f3ximos jogos!\",\"potentialAction\":[{\"@type\":\"SearchAction\",\"target\":{\"@type\":\"EntryPoint\",\"urlTemplate\":\"https:\/\/www.gaveanews.com\/?s={search_term_string}\"},\"query-input\":{\"@type\":\"PropertyValueSpecification\",\"valueRequired\":true,\"valueName\":\"search_term_string\"}}],\"inLanguage\":\"pt-BR\"},{\"@type\":\"Person\",\"@id\":\"https:\/\/www.gaveanews.com\/#\/schema\/person\/714c67050b836198af2450ba1c142a67\",\"name\":\"Let\u00edcia Gerheim\",\"image\":{\"@type\":\"ImageObject\",\"inLanguage\":\"pt-BR\",\"@id\":\"https:\/\/www.gaveanews.com\/#\/schema\/person\/image\/\",\"url\":\"https:\/\/secure.gravatar.com\/avatar\/60734739c50fcebfbac509e2a826ccd0ff405c019bc73aab9354f19ecad1dcb4?s=96&d=mm&r=g\",\"contentUrl\":\"https:\/\/secure.gravatar.com\/avatar\/60734739c50fcebfbac509e2a826ccd0ff405c019bc73aab9354f19ecad1dcb4?s=96&d=mm&r=g\",\"caption\":\"Let\u00edcia Gerheim\"}}]}<\/script>\n<!-- \/ Yoast SEO Premium plugin. -->","yoast_head_json":{"title":"Saiba a prov\u00e1vel escala\u00e7\u00e3o do Flamengo contra o Fluminense pela Ta\u00e7a Guanabara","robots":{"index":"index","follow":"follow","max-snippet":"max-snippet:-1","max-image-preview":"max-image-preview:large","max-video-preview":"max-video-preview:-1"},"canonical":"https:\/\/www.gaveanews.com\/index.php\/2023\/03\/08\/saiba-a-provavel-escalacao-do-flamengo-contra-o-fluminense-pela-taca-guanabara\/","og_locale":"pt_BR","og_type":"article","og_title":"Saiba a prov\u00e1vel escala\u00e7\u00e3o do Flamengo contra o Fluminense pela Ta\u00e7a Guanabara","og_description":"Pressionados pela vit\u00f3ria e a manuten\u00e7\u00e3o da lideran\u00e7a na rodada final da Ta\u00e7a Guanabara, os jogadores rubro-negros entram em campo no Maracan\u00e3 para encontrar o Fluminense nesta quarta-feira (08). As derrotas em jogos decisivos e o rev\u00e9s contra o Vasco no final de semana aumentam a necessidade do Flamengo de garantir pontua\u00e7\u00e3o neste cl\u00e1ssico e [&hellip;]","og_url":"https:\/\/www.gaveanews.com\/index.php\/2023\/03\/08\/saiba-a-provavel-escalacao-do-flamengo-contra-o-fluminense-pela-taca-guanabara\/","og_site_name":"G\u00e1vea News","article_publisher":"https:\/\/facebook.com\/gaveaNews\/","article_published_time":"2023-03-08T12:51:59+00:00","article_modified_time":"2023-03-08T12:52:02+00:00","og_image":[{"width":800,"height":533,"url":"https:\/\/www.gaveanews.com\/wp-content\/uploads\/Arrascaeta-em-acao-pelo-Flamengo-durante-o-jogo-contra-o-Fluminense-pelo-Brasileirao-de-2022.webp","type":"image\/jpeg"}],"author":"Let\u00edcia Gerheim","twitter_card":"summary_large_image","twitter_misc":{"Escrito por":"Let\u00edcia Gerheim","Est. tempo de leitura":"2 minutos"},"schema":{"@context":"https:\/\/schema.org","@graph":[{"@type":"NewsArticle","@id":"https:\/\/www.gaveanews.com\/index.php\/2023\/03\/08\/saiba-a-provavel-escalacao-do-flamengo-contra-o-fluminense-pela-taca-guanabara\/#article","isPartOf":{"@id":"https:\/\/www.gaveanews.com\/index.php\/2023\/03\/08\/saiba-a-provavel-escalacao-do-flamengo-contra-o-fluminense-pela-taca-guanabara\/"},"author":{"name":"Let\u00edcia Gerheim","@id":"https:\/\/www.gaveanews.com\/#\/schema\/person\/714c67050b836198af2450ba1c142a67"},"headline":"Saiba a prov\u00e1vel escala\u00e7\u00e3o do Flamengo contra o Fluminense pela Ta\u00e7a Guanabara","datePublished":"2023-03-08T12:51:59+00:00","dateModified":"2023-03-08T12:52:02+00:00","mainEntityOfPage":{"@id":"https:\/\/www.gaveanews.com\/index.php\/2023\/03\/08\/saiba-a-provavel-escalacao-do-flamengo-contra-o-fluminense-pela-taca-guanabara\/"},"wordCount":356,"commentCount":0,"image":{"@id":"https:\/\/www.gaveanews.com\/index.php\/2023\/03\/08\/saiba-a-provavel-escalacao-do-flamengo-contra-o-fluminense-pela-taca-guanabara\/#primaryimage"},"thumbnailUrl":"https:\/\/www.gaveanews.com\/wp-content\/uploads\/Arrascaeta-em-acao-pelo-Flamengo-durante-o-jogo-contra-o-Fluminense-pelo-Brasileirao-de-2022.webp","articleSection":["Flamengo"],"inLanguage":"pt-BR","potentialAction":[{"@type":"CommentAction","name":"Comment","target":["https:\/\/www.gaveanews.com\/index.php\/2023\/03\/08\/saiba-a-provavel-escalacao-do-flamengo-contra-o-fluminense-pela-taca-guanabara\/#respond"]}],"copyrightYear":"2023","copyrightHolder":{"@id":"https:\/\/www.gaveanews.com\/#organization"}},{"@type":"WebPage","@id":"https:\/\/www.gaveanews.com\/index.php\/2023\/03\/08\/saiba-a-provavel-escalacao-do-flamengo-contra-o-fluminense-pela-taca-guanabara\/","url":"https:\/\/www.gaveanews.com\/index.php\/2023\/03\/08\/saiba-a-provavel-escalacao-do-flamengo-contra-o-fluminense-pela-taca-guanabara\/","name":"Saiba a prov\u00e1vel escala\u00e7\u00e3o do Flamengo contra o Fluminense pela Ta\u00e7a Guanabara","isPartOf":{"@id":"https:\/\/www.gaveanews.com\/#website"},"primaryImageOfPage":{"@id":"https:\/\/www.gaveanews.com\/index.php\/2023\/03\/08\/saiba-a-provavel-escalacao-do-flamengo-contra-o-fluminense-pela-taca-guanabara\/#primaryimage"},"image":{"@id":"https:\/\/www.gaveanews.com\/index.php\/2023\/03\/08\/saiba-a-provavel-escalacao-do-flamengo-contra-o-fluminense-pela-taca-guanabara\/#primaryimage"},"thumbnailUrl":"https:\/\/www.gaveanews.com\/wp-content\/uploads\/Arrascaeta-em-acao-pelo-Flamengo-durante-o-jogo-contra-o-Fluminense-pelo-Brasileirao-de-2022.webp","datePublished":"2023-03-08T12:51:59+00:00","dateModified":"2023-03-08T12:52:02+00:00","author":{"@id":"https:\/\/www.gaveanews.com\/#\/schema\/person\/714c67050b836198af2450ba1c142a67"},"breadcrumb":{"@id":"https:\/\/www.gaveanews.com\/index.php\/2023\/03\/08\/saiba-a-provavel-escalacao-do-flamengo-contra-o-fluminense-pela-taca-guanabara\/#breadcrumb"},"inLanguage":"pt-BR","potentialAction":[{"@type":"ReadAction","target":["https:\/\/www.gaveanews.com\/index.php\/2023\/03\/08\/saiba-a-provavel-escalacao-do-flamengo-contra-o-fluminense-pela-taca-guanabara\/"]}]},{"@type":"ImageObject","inLanguage":"pt-BR","@id":"https:\/\/www.gaveanews.com\/index.php\/2023\/03\/08\/saiba-a-provavel-escalacao-do-flamengo-contra-o-fluminense-pela-taca-guanabara\/#primaryimage","url":"https:\/\/www.gaveanews.com\/wp-content\/uploads\/Arrascaeta-em-acao-pelo-Flamengo-durante-o-jogo-contra-o-Fluminense-pelo-Brasileirao-de-2022.webp","contentUrl":"https:\/\/www.gaveanews.com\/wp-content\/uploads\/Arrascaeta-em-acao-pelo-Flamengo-durante-o-jogo-contra-o-Fluminense-pelo-Brasileirao-de-2022.webp","width":800,"height":533,"caption":"Arrascaeta em a\u00e7\u00e3o pelo Flamengo durante o jogo contra o Fluminense pelo Brasileir\u00e3o de 2022 (Foto: Reprodu\u00e7\u00e3o\/Flamengo)"},{"@type":"BreadcrumbList","@id":"https:\/\/www.gaveanews.com\/index.php\/2023\/03\/08\/saiba-a-provavel-escalacao-do-flamengo-contra-o-fluminense-pela-taca-guanabara\/#breadcrumb","itemListElement":[{"@type":"ListItem","position":1,"name":"Home","item":"https:\/\/www.gaveanews.com\/"},{"@type":"ListItem","position":2,"name":"Saiba a prov\u00e1vel escala\u00e7\u00e3o do Flamengo contra o Fluminense pela Ta\u00e7a Guanabara"}]},{"@type":"WebSite","@id":"https:\/\/www.gaveanews.com\/#website","url":"https:\/\/www.gaveanews.com\/","name":"G\u00e1vea News","description":"Veja todas as not\u00edcias sobre o Flamengo: Contrata\u00e7\u00f5es, categorias de base, resultados das partidas, tabela de classifica\u00e7\u00e3o, pr\u00f3ximos jogos!","potentialAction":[{"@type":"SearchAction","target":{"@type":"EntryPoint","urlTemplate":"https:\/\/www.gaveanews.com\/?s={search_term_string}"},"query-input":{"@type":"PropertyValueSpecification","valueRequired":true,"valueName":"search_term_string"}}],"inLanguage":"pt-BR"},{"@type":"Person","@id":"https:\/\/www.gaveanews.com\/#\/schema\/person\/714c67050b836198af2450ba1c142a67","name":"Let\u00edcia Gerheim","image":{"@type":"ImageObject","inLanguage":"pt-BR","@id":"https:\/\/www.gaveanews.com\/#\/schema\/person\/image\/","url":"https:\/\/secure.gravatar.com\/avatar\/60734739c50fcebfbac509e2a826ccd0ff405c019bc73aab9354f19ecad1dcb4?s=96&d=mm&r=g","contentUrl":"https:\/\/secure.gravatar.com\/avatar\/60734739c50fcebfbac509e2a826ccd0ff405c019bc73aab9354f19ecad1dcb4?s=96&d=mm&r=g","caption":"Let\u00edcia Gerheim"}}]}},"_links":{"self":[{"href":"https:\/\/www.gaveanews.com\/index.php\/wp-json\/wp\/v2\/posts\/95082","targetHints":{"allow":["GET"]}}],"collection":[{"href":"https:\/\/www.gaveanews.com\/index.php\/wp-json\/wp\/v2\/posts"}],"about":[{"href":"https:\/\/www.gaveanews.com\/index.php\/wp-json\/wp\/v2\/types\/post"}],"author":[{"embeddable":true,"href":"https:\/\/www.gaveanews.com\/index.php\/wp-json\/wp\/v2\/users\/4"}],"replies":[{"embeddable":true,"href":"https:\/\/www.gaveanews.com\/index.php\/wp-json\/wp\/v2\/comments?post=95082"}],"version-history":[{"count":0,"href":"https:\/\/www.gaveanews.com\/index.php\/wp-json\/wp\/v2\/posts\/95082\/revisions"}],"wp:featuredmedia":[{"embeddable":true,"href":"https:\/\/www.gaveanews.com\/index.php\/wp-json\/wp\/v2\/media\/87657"}],"wp:attachment":[{"href":"https:\/\/www.gaveanews.com\/index.php\/wp-json\/wp\/v2\/media?parent=95082"}],"wp:term":[{"taxonomy":"category","embeddable":true,"href":"https:\/\/www.gaveanews.com\/index.php\/wp-json\/wp\/v2\/categories?post=95082"},{"taxonomy":"post_tag","embeddable":true,"href":"https:\/\/www.gaveanews.com\/index.php\/wp-json\/wp\/v2\/tags?post=95082"}],"curies":[{"name":"wp","href":"https:\/\/api.w.org\/{rel}","templated":true}]}}