{"id":95083,"date":"2023-03-08T09:47:43","date_gmt":"2023-03-08T12:47:43","guid":{"rendered":"https:\/\/www.gaveanews.com\/?p=95083"},"modified":"2023-03-08T09:47:46","modified_gmt":"2023-03-08T12:47:46","slug":"bahia-avanca-em-conversas-com-marinho-para-fechar-contratacao","status":"publish","type":"post","link":"https:\/\/www.gaveanews.com\/index.php\/2023\/03\/08\/bahia-avanca-em-conversas-com-marinho-para-fechar-contratacao\/","title":{"rendered":"Bahia avan\u00e7a em conversas com Marinho para fechar contrata\u00e7\u00e3o"},"content":{"rendered":"\n<p>A negocia\u00e7\u00e3o do Bahia para contar com o atacante Marinho avan\u00e7ou. O Tricolor apresentou uma proposta de compra por R$ 8 milh\u00f5es ao Flamengo, que deu uma resposta positiva. Agora, o clube baiano vai iniciar conversas com o atleta para fechar um acordo. Uma defini\u00e7\u00e3o deve acontecer nos pr\u00f3ximos dias.<\/p>\n\n\n\n<p>A informa\u00e7\u00e3o foi inicialmente divulgada pelo jornalista Ven\u00ea Casagrande e confirmada pelo ge.<\/p>\n\n\n\n<p>J\u00e1 houve interesse do clube baiano no jogador de 32 anos no in\u00edcio da temporada, mas as conversas ganharam for\u00e7a nos \u00faltimos dias. Em 2022, o Flamengo pagou US$ 1,3 milh\u00e3o (R$ 7 milh\u00f5es) pela contrata\u00e7\u00e3o de Marinho, que tem v\u00ednculo com o clube at\u00e9 o final de 2023.<\/p>\n\n\n\n<p>Rei da Am\u00e9rica em 2020, quando atuava pelo Santos, Marinho n\u00e3o vem sendo escalado na sua posi\u00e7\u00e3o de origem no Flamengo e sequer foi a campo no cl\u00e1ssico do \u00faltimo domingo, contra o Vasco. O jovem Matheus Gon\u00e7alves &#8220;furou&#8221; a fila e vem sendo aproveitado por V\u00edtor Pereira na ponta direita.<\/p>\n\n\n\n<p>O Flamengo tamb\u00e9m segue em busca da contrata\u00e7\u00e3o de \u00c2ngelo, do Santos, e n\u00e3o pretende ceder jogador do ataque at\u00e9 fechar com um refor\u00e7o para o setor.<\/p>\n\n\n\n<p>J\u00e1 o Bahia, classificado para a segunda fase do Campeonato Baiano, mas em situa\u00e7\u00e3o delicada na Copa do Nordeste, busca refor\u00e7ar o elenco inst\u00e1vel. Na ponta direita, V\u00edtor Jacar\u00e9 vem sendo escalado por Renato Paiva, j\u00e1 que Kayky, que pertence ao Grupo City e era o potencial titular, oscilou de rendimento.<\/p>\n\n\n\n<p>Retirado de: Globo Esporte<\/p>\n","protected":false},"excerpt":{"rendered":"<p>A negocia\u00e7\u00e3o do Bahia para contar com o atacante Marinho avan\u00e7ou. O Tricolor apresentou uma proposta de compra por R$ 8 milh\u00f5es ao Flamengo, que deu uma resposta positiva. Agora, o clube baiano vai iniciar conversas com o atleta para fechar um acordo. Uma defini\u00e7\u00e3o deve acontecer nos pr\u00f3ximos dias. A informa\u00e7\u00e3o foi inicialmente divulgada [&hellip;]<\/p>\n","protected":false},"author":1,"featured_media":76064,"comment_status":"open","ping_status":"closed","sticky":false,"template":"","format":"standard","meta":{"footnotes":""},"categories":[1],"tags":[],"class_list":["post-95083","post","type-post","status-publish","format-standard","has-post-thumbnail","hentry","category-flamengo"],"yoast_head":"<!-- This site is optimized with the Yoast SEO Premium plugin v24.2 (Yoast SEO v26.9) - https:\/\/yoast.com\/product\/yoast-seo-premium-wordpress\/ -->\n<title>Bahia avan\u00e7a em conversas com Marinho para fechar contrata\u00e7\u00e3o<\/title>\n<meta name=\"robots\" content=\"index, follow, max-snippet:-1, max-image-preview:large, max-video-preview:-1\" \/>\n<link rel=\"canonical\" href=\"https:\/\/www.gaveanews.com\/index.php\/2023\/03\/08\/bahia-avanca-em-conversas-com-marinho-para-fechar-contratacao\/\" \/>\n<meta property=\"og:locale\" content=\"pt_BR\" \/>\n<meta property=\"og:type\" content=\"article\" \/>\n<meta property=\"og:title\" content=\"Bahia avan\u00e7a em conversas com Marinho para fechar contrata\u00e7\u00e3o\" \/>\n<meta property=\"og:description\" content=\"A negocia\u00e7\u00e3o do Bahia para contar com o atacante Marinho avan\u00e7ou. O Tricolor apresentou uma proposta de compra por R$ 8 milh\u00f5es ao Flamengo, que deu uma resposta positiva. Agora, o clube baiano vai iniciar conversas com o atleta para fechar um acordo. Uma defini\u00e7\u00e3o deve acontecer nos pr\u00f3ximos dias. A informa\u00e7\u00e3o foi inicialmente divulgada [&hellip;]\" \/>\n<meta property=\"og:url\" content=\"https:\/\/www.gaveanews.com\/index.php\/2023\/03\/08\/bahia-avanca-em-conversas-com-marinho-para-fechar-contratacao\/\" \/>\n<meta property=\"og:site_name\" content=\"G\u00e1vea News\" \/>\n<meta property=\"article:publisher\" content=\"https:\/\/facebook.com\/gaveaNews\/\" \/>\n<meta property=\"article:published_time\" content=\"2023-03-08T12:47:43+00:00\" \/>\n<meta property=\"article:modified_time\" content=\"2023-03-08T12:47:46+00:00\" \/>\n<meta property=\"og:image\" content=\"https:\/\/www.gaveanews.com\/wp-content\/uploads\/Marinho-comemora-seu-primeiro-gol-marcado-pelo-Flamengo.webp\" \/>\n\t<meta property=\"og:image:width\" content=\"2047\" \/>\n\t<meta property=\"og:image:height\" content=\"1365\" \/>\n\t<meta property=\"og:image:type\" content=\"image\/jpeg\" \/>\n<meta name=\"author\" content=\"Equipe G\u00e1vea News\" \/>\n<meta name=\"twitter:card\" content=\"summary_large_image\" \/>\n<meta name=\"twitter:label1\" content=\"Escrito por\" \/>\n\t<meta name=\"twitter:data1\" content=\"Equipe G\u00e1vea News\" \/>\n\t<meta name=\"twitter:label2\" content=\"Est. tempo de leitura\" \/>\n\t<meta name=\"twitter:data2\" content=\"2 minutos\" \/>\n<script type=\"application\/ld+json\" class=\"yoast-schema-graph\">{\"@context\":\"https:\/\/schema.org\",\"@graph\":[{\"@type\":\"NewsArticle\",\"@id\":\"https:\/\/www.gaveanews.com\/index.php\/2023\/03\/08\/bahia-avanca-em-conversas-com-marinho-para-fechar-contratacao\/#article\",\"isPartOf\":{\"@id\":\"https:\/\/www.gaveanews.com\/index.php\/2023\/03\/08\/bahia-avanca-em-conversas-com-marinho-para-fechar-contratacao\/\"},\"author\":{\"name\":\"Equipe G\u00e1vea News\",\"@id\":\"https:\/\/www.gaveanews.com\/#\/schema\/person\/2ec14f73fb96be2caf28f91afb14749d\"},\"headline\":\"Bahia avan\u00e7a em conversas com Marinho para fechar contrata\u00e7\u00e3o\",\"datePublished\":\"2023-03-08T12:47:43+00:00\",\"dateModified\":\"2023-03-08T12:47:46+00:00\",\"mainEntityOfPage\":{\"@id\":\"https:\/\/www.gaveanews.com\/index.php\/2023\/03\/08\/bahia-avanca-em-conversas-com-marinho-para-fechar-contratacao\/\"},\"wordCount\":275,\"commentCount\":0,\"image\":{\"@id\":\"https:\/\/www.gaveanews.com\/index.php\/2023\/03\/08\/bahia-avanca-em-conversas-com-marinho-para-fechar-contratacao\/#primaryimage\"},\"thumbnailUrl\":\"https:\/\/www.gaveanews.com\/wp-content\/uploads\/Marinho-comemora-seu-primeiro-gol-marcado-pelo-Flamengo.webp\",\"articleSection\":[\"Flamengo\"],\"inLanguage\":\"pt-BR\",\"potentialAction\":[{\"@type\":\"CommentAction\",\"name\":\"Comment\",\"target\":[\"https:\/\/www.gaveanews.com\/index.php\/2023\/03\/08\/bahia-avanca-em-conversas-com-marinho-para-fechar-contratacao\/#respond\"]}],\"copyrightYear\":\"2023\",\"copyrightHolder\":{\"@id\":\"https:\/\/www.gaveanews.com\/#organization\"}},{\"@type\":\"WebPage\",\"@id\":\"https:\/\/www.gaveanews.com\/index.php\/2023\/03\/08\/bahia-avanca-em-conversas-com-marinho-para-fechar-contratacao\/\",\"url\":\"https:\/\/www.gaveanews.com\/index.php\/2023\/03\/08\/bahia-avanca-em-conversas-com-marinho-para-fechar-contratacao\/\",\"name\":\"Bahia avan\u00e7a em conversas com Marinho para fechar contrata\u00e7\u00e3o\",\"isPartOf\":{\"@id\":\"https:\/\/www.gaveanews.com\/#website\"},\"primaryImageOfPage\":{\"@id\":\"https:\/\/www.gaveanews.com\/index.php\/2023\/03\/08\/bahia-avanca-em-conversas-com-marinho-para-fechar-contratacao\/#primaryimage\"},\"image\":{\"@id\":\"https:\/\/www.gaveanews.com\/index.php\/2023\/03\/08\/bahia-avanca-em-conversas-com-marinho-para-fechar-contratacao\/#primaryimage\"},\"thumbnailUrl\":\"https:\/\/www.gaveanews.com\/wp-content\/uploads\/Marinho-comemora-seu-primeiro-gol-marcado-pelo-Flamengo.webp\",\"datePublished\":\"2023-03-08T12:47:43+00:00\",\"dateModified\":\"2023-03-08T12:47:46+00:00\",\"author\":{\"@id\":\"https:\/\/www.gaveanews.com\/#\/schema\/person\/2ec14f73fb96be2caf28f91afb14749d\"},\"breadcrumb\":{\"@id\":\"https:\/\/www.gaveanews.com\/index.php\/2023\/03\/08\/bahia-avanca-em-conversas-com-marinho-para-fechar-contratacao\/#breadcrumb\"},\"inLanguage\":\"pt-BR\",\"potentialAction\":[{\"@type\":\"ReadAction\",\"target\":[\"https:\/\/www.gaveanews.com\/index.php\/2023\/03\/08\/bahia-avanca-em-conversas-com-marinho-para-fechar-contratacao\/\"]}]},{\"@type\":\"ImageObject\",\"inLanguage\":\"pt-BR\",\"@id\":\"https:\/\/www.gaveanews.com\/index.php\/2023\/03\/08\/bahia-avanca-em-conversas-com-marinho-para-fechar-contratacao\/#primaryimage\",\"url\":\"https:\/\/www.gaveanews.com\/wp-content\/uploads\/Marinho-comemora-seu-primeiro-gol-marcado-pelo-Flamengo.webp\",\"contentUrl\":\"https:\/\/www.gaveanews.com\/wp-content\/uploads\/Marinho-comemora-seu-primeiro-gol-marcado-pelo-Flamengo.webp\",\"width\":2047,\"height\":1365,\"caption\":\"Marinho comemora seu primeiro gol marcado pelo Flamengo (Foto: Gilvan de Souza\/Flamengo)\"},{\"@type\":\"BreadcrumbList\",\"@id\":\"https:\/\/www.gaveanews.com\/index.php\/2023\/03\/08\/bahia-avanca-em-conversas-com-marinho-para-fechar-contratacao\/#breadcrumb\",\"itemListElement\":[{\"@type\":\"ListItem\",\"position\":1,\"name\":\"Home\",\"item\":\"https:\/\/www.gaveanews.com\/\"},{\"@type\":\"ListItem\",\"position\":2,\"name\":\"Bahia avan\u00e7a em conversas com Marinho para fechar contrata\u00e7\u00e3o\"}]},{\"@type\":\"WebSite\",\"@id\":\"https:\/\/www.gaveanews.com\/#website\",\"url\":\"https:\/\/www.gaveanews.com\/\",\"name\":\"G\u00e1vea News\",\"description\":\"Veja todas as not\u00edcias sobre o Flamengo: Contrata\u00e7\u00f5es, categorias de base, resultados das partidas, tabela de classifica\u00e7\u00e3o, pr\u00f3ximos jogos!\",\"potentialAction\":[{\"@type\":\"SearchAction\",\"target\":{\"@type\":\"EntryPoint\",\"urlTemplate\":\"https:\/\/www.gaveanews.com\/?s={search_term_string}\"},\"query-input\":{\"@type\":\"PropertyValueSpecification\",\"valueRequired\":true,\"valueName\":\"search_term_string\"}}],\"inLanguage\":\"pt-BR\"},{\"@type\":\"Person\",\"@id\":\"https:\/\/www.gaveanews.com\/#\/schema\/person\/2ec14f73fb96be2caf28f91afb14749d\",\"name\":\"Equipe G\u00e1vea News\",\"image\":{\"@type\":\"ImageObject\",\"inLanguage\":\"pt-BR\",\"@id\":\"https:\/\/www.gaveanews.com\/#\/schema\/person\/image\/\",\"url\":\"https:\/\/secure.gravatar.com\/avatar\/1e1956f1facbffd3f8fa53a326721950116b3b9dc9bd44939c01180fd4a745a9?s=96&d=mm&r=g\",\"contentUrl\":\"https:\/\/secure.gravatar.com\/avatar\/1e1956f1facbffd3f8fa53a326721950116b3b9dc9bd44939c01180fd4a745a9?s=96&d=mm&r=g\",\"caption\":\"Equipe G\u00e1vea News\"}}]}<\/script>\n<!-- \/ Yoast SEO Premium plugin. -->","yoast_head_json":{"title":"Bahia avan\u00e7a em conversas com Marinho para fechar contrata\u00e7\u00e3o","robots":{"index":"index","follow":"follow","max-snippet":"max-snippet:-1","max-image-preview":"max-image-preview:large","max-video-preview":"max-video-preview:-1"},"canonical":"https:\/\/www.gaveanews.com\/index.php\/2023\/03\/08\/bahia-avanca-em-conversas-com-marinho-para-fechar-contratacao\/","og_locale":"pt_BR","og_type":"article","og_title":"Bahia avan\u00e7a em conversas com Marinho para fechar contrata\u00e7\u00e3o","og_description":"A negocia\u00e7\u00e3o do Bahia para contar com o atacante Marinho avan\u00e7ou. O Tricolor apresentou uma proposta de compra por R$ 8 milh\u00f5es ao Flamengo, que deu uma resposta positiva. Agora, o clube baiano vai iniciar conversas com o atleta para fechar um acordo. Uma defini\u00e7\u00e3o deve acontecer nos pr\u00f3ximos dias. A informa\u00e7\u00e3o foi inicialmente divulgada [&hellip;]","og_url":"https:\/\/www.gaveanews.com\/index.php\/2023\/03\/08\/bahia-avanca-em-conversas-com-marinho-para-fechar-contratacao\/","og_site_name":"G\u00e1vea News","article_publisher":"https:\/\/facebook.com\/gaveaNews\/","article_published_time":"2023-03-08T12:47:43+00:00","article_modified_time":"2023-03-08T12:47:46+00:00","og_image":[{"width":2047,"height":1365,"url":"https:\/\/www.gaveanews.com\/wp-content\/uploads\/Marinho-comemora-seu-primeiro-gol-marcado-pelo-Flamengo.webp","type":"image\/jpeg"}],"author":"Equipe G\u00e1vea News","twitter_card":"summary_large_image","twitter_misc":{"Escrito por":"Equipe G\u00e1vea News","Est. tempo de leitura":"2 minutos"},"schema":{"@context":"https:\/\/schema.org","@graph":[{"@type":"NewsArticle","@id":"https:\/\/www.gaveanews.com\/index.php\/2023\/03\/08\/bahia-avanca-em-conversas-com-marinho-para-fechar-contratacao\/#article","isPartOf":{"@id":"https:\/\/www.gaveanews.com\/index.php\/2023\/03\/08\/bahia-avanca-em-conversas-com-marinho-para-fechar-contratacao\/"},"author":{"name":"Equipe G\u00e1vea News","@id":"https:\/\/www.gaveanews.com\/#\/schema\/person\/2ec14f73fb96be2caf28f91afb14749d"},"headline":"Bahia avan\u00e7a em conversas com Marinho para fechar contrata\u00e7\u00e3o","datePublished":"2023-03-08T12:47:43+00:00","dateModified":"2023-03-08T12:47:46+00:00","mainEntityOfPage":{"@id":"https:\/\/www.gaveanews.com\/index.php\/2023\/03\/08\/bahia-avanca-em-conversas-com-marinho-para-fechar-contratacao\/"},"wordCount":275,"commentCount":0,"image":{"@id":"https:\/\/www.gaveanews.com\/index.php\/2023\/03\/08\/bahia-avanca-em-conversas-com-marinho-para-fechar-contratacao\/#primaryimage"},"thumbnailUrl":"https:\/\/www.gaveanews.com\/wp-content\/uploads\/Marinho-comemora-seu-primeiro-gol-marcado-pelo-Flamengo.webp","articleSection":["Flamengo"],"inLanguage":"pt-BR","potentialAction":[{"@type":"CommentAction","name":"Comment","target":["https:\/\/www.gaveanews.com\/index.php\/2023\/03\/08\/bahia-avanca-em-conversas-com-marinho-para-fechar-contratacao\/#respond"]}],"copyrightYear":"2023","copyrightHolder":{"@id":"https:\/\/www.gaveanews.com\/#organization"}},{"@type":"WebPage","@id":"https:\/\/www.gaveanews.com\/index.php\/2023\/03\/08\/bahia-avanca-em-conversas-com-marinho-para-fechar-contratacao\/","url":"https:\/\/www.gaveanews.com\/index.php\/2023\/03\/08\/bahia-avanca-em-conversas-com-marinho-para-fechar-contratacao\/","name":"Bahia avan\u00e7a em conversas com Marinho para fechar contrata\u00e7\u00e3o","isPartOf":{"@id":"https:\/\/www.gaveanews.com\/#website"},"primaryImageOfPage":{"@id":"https:\/\/www.gaveanews.com\/index.php\/2023\/03\/08\/bahia-avanca-em-conversas-com-marinho-para-fechar-contratacao\/#primaryimage"},"image":{"@id":"https:\/\/www.gaveanews.com\/index.php\/2023\/03\/08\/bahia-avanca-em-conversas-com-marinho-para-fechar-contratacao\/#primaryimage"},"thumbnailUrl":"https:\/\/www.gaveanews.com\/wp-content\/uploads\/Marinho-comemora-seu-primeiro-gol-marcado-pelo-Flamengo.webp","datePublished":"2023-03-08T12:47:43+00:00","dateModified":"2023-03-08T12:47:46+00:00","author":{"@id":"https:\/\/www.gaveanews.com\/#\/schema\/person\/2ec14f73fb96be2caf28f91afb14749d"},"breadcrumb":{"@id":"https:\/\/www.gaveanews.com\/index.php\/2023\/03\/08\/bahia-avanca-em-conversas-com-marinho-para-fechar-contratacao\/#breadcrumb"},"inLanguage":"pt-BR","potentialAction":[{"@type":"ReadAction","target":["https:\/\/www.gaveanews.com\/index.php\/2023\/03\/08\/bahia-avanca-em-conversas-com-marinho-para-fechar-contratacao\/"]}]},{"@type":"ImageObject","inLanguage":"pt-BR","@id":"https:\/\/www.gaveanews.com\/index.php\/2023\/03\/08\/bahia-avanca-em-conversas-com-marinho-para-fechar-contratacao\/#primaryimage","url":"https:\/\/www.gaveanews.com\/wp-content\/uploads\/Marinho-comemora-seu-primeiro-gol-marcado-pelo-Flamengo.webp","contentUrl":"https:\/\/www.gaveanews.com\/wp-content\/uploads\/Marinho-comemora-seu-primeiro-gol-marcado-pelo-Flamengo.webp","width":2047,"height":1365,"caption":"Marinho comemora seu primeiro gol marcado pelo Flamengo (Foto: Gilvan de Souza\/Flamengo)"},{"@type":"BreadcrumbList","@id":"https:\/\/www.gaveanews.com\/index.php\/2023\/03\/08\/bahia-avanca-em-conversas-com-marinho-para-fechar-contratacao\/#breadcrumb","itemListElement":[{"@type":"ListItem","position":1,"name":"Home","item":"https:\/\/www.gaveanews.com\/"},{"@type":"ListItem","position":2,"name":"Bahia avan\u00e7a em conversas com Marinho para fechar contrata\u00e7\u00e3o"}]},{"@type":"WebSite","@id":"https:\/\/www.gaveanews.com\/#website","url":"https:\/\/www.gaveanews.com\/","name":"G\u00e1vea News","description":"Veja todas as not\u00edcias sobre o Flamengo: Contrata\u00e7\u00f5es, categorias de base, resultados das partidas, tabela de classifica\u00e7\u00e3o, pr\u00f3ximos jogos!","potentialAction":[{"@type":"SearchAction","target":{"@type":"EntryPoint","urlTemplate":"https:\/\/www.gaveanews.com\/?s={search_term_string}"},"query-input":{"@type":"PropertyValueSpecification","valueRequired":true,"valueName":"search_term_string"}}],"inLanguage":"pt-BR"},{"@type":"Person","@id":"https:\/\/www.gaveanews.com\/#\/schema\/person\/2ec14f73fb96be2caf28f91afb14749d","name":"Equipe G\u00e1vea News","image":{"@type":"ImageObject","inLanguage":"pt-BR","@id":"https:\/\/www.gaveanews.com\/#\/schema\/person\/image\/","url":"https:\/\/secure.gravatar.com\/avatar\/1e1956f1facbffd3f8fa53a326721950116b3b9dc9bd44939c01180fd4a745a9?s=96&d=mm&r=g","contentUrl":"https:\/\/secure.gravatar.com\/avatar\/1e1956f1facbffd3f8fa53a326721950116b3b9dc9bd44939c01180fd4a745a9?s=96&d=mm&r=g","caption":"Equipe G\u00e1vea News"}}]}},"_links":{"self":[{"href":"https:\/\/www.gaveanews.com\/index.php\/wp-json\/wp\/v2\/posts\/95083","targetHints":{"allow":["GET"]}}],"collection":[{"href":"https:\/\/www.gaveanews.com\/index.php\/wp-json\/wp\/v2\/posts"}],"about":[{"href":"https:\/\/www.gaveanews.com\/index.php\/wp-json\/wp\/v2\/types\/post"}],"author":[{"embeddable":true,"href":"https:\/\/www.gaveanews.com\/index.php\/wp-json\/wp\/v2\/users\/1"}],"replies":[{"embeddable":true,"href":"https:\/\/www.gaveanews.com\/index.php\/wp-json\/wp\/v2\/comments?post=95083"}],"version-history":[{"count":0,"href":"https:\/\/www.gaveanews.com\/index.php\/wp-json\/wp\/v2\/posts\/95083\/revisions"}],"wp:featuredmedia":[{"embeddable":true,"href":"https:\/\/www.gaveanews.com\/index.php\/wp-json\/wp\/v2\/media\/76064"}],"wp:attachment":[{"href":"https:\/\/www.gaveanews.com\/index.php\/wp-json\/wp\/v2\/media?parent=95083"}],"wp:term":[{"taxonomy":"category","embeddable":true,"href":"https:\/\/www.gaveanews.com\/index.php\/wp-json\/wp\/v2\/categories?post=95083"},{"taxonomy":"post_tag","embeddable":true,"href":"https:\/\/www.gaveanews.com\/index.php\/wp-json\/wp\/v2\/tags?post=95083"}],"curies":[{"name":"wp","href":"https:\/\/api.w.org\/{rel}","templated":true}]}}