{"id":95088,"date":"2023-03-08T10:56:46","date_gmt":"2023-03-08T13:56:46","guid":{"rendered":"https:\/\/www.gaveanews.com\/?p=95088"},"modified":"2023-03-08T10:56:48","modified_gmt":"2023-03-08T13:56:48","slug":"diretoria-do-flamengo-da-respaldo-indireto-a-vitor-pereira-entenda","status":"publish","type":"post","link":"https:\/\/www.gaveanews.com\/index.php\/2023\/03\/08\/diretoria-do-flamengo-da-respaldo-indireto-a-vitor-pereira-entenda\/","title":{"rendered":"Diretoria do Flamengo d\u00e1 &#8216;respaldo indireto&#8217; a V\u00edtor Pereira; entenda"},"content":{"rendered":"\n<p>O Flamengo vive momento complicado dentro e fora de campo. A equipe ainda n\u00e3o se encontrou com V\u00edtor Pereira e acumula fracassos neste in\u00edcio de temporada, como na Supercopa do Brasil e no Mundial. As cobran\u00e7as v\u00e3o muito al\u00e9m das quatro linhas, j\u00e1 que a diretoria rubro-negra, em especial o departamento de futebol, vem recebendo cr\u00edticas.<\/p>\n\n\n\n<p>No entanto, os dirigentes deram uma resposta importante nessa semana, de respaldo a V\u00edtor Pereira. O Flamengo come\u00e7ou a se movimentar no mercado por pe\u00e7as pedidas pelo treinador que podem oxigenar o elenco, como \u00e9 o caso de \u00c2ngelo, do Santos, e Mateus Uribe, do Porto.<\/p>\n\n\n\n<h2 class=\"wp-block-heading\" id=\"h-situacao-de-angelo\">Situa\u00e7\u00e3o de Angelo<\/h2>\n\n\n\n<p>Desde que chegou ao Flamengo, V\u00edtor Pereira tem pedido refor\u00e7os em duas posi\u00e7\u00f5es: volante e atacante de velocidade pelos lados. O primeiro alvo foi \u00c2ngelo, do Santos, que, inclusive, agrada muito ao treinador portugu\u00eas. A movimenta\u00e7\u00e3o do Rubro-Negro foi lenta, mas esquentou nos \u00faltimos dias e, no momento, as partes est\u00e3o muito pr\u00f3ximas de um final feliz.<\/p>\n\n\n\n<p>A terceira proposta do Flamengo, segundo apurou o jornal Lance, gira em torno dos 12 milh\u00f5es de euros (R$ 65,9 milh\u00f5es) por 50% dos direitos econ\u00f4micos do jogador. Vale destacar que o Santos det\u00e9m 70% dos valores da transa\u00e7\u00e3o, j\u00e1 que o restante pertence a \u00c2ngelo e seu estafe. A oferta est\u00e1 na mesa do Peixe, que decidir\u00e1 o futuro do atleta nesta quarta-feira.<\/p>\n\n\n\n<p>A negocia\u00e7\u00e3o por \u00c2ngelo promete movimentar ainda mais o elenco do Flamengo. O Rubro-Negro aguarda um desfecho positivo nas tratativas para encaminhar a venda de Marinho ao Bahia. O atacante j\u00e1 est\u00e1 ciente do interesse do Tricolor baiano e espera o &#8220;sim&#8221; do Clube da G\u00e1vea para sacramentar o retorno \u00e0 Salvador.<\/p>\n\n\n\n<h2 class=\"wp-block-heading\">Uribe<\/h2>\n\n\n\n<p>Com intuito de cumprir a promessa feita \u00e0 V\u00edtor Pereira, a diretoria do Flamengo tamb\u00e9m foi atr\u00e1s de um volante e, nesta segunda-feira, definiu o principal alvo: Mateus Uribe. O volante de 31 anos est\u00e1 em fim de contrato junto ao Porto, de Portugal, e j\u00e1 pode assinar um pr\u00e9-contrato com a equipe que desejar.<\/p>\n\n\n\n<p>As conversas ainda est\u00e3o em est\u00e1gios iniciais, mas dependem apenas de Flamengo e estafe do jogador, j\u00e1 que o Porto n\u00e3o pretende renovar com o colombiano. Os altos sal\u00e1rios do jogador (cerca de R$16 milh\u00f5es por temporada) assustam o Rubro-Negro, mas o desejo de suprir a sa\u00edda de Jo\u00e3o Gomes com um refor\u00e7o \u00e0 altura parece ser maior.<\/p>\n\n\n\n<p>As investidas de Braz e Spindel no mercado funcionam como uma esp\u00e9cie de &#8220;respaldo indireto&#8221; ao treinador, porque as pe\u00e7as foram pedidas pelo portugu\u00eas. Confiando na longevidade do trabalho de V\u00edtor Pereira, o Flamengo ter\u00e1 mais um desafio nesta quarta-feira, \u00e0s 21h10 (de Bras\u00edlia), diante do Fluminense. A partida acontecer\u00e1 no Maracan\u00e3 e vale o t\u00edtulo da Ta\u00e7a Guanabara.<\/p>\n\n\n\n<p>Retirado de: Lance<\/p>\n","protected":false},"excerpt":{"rendered":"<p>O Flamengo vive momento complicado dentro e fora de campo. A equipe ainda n\u00e3o se encontrou com V\u00edtor Pereira e acumula fracassos neste in\u00edcio de temporada, como na Supercopa do Brasil e no Mundial. As cobran\u00e7as v\u00e3o muito al\u00e9m das quatro linhas, j\u00e1 que a diretoria rubro-negra, em especial o departamento de futebol, vem recebendo [&hellip;]<\/p>\n","protected":false},"author":1,"featured_media":93846,"comment_status":"open","ping_status":"closed","sticky":false,"template":"","format":"standard","meta":{"footnotes":""},"categories":[1],"tags":[],"class_list":["post-95088","post","type-post","status-publish","format-standard","has-post-thumbnail","hentry","category-flamengo"],"yoast_head":"<!-- This site is optimized with the Yoast SEO Premium plugin v24.2 (Yoast SEO v26.9) - https:\/\/yoast.com\/product\/yoast-seo-premium-wordpress\/ -->\n<title>Diretoria do Flamengo d\u00e1 &#039;respaldo indireto&#039; a V\u00edtor Pereira; entenda<\/title>\n<meta name=\"robots\" content=\"index, follow, max-snippet:-1, max-image-preview:large, max-video-preview:-1\" \/>\n<link rel=\"canonical\" href=\"https:\/\/www.gaveanews.com\/index.php\/2023\/03\/08\/diretoria-do-flamengo-da-respaldo-indireto-a-vitor-pereira-entenda\/\" \/>\n<meta property=\"og:locale\" content=\"pt_BR\" \/>\n<meta property=\"og:type\" content=\"article\" \/>\n<meta property=\"og:title\" content=\"Diretoria do Flamengo d\u00e1 &#039;respaldo indireto&#039; a V\u00edtor Pereira; entenda\" \/>\n<meta property=\"og:description\" content=\"O Flamengo vive momento complicado dentro e fora de campo. A equipe ainda n\u00e3o se encontrou com V\u00edtor Pereira e acumula fracassos neste in\u00edcio de temporada, como na Supercopa do Brasil e no Mundial. As cobran\u00e7as v\u00e3o muito al\u00e9m das quatro linhas, j\u00e1 que a diretoria rubro-negra, em especial o departamento de futebol, vem recebendo [&hellip;]\" \/>\n<meta property=\"og:url\" content=\"https:\/\/www.gaveanews.com\/index.php\/2023\/03\/08\/diretoria-do-flamengo-da-respaldo-indireto-a-vitor-pereira-entenda\/\" \/>\n<meta property=\"og:site_name\" content=\"G\u00e1vea News\" \/>\n<meta property=\"article:publisher\" content=\"https:\/\/facebook.com\/gaveaNews\/\" \/>\n<meta property=\"article:published_time\" content=\"2023-03-08T13:56:46+00:00\" \/>\n<meta property=\"article:modified_time\" content=\"2023-03-08T13:56:48+00:00\" \/>\n<meta property=\"og:image\" content=\"https:\/\/www.gaveanews.com\/wp-content\/uploads\/vitor-pereira-flamengo-1.webp\" \/>\n\t<meta property=\"og:image:width\" content=\"1600\" \/>\n\t<meta property=\"og:image:height\" content=\"1064\" \/>\n\t<meta property=\"og:image:type\" content=\"image\/jpeg\" \/>\n<meta name=\"author\" content=\"Equipe G\u00e1vea News\" \/>\n<meta name=\"twitter:card\" content=\"summary_large_image\" \/>\n<meta name=\"twitter:label1\" content=\"Escrito por\" \/>\n\t<meta name=\"twitter:data1\" content=\"Equipe G\u00e1vea News\" \/>\n\t<meta name=\"twitter:label2\" content=\"Est. tempo de leitura\" \/>\n\t<meta name=\"twitter:data2\" content=\"3 minutos\" \/>\n<script type=\"application\/ld+json\" class=\"yoast-schema-graph\">{\"@context\":\"https:\/\/schema.org\",\"@graph\":[{\"@type\":\"NewsArticle\",\"@id\":\"https:\/\/www.gaveanews.com\/index.php\/2023\/03\/08\/diretoria-do-flamengo-da-respaldo-indireto-a-vitor-pereira-entenda\/#article\",\"isPartOf\":{\"@id\":\"https:\/\/www.gaveanews.com\/index.php\/2023\/03\/08\/diretoria-do-flamengo-da-respaldo-indireto-a-vitor-pereira-entenda\/\"},\"author\":{\"name\":\"Equipe G\u00e1vea News\",\"@id\":\"https:\/\/www.gaveanews.com\/#\/schema\/person\/2ec14f73fb96be2caf28f91afb14749d\"},\"headline\":\"Diretoria do Flamengo d\u00e1 &#8216;respaldo indireto&#8217; a V\u00edtor Pereira; entenda\",\"datePublished\":\"2023-03-08T13:56:46+00:00\",\"dateModified\":\"2023-03-08T13:56:48+00:00\",\"mainEntityOfPage\":{\"@id\":\"https:\/\/www.gaveanews.com\/index.php\/2023\/03\/08\/diretoria-do-flamengo-da-respaldo-indireto-a-vitor-pereira-entenda\/\"},\"wordCount\":500,\"commentCount\":0,\"image\":{\"@id\":\"https:\/\/www.gaveanews.com\/index.php\/2023\/03\/08\/diretoria-do-flamengo-da-respaldo-indireto-a-vitor-pereira-entenda\/#primaryimage\"},\"thumbnailUrl\":\"https:\/\/www.gaveanews.com\/wp-content\/uploads\/vitor-pereira-flamengo-1.webp\",\"articleSection\":[\"Flamengo\"],\"inLanguage\":\"pt-BR\",\"potentialAction\":[{\"@type\":\"CommentAction\",\"name\":\"Comment\",\"target\":[\"https:\/\/www.gaveanews.com\/index.php\/2023\/03\/08\/diretoria-do-flamengo-da-respaldo-indireto-a-vitor-pereira-entenda\/#respond\"]}],\"copyrightYear\":\"2023\",\"copyrightHolder\":{\"@id\":\"https:\/\/www.gaveanews.com\/#organization\"}},{\"@type\":\"WebPage\",\"@id\":\"https:\/\/www.gaveanews.com\/index.php\/2023\/03\/08\/diretoria-do-flamengo-da-respaldo-indireto-a-vitor-pereira-entenda\/\",\"url\":\"https:\/\/www.gaveanews.com\/index.php\/2023\/03\/08\/diretoria-do-flamengo-da-respaldo-indireto-a-vitor-pereira-entenda\/\",\"name\":\"Diretoria do Flamengo d\u00e1 'respaldo indireto' a V\u00edtor Pereira; entenda\",\"isPartOf\":{\"@id\":\"https:\/\/www.gaveanews.com\/#website\"},\"primaryImageOfPage\":{\"@id\":\"https:\/\/www.gaveanews.com\/index.php\/2023\/03\/08\/diretoria-do-flamengo-da-respaldo-indireto-a-vitor-pereira-entenda\/#primaryimage\"},\"image\":{\"@id\":\"https:\/\/www.gaveanews.com\/index.php\/2023\/03\/08\/diretoria-do-flamengo-da-respaldo-indireto-a-vitor-pereira-entenda\/#primaryimage\"},\"thumbnailUrl\":\"https:\/\/www.gaveanews.com\/wp-content\/uploads\/vitor-pereira-flamengo-1.webp\",\"datePublished\":\"2023-03-08T13:56:46+00:00\",\"dateModified\":\"2023-03-08T13:56:48+00:00\",\"author\":{\"@id\":\"https:\/\/www.gaveanews.com\/#\/schema\/person\/2ec14f73fb96be2caf28f91afb14749d\"},\"breadcrumb\":{\"@id\":\"https:\/\/www.gaveanews.com\/index.php\/2023\/03\/08\/diretoria-do-flamengo-da-respaldo-indireto-a-vitor-pereira-entenda\/#breadcrumb\"},\"inLanguage\":\"pt-BR\",\"potentialAction\":[{\"@type\":\"ReadAction\",\"target\":[\"https:\/\/www.gaveanews.com\/index.php\/2023\/03\/08\/diretoria-do-flamengo-da-respaldo-indireto-a-vitor-pereira-entenda\/\"]}]},{\"@type\":\"ImageObject\",\"inLanguage\":\"pt-BR\",\"@id\":\"https:\/\/www.gaveanews.com\/index.php\/2023\/03\/08\/diretoria-do-flamengo-da-respaldo-indireto-a-vitor-pereira-entenda\/#primaryimage\",\"url\":\"https:\/\/www.gaveanews.com\/wp-content\/uploads\/vitor-pereira-flamengo-1.webp\",\"contentUrl\":\"https:\/\/www.gaveanews.com\/wp-content\/uploads\/vitor-pereira-flamengo-1.webp\",\"width\":1600,\"height\":1064,\"caption\":\"V\u00edtor Pereira chega com o Flamengo para o Mundial de Clubes (Foto: Marcelo Cortes\/Flamengo)\"},{\"@type\":\"BreadcrumbList\",\"@id\":\"https:\/\/www.gaveanews.com\/index.php\/2023\/03\/08\/diretoria-do-flamengo-da-respaldo-indireto-a-vitor-pereira-entenda\/#breadcrumb\",\"itemListElement\":[{\"@type\":\"ListItem\",\"position\":1,\"name\":\"Home\",\"item\":\"https:\/\/www.gaveanews.com\/\"},{\"@type\":\"ListItem\",\"position\":2,\"name\":\"Diretoria do Flamengo d\u00e1 &#8216;respaldo indireto&#8217; a V\u00edtor Pereira; entenda\"}]},{\"@type\":\"WebSite\",\"@id\":\"https:\/\/www.gaveanews.com\/#website\",\"url\":\"https:\/\/www.gaveanews.com\/\",\"name\":\"G\u00e1vea News\",\"description\":\"Veja todas as not\u00edcias sobre o Flamengo: Contrata\u00e7\u00f5es, categorias de base, resultados das partidas, tabela de classifica\u00e7\u00e3o, pr\u00f3ximos jogos!\",\"potentialAction\":[{\"@type\":\"SearchAction\",\"target\":{\"@type\":\"EntryPoint\",\"urlTemplate\":\"https:\/\/www.gaveanews.com\/?s={search_term_string}\"},\"query-input\":{\"@type\":\"PropertyValueSpecification\",\"valueRequired\":true,\"valueName\":\"search_term_string\"}}],\"inLanguage\":\"pt-BR\"},{\"@type\":\"Person\",\"@id\":\"https:\/\/www.gaveanews.com\/#\/schema\/person\/2ec14f73fb96be2caf28f91afb14749d\",\"name\":\"Equipe G\u00e1vea News\",\"image\":{\"@type\":\"ImageObject\",\"inLanguage\":\"pt-BR\",\"@id\":\"https:\/\/www.gaveanews.com\/#\/schema\/person\/image\/\",\"url\":\"https:\/\/secure.gravatar.com\/avatar\/1e1956f1facbffd3f8fa53a326721950116b3b9dc9bd44939c01180fd4a745a9?s=96&d=mm&r=g\",\"contentUrl\":\"https:\/\/secure.gravatar.com\/avatar\/1e1956f1facbffd3f8fa53a326721950116b3b9dc9bd44939c01180fd4a745a9?s=96&d=mm&r=g\",\"caption\":\"Equipe G\u00e1vea News\"}}]}<\/script>\n<!-- \/ Yoast SEO Premium plugin. -->","yoast_head_json":{"title":"Diretoria do Flamengo d\u00e1 'respaldo indireto' a V\u00edtor Pereira; entenda","robots":{"index":"index","follow":"follow","max-snippet":"max-snippet:-1","max-image-preview":"max-image-preview:large","max-video-preview":"max-video-preview:-1"},"canonical":"https:\/\/www.gaveanews.com\/index.php\/2023\/03\/08\/diretoria-do-flamengo-da-respaldo-indireto-a-vitor-pereira-entenda\/","og_locale":"pt_BR","og_type":"article","og_title":"Diretoria do Flamengo d\u00e1 'respaldo indireto' a V\u00edtor Pereira; entenda","og_description":"O Flamengo vive momento complicado dentro e fora de campo. A equipe ainda n\u00e3o se encontrou com V\u00edtor Pereira e acumula fracassos neste in\u00edcio de temporada, como na Supercopa do Brasil e no Mundial. As cobran\u00e7as v\u00e3o muito al\u00e9m das quatro linhas, j\u00e1 que a diretoria rubro-negra, em especial o departamento de futebol, vem recebendo [&hellip;]","og_url":"https:\/\/www.gaveanews.com\/index.php\/2023\/03\/08\/diretoria-do-flamengo-da-respaldo-indireto-a-vitor-pereira-entenda\/","og_site_name":"G\u00e1vea News","article_publisher":"https:\/\/facebook.com\/gaveaNews\/","article_published_time":"2023-03-08T13:56:46+00:00","article_modified_time":"2023-03-08T13:56:48+00:00","og_image":[{"width":1600,"height":1064,"url":"https:\/\/www.gaveanews.com\/wp-content\/uploads\/vitor-pereira-flamengo-1.webp","type":"image\/jpeg"}],"author":"Equipe G\u00e1vea News","twitter_card":"summary_large_image","twitter_misc":{"Escrito por":"Equipe G\u00e1vea News","Est. tempo de leitura":"3 minutos"},"schema":{"@context":"https:\/\/schema.org","@graph":[{"@type":"NewsArticle","@id":"https:\/\/www.gaveanews.com\/index.php\/2023\/03\/08\/diretoria-do-flamengo-da-respaldo-indireto-a-vitor-pereira-entenda\/#article","isPartOf":{"@id":"https:\/\/www.gaveanews.com\/index.php\/2023\/03\/08\/diretoria-do-flamengo-da-respaldo-indireto-a-vitor-pereira-entenda\/"},"author":{"name":"Equipe G\u00e1vea News","@id":"https:\/\/www.gaveanews.com\/#\/schema\/person\/2ec14f73fb96be2caf28f91afb14749d"},"headline":"Diretoria do Flamengo d\u00e1 &#8216;respaldo indireto&#8217; a V\u00edtor Pereira; entenda","datePublished":"2023-03-08T13:56:46+00:00","dateModified":"2023-03-08T13:56:48+00:00","mainEntityOfPage":{"@id":"https:\/\/www.gaveanews.com\/index.php\/2023\/03\/08\/diretoria-do-flamengo-da-respaldo-indireto-a-vitor-pereira-entenda\/"},"wordCount":500,"commentCount":0,"image":{"@id":"https:\/\/www.gaveanews.com\/index.php\/2023\/03\/08\/diretoria-do-flamengo-da-respaldo-indireto-a-vitor-pereira-entenda\/#primaryimage"},"thumbnailUrl":"https:\/\/www.gaveanews.com\/wp-content\/uploads\/vitor-pereira-flamengo-1.webp","articleSection":["Flamengo"],"inLanguage":"pt-BR","potentialAction":[{"@type":"CommentAction","name":"Comment","target":["https:\/\/www.gaveanews.com\/index.php\/2023\/03\/08\/diretoria-do-flamengo-da-respaldo-indireto-a-vitor-pereira-entenda\/#respond"]}],"copyrightYear":"2023","copyrightHolder":{"@id":"https:\/\/www.gaveanews.com\/#organization"}},{"@type":"WebPage","@id":"https:\/\/www.gaveanews.com\/index.php\/2023\/03\/08\/diretoria-do-flamengo-da-respaldo-indireto-a-vitor-pereira-entenda\/","url":"https:\/\/www.gaveanews.com\/index.php\/2023\/03\/08\/diretoria-do-flamengo-da-respaldo-indireto-a-vitor-pereira-entenda\/","name":"Diretoria do Flamengo d\u00e1 'respaldo indireto' a V\u00edtor Pereira; entenda","isPartOf":{"@id":"https:\/\/www.gaveanews.com\/#website"},"primaryImageOfPage":{"@id":"https:\/\/www.gaveanews.com\/index.php\/2023\/03\/08\/diretoria-do-flamengo-da-respaldo-indireto-a-vitor-pereira-entenda\/#primaryimage"},"image":{"@id":"https:\/\/www.gaveanews.com\/index.php\/2023\/03\/08\/diretoria-do-flamengo-da-respaldo-indireto-a-vitor-pereira-entenda\/#primaryimage"},"thumbnailUrl":"https:\/\/www.gaveanews.com\/wp-content\/uploads\/vitor-pereira-flamengo-1.webp","datePublished":"2023-03-08T13:56:46+00:00","dateModified":"2023-03-08T13:56:48+00:00","author":{"@id":"https:\/\/www.gaveanews.com\/#\/schema\/person\/2ec14f73fb96be2caf28f91afb14749d"},"breadcrumb":{"@id":"https:\/\/www.gaveanews.com\/index.php\/2023\/03\/08\/diretoria-do-flamengo-da-respaldo-indireto-a-vitor-pereira-entenda\/#breadcrumb"},"inLanguage":"pt-BR","potentialAction":[{"@type":"ReadAction","target":["https:\/\/www.gaveanews.com\/index.php\/2023\/03\/08\/diretoria-do-flamengo-da-respaldo-indireto-a-vitor-pereira-entenda\/"]}]},{"@type":"ImageObject","inLanguage":"pt-BR","@id":"https:\/\/www.gaveanews.com\/index.php\/2023\/03\/08\/diretoria-do-flamengo-da-respaldo-indireto-a-vitor-pereira-entenda\/#primaryimage","url":"https:\/\/www.gaveanews.com\/wp-content\/uploads\/vitor-pereira-flamengo-1.webp","contentUrl":"https:\/\/www.gaveanews.com\/wp-content\/uploads\/vitor-pereira-flamengo-1.webp","width":1600,"height":1064,"caption":"V\u00edtor Pereira chega com o Flamengo para o Mundial de Clubes (Foto: Marcelo Cortes\/Flamengo)"},{"@type":"BreadcrumbList","@id":"https:\/\/www.gaveanews.com\/index.php\/2023\/03\/08\/diretoria-do-flamengo-da-respaldo-indireto-a-vitor-pereira-entenda\/#breadcrumb","itemListElement":[{"@type":"ListItem","position":1,"name":"Home","item":"https:\/\/www.gaveanews.com\/"},{"@type":"ListItem","position":2,"name":"Diretoria do Flamengo d\u00e1 &#8216;respaldo indireto&#8217; a V\u00edtor Pereira; entenda"}]},{"@type":"WebSite","@id":"https:\/\/www.gaveanews.com\/#website","url":"https:\/\/www.gaveanews.com\/","name":"G\u00e1vea News","description":"Veja todas as not\u00edcias sobre o Flamengo: Contrata\u00e7\u00f5es, categorias de base, resultados das partidas, tabela de classifica\u00e7\u00e3o, pr\u00f3ximos jogos!","potentialAction":[{"@type":"SearchAction","target":{"@type":"EntryPoint","urlTemplate":"https:\/\/www.gaveanews.com\/?s={search_term_string}"},"query-input":{"@type":"PropertyValueSpecification","valueRequired":true,"valueName":"search_term_string"}}],"inLanguage":"pt-BR"},{"@type":"Person","@id":"https:\/\/www.gaveanews.com\/#\/schema\/person\/2ec14f73fb96be2caf28f91afb14749d","name":"Equipe G\u00e1vea News","image":{"@type":"ImageObject","inLanguage":"pt-BR","@id":"https:\/\/www.gaveanews.com\/#\/schema\/person\/image\/","url":"https:\/\/secure.gravatar.com\/avatar\/1e1956f1facbffd3f8fa53a326721950116b3b9dc9bd44939c01180fd4a745a9?s=96&d=mm&r=g","contentUrl":"https:\/\/secure.gravatar.com\/avatar\/1e1956f1facbffd3f8fa53a326721950116b3b9dc9bd44939c01180fd4a745a9?s=96&d=mm&r=g","caption":"Equipe G\u00e1vea News"}}]}},"_links":{"self":[{"href":"https:\/\/www.gaveanews.com\/index.php\/wp-json\/wp\/v2\/posts\/95088","targetHints":{"allow":["GET"]}}],"collection":[{"href":"https:\/\/www.gaveanews.com\/index.php\/wp-json\/wp\/v2\/posts"}],"about":[{"href":"https:\/\/www.gaveanews.com\/index.php\/wp-json\/wp\/v2\/types\/post"}],"author":[{"embeddable":true,"href":"https:\/\/www.gaveanews.com\/index.php\/wp-json\/wp\/v2\/users\/1"}],"replies":[{"embeddable":true,"href":"https:\/\/www.gaveanews.com\/index.php\/wp-json\/wp\/v2\/comments?post=95088"}],"version-history":[{"count":0,"href":"https:\/\/www.gaveanews.com\/index.php\/wp-json\/wp\/v2\/posts\/95088\/revisions"}],"wp:featuredmedia":[{"embeddable":true,"href":"https:\/\/www.gaveanews.com\/index.php\/wp-json\/wp\/v2\/media\/93846"}],"wp:attachment":[{"href":"https:\/\/www.gaveanews.com\/index.php\/wp-json\/wp\/v2\/media?parent=95088"}],"wp:term":[{"taxonomy":"category","embeddable":true,"href":"https:\/\/www.gaveanews.com\/index.php\/wp-json\/wp\/v2\/categories?post=95088"},{"taxonomy":"post_tag","embeddable":true,"href":"https:\/\/www.gaveanews.com\/index.php\/wp-json\/wp\/v2\/tags?post=95088"}],"curies":[{"name":"wp","href":"https:\/\/api.w.org\/{rel}","templated":true}]}}