{"id":95100,"date":"2023-03-08T14:34:25","date_gmt":"2023-03-08T17:34:25","guid":{"rendered":"https:\/\/www.gaveanews.com\/?p=95100"},"modified":"2023-03-08T14:34:27","modified_gmt":"2023-03-08T17:34:27","slug":"angelo-do-santos-quebra-o-silencio-e-se-manifesta-sobre-o-flamengo","status":"publish","type":"post","link":"https:\/\/www.gaveanews.com\/index.php\/2023\/03\/08\/angelo-do-santos-quebra-o-silencio-e-se-manifesta-sobre-o-flamengo\/","title":{"rendered":"\u00c2ngelo, do Santos, quebra o sil\u00eancio, e se manifesta sobre o Flamengo"},"content":{"rendered":"\n<p>\u00c2ngelo quebrou o sil\u00eancio sobre a possibilidade de trocar o Santos pelo Flamengo. Em breve contato com a reportagem da ESPN, o jovem jogador ressaltou sua gratid\u00e3o ao clube paulista que o revelou, mas tamb\u00e9m n\u00e3o fechou as portas para uma transfer\u00eancia para o Rio de Janeiro.<\/p>\n\n\n\n<p>&#8220;Sou e sempre fui muito feliz no Santos. Eu devo muito ao Santos. Mas jamais diria que n\u00e3o jogaria no Flamengo. Fico muito triste por algu\u00e9m se aproveitar deste momento para dizer o que n\u00e3o disse&#8221;, afirmou o atacante de 18 anos.<\/p>\n\n\n\n<p>O Flamengo tem em \u00c2ngelo seu alvo priorit\u00e1rio no momento no mercado. O clube mant\u00e9m conversas com a diretoria alvinegra e encaminhou proposta, como revelou a ESPN nesta semana. Os valores giram em torno de 13 milh\u00f5es de euros &#8211; cerca de R$ 71,5 milh\u00f5es pelo c\u00e2mbio atual &#8211; por 80% dos direitos.<\/p>\n\n\n\n<p>H\u00e1 possibilidade de flexibiliza\u00e7\u00e3o a depender das conversas e an\u00e1lise do Santos sobre o que tem \u00e0 mesa. Mas o objetivo dos dirigentes rubro-negros \u00e9 permanecer com uma faixa entre 70% e 80% dos direitos de \u00c2ngelo.<\/p>\n\n\n\n<p>A an\u00e1lise dentro do Ninho do Urubu \u00e9 bem clara: \u00c2ngelo tem potencial para retorno esportivo imediato e, num futuro, capacidade para se tornar em uma das maiores vendas da hist\u00f3ria do clube. Canhoto, com prefer\u00eancia para atuar pelo lado direito do campo, ele atenderia ao pedido do t\u00e9cnico Vitor Pereira. O Flamengo tamb\u00e9m j\u00e1 est\u00e1 ciente das condi\u00e7\u00f5es necess\u00e1rias para que o atleta e seu estafe acertem a transfer\u00eancia para o Rio de Janeiro.<\/p>\n\n\n\n<p>Diante disso e da elimina\u00e7\u00e3o precoce do Santos no Campeonato Paulista h\u00e1 um otimismo que a negocia\u00e7\u00e3o avance nos pr\u00f3ximos dias e \u00c2ngelo seja o terceiro refor\u00e7o rubro-negro em 2023. Gerson e o goleiro Rossi &#8211; este assinou um pr\u00e9-contrato e s\u00f3 chegar\u00e1 em julho &#8211; foram os outros.<\/p>\n\n\n\n<p>\u00c2ngelo, por sua vez, foi desfalque nos \u00faltimos compromissos do Santos com les\u00e3o muscular na coxa esquerda. Ele pode ser novidade no time de Odair Hellmann nesta quinta-feira, por\u00e9m, contra o Iguatu-CE, na Copa do Brasil.<\/p>\n\n\n\n<p>Retirado de: ESPN<\/p>\n","protected":false},"excerpt":{"rendered":"<p>\u00c2ngelo quebrou o sil\u00eancio sobre a possibilidade de trocar o Santos pelo Flamengo. Em breve contato com a reportagem da ESPN, o jovem jogador ressaltou sua gratid\u00e3o ao clube paulista que o revelou, mas tamb\u00e9m n\u00e3o fechou as portas para uma transfer\u00eancia para o Rio de Janeiro. &#8220;Sou e sempre fui muito feliz no Santos. [&hellip;]<\/p>\n","protected":false},"author":1,"featured_media":93802,"comment_status":"open","ping_status":"closed","sticky":false,"template":"","format":"standard","meta":{"footnotes":""},"categories":[48],"tags":[],"class_list":["post-95100","post","type-post","status-publish","format-standard","has-post-thumbnail","hentry","category-negociacoes"],"yoast_head":"<!-- This site is optimized with the Yoast SEO Premium plugin v24.2 (Yoast SEO v26.9) - https:\/\/yoast.com\/product\/yoast-seo-premium-wordpress\/ -->\n<title>\u00c2ngelo, do Santos, quebra o sil\u00eancio, e se manifesta sobre o Flamengo<\/title>\n<meta name=\"robots\" content=\"index, follow, max-snippet:-1, max-image-preview:large, max-video-preview:-1\" \/>\n<link rel=\"canonical\" href=\"https:\/\/www.gaveanews.com\/index.php\/2023\/03\/08\/angelo-do-santos-quebra-o-silencio-e-se-manifesta-sobre-o-flamengo\/\" \/>\n<meta property=\"og:locale\" content=\"pt_BR\" \/>\n<meta property=\"og:type\" content=\"article\" \/>\n<meta property=\"og:title\" content=\"\u00c2ngelo, do Santos, quebra o sil\u00eancio, e se manifesta sobre o Flamengo\" \/>\n<meta property=\"og:description\" content=\"\u00c2ngelo quebrou o sil\u00eancio sobre a possibilidade de trocar o Santos pelo Flamengo. Em breve contato com a reportagem da ESPN, o jovem jogador ressaltou sua gratid\u00e3o ao clube paulista que o revelou, mas tamb\u00e9m n\u00e3o fechou as portas para uma transfer\u00eancia para o Rio de Janeiro. &#8220;Sou e sempre fui muito feliz no Santos. [&hellip;]\" \/>\n<meta property=\"og:url\" content=\"https:\/\/www.gaveanews.com\/index.php\/2023\/03\/08\/angelo-do-santos-quebra-o-silencio-e-se-manifesta-sobre-o-flamengo\/\" \/>\n<meta property=\"og:site_name\" content=\"G\u00e1vea News\" \/>\n<meta property=\"article:publisher\" content=\"https:\/\/facebook.com\/gaveaNews\/\" \/>\n<meta property=\"article:published_time\" content=\"2023-03-08T17:34:25+00:00\" \/>\n<meta property=\"article:modified_time\" content=\"2023-03-08T17:34:27+00:00\" \/>\n<meta property=\"og:image\" content=\"https:\/\/www.gaveanews.com\/wp-content\/uploads\/angelo-atacante-santos.webp\" \/>\n\t<meta property=\"og:image:width\" content=\"640\" \/>\n\t<meta property=\"og:image:height\" content=\"400\" \/>\n\t<meta property=\"og:image:type\" content=\"image\/jpeg\" \/>\n<meta name=\"author\" content=\"Equipe G\u00e1vea News\" \/>\n<meta name=\"twitter:card\" content=\"summary_large_image\" \/>\n<meta name=\"twitter:label1\" content=\"Escrito por\" \/>\n\t<meta name=\"twitter:data1\" content=\"Equipe G\u00e1vea News\" \/>\n\t<meta name=\"twitter:label2\" content=\"Est. tempo de leitura\" \/>\n\t<meta name=\"twitter:data2\" content=\"2 minutos\" \/>\n<script type=\"application\/ld+json\" class=\"yoast-schema-graph\">{\"@context\":\"https:\/\/schema.org\",\"@graph\":[{\"@type\":\"NewsArticle\",\"@id\":\"https:\/\/www.gaveanews.com\/index.php\/2023\/03\/08\/angelo-do-santos-quebra-o-silencio-e-se-manifesta-sobre-o-flamengo\/#article\",\"isPartOf\":{\"@id\":\"https:\/\/www.gaveanews.com\/index.php\/2023\/03\/08\/angelo-do-santos-quebra-o-silencio-e-se-manifesta-sobre-o-flamengo\/\"},\"author\":{\"name\":\"Equipe G\u00e1vea News\",\"@id\":\"https:\/\/www.gaveanews.com\/#\/schema\/person\/2ec14f73fb96be2caf28f91afb14749d\"},\"headline\":\"\u00c2ngelo, do Santos, quebra o sil\u00eancio, e se manifesta sobre o Flamengo\",\"datePublished\":\"2023-03-08T17:34:25+00:00\",\"dateModified\":\"2023-03-08T17:34:27+00:00\",\"mainEntityOfPage\":{\"@id\":\"https:\/\/www.gaveanews.com\/index.php\/2023\/03\/08\/angelo-do-santos-quebra-o-silencio-e-se-manifesta-sobre-o-flamengo\/\"},\"wordCount\":375,\"commentCount\":0,\"image\":{\"@id\":\"https:\/\/www.gaveanews.com\/index.php\/2023\/03\/08\/angelo-do-santos-quebra-o-silencio-e-se-manifesta-sobre-o-flamengo\/#primaryimage\"},\"thumbnailUrl\":\"https:\/\/www.gaveanews.com\/wp-content\/uploads\/angelo-atacante-santos.webp\",\"articleSection\":[\"Negocia\u00e7\u00f5es\"],\"inLanguage\":\"pt-BR\",\"potentialAction\":[{\"@type\":\"CommentAction\",\"name\":\"Comment\",\"target\":[\"https:\/\/www.gaveanews.com\/index.php\/2023\/03\/08\/angelo-do-santos-quebra-o-silencio-e-se-manifesta-sobre-o-flamengo\/#respond\"]}],\"copyrightYear\":\"2023\",\"copyrightHolder\":{\"@id\":\"https:\/\/www.gaveanews.com\/#organization\"}},{\"@type\":\"WebPage\",\"@id\":\"https:\/\/www.gaveanews.com\/index.php\/2023\/03\/08\/angelo-do-santos-quebra-o-silencio-e-se-manifesta-sobre-o-flamengo\/\",\"url\":\"https:\/\/www.gaveanews.com\/index.php\/2023\/03\/08\/angelo-do-santos-quebra-o-silencio-e-se-manifesta-sobre-o-flamengo\/\",\"name\":\"\u00c2ngelo, do Santos, quebra o sil\u00eancio, e se manifesta sobre o Flamengo\",\"isPartOf\":{\"@id\":\"https:\/\/www.gaveanews.com\/#website\"},\"primaryImageOfPage\":{\"@id\":\"https:\/\/www.gaveanews.com\/index.php\/2023\/03\/08\/angelo-do-santos-quebra-o-silencio-e-se-manifesta-sobre-o-flamengo\/#primaryimage\"},\"image\":{\"@id\":\"https:\/\/www.gaveanews.com\/index.php\/2023\/03\/08\/angelo-do-santos-quebra-o-silencio-e-se-manifesta-sobre-o-flamengo\/#primaryimage\"},\"thumbnailUrl\":\"https:\/\/www.gaveanews.com\/wp-content\/uploads\/angelo-atacante-santos.webp\",\"datePublished\":\"2023-03-08T17:34:25+00:00\",\"dateModified\":\"2023-03-08T17:34:27+00:00\",\"author\":{\"@id\":\"https:\/\/www.gaveanews.com\/#\/schema\/person\/2ec14f73fb96be2caf28f91afb14749d\"},\"breadcrumb\":{\"@id\":\"https:\/\/www.gaveanews.com\/index.php\/2023\/03\/08\/angelo-do-santos-quebra-o-silencio-e-se-manifesta-sobre-o-flamengo\/#breadcrumb\"},\"inLanguage\":\"pt-BR\",\"potentialAction\":[{\"@type\":\"ReadAction\",\"target\":[\"https:\/\/www.gaveanews.com\/index.php\/2023\/03\/08\/angelo-do-santos-quebra-o-silencio-e-se-manifesta-sobre-o-flamengo\/\"]}]},{\"@type\":\"ImageObject\",\"inLanguage\":\"pt-BR\",\"@id\":\"https:\/\/www.gaveanews.com\/index.php\/2023\/03\/08\/angelo-do-santos-quebra-o-silencio-e-se-manifesta-sobre-o-flamengo\/#primaryimage\",\"url\":\"https:\/\/www.gaveanews.com\/wp-content\/uploads\/angelo-atacante-santos.webp\",\"contentUrl\":\"https:\/\/www.gaveanews.com\/wp-content\/uploads\/angelo-atacante-santos.webp\",\"width\":640,\"height\":400,\"caption\":\"\u00c2ngelo em a\u00e7\u00e3o pelo Santos (Foto: Raul Barreta\/Santos FC)\"},{\"@type\":\"BreadcrumbList\",\"@id\":\"https:\/\/www.gaveanews.com\/index.php\/2023\/03\/08\/angelo-do-santos-quebra-o-silencio-e-se-manifesta-sobre-o-flamengo\/#breadcrumb\",\"itemListElement\":[{\"@type\":\"ListItem\",\"position\":1,\"name\":\"Home\",\"item\":\"https:\/\/www.gaveanews.com\/\"},{\"@type\":\"ListItem\",\"position\":2,\"name\":\"\u00c2ngelo, do Santos, quebra o sil\u00eancio, e se manifesta sobre o Flamengo\"}]},{\"@type\":\"WebSite\",\"@id\":\"https:\/\/www.gaveanews.com\/#website\",\"url\":\"https:\/\/www.gaveanews.com\/\",\"name\":\"G\u00e1vea News\",\"description\":\"Veja todas as not\u00edcias sobre o Flamengo: Contrata\u00e7\u00f5es, categorias de base, resultados das partidas, tabela de classifica\u00e7\u00e3o, pr\u00f3ximos jogos!\",\"potentialAction\":[{\"@type\":\"SearchAction\",\"target\":{\"@type\":\"EntryPoint\",\"urlTemplate\":\"https:\/\/www.gaveanews.com\/?s={search_term_string}\"},\"query-input\":{\"@type\":\"PropertyValueSpecification\",\"valueRequired\":true,\"valueName\":\"search_term_string\"}}],\"inLanguage\":\"pt-BR\"},{\"@type\":\"Person\",\"@id\":\"https:\/\/www.gaveanews.com\/#\/schema\/person\/2ec14f73fb96be2caf28f91afb14749d\",\"name\":\"Equipe G\u00e1vea News\",\"image\":{\"@type\":\"ImageObject\",\"inLanguage\":\"pt-BR\",\"@id\":\"https:\/\/www.gaveanews.com\/#\/schema\/person\/image\/\",\"url\":\"https:\/\/secure.gravatar.com\/avatar\/1e1956f1facbffd3f8fa53a326721950116b3b9dc9bd44939c01180fd4a745a9?s=96&d=mm&r=g\",\"contentUrl\":\"https:\/\/secure.gravatar.com\/avatar\/1e1956f1facbffd3f8fa53a326721950116b3b9dc9bd44939c01180fd4a745a9?s=96&d=mm&r=g\",\"caption\":\"Equipe G\u00e1vea News\"}}]}<\/script>\n<!-- \/ Yoast SEO Premium plugin. -->","yoast_head_json":{"title":"\u00c2ngelo, do Santos, quebra o sil\u00eancio, e se manifesta sobre o Flamengo","robots":{"index":"index","follow":"follow","max-snippet":"max-snippet:-1","max-image-preview":"max-image-preview:large","max-video-preview":"max-video-preview:-1"},"canonical":"https:\/\/www.gaveanews.com\/index.php\/2023\/03\/08\/angelo-do-santos-quebra-o-silencio-e-se-manifesta-sobre-o-flamengo\/","og_locale":"pt_BR","og_type":"article","og_title":"\u00c2ngelo, do Santos, quebra o sil\u00eancio, e se manifesta sobre o Flamengo","og_description":"\u00c2ngelo quebrou o sil\u00eancio sobre a possibilidade de trocar o Santos pelo Flamengo. Em breve contato com a reportagem da ESPN, o jovem jogador ressaltou sua gratid\u00e3o ao clube paulista que o revelou, mas tamb\u00e9m n\u00e3o fechou as portas para uma transfer\u00eancia para o Rio de Janeiro. &#8220;Sou e sempre fui muito feliz no Santos. [&hellip;]","og_url":"https:\/\/www.gaveanews.com\/index.php\/2023\/03\/08\/angelo-do-santos-quebra-o-silencio-e-se-manifesta-sobre-o-flamengo\/","og_site_name":"G\u00e1vea News","article_publisher":"https:\/\/facebook.com\/gaveaNews\/","article_published_time":"2023-03-08T17:34:25+00:00","article_modified_time":"2023-03-08T17:34:27+00:00","og_image":[{"width":640,"height":400,"url":"https:\/\/www.gaveanews.com\/wp-content\/uploads\/angelo-atacante-santos.webp","type":"image\/jpeg"}],"author":"Equipe G\u00e1vea News","twitter_card":"summary_large_image","twitter_misc":{"Escrito por":"Equipe G\u00e1vea News","Est. tempo de leitura":"2 minutos"},"schema":{"@context":"https:\/\/schema.org","@graph":[{"@type":"NewsArticle","@id":"https:\/\/www.gaveanews.com\/index.php\/2023\/03\/08\/angelo-do-santos-quebra-o-silencio-e-se-manifesta-sobre-o-flamengo\/#article","isPartOf":{"@id":"https:\/\/www.gaveanews.com\/index.php\/2023\/03\/08\/angelo-do-santos-quebra-o-silencio-e-se-manifesta-sobre-o-flamengo\/"},"author":{"name":"Equipe G\u00e1vea News","@id":"https:\/\/www.gaveanews.com\/#\/schema\/person\/2ec14f73fb96be2caf28f91afb14749d"},"headline":"\u00c2ngelo, do Santos, quebra o sil\u00eancio, e se manifesta sobre o Flamengo","datePublished":"2023-03-08T17:34:25+00:00","dateModified":"2023-03-08T17:34:27+00:00","mainEntityOfPage":{"@id":"https:\/\/www.gaveanews.com\/index.php\/2023\/03\/08\/angelo-do-santos-quebra-o-silencio-e-se-manifesta-sobre-o-flamengo\/"},"wordCount":375,"commentCount":0,"image":{"@id":"https:\/\/www.gaveanews.com\/index.php\/2023\/03\/08\/angelo-do-santos-quebra-o-silencio-e-se-manifesta-sobre-o-flamengo\/#primaryimage"},"thumbnailUrl":"https:\/\/www.gaveanews.com\/wp-content\/uploads\/angelo-atacante-santos.webp","articleSection":["Negocia\u00e7\u00f5es"],"inLanguage":"pt-BR","potentialAction":[{"@type":"CommentAction","name":"Comment","target":["https:\/\/www.gaveanews.com\/index.php\/2023\/03\/08\/angelo-do-santos-quebra-o-silencio-e-se-manifesta-sobre-o-flamengo\/#respond"]}],"copyrightYear":"2023","copyrightHolder":{"@id":"https:\/\/www.gaveanews.com\/#organization"}},{"@type":"WebPage","@id":"https:\/\/www.gaveanews.com\/index.php\/2023\/03\/08\/angelo-do-santos-quebra-o-silencio-e-se-manifesta-sobre-o-flamengo\/","url":"https:\/\/www.gaveanews.com\/index.php\/2023\/03\/08\/angelo-do-santos-quebra-o-silencio-e-se-manifesta-sobre-o-flamengo\/","name":"\u00c2ngelo, do Santos, quebra o sil\u00eancio, e se manifesta sobre o Flamengo","isPartOf":{"@id":"https:\/\/www.gaveanews.com\/#website"},"primaryImageOfPage":{"@id":"https:\/\/www.gaveanews.com\/index.php\/2023\/03\/08\/angelo-do-santos-quebra-o-silencio-e-se-manifesta-sobre-o-flamengo\/#primaryimage"},"image":{"@id":"https:\/\/www.gaveanews.com\/index.php\/2023\/03\/08\/angelo-do-santos-quebra-o-silencio-e-se-manifesta-sobre-o-flamengo\/#primaryimage"},"thumbnailUrl":"https:\/\/www.gaveanews.com\/wp-content\/uploads\/angelo-atacante-santos.webp","datePublished":"2023-03-08T17:34:25+00:00","dateModified":"2023-03-08T17:34:27+00:00","author":{"@id":"https:\/\/www.gaveanews.com\/#\/schema\/person\/2ec14f73fb96be2caf28f91afb14749d"},"breadcrumb":{"@id":"https:\/\/www.gaveanews.com\/index.php\/2023\/03\/08\/angelo-do-santos-quebra-o-silencio-e-se-manifesta-sobre-o-flamengo\/#breadcrumb"},"inLanguage":"pt-BR","potentialAction":[{"@type":"ReadAction","target":["https:\/\/www.gaveanews.com\/index.php\/2023\/03\/08\/angelo-do-santos-quebra-o-silencio-e-se-manifesta-sobre-o-flamengo\/"]}]},{"@type":"ImageObject","inLanguage":"pt-BR","@id":"https:\/\/www.gaveanews.com\/index.php\/2023\/03\/08\/angelo-do-santos-quebra-o-silencio-e-se-manifesta-sobre-o-flamengo\/#primaryimage","url":"https:\/\/www.gaveanews.com\/wp-content\/uploads\/angelo-atacante-santos.webp","contentUrl":"https:\/\/www.gaveanews.com\/wp-content\/uploads\/angelo-atacante-santos.webp","width":640,"height":400,"caption":"\u00c2ngelo em a\u00e7\u00e3o pelo Santos (Foto: Raul Barreta\/Santos FC)"},{"@type":"BreadcrumbList","@id":"https:\/\/www.gaveanews.com\/index.php\/2023\/03\/08\/angelo-do-santos-quebra-o-silencio-e-se-manifesta-sobre-o-flamengo\/#breadcrumb","itemListElement":[{"@type":"ListItem","position":1,"name":"Home","item":"https:\/\/www.gaveanews.com\/"},{"@type":"ListItem","position":2,"name":"\u00c2ngelo, do Santos, quebra o sil\u00eancio, e se manifesta sobre o Flamengo"}]},{"@type":"WebSite","@id":"https:\/\/www.gaveanews.com\/#website","url":"https:\/\/www.gaveanews.com\/","name":"G\u00e1vea News","description":"Veja todas as not\u00edcias sobre o Flamengo: Contrata\u00e7\u00f5es, categorias de base, resultados das partidas, tabela de classifica\u00e7\u00e3o, pr\u00f3ximos jogos!","potentialAction":[{"@type":"SearchAction","target":{"@type":"EntryPoint","urlTemplate":"https:\/\/www.gaveanews.com\/?s={search_term_string}"},"query-input":{"@type":"PropertyValueSpecification","valueRequired":true,"valueName":"search_term_string"}}],"inLanguage":"pt-BR"},{"@type":"Person","@id":"https:\/\/www.gaveanews.com\/#\/schema\/person\/2ec14f73fb96be2caf28f91afb14749d","name":"Equipe G\u00e1vea News","image":{"@type":"ImageObject","inLanguage":"pt-BR","@id":"https:\/\/www.gaveanews.com\/#\/schema\/person\/image\/","url":"https:\/\/secure.gravatar.com\/avatar\/1e1956f1facbffd3f8fa53a326721950116b3b9dc9bd44939c01180fd4a745a9?s=96&d=mm&r=g","contentUrl":"https:\/\/secure.gravatar.com\/avatar\/1e1956f1facbffd3f8fa53a326721950116b3b9dc9bd44939c01180fd4a745a9?s=96&d=mm&r=g","caption":"Equipe G\u00e1vea News"}}]}},"_links":{"self":[{"href":"https:\/\/www.gaveanews.com\/index.php\/wp-json\/wp\/v2\/posts\/95100","targetHints":{"allow":["GET"]}}],"collection":[{"href":"https:\/\/www.gaveanews.com\/index.php\/wp-json\/wp\/v2\/posts"}],"about":[{"href":"https:\/\/www.gaveanews.com\/index.php\/wp-json\/wp\/v2\/types\/post"}],"author":[{"embeddable":true,"href":"https:\/\/www.gaveanews.com\/index.php\/wp-json\/wp\/v2\/users\/1"}],"replies":[{"embeddable":true,"href":"https:\/\/www.gaveanews.com\/index.php\/wp-json\/wp\/v2\/comments?post=95100"}],"version-history":[{"count":0,"href":"https:\/\/www.gaveanews.com\/index.php\/wp-json\/wp\/v2\/posts\/95100\/revisions"}],"wp:featuredmedia":[{"embeddable":true,"href":"https:\/\/www.gaveanews.com\/index.php\/wp-json\/wp\/v2\/media\/93802"}],"wp:attachment":[{"href":"https:\/\/www.gaveanews.com\/index.php\/wp-json\/wp\/v2\/media?parent=95100"}],"wp:term":[{"taxonomy":"category","embeddable":true,"href":"https:\/\/www.gaveanews.com\/index.php\/wp-json\/wp\/v2\/categories?post=95100"},{"taxonomy":"post_tag","embeddable":true,"href":"https:\/\/www.gaveanews.com\/index.php\/wp-json\/wp\/v2\/tags?post=95100"}],"curies":[{"name":"wp","href":"https:\/\/api.w.org\/{rel}","templated":true}]}}