{"id":95119,"date":"2023-03-08T20:36:04","date_gmt":"2023-03-08T23:36:04","guid":{"rendered":"https:\/\/www.gaveanews.com\/?p=95119"},"modified":"2024-04-06T23:03:54","modified_gmt":"2024-04-07T02:03:54","slug":"mauro-cezar-pereira-dispara-contra-atitude-de-jogadores-com-vitor-pereira","status":"publish","type":"post","link":"https:\/\/www.gaveanews.com\/index.php\/2023\/03\/08\/mauro-cezar-pereira-dispara-contra-atitude-de-jogadores-com-vitor-pereira\/","title":{"rendered":"Mauro Cezar Pereira dispara contra atitude de jogadores com V\u00edtor Pereira"},"content":{"rendered":"\n<p>Em sua segunda temporada no futebol brasileiro, o t\u00e9cnico V\u00edtor Pereira tem trazido pra si muitos holofotes e algumas pol\u00eamicas. Em post no Twitter, o comentarista Mauro Cezar Pereira saiu em defesa do treinador europeu acerca de \u201cturbul\u00eancias\u201d que o europeu teve com medalh\u00f5es no Corinthians, tendo inclusive sido alvo de cr\u00edticas ap\u00f3s sua sa\u00edda do alvinegro.<\/p>\n\n\n\n<p><em>\u2014 E o trecho abaixo explica, em parte, a raivinha de jogadores que passaram a criticar o t\u00e9cnico Vitor Pereira. S\u00f3 tolo n\u00e3o percebe tal motiva\u00e7\u00e3o, al\u00e9m da busca por engajamento de torcedor ing\u00eanuo que embarca em qualquer onda movida por parte da m\u00eddia e favorece cartolas<\/em>, disparou Mauro Cezar, compartilhando um print na postagem.<\/p>\n\n\n\n<h2 class=\"wp-block-heading\" id=\"h-sequencia-no-flamengo\">Sequencia no Flamengo<\/h2>\n\n\n\n<p>Em outros posts nas redes sociais e em textos na coluna do UOL, o jornalista saiu em defesa da continuidade do treinador portugu\u00eas no comando t\u00e9cnico do Flamengo. Na vis\u00e3o de Mauro, ainda \u00e9 muito cedo para fazer uma avalia\u00e7\u00e3o no trabalho de V\u00edtor Pereira, que demanda de um maior tempo para aplicar sua filosofia de trabalho na equipe.<\/p>\n\n\n\n<p>\u2014 <em>N\u00e3o se constr\u00f3i hegemonia ou trabalho s\u00f3lido sem paci\u00eancia, sem mexer em ferida, ainda mais num grupo de jogadores que j\u00e1 est\u00e1 h\u00e1 muito tempo no poder, alguns deles. \u00c9 claro que \u00e9 ruim perder t\u00edtulos, mas essa n\u00e3o \u00e9 a parte importante da temporada. O Campeonato Carioca \u00e9 irrelevante perto do que o Flamengo ganhou h\u00e1 poucos meses<\/em>, disse Mauro Cezar Pereira.<\/p>\n\n\n\n<p><em>\u2014 A gente vive aqui no passado, congelado nos anos 1970. Discutindo as mesmas coisas, aqui no Brasil, como se futebol fosse miojo. E eu acho que n\u00e3o \u00e9. Qual a solu\u00e7\u00e3o? \u00c9 continuar insistindo e trabalhando. E se algu\u00e9m estiver insatisfeito, voc\u00ea tira<\/em>, completou o comentarista.<\/p>\n\n\n\n<p>Retirado de: Torcedores<\/p>\n","protected":false},"excerpt":{"rendered":"<p>Em sua segunda temporada no futebol brasileiro, o t\u00e9cnico V\u00edtor Pereira tem trazido pra si muitos holofotes e algumas pol\u00eamicas. Em post no Twitter, o comentarista Mauro Cezar Pereira saiu em defesa do treinador europeu acerca de \u201cturbul\u00eancias\u201d que o europeu teve com medalh\u00f5es no Corinthians, tendo inclusive sido alvo de cr\u00edticas ap\u00f3s sua sa\u00edda [&hellip;]<\/p>\n","protected":false},"author":1,"featured_media":94832,"comment_status":"open","ping_status":"closed","sticky":false,"template":"","format":"standard","meta":{"footnotes":""},"categories":[1],"tags":[170],"class_list":["post-95119","post","type-post","status-publish","format-standard","has-post-thumbnail","hentry","category-flamengo","tag-mauro-cezar-pereira"],"yoast_head":"<!-- This site is optimized with the Yoast SEO Premium plugin v24.2 (Yoast SEO v26.9) - https:\/\/yoast.com\/product\/yoast-seo-premium-wordpress\/ -->\n<title>Mauro Cezar Pereira dispara contra atitude de jogadores com V\u00edtor Pereira<\/title>\n<meta name=\"robots\" content=\"index, follow, max-snippet:-1, max-image-preview:large, max-video-preview:-1\" \/>\n<link rel=\"canonical\" href=\"https:\/\/www.gaveanews.com\/index.php\/2023\/03\/08\/mauro-cezar-pereira-dispara-contra-atitude-de-jogadores-com-vitor-pereira\/\" \/>\n<meta property=\"og:locale\" content=\"pt_BR\" \/>\n<meta property=\"og:type\" content=\"article\" \/>\n<meta property=\"og:title\" content=\"Mauro Cezar Pereira dispara contra atitude de jogadores com V\u00edtor Pereira\" \/>\n<meta property=\"og:description\" content=\"Em sua segunda temporada no futebol brasileiro, o t\u00e9cnico V\u00edtor Pereira tem trazido pra si muitos holofotes e algumas pol\u00eamicas. Em post no Twitter, o comentarista Mauro Cezar Pereira saiu em defesa do treinador europeu acerca de \u201cturbul\u00eancias\u201d que o europeu teve com medalh\u00f5es no Corinthians, tendo inclusive sido alvo de cr\u00edticas ap\u00f3s sua sa\u00edda [&hellip;]\" \/>\n<meta property=\"og:url\" content=\"https:\/\/www.gaveanews.com\/index.php\/2023\/03\/08\/mauro-cezar-pereira-dispara-contra-atitude-de-jogadores-com-vitor-pereira\/\" \/>\n<meta property=\"og:site_name\" content=\"G\u00e1vea News\" \/>\n<meta property=\"article:publisher\" content=\"https:\/\/facebook.com\/gaveaNews\/\" \/>\n<meta property=\"article:published_time\" content=\"2023-03-08T23:36:04+00:00\" \/>\n<meta property=\"article:modified_time\" content=\"2024-04-07T02:03:54+00:00\" \/>\n<meta property=\"og:image\" content=\"https:\/\/www.gaveanews.com\/wp-content\/uploads\/vitor-pereira-tacnico-flamengo.webp\" \/>\n\t<meta property=\"og:image:width\" content=\"700\" \/>\n\t<meta property=\"og:image:height\" content=\"470\" \/>\n\t<meta property=\"og:image:type\" content=\"image\/webp\" \/>\n<meta name=\"author\" content=\"Equipe G\u00e1vea News\" \/>\n<meta name=\"twitter:card\" content=\"summary_large_image\" \/>\n<meta name=\"twitter:label1\" content=\"Escrito por\" \/>\n\t<meta name=\"twitter:data1\" content=\"Equipe G\u00e1vea News\" \/>\n\t<meta name=\"twitter:label2\" content=\"Est. tempo de leitura\" \/>\n\t<meta name=\"twitter:data2\" content=\"2 minutos\" \/>\n<script type=\"application\/ld+json\" class=\"yoast-schema-graph\">{\"@context\":\"https:\/\/schema.org\",\"@graph\":[{\"@type\":\"NewsArticle\",\"@id\":\"https:\/\/www.gaveanews.com\/index.php\/2023\/03\/08\/mauro-cezar-pereira-dispara-contra-atitude-de-jogadores-com-vitor-pereira\/#article\",\"isPartOf\":{\"@id\":\"https:\/\/www.gaveanews.com\/index.php\/2023\/03\/08\/mauro-cezar-pereira-dispara-contra-atitude-de-jogadores-com-vitor-pereira\/\"},\"author\":{\"name\":\"Equipe G\u00e1vea News\",\"@id\":\"https:\/\/www.gaveanews.com\/#\/schema\/person\/2ec14f73fb96be2caf28f91afb14749d\"},\"headline\":\"Mauro Cezar Pereira dispara contra atitude de jogadores com V\u00edtor Pereira\",\"datePublished\":\"2023-03-08T23:36:04+00:00\",\"dateModified\":\"2024-04-07T02:03:54+00:00\",\"mainEntityOfPage\":{\"@id\":\"https:\/\/www.gaveanews.com\/index.php\/2023\/03\/08\/mauro-cezar-pereira-dispara-contra-atitude-de-jogadores-com-vitor-pereira\/\"},\"wordCount\":317,\"commentCount\":0,\"image\":{\"@id\":\"https:\/\/www.gaveanews.com\/index.php\/2023\/03\/08\/mauro-cezar-pereira-dispara-contra-atitude-de-jogadores-com-vitor-pereira\/#primaryimage\"},\"thumbnailUrl\":\"https:\/\/www.gaveanews.com\/wp-content\/uploads\/vitor-pereira-tacnico-flamengo.webp\",\"keywords\":[\"Mauro Cezar Pereira\"],\"articleSection\":[\"Flamengo\"],\"inLanguage\":\"pt-BR\",\"potentialAction\":[{\"@type\":\"CommentAction\",\"name\":\"Comment\",\"target\":[\"https:\/\/www.gaveanews.com\/index.php\/2023\/03\/08\/mauro-cezar-pereira-dispara-contra-atitude-de-jogadores-com-vitor-pereira\/#respond\"]}],\"copyrightYear\":\"2023\",\"copyrightHolder\":{\"@id\":\"https:\/\/www.gaveanews.com\/#organization\"}},{\"@type\":\"WebPage\",\"@id\":\"https:\/\/www.gaveanews.com\/index.php\/2023\/03\/08\/mauro-cezar-pereira-dispara-contra-atitude-de-jogadores-com-vitor-pereira\/\",\"url\":\"https:\/\/www.gaveanews.com\/index.php\/2023\/03\/08\/mauro-cezar-pereira-dispara-contra-atitude-de-jogadores-com-vitor-pereira\/\",\"name\":\"Mauro Cezar Pereira dispara contra atitude de jogadores com V\u00edtor Pereira\",\"isPartOf\":{\"@id\":\"https:\/\/www.gaveanews.com\/#website\"},\"primaryImageOfPage\":{\"@id\":\"https:\/\/www.gaveanews.com\/index.php\/2023\/03\/08\/mauro-cezar-pereira-dispara-contra-atitude-de-jogadores-com-vitor-pereira\/#primaryimage\"},\"image\":{\"@id\":\"https:\/\/www.gaveanews.com\/index.php\/2023\/03\/08\/mauro-cezar-pereira-dispara-contra-atitude-de-jogadores-com-vitor-pereira\/#primaryimage\"},\"thumbnailUrl\":\"https:\/\/www.gaveanews.com\/wp-content\/uploads\/vitor-pereira-tacnico-flamengo.webp\",\"datePublished\":\"2023-03-08T23:36:04+00:00\",\"dateModified\":\"2024-04-07T02:03:54+00:00\",\"author\":{\"@id\":\"https:\/\/www.gaveanews.com\/#\/schema\/person\/2ec14f73fb96be2caf28f91afb14749d\"},\"breadcrumb\":{\"@id\":\"https:\/\/www.gaveanews.com\/index.php\/2023\/03\/08\/mauro-cezar-pereira-dispara-contra-atitude-de-jogadores-com-vitor-pereira\/#breadcrumb\"},\"inLanguage\":\"pt-BR\",\"potentialAction\":[{\"@type\":\"ReadAction\",\"target\":[\"https:\/\/www.gaveanews.com\/index.php\/2023\/03\/08\/mauro-cezar-pereira-dispara-contra-atitude-de-jogadores-com-vitor-pereira\/\"]}]},{\"@type\":\"ImageObject\",\"inLanguage\":\"pt-BR\",\"@id\":\"https:\/\/www.gaveanews.com\/index.php\/2023\/03\/08\/mauro-cezar-pereira-dispara-contra-atitude-de-jogadores-com-vitor-pereira\/#primaryimage\",\"url\":\"https:\/\/www.gaveanews.com\/wp-content\/uploads\/vitor-pereira-tacnico-flamengo.webp\",\"contentUrl\":\"https:\/\/www.gaveanews.com\/wp-content\/uploads\/vitor-pereira-tacnico-flamengo.webp\",\"width\":700,\"height\":470,\"caption\":\"V\u00edtor Pereira em treino do Flamengo (Foto: Marcelo Cortes\/Flamengo)\"},{\"@type\":\"BreadcrumbList\",\"@id\":\"https:\/\/www.gaveanews.com\/index.php\/2023\/03\/08\/mauro-cezar-pereira-dispara-contra-atitude-de-jogadores-com-vitor-pereira\/#breadcrumb\",\"itemListElement\":[{\"@type\":\"ListItem\",\"position\":1,\"name\":\"Home\",\"item\":\"https:\/\/www.gaveanews.com\/\"},{\"@type\":\"ListItem\",\"position\":2,\"name\":\"Mauro Cezar Pereira dispara contra atitude de jogadores com V\u00edtor Pereira\"}]},{\"@type\":\"WebSite\",\"@id\":\"https:\/\/www.gaveanews.com\/#website\",\"url\":\"https:\/\/www.gaveanews.com\/\",\"name\":\"G\u00e1vea News\",\"description\":\"Veja todas as not\u00edcias sobre o Flamengo: Contrata\u00e7\u00f5es, categorias de base, resultados das partidas, tabela de classifica\u00e7\u00e3o, pr\u00f3ximos jogos!\",\"potentialAction\":[{\"@type\":\"SearchAction\",\"target\":{\"@type\":\"EntryPoint\",\"urlTemplate\":\"https:\/\/www.gaveanews.com\/?s={search_term_string}\"},\"query-input\":{\"@type\":\"PropertyValueSpecification\",\"valueRequired\":true,\"valueName\":\"search_term_string\"}}],\"inLanguage\":\"pt-BR\"},{\"@type\":\"Person\",\"@id\":\"https:\/\/www.gaveanews.com\/#\/schema\/person\/2ec14f73fb96be2caf28f91afb14749d\",\"name\":\"Equipe G\u00e1vea News\",\"image\":{\"@type\":\"ImageObject\",\"inLanguage\":\"pt-BR\",\"@id\":\"https:\/\/www.gaveanews.com\/#\/schema\/person\/image\/\",\"url\":\"https:\/\/secure.gravatar.com\/avatar\/1e1956f1facbffd3f8fa53a326721950116b3b9dc9bd44939c01180fd4a745a9?s=96&d=mm&r=g\",\"contentUrl\":\"https:\/\/secure.gravatar.com\/avatar\/1e1956f1facbffd3f8fa53a326721950116b3b9dc9bd44939c01180fd4a745a9?s=96&d=mm&r=g\",\"caption\":\"Equipe G\u00e1vea News\"}}]}<\/script>\n<!-- \/ Yoast SEO Premium plugin. -->","yoast_head_json":{"title":"Mauro Cezar Pereira dispara contra atitude de jogadores com V\u00edtor Pereira","robots":{"index":"index","follow":"follow","max-snippet":"max-snippet:-1","max-image-preview":"max-image-preview:large","max-video-preview":"max-video-preview:-1"},"canonical":"https:\/\/www.gaveanews.com\/index.php\/2023\/03\/08\/mauro-cezar-pereira-dispara-contra-atitude-de-jogadores-com-vitor-pereira\/","og_locale":"pt_BR","og_type":"article","og_title":"Mauro Cezar Pereira dispara contra atitude de jogadores com V\u00edtor Pereira","og_description":"Em sua segunda temporada no futebol brasileiro, o t\u00e9cnico V\u00edtor Pereira tem trazido pra si muitos holofotes e algumas pol\u00eamicas. Em post no Twitter, o comentarista Mauro Cezar Pereira saiu em defesa do treinador europeu acerca de \u201cturbul\u00eancias\u201d que o europeu teve com medalh\u00f5es no Corinthians, tendo inclusive sido alvo de cr\u00edticas ap\u00f3s sua sa\u00edda [&hellip;]","og_url":"https:\/\/www.gaveanews.com\/index.php\/2023\/03\/08\/mauro-cezar-pereira-dispara-contra-atitude-de-jogadores-com-vitor-pereira\/","og_site_name":"G\u00e1vea News","article_publisher":"https:\/\/facebook.com\/gaveaNews\/","article_published_time":"2023-03-08T23:36:04+00:00","article_modified_time":"2024-04-07T02:03:54+00:00","og_image":[{"width":700,"height":470,"url":"https:\/\/www.gaveanews.com\/wp-content\/uploads\/vitor-pereira-tacnico-flamengo.webp","type":"image\/webp"}],"author":"Equipe G\u00e1vea News","twitter_card":"summary_large_image","twitter_misc":{"Escrito por":"Equipe G\u00e1vea News","Est. tempo de leitura":"2 minutos"},"schema":{"@context":"https:\/\/schema.org","@graph":[{"@type":"NewsArticle","@id":"https:\/\/www.gaveanews.com\/index.php\/2023\/03\/08\/mauro-cezar-pereira-dispara-contra-atitude-de-jogadores-com-vitor-pereira\/#article","isPartOf":{"@id":"https:\/\/www.gaveanews.com\/index.php\/2023\/03\/08\/mauro-cezar-pereira-dispara-contra-atitude-de-jogadores-com-vitor-pereira\/"},"author":{"name":"Equipe G\u00e1vea News","@id":"https:\/\/www.gaveanews.com\/#\/schema\/person\/2ec14f73fb96be2caf28f91afb14749d"},"headline":"Mauro Cezar Pereira dispara contra atitude de jogadores com V\u00edtor Pereira","datePublished":"2023-03-08T23:36:04+00:00","dateModified":"2024-04-07T02:03:54+00:00","mainEntityOfPage":{"@id":"https:\/\/www.gaveanews.com\/index.php\/2023\/03\/08\/mauro-cezar-pereira-dispara-contra-atitude-de-jogadores-com-vitor-pereira\/"},"wordCount":317,"commentCount":0,"image":{"@id":"https:\/\/www.gaveanews.com\/index.php\/2023\/03\/08\/mauro-cezar-pereira-dispara-contra-atitude-de-jogadores-com-vitor-pereira\/#primaryimage"},"thumbnailUrl":"https:\/\/www.gaveanews.com\/wp-content\/uploads\/vitor-pereira-tacnico-flamengo.webp","keywords":["Mauro Cezar Pereira"],"articleSection":["Flamengo"],"inLanguage":"pt-BR","potentialAction":[{"@type":"CommentAction","name":"Comment","target":["https:\/\/www.gaveanews.com\/index.php\/2023\/03\/08\/mauro-cezar-pereira-dispara-contra-atitude-de-jogadores-com-vitor-pereira\/#respond"]}],"copyrightYear":"2023","copyrightHolder":{"@id":"https:\/\/www.gaveanews.com\/#organization"}},{"@type":"WebPage","@id":"https:\/\/www.gaveanews.com\/index.php\/2023\/03\/08\/mauro-cezar-pereira-dispara-contra-atitude-de-jogadores-com-vitor-pereira\/","url":"https:\/\/www.gaveanews.com\/index.php\/2023\/03\/08\/mauro-cezar-pereira-dispara-contra-atitude-de-jogadores-com-vitor-pereira\/","name":"Mauro Cezar Pereira dispara contra atitude de jogadores com V\u00edtor Pereira","isPartOf":{"@id":"https:\/\/www.gaveanews.com\/#website"},"primaryImageOfPage":{"@id":"https:\/\/www.gaveanews.com\/index.php\/2023\/03\/08\/mauro-cezar-pereira-dispara-contra-atitude-de-jogadores-com-vitor-pereira\/#primaryimage"},"image":{"@id":"https:\/\/www.gaveanews.com\/index.php\/2023\/03\/08\/mauro-cezar-pereira-dispara-contra-atitude-de-jogadores-com-vitor-pereira\/#primaryimage"},"thumbnailUrl":"https:\/\/www.gaveanews.com\/wp-content\/uploads\/vitor-pereira-tacnico-flamengo.webp","datePublished":"2023-03-08T23:36:04+00:00","dateModified":"2024-04-07T02:03:54+00:00","author":{"@id":"https:\/\/www.gaveanews.com\/#\/schema\/person\/2ec14f73fb96be2caf28f91afb14749d"},"breadcrumb":{"@id":"https:\/\/www.gaveanews.com\/index.php\/2023\/03\/08\/mauro-cezar-pereira-dispara-contra-atitude-de-jogadores-com-vitor-pereira\/#breadcrumb"},"inLanguage":"pt-BR","potentialAction":[{"@type":"ReadAction","target":["https:\/\/www.gaveanews.com\/index.php\/2023\/03\/08\/mauro-cezar-pereira-dispara-contra-atitude-de-jogadores-com-vitor-pereira\/"]}]},{"@type":"ImageObject","inLanguage":"pt-BR","@id":"https:\/\/www.gaveanews.com\/index.php\/2023\/03\/08\/mauro-cezar-pereira-dispara-contra-atitude-de-jogadores-com-vitor-pereira\/#primaryimage","url":"https:\/\/www.gaveanews.com\/wp-content\/uploads\/vitor-pereira-tacnico-flamengo.webp","contentUrl":"https:\/\/www.gaveanews.com\/wp-content\/uploads\/vitor-pereira-tacnico-flamengo.webp","width":700,"height":470,"caption":"V\u00edtor Pereira em treino do Flamengo (Foto: Marcelo Cortes\/Flamengo)"},{"@type":"BreadcrumbList","@id":"https:\/\/www.gaveanews.com\/index.php\/2023\/03\/08\/mauro-cezar-pereira-dispara-contra-atitude-de-jogadores-com-vitor-pereira\/#breadcrumb","itemListElement":[{"@type":"ListItem","position":1,"name":"Home","item":"https:\/\/www.gaveanews.com\/"},{"@type":"ListItem","position":2,"name":"Mauro Cezar Pereira dispara contra atitude de jogadores com V\u00edtor Pereira"}]},{"@type":"WebSite","@id":"https:\/\/www.gaveanews.com\/#website","url":"https:\/\/www.gaveanews.com\/","name":"G\u00e1vea News","description":"Veja todas as not\u00edcias sobre o Flamengo: Contrata\u00e7\u00f5es, categorias de base, resultados das partidas, tabela de classifica\u00e7\u00e3o, pr\u00f3ximos jogos!","potentialAction":[{"@type":"SearchAction","target":{"@type":"EntryPoint","urlTemplate":"https:\/\/www.gaveanews.com\/?s={search_term_string}"},"query-input":{"@type":"PropertyValueSpecification","valueRequired":true,"valueName":"search_term_string"}}],"inLanguage":"pt-BR"},{"@type":"Person","@id":"https:\/\/www.gaveanews.com\/#\/schema\/person\/2ec14f73fb96be2caf28f91afb14749d","name":"Equipe G\u00e1vea News","image":{"@type":"ImageObject","inLanguage":"pt-BR","@id":"https:\/\/www.gaveanews.com\/#\/schema\/person\/image\/","url":"https:\/\/secure.gravatar.com\/avatar\/1e1956f1facbffd3f8fa53a326721950116b3b9dc9bd44939c01180fd4a745a9?s=96&d=mm&r=g","contentUrl":"https:\/\/secure.gravatar.com\/avatar\/1e1956f1facbffd3f8fa53a326721950116b3b9dc9bd44939c01180fd4a745a9?s=96&d=mm&r=g","caption":"Equipe G\u00e1vea News"}}]}},"_links":{"self":[{"href":"https:\/\/www.gaveanews.com\/index.php\/wp-json\/wp\/v2\/posts\/95119","targetHints":{"allow":["GET"]}}],"collection":[{"href":"https:\/\/www.gaveanews.com\/index.php\/wp-json\/wp\/v2\/posts"}],"about":[{"href":"https:\/\/www.gaveanews.com\/index.php\/wp-json\/wp\/v2\/types\/post"}],"author":[{"embeddable":true,"href":"https:\/\/www.gaveanews.com\/index.php\/wp-json\/wp\/v2\/users\/1"}],"replies":[{"embeddable":true,"href":"https:\/\/www.gaveanews.com\/index.php\/wp-json\/wp\/v2\/comments?post=95119"}],"version-history":[{"count":1,"href":"https:\/\/www.gaveanews.com\/index.php\/wp-json\/wp\/v2\/posts\/95119\/revisions"}],"predecessor-version":[{"id":134457,"href":"https:\/\/www.gaveanews.com\/index.php\/wp-json\/wp\/v2\/posts\/95119\/revisions\/134457"}],"wp:featuredmedia":[{"embeddable":true,"href":"https:\/\/www.gaveanews.com\/index.php\/wp-json\/wp\/v2\/media\/94832"}],"wp:attachment":[{"href":"https:\/\/www.gaveanews.com\/index.php\/wp-json\/wp\/v2\/media?parent=95119"}],"wp:term":[{"taxonomy":"category","embeddable":true,"href":"https:\/\/www.gaveanews.com\/index.php\/wp-json\/wp\/v2\/categories?post=95119"},{"taxonomy":"post_tag","embeddable":true,"href":"https:\/\/www.gaveanews.com\/index.php\/wp-json\/wp\/v2\/tags?post=95119"}],"curies":[{"name":"wp","href":"https:\/\/api.w.org\/{rel}","templated":true}]}}