{"id":95131,"date":"2023-03-09T01:02:12","date_gmt":"2023-03-09T04:02:12","guid":{"rendered":"https:\/\/www.gaveanews.com\/?p=95131"},"modified":"2023-03-09T01:02:14","modified_gmt":"2023-03-09T04:02:14","slug":"everton-cebolinha-da-a-sua-opiniao-sobre-protestos-da-torcida-do-flamengo","status":"publish","type":"post","link":"https:\/\/www.gaveanews.com\/index.php\/2023\/03\/09\/everton-cebolinha-da-a-sua-opiniao-sobre-protestos-da-torcida-do-flamengo\/","title":{"rendered":"Everton Cebolinha d\u00e1 a sua opini\u00e3o sobre protestos da torcida do Flamengo"},"content":{"rendered":"\n<p>Autor do gol do Flamengo na derrota para o Fluminense por 2 a 1, Everton Cebolinha foi o \u00fanico jogador rubro-negro a falar na zona mista do Maracan\u00e3. Ele disse entender as cobran\u00e7as que a torcida t\u00eam feito ap\u00f3s a sequ\u00eancia de fracassos na Supercopa do Brasil, no Mundial de Clubes, na Recopa Sul-Americana e agora na Ta\u00e7a Guanabara.<\/p>\n\n\n\n<p>&#8220;Ficamos muito chateados com os resultados negativos. Decis\u00f5es que n\u00e3o obtivemos \u00eaxito em nenhuma. Tem que se calar, trabalhar e trabalhar. Fizemos um excelente primeiro tempo, mas na segunda parte n\u00e3o conseguimos manter. \u00c9 consertar os erros e ver o que est\u00e1 dando errado. A gente sabe da cobran\u00e7a e entende a cobran\u00e7a tamb\u00e9m. Temos essa autocobran\u00e7a&#8221;, declarou.<\/p>\n\n\n\n<h2 class=\"wp-block-heading\" id=\"h-admite-que-equipe-cansou-no-segundo-tempo\">Admite que equipe cansou no segundo tempo<\/h2>\n\n\n\n<p>O jogador, que teve uma boa atua\u00e7\u00e3o e parece cada vez mais se estabelecer entre os titulares, admitiu que a equipe n\u00e3o conseguiu manter a mesma intensidade do primeiro tempo:<\/p>\n\n\n\n<p>&#8220;O professor cobrou muito a intensidade da gente. No primeiro tempo conseguimos colocar isso em pr\u00e1tica, marcando a sa\u00edda de bola deles e conseguimos marcar bem. Na segunda etapa n\u00e3o conseguimos ter a mesma vol\u00fapia do primeiro tempo&#8221;.<\/p>\n\n\n\n<h2 class=\"wp-block-heading\" id=\"h-treinou-todo-mundo-no-esquema\">Treinou todo mundo no esquema<\/h2>\n\n\n\n<p>Outro tema que teve bastante repercuss\u00e3o foi a grande mudan\u00e7a na escala\u00e7\u00e3o. Segundo Cebolinha, o t\u00e9cnico V\u00edtor Pereira treinou todo o elenco nesta forma\u00e7\u00e3o, mas os jogadores escolhidos foi algo mais em cima da hora.<\/p>\n\n\n\n<p>&#8220;Durante a semana ele procurou deixar todo mundo apto, preparado. \u00daltimo treino ele treinou todo mundo nesse mesmo esquema. N\u00e3o sab\u00edamos quais jogadores seriam, mas ele trabalhou todo mundo. Ele tem as ideias dele, \u00e9 convicto das ideias e tem tentado colocar em pr\u00e1tica&#8221;.<\/p>\n\n\n\n<p>Retirado de: UOL<\/p>\n","protected":false},"excerpt":{"rendered":"<p>Autor do gol do Flamengo na derrota para o Fluminense por 2 a 1, Everton Cebolinha foi o \u00fanico jogador rubro-negro a falar na zona mista do Maracan\u00e3. Ele disse entender as cobran\u00e7as que a torcida t\u00eam feito ap\u00f3s a sequ\u00eancia de fracassos na Supercopa do Brasil, no Mundial de Clubes, na Recopa Sul-Americana e [&hellip;]<\/p>\n","protected":false},"author":1,"featured_media":87666,"comment_status":"open","ping_status":"closed","sticky":false,"template":"","format":"standard","meta":{"footnotes":""},"categories":[1],"tags":[],"class_list":["post-95131","post","type-post","status-publish","format-standard","has-post-thumbnail","hentry","category-flamengo"],"yoast_head":"<!-- This site is optimized with the Yoast SEO Premium plugin v24.2 (Yoast SEO v26.9) - https:\/\/yoast.com\/product\/yoast-seo-premium-wordpress\/ -->\n<title>Everton Cebolinha d\u00e1 a sua opini\u00e3o sobre protestos da torcida do Flamengo<\/title>\n<meta name=\"robots\" content=\"index, follow, max-snippet:-1, max-image-preview:large, max-video-preview:-1\" \/>\n<link rel=\"canonical\" href=\"https:\/\/www.gaveanews.com\/index.php\/2023\/03\/09\/everton-cebolinha-da-a-sua-opiniao-sobre-protestos-da-torcida-do-flamengo\/\" \/>\n<meta property=\"og:locale\" content=\"pt_BR\" \/>\n<meta property=\"og:type\" content=\"article\" \/>\n<meta property=\"og:title\" content=\"Everton Cebolinha d\u00e1 a sua opini\u00e3o sobre protestos da torcida do Flamengo\" \/>\n<meta property=\"og:description\" content=\"Autor do gol do Flamengo na derrota para o Fluminense por 2 a 1, Everton Cebolinha foi o \u00fanico jogador rubro-negro a falar na zona mista do Maracan\u00e3. Ele disse entender as cobran\u00e7as que a torcida t\u00eam feito ap\u00f3s a sequ\u00eancia de fracassos na Supercopa do Brasil, no Mundial de Clubes, na Recopa Sul-Americana e [&hellip;]\" \/>\n<meta property=\"og:url\" content=\"https:\/\/www.gaveanews.com\/index.php\/2023\/03\/09\/everton-cebolinha-da-a-sua-opiniao-sobre-protestos-da-torcida-do-flamengo\/\" \/>\n<meta property=\"og:site_name\" content=\"G\u00e1vea News\" \/>\n<meta property=\"article:publisher\" content=\"https:\/\/facebook.com\/gaveaNews\/\" \/>\n<meta property=\"article:published_time\" content=\"2023-03-09T04:02:12+00:00\" \/>\n<meta property=\"article:modified_time\" content=\"2023-03-09T04:02:14+00:00\" \/>\n<meta property=\"og:image\" content=\"https:\/\/www.gaveanews.com\/wp-content\/uploads\/Cebolinha-em-acao-pelo-Flamengo-durante-o-jogo-contra-o-Fluminense-pelo-Brasileirao-de-2022.webp\" \/>\n\t<meta property=\"og:image:width\" content=\"800\" \/>\n\t<meta property=\"og:image:height\" content=\"533\" \/>\n\t<meta property=\"og:image:type\" content=\"image\/jpeg\" \/>\n<meta name=\"author\" content=\"Equipe G\u00e1vea News\" \/>\n<meta name=\"twitter:card\" content=\"summary_large_image\" \/>\n<meta name=\"twitter:label1\" content=\"Escrito por\" \/>\n\t<meta name=\"twitter:data1\" content=\"Equipe G\u00e1vea News\" \/>\n\t<meta name=\"twitter:label2\" content=\"Est. tempo de leitura\" \/>\n\t<meta name=\"twitter:data2\" content=\"2 minutos\" \/>\n<script type=\"application\/ld+json\" class=\"yoast-schema-graph\">{\"@context\":\"https:\/\/schema.org\",\"@graph\":[{\"@type\":\"NewsArticle\",\"@id\":\"https:\/\/www.gaveanews.com\/index.php\/2023\/03\/09\/everton-cebolinha-da-a-sua-opiniao-sobre-protestos-da-torcida-do-flamengo\/#article\",\"isPartOf\":{\"@id\":\"https:\/\/www.gaveanews.com\/index.php\/2023\/03\/09\/everton-cebolinha-da-a-sua-opiniao-sobre-protestos-da-torcida-do-flamengo\/\"},\"author\":{\"name\":\"Equipe G\u00e1vea News\",\"@id\":\"https:\/\/www.gaveanews.com\/#\/schema\/person\/2ec14f73fb96be2caf28f91afb14749d\"},\"headline\":\"Everton Cebolinha d\u00e1 a sua opini\u00e3o sobre protestos da torcida do Flamengo\",\"datePublished\":\"2023-03-09T04:02:12+00:00\",\"dateModified\":\"2023-03-09T04:02:14+00:00\",\"mainEntityOfPage\":{\"@id\":\"https:\/\/www.gaveanews.com\/index.php\/2023\/03\/09\/everton-cebolinha-da-a-sua-opiniao-sobre-protestos-da-torcida-do-flamengo\/\"},\"wordCount\":315,\"commentCount\":0,\"image\":{\"@id\":\"https:\/\/www.gaveanews.com\/index.php\/2023\/03\/09\/everton-cebolinha-da-a-sua-opiniao-sobre-protestos-da-torcida-do-flamengo\/#primaryimage\"},\"thumbnailUrl\":\"https:\/\/www.gaveanews.com\/wp-content\/uploads\/Cebolinha-em-acao-pelo-Flamengo-durante-o-jogo-contra-o-Fluminense-pelo-Brasileirao-de-2022.webp\",\"articleSection\":[\"Flamengo\"],\"inLanguage\":\"pt-BR\",\"potentialAction\":[{\"@type\":\"CommentAction\",\"name\":\"Comment\",\"target\":[\"https:\/\/www.gaveanews.com\/index.php\/2023\/03\/09\/everton-cebolinha-da-a-sua-opiniao-sobre-protestos-da-torcida-do-flamengo\/#respond\"]}],\"copyrightYear\":\"2023\",\"copyrightHolder\":{\"@id\":\"https:\/\/www.gaveanews.com\/#organization\"}},{\"@type\":\"WebPage\",\"@id\":\"https:\/\/www.gaveanews.com\/index.php\/2023\/03\/09\/everton-cebolinha-da-a-sua-opiniao-sobre-protestos-da-torcida-do-flamengo\/\",\"url\":\"https:\/\/www.gaveanews.com\/index.php\/2023\/03\/09\/everton-cebolinha-da-a-sua-opiniao-sobre-protestos-da-torcida-do-flamengo\/\",\"name\":\"Everton Cebolinha d\u00e1 a sua opini\u00e3o sobre protestos da torcida do Flamengo\",\"isPartOf\":{\"@id\":\"https:\/\/www.gaveanews.com\/#website\"},\"primaryImageOfPage\":{\"@id\":\"https:\/\/www.gaveanews.com\/index.php\/2023\/03\/09\/everton-cebolinha-da-a-sua-opiniao-sobre-protestos-da-torcida-do-flamengo\/#primaryimage\"},\"image\":{\"@id\":\"https:\/\/www.gaveanews.com\/index.php\/2023\/03\/09\/everton-cebolinha-da-a-sua-opiniao-sobre-protestos-da-torcida-do-flamengo\/#primaryimage\"},\"thumbnailUrl\":\"https:\/\/www.gaveanews.com\/wp-content\/uploads\/Cebolinha-em-acao-pelo-Flamengo-durante-o-jogo-contra-o-Fluminense-pelo-Brasileirao-de-2022.webp\",\"datePublished\":\"2023-03-09T04:02:12+00:00\",\"dateModified\":\"2023-03-09T04:02:14+00:00\",\"author\":{\"@id\":\"https:\/\/www.gaveanews.com\/#\/schema\/person\/2ec14f73fb96be2caf28f91afb14749d\"},\"breadcrumb\":{\"@id\":\"https:\/\/www.gaveanews.com\/index.php\/2023\/03\/09\/everton-cebolinha-da-a-sua-opiniao-sobre-protestos-da-torcida-do-flamengo\/#breadcrumb\"},\"inLanguage\":\"pt-BR\",\"potentialAction\":[{\"@type\":\"ReadAction\",\"target\":[\"https:\/\/www.gaveanews.com\/index.php\/2023\/03\/09\/everton-cebolinha-da-a-sua-opiniao-sobre-protestos-da-torcida-do-flamengo\/\"]}]},{\"@type\":\"ImageObject\",\"inLanguage\":\"pt-BR\",\"@id\":\"https:\/\/www.gaveanews.com\/index.php\/2023\/03\/09\/everton-cebolinha-da-a-sua-opiniao-sobre-protestos-da-torcida-do-flamengo\/#primaryimage\",\"url\":\"https:\/\/www.gaveanews.com\/wp-content\/uploads\/Cebolinha-em-acao-pelo-Flamengo-durante-o-jogo-contra-o-Fluminense-pelo-Brasileirao-de-2022.webp\",\"contentUrl\":\"https:\/\/www.gaveanews.com\/wp-content\/uploads\/Cebolinha-em-acao-pelo-Flamengo-durante-o-jogo-contra-o-Fluminense-pelo-Brasileirao-de-2022.webp\",\"width\":800,\"height\":533,\"caption\":\"Cebolinha em a\u00e7\u00e3o pelo Flamengo durante o jogo contra o Fluminense pelo Brasileir\u00e3o de 2022 (Foto: Reprodu\u00e7\u00e3o\/Flamengo)\"},{\"@type\":\"BreadcrumbList\",\"@id\":\"https:\/\/www.gaveanews.com\/index.php\/2023\/03\/09\/everton-cebolinha-da-a-sua-opiniao-sobre-protestos-da-torcida-do-flamengo\/#breadcrumb\",\"itemListElement\":[{\"@type\":\"ListItem\",\"position\":1,\"name\":\"Home\",\"item\":\"https:\/\/www.gaveanews.com\/\"},{\"@type\":\"ListItem\",\"position\":2,\"name\":\"Everton Cebolinha d\u00e1 a sua opini\u00e3o sobre protestos da torcida do Flamengo\"}]},{\"@type\":\"WebSite\",\"@id\":\"https:\/\/www.gaveanews.com\/#website\",\"url\":\"https:\/\/www.gaveanews.com\/\",\"name\":\"G\u00e1vea News\",\"description\":\"Veja todas as not\u00edcias sobre o Flamengo: Contrata\u00e7\u00f5es, categorias de base, resultados das partidas, tabela de classifica\u00e7\u00e3o, pr\u00f3ximos jogos!\",\"potentialAction\":[{\"@type\":\"SearchAction\",\"target\":{\"@type\":\"EntryPoint\",\"urlTemplate\":\"https:\/\/www.gaveanews.com\/?s={search_term_string}\"},\"query-input\":{\"@type\":\"PropertyValueSpecification\",\"valueRequired\":true,\"valueName\":\"search_term_string\"}}],\"inLanguage\":\"pt-BR\"},{\"@type\":\"Person\",\"@id\":\"https:\/\/www.gaveanews.com\/#\/schema\/person\/2ec14f73fb96be2caf28f91afb14749d\",\"name\":\"Equipe G\u00e1vea News\",\"image\":{\"@type\":\"ImageObject\",\"inLanguage\":\"pt-BR\",\"@id\":\"https:\/\/www.gaveanews.com\/#\/schema\/person\/image\/\",\"url\":\"https:\/\/secure.gravatar.com\/avatar\/1e1956f1facbffd3f8fa53a326721950116b3b9dc9bd44939c01180fd4a745a9?s=96&d=mm&r=g\",\"contentUrl\":\"https:\/\/secure.gravatar.com\/avatar\/1e1956f1facbffd3f8fa53a326721950116b3b9dc9bd44939c01180fd4a745a9?s=96&d=mm&r=g\",\"caption\":\"Equipe G\u00e1vea News\"}}]}<\/script>\n<!-- \/ Yoast SEO Premium plugin. -->","yoast_head_json":{"title":"Everton Cebolinha d\u00e1 a sua opini\u00e3o sobre protestos da torcida do Flamengo","robots":{"index":"index","follow":"follow","max-snippet":"max-snippet:-1","max-image-preview":"max-image-preview:large","max-video-preview":"max-video-preview:-1"},"canonical":"https:\/\/www.gaveanews.com\/index.php\/2023\/03\/09\/everton-cebolinha-da-a-sua-opiniao-sobre-protestos-da-torcida-do-flamengo\/","og_locale":"pt_BR","og_type":"article","og_title":"Everton Cebolinha d\u00e1 a sua opini\u00e3o sobre protestos da torcida do Flamengo","og_description":"Autor do gol do Flamengo na derrota para o Fluminense por 2 a 1, Everton Cebolinha foi o \u00fanico jogador rubro-negro a falar na zona mista do Maracan\u00e3. Ele disse entender as cobran\u00e7as que a torcida t\u00eam feito ap\u00f3s a sequ\u00eancia de fracassos na Supercopa do Brasil, no Mundial de Clubes, na Recopa Sul-Americana e [&hellip;]","og_url":"https:\/\/www.gaveanews.com\/index.php\/2023\/03\/09\/everton-cebolinha-da-a-sua-opiniao-sobre-protestos-da-torcida-do-flamengo\/","og_site_name":"G\u00e1vea News","article_publisher":"https:\/\/facebook.com\/gaveaNews\/","article_published_time":"2023-03-09T04:02:12+00:00","article_modified_time":"2023-03-09T04:02:14+00:00","og_image":[{"width":800,"height":533,"url":"https:\/\/www.gaveanews.com\/wp-content\/uploads\/Cebolinha-em-acao-pelo-Flamengo-durante-o-jogo-contra-o-Fluminense-pelo-Brasileirao-de-2022.webp","type":"image\/jpeg"}],"author":"Equipe G\u00e1vea News","twitter_card":"summary_large_image","twitter_misc":{"Escrito por":"Equipe G\u00e1vea News","Est. tempo de leitura":"2 minutos"},"schema":{"@context":"https:\/\/schema.org","@graph":[{"@type":"NewsArticle","@id":"https:\/\/www.gaveanews.com\/index.php\/2023\/03\/09\/everton-cebolinha-da-a-sua-opiniao-sobre-protestos-da-torcida-do-flamengo\/#article","isPartOf":{"@id":"https:\/\/www.gaveanews.com\/index.php\/2023\/03\/09\/everton-cebolinha-da-a-sua-opiniao-sobre-protestos-da-torcida-do-flamengo\/"},"author":{"name":"Equipe G\u00e1vea News","@id":"https:\/\/www.gaveanews.com\/#\/schema\/person\/2ec14f73fb96be2caf28f91afb14749d"},"headline":"Everton Cebolinha d\u00e1 a sua opini\u00e3o sobre protestos da torcida do Flamengo","datePublished":"2023-03-09T04:02:12+00:00","dateModified":"2023-03-09T04:02:14+00:00","mainEntityOfPage":{"@id":"https:\/\/www.gaveanews.com\/index.php\/2023\/03\/09\/everton-cebolinha-da-a-sua-opiniao-sobre-protestos-da-torcida-do-flamengo\/"},"wordCount":315,"commentCount":0,"image":{"@id":"https:\/\/www.gaveanews.com\/index.php\/2023\/03\/09\/everton-cebolinha-da-a-sua-opiniao-sobre-protestos-da-torcida-do-flamengo\/#primaryimage"},"thumbnailUrl":"https:\/\/www.gaveanews.com\/wp-content\/uploads\/Cebolinha-em-acao-pelo-Flamengo-durante-o-jogo-contra-o-Fluminense-pelo-Brasileirao-de-2022.webp","articleSection":["Flamengo"],"inLanguage":"pt-BR","potentialAction":[{"@type":"CommentAction","name":"Comment","target":["https:\/\/www.gaveanews.com\/index.php\/2023\/03\/09\/everton-cebolinha-da-a-sua-opiniao-sobre-protestos-da-torcida-do-flamengo\/#respond"]}],"copyrightYear":"2023","copyrightHolder":{"@id":"https:\/\/www.gaveanews.com\/#organization"}},{"@type":"WebPage","@id":"https:\/\/www.gaveanews.com\/index.php\/2023\/03\/09\/everton-cebolinha-da-a-sua-opiniao-sobre-protestos-da-torcida-do-flamengo\/","url":"https:\/\/www.gaveanews.com\/index.php\/2023\/03\/09\/everton-cebolinha-da-a-sua-opiniao-sobre-protestos-da-torcida-do-flamengo\/","name":"Everton Cebolinha d\u00e1 a sua opini\u00e3o sobre protestos da torcida do Flamengo","isPartOf":{"@id":"https:\/\/www.gaveanews.com\/#website"},"primaryImageOfPage":{"@id":"https:\/\/www.gaveanews.com\/index.php\/2023\/03\/09\/everton-cebolinha-da-a-sua-opiniao-sobre-protestos-da-torcida-do-flamengo\/#primaryimage"},"image":{"@id":"https:\/\/www.gaveanews.com\/index.php\/2023\/03\/09\/everton-cebolinha-da-a-sua-opiniao-sobre-protestos-da-torcida-do-flamengo\/#primaryimage"},"thumbnailUrl":"https:\/\/www.gaveanews.com\/wp-content\/uploads\/Cebolinha-em-acao-pelo-Flamengo-durante-o-jogo-contra-o-Fluminense-pelo-Brasileirao-de-2022.webp","datePublished":"2023-03-09T04:02:12+00:00","dateModified":"2023-03-09T04:02:14+00:00","author":{"@id":"https:\/\/www.gaveanews.com\/#\/schema\/person\/2ec14f73fb96be2caf28f91afb14749d"},"breadcrumb":{"@id":"https:\/\/www.gaveanews.com\/index.php\/2023\/03\/09\/everton-cebolinha-da-a-sua-opiniao-sobre-protestos-da-torcida-do-flamengo\/#breadcrumb"},"inLanguage":"pt-BR","potentialAction":[{"@type":"ReadAction","target":["https:\/\/www.gaveanews.com\/index.php\/2023\/03\/09\/everton-cebolinha-da-a-sua-opiniao-sobre-protestos-da-torcida-do-flamengo\/"]}]},{"@type":"ImageObject","inLanguage":"pt-BR","@id":"https:\/\/www.gaveanews.com\/index.php\/2023\/03\/09\/everton-cebolinha-da-a-sua-opiniao-sobre-protestos-da-torcida-do-flamengo\/#primaryimage","url":"https:\/\/www.gaveanews.com\/wp-content\/uploads\/Cebolinha-em-acao-pelo-Flamengo-durante-o-jogo-contra-o-Fluminense-pelo-Brasileirao-de-2022.webp","contentUrl":"https:\/\/www.gaveanews.com\/wp-content\/uploads\/Cebolinha-em-acao-pelo-Flamengo-durante-o-jogo-contra-o-Fluminense-pelo-Brasileirao-de-2022.webp","width":800,"height":533,"caption":"Cebolinha em a\u00e7\u00e3o pelo Flamengo durante o jogo contra o Fluminense pelo Brasileir\u00e3o de 2022 (Foto: Reprodu\u00e7\u00e3o\/Flamengo)"},{"@type":"BreadcrumbList","@id":"https:\/\/www.gaveanews.com\/index.php\/2023\/03\/09\/everton-cebolinha-da-a-sua-opiniao-sobre-protestos-da-torcida-do-flamengo\/#breadcrumb","itemListElement":[{"@type":"ListItem","position":1,"name":"Home","item":"https:\/\/www.gaveanews.com\/"},{"@type":"ListItem","position":2,"name":"Everton Cebolinha d\u00e1 a sua opini\u00e3o sobre protestos da torcida do Flamengo"}]},{"@type":"WebSite","@id":"https:\/\/www.gaveanews.com\/#website","url":"https:\/\/www.gaveanews.com\/","name":"G\u00e1vea News","description":"Veja todas as not\u00edcias sobre o Flamengo: Contrata\u00e7\u00f5es, categorias de base, resultados das partidas, tabela de classifica\u00e7\u00e3o, pr\u00f3ximos jogos!","potentialAction":[{"@type":"SearchAction","target":{"@type":"EntryPoint","urlTemplate":"https:\/\/www.gaveanews.com\/?s={search_term_string}"},"query-input":{"@type":"PropertyValueSpecification","valueRequired":true,"valueName":"search_term_string"}}],"inLanguage":"pt-BR"},{"@type":"Person","@id":"https:\/\/www.gaveanews.com\/#\/schema\/person\/2ec14f73fb96be2caf28f91afb14749d","name":"Equipe G\u00e1vea News","image":{"@type":"ImageObject","inLanguage":"pt-BR","@id":"https:\/\/www.gaveanews.com\/#\/schema\/person\/image\/","url":"https:\/\/secure.gravatar.com\/avatar\/1e1956f1facbffd3f8fa53a326721950116b3b9dc9bd44939c01180fd4a745a9?s=96&d=mm&r=g","contentUrl":"https:\/\/secure.gravatar.com\/avatar\/1e1956f1facbffd3f8fa53a326721950116b3b9dc9bd44939c01180fd4a745a9?s=96&d=mm&r=g","caption":"Equipe G\u00e1vea News"}}]}},"_links":{"self":[{"href":"https:\/\/www.gaveanews.com\/index.php\/wp-json\/wp\/v2\/posts\/95131","targetHints":{"allow":["GET"]}}],"collection":[{"href":"https:\/\/www.gaveanews.com\/index.php\/wp-json\/wp\/v2\/posts"}],"about":[{"href":"https:\/\/www.gaveanews.com\/index.php\/wp-json\/wp\/v2\/types\/post"}],"author":[{"embeddable":true,"href":"https:\/\/www.gaveanews.com\/index.php\/wp-json\/wp\/v2\/users\/1"}],"replies":[{"embeddable":true,"href":"https:\/\/www.gaveanews.com\/index.php\/wp-json\/wp\/v2\/comments?post=95131"}],"version-history":[{"count":0,"href":"https:\/\/www.gaveanews.com\/index.php\/wp-json\/wp\/v2\/posts\/95131\/revisions"}],"wp:featuredmedia":[{"embeddable":true,"href":"https:\/\/www.gaveanews.com\/index.php\/wp-json\/wp\/v2\/media\/87666"}],"wp:attachment":[{"href":"https:\/\/www.gaveanews.com\/index.php\/wp-json\/wp\/v2\/media?parent=95131"}],"wp:term":[{"taxonomy":"category","embeddable":true,"href":"https:\/\/www.gaveanews.com\/index.php\/wp-json\/wp\/v2\/categories?post=95131"},{"taxonomy":"post_tag","embeddable":true,"href":"https:\/\/www.gaveanews.com\/index.php\/wp-json\/wp\/v2\/tags?post=95131"}],"curies":[{"name":"wp","href":"https:\/\/api.w.org\/{rel}","templated":true}]}}