{"id":95136,"date":"2023-03-09T09:39:21","date_gmt":"2023-03-09T12:39:21","guid":{"rendered":"https:\/\/www.gaveanews.com\/?p=95136"},"modified":"2023-03-09T09:39:23","modified_gmt":"2023-03-09T12:39:23","slug":"everton-cebolinha-vive-bom-momento-apesar-de-quedas-do-flamengo","status":"publish","type":"post","link":"https:\/\/www.gaveanews.com\/index.php\/2023\/03\/09\/everton-cebolinha-vive-bom-momento-apesar-de-quedas-do-flamengo\/","title":{"rendered":"Everton Cebolinha vive bom momento, apesar de quedas do Flamengo"},"content":{"rendered":"\n<p>O in\u00edcio de Everton Cebolinha com um gola\u00e7o no Fla x Flu encheu os rubro-negros de esperan\u00e7a, nesta quarta-feira. O jogador fez uma boa partida atuando como ala, mas viu a equipe cair de rendimento e perder o t\u00edtulo da Ta\u00e7a Guanabara para os rivais.<\/p>\n\n\n\n<p>Ao fim da partida, o atacante destacou o empenho da equipe na primeira etapa, mas admitiu a queda na intensidade, que resultou na vit\u00f3ria do Fluminense por 2 a 1, no Maracan\u00e3.<\/p>\n\n\n\n<p><em>\u2014 O professor cobrou muita intensidade. No primeiro tempo, a gente conseguiu colocar em pr\u00e1tica, principalmente marcando a sa\u00edda de bola do Fluminense, a gente sabe as caracter\u00edsticas do time deles, com toque de bola, e conseguimos marcar bem. Infelizmente, na segunda parte, a gente n\u00e3o conseguiu ter a mesma vol\u00fapia e sofremos gols em bolas isoladas<\/em> &#8211; afirmou o atacante.<\/p>\n\n\n\n<p>Em uma nova forma\u00e7\u00e3o proposta por V\u00edtor Pereira, Cebolinha teve de jogar como um ala-esquerdo com maior responsabilidade defensiva. Mesmo &#8220;fora de posi\u00e7\u00e3o&#8221;, o jogador foi um dos melhores rubro-negros em campo e fez um gola\u00e7o aos 19 minutos do primeiro tempo. Em uma bela jogada, ele aplicou uma caneta em Samuel Xavier na ponta esquerda, invadiu a \u00e1rea, driblou Nino e bateu rasteiro para marcar.<\/p>\n\n\n\n<p>O gola\u00e7o s\u00f3 refor\u00e7a o bom momento vivido pelo atacante neste in\u00edcio de temporada. Ele \u00e9 o jogador do elenco com mais partidas no ano, ao todo foram 14. Os dribles, como os que ele aplicou no gol tampouco s\u00e3o isolados. Segundo o Footstats, ele \u00e9 o principal driblador da competi\u00e7\u00e3o com 19 aplicados &#8211; 7 a mais que Luciano Naninho, que vem na sequ\u00eancia.<\/p>\n\n\n\n<p>Apesar do momento individual, o jogador sente o peso das quedas recentes do Flamengo, mas demonstra apoio ao t\u00e9cnico V\u00edtor Pereira, de quem tem recebido oportunidades.<\/p>\n\n\n\n<p><em>\u2014 Fico muito chateado pelos resultados negativos, foram quatro decis\u00f5es sem \u00eaxito. Agora a gente tem que trabalhar. Fizemos um excelente primeiro tempo, mas no segundo n\u00e3o conseguimos manter. \u00c9 trabalhar, consertar os erros, a gente sabe da cobran\u00e7a, tamb\u00e9m temos autocobran\u00e7a, e precisamos colocar em pr\u00e1tica para o domingo, que \u00e9 uma outra decis\u00e3o. O V\u00edtor tem preparado todo mundo, tem dado rodagem ao elenco. Hoje ele optou por mexer em algumas pe\u00e7as. O primeiro tempo teve muita intensidade, mas n\u00e3o conseguimos manter.<\/em><\/p>\n\n\n\n<p>Agora, o Flamengo jogar\u00e1 a primeira partida da semifinal do Carioca, mas ainda aguarda o advers\u00e1rio.<\/p>\n\n\n\n<p>Retirado de: Globo Esporte<\/p>\n","protected":false},"excerpt":{"rendered":"<p>O in\u00edcio de Everton Cebolinha com um gola\u00e7o no Fla x Flu encheu os rubro-negros de esperan\u00e7a, nesta quarta-feira. O jogador fez uma boa partida atuando como ala, mas viu a equipe cair de rendimento e perder o t\u00edtulo da Ta\u00e7a Guanabara para os rivais. Ao fim da partida, o atacante destacou o empenho da [&hellip;]<\/p>\n","protected":false},"author":1,"featured_media":93439,"comment_status":"open","ping_status":"closed","sticky":false,"template":"","format":"standard","meta":{"footnotes":""},"categories":[1],"tags":[],"class_list":["post-95136","post","type-post","status-publish","format-standard","has-post-thumbnail","hentry","category-flamengo"],"yoast_head":"<!-- This site is optimized with the Yoast SEO Premium plugin v24.2 (Yoast SEO v26.9) - https:\/\/yoast.com\/product\/yoast-seo-premium-wordpress\/ -->\n<title>Everton Cebolinha vive bom momento, apesar de quedas do Flamengo<\/title>\n<meta name=\"robots\" content=\"index, follow, max-snippet:-1, max-image-preview:large, max-video-preview:-1\" \/>\n<link rel=\"canonical\" href=\"https:\/\/www.gaveanews.com\/index.php\/2023\/03\/09\/everton-cebolinha-vive-bom-momento-apesar-de-quedas-do-flamengo\/\" \/>\n<meta property=\"og:locale\" content=\"pt_BR\" \/>\n<meta property=\"og:type\" content=\"article\" \/>\n<meta property=\"og:title\" content=\"Everton Cebolinha vive bom momento, apesar de quedas do Flamengo\" \/>\n<meta property=\"og:description\" content=\"O in\u00edcio de Everton Cebolinha com um gola\u00e7o no Fla x Flu encheu os rubro-negros de esperan\u00e7a, nesta quarta-feira. O jogador fez uma boa partida atuando como ala, mas viu a equipe cair de rendimento e perder o t\u00edtulo da Ta\u00e7a Guanabara para os rivais. Ao fim da partida, o atacante destacou o empenho da [&hellip;]\" \/>\n<meta property=\"og:url\" content=\"https:\/\/www.gaveanews.com\/index.php\/2023\/03\/09\/everton-cebolinha-vive-bom-momento-apesar-de-quedas-do-flamengo\/\" \/>\n<meta property=\"og:site_name\" content=\"G\u00e1vea News\" \/>\n<meta property=\"article:publisher\" content=\"https:\/\/facebook.com\/gaveaNews\/\" \/>\n<meta property=\"article:published_time\" content=\"2023-03-09T12:39:21+00:00\" \/>\n<meta property=\"article:modified_time\" content=\"2023-03-09T12:39:23+00:00\" \/>\n<meta property=\"og:image\" content=\"https:\/\/www.gaveanews.com\/wp-content\/uploads\/everton-cebolinha-flamengo-nova-iguacu.webp\" \/>\n\t<meta property=\"og:image:width\" content=\"680\" \/>\n\t<meta property=\"og:image:height\" content=\"453\" \/>\n\t<meta property=\"og:image:type\" content=\"image\/jpeg\" \/>\n<meta name=\"author\" content=\"Equipe G\u00e1vea News\" \/>\n<meta name=\"twitter:card\" content=\"summary_large_image\" \/>\n<meta name=\"twitter:label1\" content=\"Escrito por\" \/>\n\t<meta name=\"twitter:data1\" content=\"Equipe G\u00e1vea News\" \/>\n\t<meta name=\"twitter:label2\" content=\"Est. tempo de leitura\" \/>\n\t<meta name=\"twitter:data2\" content=\"3 minutos\" \/>\n<script type=\"application\/ld+json\" class=\"yoast-schema-graph\">{\"@context\":\"https:\/\/schema.org\",\"@graph\":[{\"@type\":\"NewsArticle\",\"@id\":\"https:\/\/www.gaveanews.com\/index.php\/2023\/03\/09\/everton-cebolinha-vive-bom-momento-apesar-de-quedas-do-flamengo\/#article\",\"isPartOf\":{\"@id\":\"https:\/\/www.gaveanews.com\/index.php\/2023\/03\/09\/everton-cebolinha-vive-bom-momento-apesar-de-quedas-do-flamengo\/\"},\"author\":{\"name\":\"Equipe G\u00e1vea News\",\"@id\":\"https:\/\/www.gaveanews.com\/#\/schema\/person\/2ec14f73fb96be2caf28f91afb14749d\"},\"headline\":\"Everton Cebolinha vive bom momento, apesar de quedas do Flamengo\",\"datePublished\":\"2023-03-09T12:39:21+00:00\",\"dateModified\":\"2023-03-09T12:39:23+00:00\",\"mainEntityOfPage\":{\"@id\":\"https:\/\/www.gaveanews.com\/index.php\/2023\/03\/09\/everton-cebolinha-vive-bom-momento-apesar-de-quedas-do-flamengo\/\"},\"wordCount\":431,\"commentCount\":0,\"image\":{\"@id\":\"https:\/\/www.gaveanews.com\/index.php\/2023\/03\/09\/everton-cebolinha-vive-bom-momento-apesar-de-quedas-do-flamengo\/#primaryimage\"},\"thumbnailUrl\":\"https:\/\/www.gaveanews.com\/wp-content\/uploads\/everton-cebolinha-flamengo-nova-iguacu.webp\",\"articleSection\":[\"Flamengo\"],\"inLanguage\":\"pt-BR\",\"potentialAction\":[{\"@type\":\"CommentAction\",\"name\":\"Comment\",\"target\":[\"https:\/\/www.gaveanews.com\/index.php\/2023\/03\/09\/everton-cebolinha-vive-bom-momento-apesar-de-quedas-do-flamengo\/#respond\"]}],\"copyrightYear\":\"2023\",\"copyrightHolder\":{\"@id\":\"https:\/\/www.gaveanews.com\/#organization\"}},{\"@type\":\"WebPage\",\"@id\":\"https:\/\/www.gaveanews.com\/index.php\/2023\/03\/09\/everton-cebolinha-vive-bom-momento-apesar-de-quedas-do-flamengo\/\",\"url\":\"https:\/\/www.gaveanews.com\/index.php\/2023\/03\/09\/everton-cebolinha-vive-bom-momento-apesar-de-quedas-do-flamengo\/\",\"name\":\"Everton Cebolinha vive bom momento, apesar de quedas do Flamengo\",\"isPartOf\":{\"@id\":\"https:\/\/www.gaveanews.com\/#website\"},\"primaryImageOfPage\":{\"@id\":\"https:\/\/www.gaveanews.com\/index.php\/2023\/03\/09\/everton-cebolinha-vive-bom-momento-apesar-de-quedas-do-flamengo\/#primaryimage\"},\"image\":{\"@id\":\"https:\/\/www.gaveanews.com\/index.php\/2023\/03\/09\/everton-cebolinha-vive-bom-momento-apesar-de-quedas-do-flamengo\/#primaryimage\"},\"thumbnailUrl\":\"https:\/\/www.gaveanews.com\/wp-content\/uploads\/everton-cebolinha-flamengo-nova-iguacu.webp\",\"datePublished\":\"2023-03-09T12:39:21+00:00\",\"dateModified\":\"2023-03-09T12:39:23+00:00\",\"author\":{\"@id\":\"https:\/\/www.gaveanews.com\/#\/schema\/person\/2ec14f73fb96be2caf28f91afb14749d\"},\"breadcrumb\":{\"@id\":\"https:\/\/www.gaveanews.com\/index.php\/2023\/03\/09\/everton-cebolinha-vive-bom-momento-apesar-de-quedas-do-flamengo\/#breadcrumb\"},\"inLanguage\":\"pt-BR\",\"potentialAction\":[{\"@type\":\"ReadAction\",\"target\":[\"https:\/\/www.gaveanews.com\/index.php\/2023\/03\/09\/everton-cebolinha-vive-bom-momento-apesar-de-quedas-do-flamengo\/\"]}]},{\"@type\":\"ImageObject\",\"inLanguage\":\"pt-BR\",\"@id\":\"https:\/\/www.gaveanews.com\/index.php\/2023\/03\/09\/everton-cebolinha-vive-bom-momento-apesar-de-quedas-do-flamengo\/#primaryimage\",\"url\":\"https:\/\/www.gaveanews.com\/wp-content\/uploads\/everton-cebolinha-flamengo-nova-iguacu.webp\",\"contentUrl\":\"https:\/\/www.gaveanews.com\/wp-content\/uploads\/everton-cebolinha-flamengo-nova-iguacu.webp\",\"width\":680,\"height\":453,\"caption\":\"Everton Cebolinha em a\u00e7\u00e3o contra o Nova Igua\u00e7u pelo Campeonato Carioca (Foto: Marcelo Cortes\/Flamengo)\"},{\"@type\":\"BreadcrumbList\",\"@id\":\"https:\/\/www.gaveanews.com\/index.php\/2023\/03\/09\/everton-cebolinha-vive-bom-momento-apesar-de-quedas-do-flamengo\/#breadcrumb\",\"itemListElement\":[{\"@type\":\"ListItem\",\"position\":1,\"name\":\"Home\",\"item\":\"https:\/\/www.gaveanews.com\/\"},{\"@type\":\"ListItem\",\"position\":2,\"name\":\"Everton Cebolinha vive bom momento, apesar de quedas do Flamengo\"}]},{\"@type\":\"WebSite\",\"@id\":\"https:\/\/www.gaveanews.com\/#website\",\"url\":\"https:\/\/www.gaveanews.com\/\",\"name\":\"G\u00e1vea News\",\"description\":\"Veja todas as not\u00edcias sobre o Flamengo: Contrata\u00e7\u00f5es, categorias de base, resultados das partidas, tabela de classifica\u00e7\u00e3o, pr\u00f3ximos jogos!\",\"potentialAction\":[{\"@type\":\"SearchAction\",\"target\":{\"@type\":\"EntryPoint\",\"urlTemplate\":\"https:\/\/www.gaveanews.com\/?s={search_term_string}\"},\"query-input\":{\"@type\":\"PropertyValueSpecification\",\"valueRequired\":true,\"valueName\":\"search_term_string\"}}],\"inLanguage\":\"pt-BR\"},{\"@type\":\"Person\",\"@id\":\"https:\/\/www.gaveanews.com\/#\/schema\/person\/2ec14f73fb96be2caf28f91afb14749d\",\"name\":\"Equipe G\u00e1vea News\",\"image\":{\"@type\":\"ImageObject\",\"inLanguage\":\"pt-BR\",\"@id\":\"https:\/\/www.gaveanews.com\/#\/schema\/person\/image\/\",\"url\":\"https:\/\/secure.gravatar.com\/avatar\/1e1956f1facbffd3f8fa53a326721950116b3b9dc9bd44939c01180fd4a745a9?s=96&d=mm&r=g\",\"contentUrl\":\"https:\/\/secure.gravatar.com\/avatar\/1e1956f1facbffd3f8fa53a326721950116b3b9dc9bd44939c01180fd4a745a9?s=96&d=mm&r=g\",\"caption\":\"Equipe G\u00e1vea News\"}}]}<\/script>\n<!-- \/ Yoast SEO Premium plugin. -->","yoast_head_json":{"title":"Everton Cebolinha vive bom momento, apesar de quedas do Flamengo","robots":{"index":"index","follow":"follow","max-snippet":"max-snippet:-1","max-image-preview":"max-image-preview:large","max-video-preview":"max-video-preview:-1"},"canonical":"https:\/\/www.gaveanews.com\/index.php\/2023\/03\/09\/everton-cebolinha-vive-bom-momento-apesar-de-quedas-do-flamengo\/","og_locale":"pt_BR","og_type":"article","og_title":"Everton Cebolinha vive bom momento, apesar de quedas do Flamengo","og_description":"O in\u00edcio de Everton Cebolinha com um gola\u00e7o no Fla x Flu encheu os rubro-negros de esperan\u00e7a, nesta quarta-feira. O jogador fez uma boa partida atuando como ala, mas viu a equipe cair de rendimento e perder o t\u00edtulo da Ta\u00e7a Guanabara para os rivais. Ao fim da partida, o atacante destacou o empenho da [&hellip;]","og_url":"https:\/\/www.gaveanews.com\/index.php\/2023\/03\/09\/everton-cebolinha-vive-bom-momento-apesar-de-quedas-do-flamengo\/","og_site_name":"G\u00e1vea News","article_publisher":"https:\/\/facebook.com\/gaveaNews\/","article_published_time":"2023-03-09T12:39:21+00:00","article_modified_time":"2023-03-09T12:39:23+00:00","og_image":[{"width":680,"height":453,"url":"https:\/\/www.gaveanews.com\/wp-content\/uploads\/everton-cebolinha-flamengo-nova-iguacu.webp","type":"image\/jpeg"}],"author":"Equipe G\u00e1vea News","twitter_card":"summary_large_image","twitter_misc":{"Escrito por":"Equipe G\u00e1vea News","Est. tempo de leitura":"3 minutos"},"schema":{"@context":"https:\/\/schema.org","@graph":[{"@type":"NewsArticle","@id":"https:\/\/www.gaveanews.com\/index.php\/2023\/03\/09\/everton-cebolinha-vive-bom-momento-apesar-de-quedas-do-flamengo\/#article","isPartOf":{"@id":"https:\/\/www.gaveanews.com\/index.php\/2023\/03\/09\/everton-cebolinha-vive-bom-momento-apesar-de-quedas-do-flamengo\/"},"author":{"name":"Equipe G\u00e1vea News","@id":"https:\/\/www.gaveanews.com\/#\/schema\/person\/2ec14f73fb96be2caf28f91afb14749d"},"headline":"Everton Cebolinha vive bom momento, apesar de quedas do Flamengo","datePublished":"2023-03-09T12:39:21+00:00","dateModified":"2023-03-09T12:39:23+00:00","mainEntityOfPage":{"@id":"https:\/\/www.gaveanews.com\/index.php\/2023\/03\/09\/everton-cebolinha-vive-bom-momento-apesar-de-quedas-do-flamengo\/"},"wordCount":431,"commentCount":0,"image":{"@id":"https:\/\/www.gaveanews.com\/index.php\/2023\/03\/09\/everton-cebolinha-vive-bom-momento-apesar-de-quedas-do-flamengo\/#primaryimage"},"thumbnailUrl":"https:\/\/www.gaveanews.com\/wp-content\/uploads\/everton-cebolinha-flamengo-nova-iguacu.webp","articleSection":["Flamengo"],"inLanguage":"pt-BR","potentialAction":[{"@type":"CommentAction","name":"Comment","target":["https:\/\/www.gaveanews.com\/index.php\/2023\/03\/09\/everton-cebolinha-vive-bom-momento-apesar-de-quedas-do-flamengo\/#respond"]}],"copyrightYear":"2023","copyrightHolder":{"@id":"https:\/\/www.gaveanews.com\/#organization"}},{"@type":"WebPage","@id":"https:\/\/www.gaveanews.com\/index.php\/2023\/03\/09\/everton-cebolinha-vive-bom-momento-apesar-de-quedas-do-flamengo\/","url":"https:\/\/www.gaveanews.com\/index.php\/2023\/03\/09\/everton-cebolinha-vive-bom-momento-apesar-de-quedas-do-flamengo\/","name":"Everton Cebolinha vive bom momento, apesar de quedas do Flamengo","isPartOf":{"@id":"https:\/\/www.gaveanews.com\/#website"},"primaryImageOfPage":{"@id":"https:\/\/www.gaveanews.com\/index.php\/2023\/03\/09\/everton-cebolinha-vive-bom-momento-apesar-de-quedas-do-flamengo\/#primaryimage"},"image":{"@id":"https:\/\/www.gaveanews.com\/index.php\/2023\/03\/09\/everton-cebolinha-vive-bom-momento-apesar-de-quedas-do-flamengo\/#primaryimage"},"thumbnailUrl":"https:\/\/www.gaveanews.com\/wp-content\/uploads\/everton-cebolinha-flamengo-nova-iguacu.webp","datePublished":"2023-03-09T12:39:21+00:00","dateModified":"2023-03-09T12:39:23+00:00","author":{"@id":"https:\/\/www.gaveanews.com\/#\/schema\/person\/2ec14f73fb96be2caf28f91afb14749d"},"breadcrumb":{"@id":"https:\/\/www.gaveanews.com\/index.php\/2023\/03\/09\/everton-cebolinha-vive-bom-momento-apesar-de-quedas-do-flamengo\/#breadcrumb"},"inLanguage":"pt-BR","potentialAction":[{"@type":"ReadAction","target":["https:\/\/www.gaveanews.com\/index.php\/2023\/03\/09\/everton-cebolinha-vive-bom-momento-apesar-de-quedas-do-flamengo\/"]}]},{"@type":"ImageObject","inLanguage":"pt-BR","@id":"https:\/\/www.gaveanews.com\/index.php\/2023\/03\/09\/everton-cebolinha-vive-bom-momento-apesar-de-quedas-do-flamengo\/#primaryimage","url":"https:\/\/www.gaveanews.com\/wp-content\/uploads\/everton-cebolinha-flamengo-nova-iguacu.webp","contentUrl":"https:\/\/www.gaveanews.com\/wp-content\/uploads\/everton-cebolinha-flamengo-nova-iguacu.webp","width":680,"height":453,"caption":"Everton Cebolinha em a\u00e7\u00e3o contra o Nova Igua\u00e7u pelo Campeonato Carioca (Foto: Marcelo Cortes\/Flamengo)"},{"@type":"BreadcrumbList","@id":"https:\/\/www.gaveanews.com\/index.php\/2023\/03\/09\/everton-cebolinha-vive-bom-momento-apesar-de-quedas-do-flamengo\/#breadcrumb","itemListElement":[{"@type":"ListItem","position":1,"name":"Home","item":"https:\/\/www.gaveanews.com\/"},{"@type":"ListItem","position":2,"name":"Everton Cebolinha vive bom momento, apesar de quedas do Flamengo"}]},{"@type":"WebSite","@id":"https:\/\/www.gaveanews.com\/#website","url":"https:\/\/www.gaveanews.com\/","name":"G\u00e1vea News","description":"Veja todas as not\u00edcias sobre o Flamengo: Contrata\u00e7\u00f5es, categorias de base, resultados das partidas, tabela de classifica\u00e7\u00e3o, pr\u00f3ximos jogos!","potentialAction":[{"@type":"SearchAction","target":{"@type":"EntryPoint","urlTemplate":"https:\/\/www.gaveanews.com\/?s={search_term_string}"},"query-input":{"@type":"PropertyValueSpecification","valueRequired":true,"valueName":"search_term_string"}}],"inLanguage":"pt-BR"},{"@type":"Person","@id":"https:\/\/www.gaveanews.com\/#\/schema\/person\/2ec14f73fb96be2caf28f91afb14749d","name":"Equipe G\u00e1vea News","image":{"@type":"ImageObject","inLanguage":"pt-BR","@id":"https:\/\/www.gaveanews.com\/#\/schema\/person\/image\/","url":"https:\/\/secure.gravatar.com\/avatar\/1e1956f1facbffd3f8fa53a326721950116b3b9dc9bd44939c01180fd4a745a9?s=96&d=mm&r=g","contentUrl":"https:\/\/secure.gravatar.com\/avatar\/1e1956f1facbffd3f8fa53a326721950116b3b9dc9bd44939c01180fd4a745a9?s=96&d=mm&r=g","caption":"Equipe G\u00e1vea News"}}]}},"_links":{"self":[{"href":"https:\/\/www.gaveanews.com\/index.php\/wp-json\/wp\/v2\/posts\/95136","targetHints":{"allow":["GET"]}}],"collection":[{"href":"https:\/\/www.gaveanews.com\/index.php\/wp-json\/wp\/v2\/posts"}],"about":[{"href":"https:\/\/www.gaveanews.com\/index.php\/wp-json\/wp\/v2\/types\/post"}],"author":[{"embeddable":true,"href":"https:\/\/www.gaveanews.com\/index.php\/wp-json\/wp\/v2\/users\/1"}],"replies":[{"embeddable":true,"href":"https:\/\/www.gaveanews.com\/index.php\/wp-json\/wp\/v2\/comments?post=95136"}],"version-history":[{"count":0,"href":"https:\/\/www.gaveanews.com\/index.php\/wp-json\/wp\/v2\/posts\/95136\/revisions"}],"wp:featuredmedia":[{"embeddable":true,"href":"https:\/\/www.gaveanews.com\/index.php\/wp-json\/wp\/v2\/media\/93439"}],"wp:attachment":[{"href":"https:\/\/www.gaveanews.com\/index.php\/wp-json\/wp\/v2\/media?parent=95136"}],"wp:term":[{"taxonomy":"category","embeddable":true,"href":"https:\/\/www.gaveanews.com\/index.php\/wp-json\/wp\/v2\/categories?post=95136"},{"taxonomy":"post_tag","embeddable":true,"href":"https:\/\/www.gaveanews.com\/index.php\/wp-json\/wp\/v2\/tags?post=95136"}],"curies":[{"name":"wp","href":"https:\/\/api.w.org\/{rel}","templated":true}]}}