{"id":95142,"date":"2023-03-09T09:58:27","date_gmt":"2023-03-09T12:58:27","guid":{"rendered":"https:\/\/www.gaveanews.com\/?p=95142"},"modified":"2023-03-09T09:58:30","modified_gmt":"2023-03-09T12:58:30","slug":"vitor-pereira-ignora-contexto-do-flamengo-e-vive-noite-infeliz-no-maracana","status":"publish","type":"post","link":"https:\/\/www.gaveanews.com\/index.php\/2023\/03\/09\/vitor-pereira-ignora-contexto-do-flamengo-e-vive-noite-infeliz-no-maracana\/","title":{"rendered":"V\u00edtor Pereira ignora contexto do Flamengo e vive noite infeliz no Maracan\u00e3"},"content":{"rendered":"\n<p>Ap\u00f3s a derrota para o Fluminense, de virada pela Ta\u00e7a Guanabara, V\u00edtor Pereira insistiu em dois pontos para explicar as dificuldades do Flamengo no cl\u00e1ssico: os desfalques e a sequ\u00eancia de tr\u00eas jogos em oito dias. O treinador tem raz\u00e3o, mas, ao ignorar o contexto no qual o clube chegou nesta quarta, as suas decis\u00f5es o expuseram ainda mais, e o t\u00e9cnico tornou-se alvo de todo o Maracan\u00e3.<\/p>\n\n\n\n<p>Os rubro-negros o chamaram de &#8220;burro&#8221; quando o resultado ainda era favor\u00e1vel, enquanto os tricolores, ao celebrarem a virada e o t\u00edtulo, foram ir\u00f4nicos, cantando o seu nome:&#8221; Ah, V\u00edtor Pereira!&#8221;. Uma noite infeliz para VP, que precisa encarar uma press\u00e3o cada vez maior no Flamengo.<\/p>\n\n\n\n<p>RESERVAS EM CL\u00c1SSICO DECISIVO<\/p>\n\n\n\n<p>Em janeiro e fevereiro, o Flamengo frustrou seu torcedor com o vice da Supercopa do Brasil e a campanha do Mundial de Clubes. A isso, soma-se o desempenho ruim. Na semana que antecedeu o Fla-Flu, mais um vice &#8211; desta vez na Recopa Sul-Americana &#8211; e derrota em cl\u00e1ssico para o Vasco.<\/p>\n\n\n\n<p>Foi dentro deste cen\u00e1rio que V\u00edtor Pereira optou por escalar um time praticamente reserva no Fla-Flu, apenas com Gabi, Gerson e Arrascaeta, apesar de n\u00e3o falar claramente que poupou os titulares.<\/p>\n\n\n\n<p>N\u00e3o bastasse todos esses fatores, o cl\u00e1ssico ainda valia a primeira posi\u00e7\u00e3o disputada justamente contra o Fluminense, advers\u00e1rio carioca que, nos \u00faltimos anos, \u00e9 a &#8220;pedra no sapato&#8221; rubro-negro. Se V\u00edtor Pereira n\u00e3o estava no clube para saber disso, deveria ser avisado deste &#8216;ingrediente extra&#8221;.<\/p>\n\n\n\n<p>SUBSTITUI\u00c7\u00c3O DE ESTRELAS<\/p>\n\n\n\n<p>Em campo, a equipe reserva do Flamengo repetiu os bons primeiros tempos que fez diante do Del Valle e do Vasco na semana anterior, mas tamb\u00e9m repetiu a queda de rendimento dos titulares ap\u00f3s o intervalo. A quest\u00e3o f\u00edsica &#8211; a qual a comiss\u00e3o t\u00e9cnica e os pr\u00f3prios jogadores j\u00e1 negaram &#8211; voltou a ser percept\u00edvel em campo. Ent\u00e3o, o Fluminense cresceu e chegou ao empate, e a resposta de V\u00edtor Pereira o exp\u00f4s de vez. No minuto seguinte ao gol de Cano, o treinador sacou Arrascaeta e Gabigol.<\/p>\n\n\n\n<p>O empate ainda garantiria a primeira posi\u00e7\u00e3o ao Flamengo, mas o momento do jogo era do Tricolor. As sa\u00eddas das principais estrelas do time deixaram a torcida do Fluminense ainda mais confiante, os rubro-negros irritados e o seu time, em campo, sentiu. A virada parecia quest\u00e3o de tempo, ent\u00e3o.<\/p>\n\n\n\n<p>ATLETAS LESIONADOS NO BANCO?<\/p>\n\n\n\n<p>Ap\u00f3s o jogo, V\u00edtor Pereira justificou as substitui\u00e7\u00f5es, mas o fato \u00e9 que elas n\u00e3o tiveram o impacto desejado pelo treinador. A insist\u00eancia em Mateus\u00e3o e a aus\u00eancia de Matheus Gon\u00e7alves j\u00e1 eram question\u00e1veis. A n\u00e3o utiliza\u00e7\u00e3o de Pedro, ent\u00e3o, tornou-se incompreens\u00edvel, uma vez que o atacante estava entre os reservas, aqueceu junto com os companheiros e &#8220;iludiu&#8221; os torcedores.<\/p>\n\n\n\n<p>Levar o camisa 9 &#8211; que ficou fora contra o Vasco devido a um inc\u00f4modo muscular &#8211; para o banco foi outra decis\u00e3o que &#8220;jogou contra&#8221; o pr\u00f3prio t\u00e9cnico, mais uma vez, que justificou: Pedro, assim como Varela, n\u00e3o tinha condi\u00e7\u00f5es de jogo e s\u00f3 foi relacionado para o Fla-Flu por tratar-se de uma decis\u00e3o.<\/p>\n\n\n\n<p>No pr\u00f3ximo fim de semana, o Flamengo ter\u00e1 nova decis\u00e3o. Possivelmente contra o Vasco, que enfrenta o Bangu nesta quinta-feira e pode ultrapassar o rival na tabela da Ta\u00e7a Guanabara e chegar em vantagem para as semifinais. Se est\u00e1 mostrando que \u00e9 capaz de fazer ajustes na parte t\u00e1tica do time, como a op\u00e7\u00e3o por uma linha defensiva com tr\u00eas homens e alas tem mostrado, V\u00edtor Pereira precisa rapidamente mostrar maior entendimento do contexto em que est\u00e1 inserido no Flamengo.<\/p>\n\n\n\n<p>Retirado de: Lance<\/p>\n","protected":false},"excerpt":{"rendered":"<p>Ap\u00f3s a derrota para o Fluminense, de virada pela Ta\u00e7a Guanabara, V\u00edtor Pereira insistiu em dois pontos para explicar as dificuldades do Flamengo no cl\u00e1ssico: os desfalques e a sequ\u00eancia de tr\u00eas jogos em oito dias. O treinador tem raz\u00e3o, mas, ao ignorar o contexto no qual o clube chegou nesta quarta, as suas decis\u00f5es [&hellip;]<\/p>\n","protected":false},"author":1,"featured_media":93176,"comment_status":"open","ping_status":"closed","sticky":false,"template":"","format":"standard","meta":{"footnotes":""},"categories":[1],"tags":[],"class_list":["post-95142","post","type-post","status-publish","format-standard","has-post-thumbnail","hentry","category-flamengo"],"yoast_head":"<!-- This site is optimized with the Yoast SEO Premium plugin v24.2 (Yoast SEO v26.9) - https:\/\/yoast.com\/product\/yoast-seo-premium-wordpress\/ -->\n<title>V\u00edtor Pereira ignora contexto do Flamengo e vive noite infeliz no Maracan\u00e3<\/title>\n<meta name=\"robots\" content=\"index, follow, max-snippet:-1, max-image-preview:large, max-video-preview:-1\" \/>\n<link rel=\"canonical\" href=\"https:\/\/www.gaveanews.com\/index.php\/2023\/03\/09\/vitor-pereira-ignora-contexto-do-flamengo-e-vive-noite-infeliz-no-maracana\/\" \/>\n<meta property=\"og:locale\" content=\"pt_BR\" \/>\n<meta property=\"og:type\" content=\"article\" \/>\n<meta property=\"og:title\" content=\"V\u00edtor Pereira ignora contexto do Flamengo e vive noite infeliz no Maracan\u00e3\" \/>\n<meta property=\"og:description\" content=\"Ap\u00f3s a derrota para o Fluminense, de virada pela Ta\u00e7a Guanabara, V\u00edtor Pereira insistiu em dois pontos para explicar as dificuldades do Flamengo no cl\u00e1ssico: os desfalques e a sequ\u00eancia de tr\u00eas jogos em oito dias. O treinador tem raz\u00e3o, mas, ao ignorar o contexto no qual o clube chegou nesta quarta, as suas decis\u00f5es [&hellip;]\" \/>\n<meta property=\"og:url\" content=\"https:\/\/www.gaveanews.com\/index.php\/2023\/03\/09\/vitor-pereira-ignora-contexto-do-flamengo-e-vive-noite-infeliz-no-maracana\/\" \/>\n<meta property=\"og:site_name\" content=\"G\u00e1vea News\" \/>\n<meta property=\"article:publisher\" content=\"https:\/\/facebook.com\/gaveaNews\/\" \/>\n<meta property=\"article:published_time\" content=\"2023-03-09T12:58:27+00:00\" \/>\n<meta property=\"article:modified_time\" content=\"2023-03-09T12:58:30+00:00\" \/>\n<meta property=\"og:image\" content=\"https:\/\/www.gaveanews.com\/wp-content\/uploads\/vitor-pereira-flamengo-portuguesa-carioca-2023.webp\" \/>\n\t<meta property=\"og:image:width\" content=\"984\" \/>\n\t<meta property=\"og:image:height\" content=\"700\" \/>\n\t<meta property=\"og:image:type\" content=\"image\/webp\" \/>\n<meta name=\"author\" content=\"Equipe G\u00e1vea News\" \/>\n<meta name=\"twitter:card\" content=\"summary_large_image\" \/>\n<meta name=\"twitter:label1\" content=\"Escrito por\" \/>\n\t<meta name=\"twitter:data1\" content=\"Equipe G\u00e1vea News\" \/>\n\t<meta name=\"twitter:label2\" content=\"Est. tempo de leitura\" \/>\n\t<meta name=\"twitter:data2\" content=\"4 minutos\" \/>\n<script type=\"application\/ld+json\" class=\"yoast-schema-graph\">{\"@context\":\"https:\/\/schema.org\",\"@graph\":[{\"@type\":\"NewsArticle\",\"@id\":\"https:\/\/www.gaveanews.com\/index.php\/2023\/03\/09\/vitor-pereira-ignora-contexto-do-flamengo-e-vive-noite-infeliz-no-maracana\/#article\",\"isPartOf\":{\"@id\":\"https:\/\/www.gaveanews.com\/index.php\/2023\/03\/09\/vitor-pereira-ignora-contexto-do-flamengo-e-vive-noite-infeliz-no-maracana\/\"},\"author\":{\"name\":\"Equipe G\u00e1vea News\",\"@id\":\"https:\/\/www.gaveanews.com\/#\/schema\/person\/2ec14f73fb96be2caf28f91afb14749d\"},\"headline\":\"V\u00edtor Pereira ignora contexto do Flamengo e vive noite infeliz no Maracan\u00e3\",\"datePublished\":\"2023-03-09T12:58:27+00:00\",\"dateModified\":\"2023-03-09T12:58:30+00:00\",\"mainEntityOfPage\":{\"@id\":\"https:\/\/www.gaveanews.com\/index.php\/2023\/03\/09\/vitor-pereira-ignora-contexto-do-flamengo-e-vive-noite-infeliz-no-maracana\/\"},\"wordCount\":666,\"commentCount\":0,\"image\":{\"@id\":\"https:\/\/www.gaveanews.com\/index.php\/2023\/03\/09\/vitor-pereira-ignora-contexto-do-flamengo-e-vive-noite-infeliz-no-maracana\/#primaryimage\"},\"thumbnailUrl\":\"https:\/\/www.gaveanews.com\/wp-content\/uploads\/vitor-pereira-flamengo-portuguesa-carioca-2023.webp\",\"articleSection\":[\"Flamengo\"],\"inLanguage\":\"pt-BR\",\"potentialAction\":[{\"@type\":\"CommentAction\",\"name\":\"Comment\",\"target\":[\"https:\/\/www.gaveanews.com\/index.php\/2023\/03\/09\/vitor-pereira-ignora-contexto-do-flamengo-e-vive-noite-infeliz-no-maracana\/#respond\"]}],\"copyrightYear\":\"2023\",\"copyrightHolder\":{\"@id\":\"https:\/\/www.gaveanews.com\/#organization\"}},{\"@type\":\"WebPage\",\"@id\":\"https:\/\/www.gaveanews.com\/index.php\/2023\/03\/09\/vitor-pereira-ignora-contexto-do-flamengo-e-vive-noite-infeliz-no-maracana\/\",\"url\":\"https:\/\/www.gaveanews.com\/index.php\/2023\/03\/09\/vitor-pereira-ignora-contexto-do-flamengo-e-vive-noite-infeliz-no-maracana\/\",\"name\":\"V\u00edtor Pereira ignora contexto do Flamengo e vive noite infeliz no Maracan\u00e3\",\"isPartOf\":{\"@id\":\"https:\/\/www.gaveanews.com\/#website\"},\"primaryImageOfPage\":{\"@id\":\"https:\/\/www.gaveanews.com\/index.php\/2023\/03\/09\/vitor-pereira-ignora-contexto-do-flamengo-e-vive-noite-infeliz-no-maracana\/#primaryimage\"},\"image\":{\"@id\":\"https:\/\/www.gaveanews.com\/index.php\/2023\/03\/09\/vitor-pereira-ignora-contexto-do-flamengo-e-vive-noite-infeliz-no-maracana\/#primaryimage\"},\"thumbnailUrl\":\"https:\/\/www.gaveanews.com\/wp-content\/uploads\/vitor-pereira-flamengo-portuguesa-carioca-2023.webp\",\"datePublished\":\"2023-03-09T12:58:27+00:00\",\"dateModified\":\"2023-03-09T12:58:30+00:00\",\"author\":{\"@id\":\"https:\/\/www.gaveanews.com\/#\/schema\/person\/2ec14f73fb96be2caf28f91afb14749d\"},\"breadcrumb\":{\"@id\":\"https:\/\/www.gaveanews.com\/index.php\/2023\/03\/09\/vitor-pereira-ignora-contexto-do-flamengo-e-vive-noite-infeliz-no-maracana\/#breadcrumb\"},\"inLanguage\":\"pt-BR\",\"potentialAction\":[{\"@type\":\"ReadAction\",\"target\":[\"https:\/\/www.gaveanews.com\/index.php\/2023\/03\/09\/vitor-pereira-ignora-contexto-do-flamengo-e-vive-noite-infeliz-no-maracana\/\"]}]},{\"@type\":\"ImageObject\",\"inLanguage\":\"pt-BR\",\"@id\":\"https:\/\/www.gaveanews.com\/index.php\/2023\/03\/09\/vitor-pereira-ignora-contexto-do-flamengo-e-vive-noite-infeliz-no-maracana\/#primaryimage\",\"url\":\"https:\/\/www.gaveanews.com\/wp-content\/uploads\/vitor-pereira-flamengo-portuguesa-carioca-2023.webp\",\"contentUrl\":\"https:\/\/www.gaveanews.com\/wp-content\/uploads\/vitor-pereira-flamengo-portuguesa-carioca-2023.webp\",\"width\":984,\"height\":700,\"caption\":\"V\u00edtor Pereira estreia no Flamengo contra a Portuguesa pelo Campeonato Carioca 2023 (Foto: Andr\u00e9 Dur\u00e3o)\"},{\"@type\":\"BreadcrumbList\",\"@id\":\"https:\/\/www.gaveanews.com\/index.php\/2023\/03\/09\/vitor-pereira-ignora-contexto-do-flamengo-e-vive-noite-infeliz-no-maracana\/#breadcrumb\",\"itemListElement\":[{\"@type\":\"ListItem\",\"position\":1,\"name\":\"Home\",\"item\":\"https:\/\/www.gaveanews.com\/\"},{\"@type\":\"ListItem\",\"position\":2,\"name\":\"V\u00edtor Pereira ignora contexto do Flamengo e vive noite infeliz no Maracan\u00e3\"}]},{\"@type\":\"WebSite\",\"@id\":\"https:\/\/www.gaveanews.com\/#website\",\"url\":\"https:\/\/www.gaveanews.com\/\",\"name\":\"G\u00e1vea News\",\"description\":\"Veja todas as not\u00edcias sobre o Flamengo: Contrata\u00e7\u00f5es, categorias de base, resultados das partidas, tabela de classifica\u00e7\u00e3o, pr\u00f3ximos jogos!\",\"potentialAction\":[{\"@type\":\"SearchAction\",\"target\":{\"@type\":\"EntryPoint\",\"urlTemplate\":\"https:\/\/www.gaveanews.com\/?s={search_term_string}\"},\"query-input\":{\"@type\":\"PropertyValueSpecification\",\"valueRequired\":true,\"valueName\":\"search_term_string\"}}],\"inLanguage\":\"pt-BR\"},{\"@type\":\"Person\",\"@id\":\"https:\/\/www.gaveanews.com\/#\/schema\/person\/2ec14f73fb96be2caf28f91afb14749d\",\"name\":\"Equipe G\u00e1vea News\",\"image\":{\"@type\":\"ImageObject\",\"inLanguage\":\"pt-BR\",\"@id\":\"https:\/\/www.gaveanews.com\/#\/schema\/person\/image\/\",\"url\":\"https:\/\/secure.gravatar.com\/avatar\/1e1956f1facbffd3f8fa53a326721950116b3b9dc9bd44939c01180fd4a745a9?s=96&d=mm&r=g\",\"contentUrl\":\"https:\/\/secure.gravatar.com\/avatar\/1e1956f1facbffd3f8fa53a326721950116b3b9dc9bd44939c01180fd4a745a9?s=96&d=mm&r=g\",\"caption\":\"Equipe G\u00e1vea News\"}}]}<\/script>\n<!-- \/ Yoast SEO Premium plugin. -->","yoast_head_json":{"title":"V\u00edtor Pereira ignora contexto do Flamengo e vive noite infeliz no Maracan\u00e3","robots":{"index":"index","follow":"follow","max-snippet":"max-snippet:-1","max-image-preview":"max-image-preview:large","max-video-preview":"max-video-preview:-1"},"canonical":"https:\/\/www.gaveanews.com\/index.php\/2023\/03\/09\/vitor-pereira-ignora-contexto-do-flamengo-e-vive-noite-infeliz-no-maracana\/","og_locale":"pt_BR","og_type":"article","og_title":"V\u00edtor Pereira ignora contexto do Flamengo e vive noite infeliz no Maracan\u00e3","og_description":"Ap\u00f3s a derrota para o Fluminense, de virada pela Ta\u00e7a Guanabara, V\u00edtor Pereira insistiu em dois pontos para explicar as dificuldades do Flamengo no cl\u00e1ssico: os desfalques e a sequ\u00eancia de tr\u00eas jogos em oito dias. O treinador tem raz\u00e3o, mas, ao ignorar o contexto no qual o clube chegou nesta quarta, as suas decis\u00f5es [&hellip;]","og_url":"https:\/\/www.gaveanews.com\/index.php\/2023\/03\/09\/vitor-pereira-ignora-contexto-do-flamengo-e-vive-noite-infeliz-no-maracana\/","og_site_name":"G\u00e1vea News","article_publisher":"https:\/\/facebook.com\/gaveaNews\/","article_published_time":"2023-03-09T12:58:27+00:00","article_modified_time":"2023-03-09T12:58:30+00:00","og_image":[{"width":984,"height":700,"url":"https:\/\/www.gaveanews.com\/wp-content\/uploads\/vitor-pereira-flamengo-portuguesa-carioca-2023.webp","type":"image\/webp"}],"author":"Equipe G\u00e1vea News","twitter_card":"summary_large_image","twitter_misc":{"Escrito por":"Equipe G\u00e1vea News","Est. tempo de leitura":"4 minutos"},"schema":{"@context":"https:\/\/schema.org","@graph":[{"@type":"NewsArticle","@id":"https:\/\/www.gaveanews.com\/index.php\/2023\/03\/09\/vitor-pereira-ignora-contexto-do-flamengo-e-vive-noite-infeliz-no-maracana\/#article","isPartOf":{"@id":"https:\/\/www.gaveanews.com\/index.php\/2023\/03\/09\/vitor-pereira-ignora-contexto-do-flamengo-e-vive-noite-infeliz-no-maracana\/"},"author":{"name":"Equipe G\u00e1vea News","@id":"https:\/\/www.gaveanews.com\/#\/schema\/person\/2ec14f73fb96be2caf28f91afb14749d"},"headline":"V\u00edtor Pereira ignora contexto do Flamengo e vive noite infeliz no Maracan\u00e3","datePublished":"2023-03-09T12:58:27+00:00","dateModified":"2023-03-09T12:58:30+00:00","mainEntityOfPage":{"@id":"https:\/\/www.gaveanews.com\/index.php\/2023\/03\/09\/vitor-pereira-ignora-contexto-do-flamengo-e-vive-noite-infeliz-no-maracana\/"},"wordCount":666,"commentCount":0,"image":{"@id":"https:\/\/www.gaveanews.com\/index.php\/2023\/03\/09\/vitor-pereira-ignora-contexto-do-flamengo-e-vive-noite-infeliz-no-maracana\/#primaryimage"},"thumbnailUrl":"https:\/\/www.gaveanews.com\/wp-content\/uploads\/vitor-pereira-flamengo-portuguesa-carioca-2023.webp","articleSection":["Flamengo"],"inLanguage":"pt-BR","potentialAction":[{"@type":"CommentAction","name":"Comment","target":["https:\/\/www.gaveanews.com\/index.php\/2023\/03\/09\/vitor-pereira-ignora-contexto-do-flamengo-e-vive-noite-infeliz-no-maracana\/#respond"]}],"copyrightYear":"2023","copyrightHolder":{"@id":"https:\/\/www.gaveanews.com\/#organization"}},{"@type":"WebPage","@id":"https:\/\/www.gaveanews.com\/index.php\/2023\/03\/09\/vitor-pereira-ignora-contexto-do-flamengo-e-vive-noite-infeliz-no-maracana\/","url":"https:\/\/www.gaveanews.com\/index.php\/2023\/03\/09\/vitor-pereira-ignora-contexto-do-flamengo-e-vive-noite-infeliz-no-maracana\/","name":"V\u00edtor Pereira ignora contexto do Flamengo e vive noite infeliz no Maracan\u00e3","isPartOf":{"@id":"https:\/\/www.gaveanews.com\/#website"},"primaryImageOfPage":{"@id":"https:\/\/www.gaveanews.com\/index.php\/2023\/03\/09\/vitor-pereira-ignora-contexto-do-flamengo-e-vive-noite-infeliz-no-maracana\/#primaryimage"},"image":{"@id":"https:\/\/www.gaveanews.com\/index.php\/2023\/03\/09\/vitor-pereira-ignora-contexto-do-flamengo-e-vive-noite-infeliz-no-maracana\/#primaryimage"},"thumbnailUrl":"https:\/\/www.gaveanews.com\/wp-content\/uploads\/vitor-pereira-flamengo-portuguesa-carioca-2023.webp","datePublished":"2023-03-09T12:58:27+00:00","dateModified":"2023-03-09T12:58:30+00:00","author":{"@id":"https:\/\/www.gaveanews.com\/#\/schema\/person\/2ec14f73fb96be2caf28f91afb14749d"},"breadcrumb":{"@id":"https:\/\/www.gaveanews.com\/index.php\/2023\/03\/09\/vitor-pereira-ignora-contexto-do-flamengo-e-vive-noite-infeliz-no-maracana\/#breadcrumb"},"inLanguage":"pt-BR","potentialAction":[{"@type":"ReadAction","target":["https:\/\/www.gaveanews.com\/index.php\/2023\/03\/09\/vitor-pereira-ignora-contexto-do-flamengo-e-vive-noite-infeliz-no-maracana\/"]}]},{"@type":"ImageObject","inLanguage":"pt-BR","@id":"https:\/\/www.gaveanews.com\/index.php\/2023\/03\/09\/vitor-pereira-ignora-contexto-do-flamengo-e-vive-noite-infeliz-no-maracana\/#primaryimage","url":"https:\/\/www.gaveanews.com\/wp-content\/uploads\/vitor-pereira-flamengo-portuguesa-carioca-2023.webp","contentUrl":"https:\/\/www.gaveanews.com\/wp-content\/uploads\/vitor-pereira-flamengo-portuguesa-carioca-2023.webp","width":984,"height":700,"caption":"V\u00edtor Pereira estreia no Flamengo contra a Portuguesa pelo Campeonato Carioca 2023 (Foto: Andr\u00e9 Dur\u00e3o)"},{"@type":"BreadcrumbList","@id":"https:\/\/www.gaveanews.com\/index.php\/2023\/03\/09\/vitor-pereira-ignora-contexto-do-flamengo-e-vive-noite-infeliz-no-maracana\/#breadcrumb","itemListElement":[{"@type":"ListItem","position":1,"name":"Home","item":"https:\/\/www.gaveanews.com\/"},{"@type":"ListItem","position":2,"name":"V\u00edtor Pereira ignora contexto do Flamengo e vive noite infeliz no Maracan\u00e3"}]},{"@type":"WebSite","@id":"https:\/\/www.gaveanews.com\/#website","url":"https:\/\/www.gaveanews.com\/","name":"G\u00e1vea News","description":"Veja todas as not\u00edcias sobre o Flamengo: Contrata\u00e7\u00f5es, categorias de base, resultados das partidas, tabela de classifica\u00e7\u00e3o, pr\u00f3ximos jogos!","potentialAction":[{"@type":"SearchAction","target":{"@type":"EntryPoint","urlTemplate":"https:\/\/www.gaveanews.com\/?s={search_term_string}"},"query-input":{"@type":"PropertyValueSpecification","valueRequired":true,"valueName":"search_term_string"}}],"inLanguage":"pt-BR"},{"@type":"Person","@id":"https:\/\/www.gaveanews.com\/#\/schema\/person\/2ec14f73fb96be2caf28f91afb14749d","name":"Equipe G\u00e1vea News","image":{"@type":"ImageObject","inLanguage":"pt-BR","@id":"https:\/\/www.gaveanews.com\/#\/schema\/person\/image\/","url":"https:\/\/secure.gravatar.com\/avatar\/1e1956f1facbffd3f8fa53a326721950116b3b9dc9bd44939c01180fd4a745a9?s=96&d=mm&r=g","contentUrl":"https:\/\/secure.gravatar.com\/avatar\/1e1956f1facbffd3f8fa53a326721950116b3b9dc9bd44939c01180fd4a745a9?s=96&d=mm&r=g","caption":"Equipe G\u00e1vea News"}}]}},"_links":{"self":[{"href":"https:\/\/www.gaveanews.com\/index.php\/wp-json\/wp\/v2\/posts\/95142","targetHints":{"allow":["GET"]}}],"collection":[{"href":"https:\/\/www.gaveanews.com\/index.php\/wp-json\/wp\/v2\/posts"}],"about":[{"href":"https:\/\/www.gaveanews.com\/index.php\/wp-json\/wp\/v2\/types\/post"}],"author":[{"embeddable":true,"href":"https:\/\/www.gaveanews.com\/index.php\/wp-json\/wp\/v2\/users\/1"}],"replies":[{"embeddable":true,"href":"https:\/\/www.gaveanews.com\/index.php\/wp-json\/wp\/v2\/comments?post=95142"}],"version-history":[{"count":0,"href":"https:\/\/www.gaveanews.com\/index.php\/wp-json\/wp\/v2\/posts\/95142\/revisions"}],"wp:featuredmedia":[{"embeddable":true,"href":"https:\/\/www.gaveanews.com\/index.php\/wp-json\/wp\/v2\/media\/93176"}],"wp:attachment":[{"href":"https:\/\/www.gaveanews.com\/index.php\/wp-json\/wp\/v2\/media?parent=95142"}],"wp:term":[{"taxonomy":"category","embeddable":true,"href":"https:\/\/www.gaveanews.com\/index.php\/wp-json\/wp\/v2\/categories?post=95142"},{"taxonomy":"post_tag","embeddable":true,"href":"https:\/\/www.gaveanews.com\/index.php\/wp-json\/wp\/v2\/tags?post=95142"}],"curies":[{"name":"wp","href":"https:\/\/api.w.org\/{rel}","templated":true}]}}