{"id":95149,"date":"2023-03-09T14:29:29","date_gmt":"2023-03-09T17:29:29","guid":{"rendered":"https:\/\/www.gaveanews.com\/?p=95149"},"modified":"2023-03-09T14:29:45","modified_gmt":"2023-03-09T17:29:45","slug":"mc-surta-em-recado-para-vitor-pereira-do-flamengo-ouca","status":"publish","type":"post","link":"https:\/\/www.gaveanews.com\/index.php\/2023\/03\/09\/mc-surta-em-recado-para-vitor-pereira-do-flamengo-ouca\/","title":{"rendered":"MC \u201csurta\u201d em recado para V\u00edtor Pereira, do Flamengo; ou\u00e7a"},"content":{"rendered":"\n<p>Irritado ap\u00f3s o Flamengo ser derrotado, de virada, pelo Fluminense, MC Poze do Rodo enviou um recado direto para V\u00edtor Pereira. Em mensagem no Instagram, o funkeiro desabafou contra o portugu\u00eas, j\u00e1 que o t\u00e9cnico, em sua vis\u00e3o, \u00e9 o principal respons\u00e1vel pelos seguidos fracassos do time na temporada. Com a derrota de 2 a 1, o Rubro-Negro acabou sendo desbancado pelo rival, que alcan\u00e7ou o t\u00edtulo da Ta\u00e7a Guanabara.<\/p>\n\n\n\n<p>Sem medir suas palavras, Poze do Rodo exigiu que V\u00edtor Pereira retorne para Portugal. Balan\u00e7ando no cargo, o t\u00e9cnico ainda n\u00e3o foi desligado pelo Flamengo, mas a situa\u00e7\u00e3o pode mudar em caso de uma nova frustra\u00e7\u00e3o no Carioca.<\/p>\n\n\n\n<p>\u201cVai, sua mula! Seu jagun\u00e7o! Seu merda! Sai do meu time, vai embora, po. Vai para Portugal, vai para a pu que pariu. Seu in\u00fatil! N\u00e3o est\u00e1 vendo o que est\u00e1 fazendo com a minha sele\u00e7\u00e3o ? Seu arrombado, caral! Vai embora seu filha da pu. Some daqui! \u00d3dio da sua cara\u201d, disparou.<\/p>\n\n\n\n<figure class=\"wp-block-embed is-type-rich is-provider-twitter wp-block-embed-twitter\"><div class=\"wp-block-embed__wrapper\">\n<blockquote class=\"twitter-tweet\" data-width=\"550\" data-dnt=\"true\"><p lang=\"pt\" dir=\"ltr\">MC POZE DO RODO MANDANDO \u00c1UDIO PRO VP <a href=\"https:\/\/t.co\/SnhLnBKyAG\">pic.twitter.com\/SnhLnBKyAG<\/a><\/p>&mdash; Goleada da Zoeira (@goleadadazoeira) <a href=\"https:\/\/twitter.com\/goleadadazoeira\/status\/1633833121383878656?ref_src=twsrc%5Etfw\">March 9, 2023<\/a><\/blockquote><script async src=\"https:\/\/platform.twitter.com\/widgets.js\" charset=\"utf-8\"><\/script>\n<\/div><\/figure>\n\n\n\n<h2 class=\"wp-block-heading\" id=\"h-cobranca-para-a-diretoria-do-flamengo\">Cobran\u00e7a para a diretoria do Flamengo<\/h2>\n\n\n\n<p>Em outra postagem, Poze do Rodo evitou gravar-se em v\u00eddeo, mas n\u00e3o deixou de detonar V\u00edtor Pereira. Acreditando que o treinador j\u00e1 deveria ter sido demitido, ele cobrou que a diretoria tenha uma postura firme ao demitir o atual comandante do time, algo que n\u00e3o foi feito ap\u00f3s a derrota no Maracan\u00e3.<\/p>\n\n\n\n<p>\u201c<em>Papo reto mesmo, vai toma no c* sem neurose! N\u00e3o tem v\u00eddeo, n\u00e3o. Estou cheio de \u00f3dio com essa mula de treinador, esse cara tem problema! Porra, vai tomar no c*. Maluco do caral**. In\u00fatil, merda, lixo, vai tomar no seu c*, seu merda. Est\u00e3o de mancada todos que deixaram permanecer uma mula dessas. Voc\u00eas s\u00e3o tudo mulas! Parece que n\u00e3o est\u00e3o enxergando o que essa mula est\u00e1 fazendo. Qual \u00e9 a parada, rap\u00e1?! Vai todo mundo tomar no c*!\u00a0 Quem est\u00e1 fechado com esse filho da pu**\u201d<\/em>, detonou.<\/p>\n\n\n\n<p>Retirado de: Torcedores<\/p>\n","protected":false},"excerpt":{"rendered":"<p>Irritado ap\u00f3s o Flamengo ser derrotado, de virada, pelo Fluminense, MC Poze do Rodo enviou um recado direto para V\u00edtor Pereira. Em mensagem no Instagram, o funkeiro desabafou contra o portugu\u00eas, j\u00e1 que o t\u00e9cnico, em sua vis\u00e3o, \u00e9 o principal respons\u00e1vel pelos seguidos fracassos do time na temporada. Com a derrota de 2 a [&hellip;]<\/p>\n","protected":false},"author":1,"featured_media":93332,"comment_status":"open","ping_status":"closed","sticky":false,"template":"","format":"standard","meta":{"footnotes":""},"categories":[1],"tags":[],"class_list":["post-95149","post","type-post","status-publish","format-standard","has-post-thumbnail","hentry","category-flamengo"],"yoast_head":"<!-- This site is optimized with the Yoast SEO Premium plugin v24.2 (Yoast SEO v26.9) - https:\/\/yoast.com\/product\/yoast-seo-premium-wordpress\/ -->\n<title>MC \u201csurta\u201d em recado para V\u00edtor Pereira, do Flamengo; ou\u00e7a<\/title>\n<meta name=\"robots\" content=\"index, follow, max-snippet:-1, max-image-preview:large, max-video-preview:-1\" \/>\n<link rel=\"canonical\" href=\"https:\/\/www.gaveanews.com\/index.php\/2023\/03\/09\/mc-surta-em-recado-para-vitor-pereira-do-flamengo-ouca\/\" \/>\n<meta property=\"og:locale\" content=\"pt_BR\" \/>\n<meta property=\"og:type\" content=\"article\" \/>\n<meta property=\"og:title\" content=\"MC \u201csurta\u201d em recado para V\u00edtor Pereira, do Flamengo; ou\u00e7a\" \/>\n<meta property=\"og:description\" content=\"Irritado ap\u00f3s o Flamengo ser derrotado, de virada, pelo Fluminense, MC Poze do Rodo enviou um recado direto para V\u00edtor Pereira. Em mensagem no Instagram, o funkeiro desabafou contra o portugu\u00eas, j\u00e1 que o t\u00e9cnico, em sua vis\u00e3o, \u00e9 o principal respons\u00e1vel pelos seguidos fracassos do time na temporada. Com a derrota de 2 a [&hellip;]\" \/>\n<meta property=\"og:url\" content=\"https:\/\/www.gaveanews.com\/index.php\/2023\/03\/09\/mc-surta-em-recado-para-vitor-pereira-do-flamengo-ouca\/\" \/>\n<meta property=\"og:site_name\" content=\"G\u00e1vea News\" \/>\n<meta property=\"article:publisher\" content=\"https:\/\/facebook.com\/gaveaNews\/\" \/>\n<meta property=\"article:published_time\" content=\"2023-03-09T17:29:29+00:00\" \/>\n<meta property=\"article:modified_time\" content=\"2023-03-09T17:29:45+00:00\" \/>\n<meta property=\"og:image\" content=\"https:\/\/www.gaveanews.com\/wp-content\/uploads\/vitor-pereira-flamengo.webp\" \/>\n\t<meta property=\"og:image:width\" content=\"1024\" \/>\n\t<meta property=\"og:image:height\" content=\"682\" \/>\n\t<meta property=\"og:image:type\" content=\"image\/jpeg\" \/>\n<meta name=\"author\" content=\"Equipe G\u00e1vea News\" \/>\n<meta name=\"twitter:card\" content=\"summary_large_image\" \/>\n<meta name=\"twitter:label1\" content=\"Escrito por\" \/>\n\t<meta name=\"twitter:data1\" content=\"Equipe G\u00e1vea News\" \/>\n\t<meta name=\"twitter:label2\" content=\"Est. tempo de leitura\" \/>\n\t<meta name=\"twitter:data2\" content=\"2 minutos\" \/>\n<script type=\"application\/ld+json\" class=\"yoast-schema-graph\">{\"@context\":\"https:\/\/schema.org\",\"@graph\":[{\"@type\":\"NewsArticle\",\"@id\":\"https:\/\/www.gaveanews.com\/index.php\/2023\/03\/09\/mc-surta-em-recado-para-vitor-pereira-do-flamengo-ouca\/#article\",\"isPartOf\":{\"@id\":\"https:\/\/www.gaveanews.com\/index.php\/2023\/03\/09\/mc-surta-em-recado-para-vitor-pereira-do-flamengo-ouca\/\"},\"author\":{\"name\":\"Equipe G\u00e1vea News\",\"@id\":\"https:\/\/www.gaveanews.com\/#\/schema\/person\/2ec14f73fb96be2caf28f91afb14749d\"},\"headline\":\"MC \u201csurta\u201d em recado para V\u00edtor Pereira, do Flamengo; ou\u00e7a\",\"datePublished\":\"2023-03-09T17:29:29+00:00\",\"dateModified\":\"2023-03-09T17:29:45+00:00\",\"mainEntityOfPage\":{\"@id\":\"https:\/\/www.gaveanews.com\/index.php\/2023\/03\/09\/mc-surta-em-recado-para-vitor-pereira-do-flamengo-ouca\/\"},\"wordCount\":357,\"commentCount\":0,\"image\":{\"@id\":\"https:\/\/www.gaveanews.com\/index.php\/2023\/03\/09\/mc-surta-em-recado-para-vitor-pereira-do-flamengo-ouca\/#primaryimage\"},\"thumbnailUrl\":\"https:\/\/www.gaveanews.com\/wp-content\/uploads\/vitor-pereira-flamengo.webp\",\"articleSection\":[\"Flamengo\"],\"inLanguage\":\"pt-BR\",\"potentialAction\":[{\"@type\":\"CommentAction\",\"name\":\"Comment\",\"target\":[\"https:\/\/www.gaveanews.com\/index.php\/2023\/03\/09\/mc-surta-em-recado-para-vitor-pereira-do-flamengo-ouca\/#respond\"]}],\"copyrightYear\":\"2023\",\"copyrightHolder\":{\"@id\":\"https:\/\/www.gaveanews.com\/#organization\"}},{\"@type\":\"WebPage\",\"@id\":\"https:\/\/www.gaveanews.com\/index.php\/2023\/03\/09\/mc-surta-em-recado-para-vitor-pereira-do-flamengo-ouca\/\",\"url\":\"https:\/\/www.gaveanews.com\/index.php\/2023\/03\/09\/mc-surta-em-recado-para-vitor-pereira-do-flamengo-ouca\/\",\"name\":\"MC \u201csurta\u201d em recado para V\u00edtor Pereira, do Flamengo; ou\u00e7a\",\"isPartOf\":{\"@id\":\"https:\/\/www.gaveanews.com\/#website\"},\"primaryImageOfPage\":{\"@id\":\"https:\/\/www.gaveanews.com\/index.php\/2023\/03\/09\/mc-surta-em-recado-para-vitor-pereira-do-flamengo-ouca\/#primaryimage\"},\"image\":{\"@id\":\"https:\/\/www.gaveanews.com\/index.php\/2023\/03\/09\/mc-surta-em-recado-para-vitor-pereira-do-flamengo-ouca\/#primaryimage\"},\"thumbnailUrl\":\"https:\/\/www.gaveanews.com\/wp-content\/uploads\/vitor-pereira-flamengo.webp\",\"datePublished\":\"2023-03-09T17:29:29+00:00\",\"dateModified\":\"2023-03-09T17:29:45+00:00\",\"author\":{\"@id\":\"https:\/\/www.gaveanews.com\/#\/schema\/person\/2ec14f73fb96be2caf28f91afb14749d\"},\"breadcrumb\":{\"@id\":\"https:\/\/www.gaveanews.com\/index.php\/2023\/03\/09\/mc-surta-em-recado-para-vitor-pereira-do-flamengo-ouca\/#breadcrumb\"},\"inLanguage\":\"pt-BR\",\"potentialAction\":[{\"@type\":\"ReadAction\",\"target\":[\"https:\/\/www.gaveanews.com\/index.php\/2023\/03\/09\/mc-surta-em-recado-para-vitor-pereira-do-flamengo-ouca\/\"]}]},{\"@type\":\"ImageObject\",\"inLanguage\":\"pt-BR\",\"@id\":\"https:\/\/www.gaveanews.com\/index.php\/2023\/03\/09\/mc-surta-em-recado-para-vitor-pereira-do-flamengo-ouca\/#primaryimage\",\"url\":\"https:\/\/www.gaveanews.com\/wp-content\/uploads\/vitor-pereira-flamengo.webp\",\"contentUrl\":\"https:\/\/www.gaveanews.com\/wp-content\/uploads\/vitor-pereira-flamengo.webp\",\"width\":1024,\"height\":682,\"caption\":\"V\u00edtor Pereira em treino do Flamengo no Ninho do Urubu (Foto: Marcelo Cortes\/Flamengo)\"},{\"@type\":\"BreadcrumbList\",\"@id\":\"https:\/\/www.gaveanews.com\/index.php\/2023\/03\/09\/mc-surta-em-recado-para-vitor-pereira-do-flamengo-ouca\/#breadcrumb\",\"itemListElement\":[{\"@type\":\"ListItem\",\"position\":1,\"name\":\"Home\",\"item\":\"https:\/\/www.gaveanews.com\/\"},{\"@type\":\"ListItem\",\"position\":2,\"name\":\"MC \u201csurta\u201d em recado para V\u00edtor Pereira, do Flamengo; ou\u00e7a\"}]},{\"@type\":\"WebSite\",\"@id\":\"https:\/\/www.gaveanews.com\/#website\",\"url\":\"https:\/\/www.gaveanews.com\/\",\"name\":\"G\u00e1vea News\",\"description\":\"Veja todas as not\u00edcias sobre o Flamengo: Contrata\u00e7\u00f5es, categorias de base, resultados das partidas, tabela de classifica\u00e7\u00e3o, pr\u00f3ximos jogos!\",\"potentialAction\":[{\"@type\":\"SearchAction\",\"target\":{\"@type\":\"EntryPoint\",\"urlTemplate\":\"https:\/\/www.gaveanews.com\/?s={search_term_string}\"},\"query-input\":{\"@type\":\"PropertyValueSpecification\",\"valueRequired\":true,\"valueName\":\"search_term_string\"}}],\"inLanguage\":\"pt-BR\"},{\"@type\":\"Person\",\"@id\":\"https:\/\/www.gaveanews.com\/#\/schema\/person\/2ec14f73fb96be2caf28f91afb14749d\",\"name\":\"Equipe G\u00e1vea News\",\"image\":{\"@type\":\"ImageObject\",\"inLanguage\":\"pt-BR\",\"@id\":\"https:\/\/www.gaveanews.com\/#\/schema\/person\/image\/\",\"url\":\"https:\/\/secure.gravatar.com\/avatar\/1e1956f1facbffd3f8fa53a326721950116b3b9dc9bd44939c01180fd4a745a9?s=96&d=mm&r=g\",\"contentUrl\":\"https:\/\/secure.gravatar.com\/avatar\/1e1956f1facbffd3f8fa53a326721950116b3b9dc9bd44939c01180fd4a745a9?s=96&d=mm&r=g\",\"caption\":\"Equipe G\u00e1vea News\"}}]}<\/script>\n<!-- \/ Yoast SEO Premium plugin. -->","yoast_head_json":{"title":"MC \u201csurta\u201d em recado para V\u00edtor Pereira, do Flamengo; ou\u00e7a","robots":{"index":"index","follow":"follow","max-snippet":"max-snippet:-1","max-image-preview":"max-image-preview:large","max-video-preview":"max-video-preview:-1"},"canonical":"https:\/\/www.gaveanews.com\/index.php\/2023\/03\/09\/mc-surta-em-recado-para-vitor-pereira-do-flamengo-ouca\/","og_locale":"pt_BR","og_type":"article","og_title":"MC \u201csurta\u201d em recado para V\u00edtor Pereira, do Flamengo; ou\u00e7a","og_description":"Irritado ap\u00f3s o Flamengo ser derrotado, de virada, pelo Fluminense, MC Poze do Rodo enviou um recado direto para V\u00edtor Pereira. Em mensagem no Instagram, o funkeiro desabafou contra o portugu\u00eas, j\u00e1 que o t\u00e9cnico, em sua vis\u00e3o, \u00e9 o principal respons\u00e1vel pelos seguidos fracassos do time na temporada. Com a derrota de 2 a [&hellip;]","og_url":"https:\/\/www.gaveanews.com\/index.php\/2023\/03\/09\/mc-surta-em-recado-para-vitor-pereira-do-flamengo-ouca\/","og_site_name":"G\u00e1vea News","article_publisher":"https:\/\/facebook.com\/gaveaNews\/","article_published_time":"2023-03-09T17:29:29+00:00","article_modified_time":"2023-03-09T17:29:45+00:00","og_image":[{"width":1024,"height":682,"url":"https:\/\/www.gaveanews.com\/wp-content\/uploads\/vitor-pereira-flamengo.webp","type":"image\/jpeg"}],"author":"Equipe G\u00e1vea News","twitter_card":"summary_large_image","twitter_misc":{"Escrito por":"Equipe G\u00e1vea News","Est. tempo de leitura":"2 minutos"},"schema":{"@context":"https:\/\/schema.org","@graph":[{"@type":"NewsArticle","@id":"https:\/\/www.gaveanews.com\/index.php\/2023\/03\/09\/mc-surta-em-recado-para-vitor-pereira-do-flamengo-ouca\/#article","isPartOf":{"@id":"https:\/\/www.gaveanews.com\/index.php\/2023\/03\/09\/mc-surta-em-recado-para-vitor-pereira-do-flamengo-ouca\/"},"author":{"name":"Equipe G\u00e1vea News","@id":"https:\/\/www.gaveanews.com\/#\/schema\/person\/2ec14f73fb96be2caf28f91afb14749d"},"headline":"MC \u201csurta\u201d em recado para V\u00edtor Pereira, do Flamengo; ou\u00e7a","datePublished":"2023-03-09T17:29:29+00:00","dateModified":"2023-03-09T17:29:45+00:00","mainEntityOfPage":{"@id":"https:\/\/www.gaveanews.com\/index.php\/2023\/03\/09\/mc-surta-em-recado-para-vitor-pereira-do-flamengo-ouca\/"},"wordCount":357,"commentCount":0,"image":{"@id":"https:\/\/www.gaveanews.com\/index.php\/2023\/03\/09\/mc-surta-em-recado-para-vitor-pereira-do-flamengo-ouca\/#primaryimage"},"thumbnailUrl":"https:\/\/www.gaveanews.com\/wp-content\/uploads\/vitor-pereira-flamengo.webp","articleSection":["Flamengo"],"inLanguage":"pt-BR","potentialAction":[{"@type":"CommentAction","name":"Comment","target":["https:\/\/www.gaveanews.com\/index.php\/2023\/03\/09\/mc-surta-em-recado-para-vitor-pereira-do-flamengo-ouca\/#respond"]}],"copyrightYear":"2023","copyrightHolder":{"@id":"https:\/\/www.gaveanews.com\/#organization"}},{"@type":"WebPage","@id":"https:\/\/www.gaveanews.com\/index.php\/2023\/03\/09\/mc-surta-em-recado-para-vitor-pereira-do-flamengo-ouca\/","url":"https:\/\/www.gaveanews.com\/index.php\/2023\/03\/09\/mc-surta-em-recado-para-vitor-pereira-do-flamengo-ouca\/","name":"MC \u201csurta\u201d em recado para V\u00edtor Pereira, do Flamengo; ou\u00e7a","isPartOf":{"@id":"https:\/\/www.gaveanews.com\/#website"},"primaryImageOfPage":{"@id":"https:\/\/www.gaveanews.com\/index.php\/2023\/03\/09\/mc-surta-em-recado-para-vitor-pereira-do-flamengo-ouca\/#primaryimage"},"image":{"@id":"https:\/\/www.gaveanews.com\/index.php\/2023\/03\/09\/mc-surta-em-recado-para-vitor-pereira-do-flamengo-ouca\/#primaryimage"},"thumbnailUrl":"https:\/\/www.gaveanews.com\/wp-content\/uploads\/vitor-pereira-flamengo.webp","datePublished":"2023-03-09T17:29:29+00:00","dateModified":"2023-03-09T17:29:45+00:00","author":{"@id":"https:\/\/www.gaveanews.com\/#\/schema\/person\/2ec14f73fb96be2caf28f91afb14749d"},"breadcrumb":{"@id":"https:\/\/www.gaveanews.com\/index.php\/2023\/03\/09\/mc-surta-em-recado-para-vitor-pereira-do-flamengo-ouca\/#breadcrumb"},"inLanguage":"pt-BR","potentialAction":[{"@type":"ReadAction","target":["https:\/\/www.gaveanews.com\/index.php\/2023\/03\/09\/mc-surta-em-recado-para-vitor-pereira-do-flamengo-ouca\/"]}]},{"@type":"ImageObject","inLanguage":"pt-BR","@id":"https:\/\/www.gaveanews.com\/index.php\/2023\/03\/09\/mc-surta-em-recado-para-vitor-pereira-do-flamengo-ouca\/#primaryimage","url":"https:\/\/www.gaveanews.com\/wp-content\/uploads\/vitor-pereira-flamengo.webp","contentUrl":"https:\/\/www.gaveanews.com\/wp-content\/uploads\/vitor-pereira-flamengo.webp","width":1024,"height":682,"caption":"V\u00edtor Pereira em treino do Flamengo no Ninho do Urubu (Foto: Marcelo Cortes\/Flamengo)"},{"@type":"BreadcrumbList","@id":"https:\/\/www.gaveanews.com\/index.php\/2023\/03\/09\/mc-surta-em-recado-para-vitor-pereira-do-flamengo-ouca\/#breadcrumb","itemListElement":[{"@type":"ListItem","position":1,"name":"Home","item":"https:\/\/www.gaveanews.com\/"},{"@type":"ListItem","position":2,"name":"MC \u201csurta\u201d em recado para V\u00edtor Pereira, do Flamengo; ou\u00e7a"}]},{"@type":"WebSite","@id":"https:\/\/www.gaveanews.com\/#website","url":"https:\/\/www.gaveanews.com\/","name":"G\u00e1vea News","description":"Veja todas as not\u00edcias sobre o Flamengo: Contrata\u00e7\u00f5es, categorias de base, resultados das partidas, tabela de classifica\u00e7\u00e3o, pr\u00f3ximos jogos!","potentialAction":[{"@type":"SearchAction","target":{"@type":"EntryPoint","urlTemplate":"https:\/\/www.gaveanews.com\/?s={search_term_string}"},"query-input":{"@type":"PropertyValueSpecification","valueRequired":true,"valueName":"search_term_string"}}],"inLanguage":"pt-BR"},{"@type":"Person","@id":"https:\/\/www.gaveanews.com\/#\/schema\/person\/2ec14f73fb96be2caf28f91afb14749d","name":"Equipe G\u00e1vea News","image":{"@type":"ImageObject","inLanguage":"pt-BR","@id":"https:\/\/www.gaveanews.com\/#\/schema\/person\/image\/","url":"https:\/\/secure.gravatar.com\/avatar\/1e1956f1facbffd3f8fa53a326721950116b3b9dc9bd44939c01180fd4a745a9?s=96&d=mm&r=g","contentUrl":"https:\/\/secure.gravatar.com\/avatar\/1e1956f1facbffd3f8fa53a326721950116b3b9dc9bd44939c01180fd4a745a9?s=96&d=mm&r=g","caption":"Equipe G\u00e1vea News"}}]}},"_links":{"self":[{"href":"https:\/\/www.gaveanews.com\/index.php\/wp-json\/wp\/v2\/posts\/95149","targetHints":{"allow":["GET"]}}],"collection":[{"href":"https:\/\/www.gaveanews.com\/index.php\/wp-json\/wp\/v2\/posts"}],"about":[{"href":"https:\/\/www.gaveanews.com\/index.php\/wp-json\/wp\/v2\/types\/post"}],"author":[{"embeddable":true,"href":"https:\/\/www.gaveanews.com\/index.php\/wp-json\/wp\/v2\/users\/1"}],"replies":[{"embeddable":true,"href":"https:\/\/www.gaveanews.com\/index.php\/wp-json\/wp\/v2\/comments?post=95149"}],"version-history":[{"count":0,"href":"https:\/\/www.gaveanews.com\/index.php\/wp-json\/wp\/v2\/posts\/95149\/revisions"}],"wp:featuredmedia":[{"embeddable":true,"href":"https:\/\/www.gaveanews.com\/index.php\/wp-json\/wp\/v2\/media\/93332"}],"wp:attachment":[{"href":"https:\/\/www.gaveanews.com\/index.php\/wp-json\/wp\/v2\/media?parent=95149"}],"wp:term":[{"taxonomy":"category","embeddable":true,"href":"https:\/\/www.gaveanews.com\/index.php\/wp-json\/wp\/v2\/categories?post=95149"},{"taxonomy":"post_tag","embeddable":true,"href":"https:\/\/www.gaveanews.com\/index.php\/wp-json\/wp\/v2\/tags?post=95149"}],"curies":[{"name":"wp","href":"https:\/\/api.w.org\/{rel}","templated":true}]}}