{"id":95163,"date":"2023-03-09T17:16:28","date_gmt":"2023-03-09T20:16:28","guid":{"rendered":"https:\/\/www.gaveanews.com\/?p=95163"},"modified":"2023-03-09T17:16:30","modified_gmt":"2023-03-09T20:16:30","slug":"vitor-pereira-e-alvo-de-fritura-no-flamengo-entenda","status":"publish","type":"post","link":"https:\/\/www.gaveanews.com\/index.php\/2023\/03\/09\/vitor-pereira-e-alvo-de-fritura-no-flamengo-entenda\/","title":{"rendered":"V\u00edtor Pereira \u00e9 alvo de fritura no Flamengo; entenda"},"content":{"rendered":"\n<p>A segunda derrota seguida em cl\u00e1ssicos e a sequ\u00eancia de quatro jogos decisivos sem a conquista de t\u00edtulos pressionam como nunca o trabalho do t\u00e9cnico V\u00edtor Pereira no Flamengo. A ponto de as escolhas antes, durante e depois do jogo com o Fluminense terem iniciado um processo de fritura.<\/p>\n\n\n\n<p>Desde os gritos de &#8220;burro&#8221; vindos da arquibancada do Maracan\u00e3, at\u00e9 impress\u00f5es de quem vive a pol\u00edtica do clube, o atestado \u00e9 de que o treinador precisa sair para os resultados voltarem. Mas internamente, ainda h\u00e1 mobiliza\u00e7\u00e3o em cima do trabalho desenvolvido at\u00e9 aqui.<\/p>\n\n\n\n<p>O que, ent\u00e3o, \u00e9 verdade sobre a crise que paira sobre o t\u00e9cnico V\u00edtor Pereira?<\/p>\n\n\n\n<h2 class=\"wp-block-heading\" id=\"h-relacao-com-jogadores\">Rela\u00e7\u00e3o com jogadores<\/h2>\n\n\n\n<p>A decis\u00e3o do treinador de modificar o time para o jogo com o Fluminense n\u00e3o surpreendeu os atletas de forma negativa. Houve treinamento na ter\u00e7a-feira para esbo\u00e7ar a equipe e indicar as mudan\u00e7as. Como em todo jogo, V\u00edtor Pereira confirma o time que vai jogar apenas horas antes de a bola rolar, no v\u00eddeo que passa ap\u00f3s o almo\u00e7o na concentra\u00e7\u00e3o. Mesmo com as trocas antes e durante a partida, o comportamento dos jogadores foi de apoio ao modelo de jogo implementado. Medalh\u00f5es da equipe, Gabigol e Arrascaeta foram substitu\u00eddos no fim e n\u00e3o esbo\u00e7aram qualquer rea\u00e7\u00e3o de insatisfa\u00e7\u00e3o. No vesti\u00e1rio ap\u00f3s a partida e no dia a dia, tamb\u00e9m h\u00e1 entre os atletas o entendimento de que o trabalho tem elementos bons, e que precisa de tempo para se consolidar.<\/p>\n\n\n\n<h2 class=\"wp-block-heading\">Situa\u00e7\u00e3o do DM e prepara\u00e7\u00e3o f\u00edsica<\/h2>\n\n\n\n<p>H\u00e1 uma s\u00e9rie de jogadores desgastados no elenco rubro-negros. Alguns deles viraram baixas por les\u00e3o, outros s\u00e3o dosados para que estejam inteiros e desempenhem o que V\u00edtor Pereira deseja. Contra o Fluminense, ficaram de fora David Luiz, Thiago Maia e Bruno Henrique, em recupera\u00e7\u00e3o. Pedro treinou uma vez e foi relacionado ap\u00f3s sentir dores na coxa, mas n\u00e3o estava 100%. O mesmo vale para o lateral Varela, com uma les\u00e3o no p\u00fabis, e que s\u00f3 estava no banco pois n\u00e3o havia outro lateral do profissional para relacionar. Na coletiva, V\u00edtor Pereira questionou a falta de solu\u00e7\u00f5es nesse sentido para ter a equipe mais fresca, e a sequ\u00eancia recente de jogos foi apontada como justificativa para mexer no time. O preparador f\u00edsico Mario Monteiro estava na sala para referendar as reclama\u00e7\u00f5es.<\/p>\n\n\n\n<h2 class=\"wp-block-heading\">Respaldo da diretoria<\/h2>\n\n\n\n<p>N\u00e3o h\u00e1 declara\u00e7\u00f5es p\u00fablicas dos respons\u00e1veis pelo futebol do Flamengo em rela\u00e7\u00e3o ao trabalho de V\u00edtor Pereira. O vice de futebol Marcos Braz e o diretor Bruno Spindel se mant\u00e9m reclusos no momento conturbado, e t\u00eam sido criticados dentro e fora do clube. Internamente, profissionais do departamento de futebol mant\u00e9m relatos de que V\u00edtor Pereira agrada nos trabalhos do dia a dia. A atitude de intensificar as mudan\u00e7as na equipe para buscar uma maior intensidade sem perder a consist\u00eancia defensiva tamb\u00e9m \u00e9 vista com bons olhos. A avalia\u00e7\u00e3o final sobre a continuidade acontecer\u00e1 ap\u00f3s a disputa do Campeonato Carioca, mas at\u00e9 o momento o treinador tem apresentado coer\u00eancia nas escolhas diante das pe\u00e7as que t\u00eam.<\/p>\n\n\n\n<h2 class=\"wp-block-heading\">Insatisfa\u00e7\u00e3o da comiss\u00e3o t\u00e9cnica<\/h2>\n\n\n\n<p>V\u00edtor Pereira deixou claro que lhe faltam solu\u00e7\u00f5es para dar ao Flamengo um melhor desempenho e intensidade. Ressalta que chegou em um momento no qual n\u00e3o teria tempo nem condi\u00e7\u00f5es de fazer um trabalho para que a equipe chegasse em condi\u00e7\u00f5es m\u00ednimas de disputar os t\u00edtulos do in\u00edcio da temporada. Fato \u00e9 que VP n\u00e3o se v\u00ea respaldado por dirigentes, apenas por jogadores. Por notar que as lideran\u00e7as dentro de campo t\u00eam mais influ\u00eancia do que as de fora, h\u00e1 uma prote\u00e7\u00e3o m\u00fatua e um pacto para que o trabalho evolua mesmo que os resultados n\u00e3o demonstrem isso.<\/p>\n\n\n\n<h2 class=\"wp-block-heading\">Ambiente pol\u00edtico <\/h2>\n\n\n\n<p>H\u00e1 no Flamengo uma corrida velada pela elei\u00e7\u00e3o de 2024. Nela, os poss\u00edveis candidatos alinhados \u00e0 situa\u00e7\u00e3o, Rodrigo Dunshee, vice-geral, e Bap, presidente do Conselho de Administra\u00e7\u00e3o, t\u00eam feito agenda de campanha, que torna todos os debates em rela\u00e7\u00e3o ao futebol mais inflamados. Alguns vice-presidentes se aproveitam mais uma vez do atual momento para atingir o vice de futebol Marcos Braz com cr\u00edticas ao trabalho de V\u00edtor Pereira. A diferen\u00e7a de impress\u00f5es entre G\u00e1vea e Ninho do Urubu \u00e9 gritante em alguns pontos. O que influencia na avalia\u00e7\u00e3o do torcedor e dos conselheiros que acompanham a situa\u00e7\u00e3o de longe.<\/p>\n\n\n\n<p>Retirado de: O Globo<\/p>\n","protected":false},"excerpt":{"rendered":"<p>A segunda derrota seguida em cl\u00e1ssicos e a sequ\u00eancia de quatro jogos decisivos sem a conquista de t\u00edtulos pressionam como nunca o trabalho do t\u00e9cnico V\u00edtor Pereira no Flamengo. A ponto de as escolhas antes, durante e depois do jogo com o Fluminense terem iniciado um processo de fritura. Desde os gritos de &#8220;burro&#8221; vindos [&hellip;]<\/p>\n","protected":false},"author":1,"featured_media":94483,"comment_status":"open","ping_status":"closed","sticky":false,"template":"","format":"standard","meta":{"footnotes":""},"categories":[1],"tags":[],"class_list":["post-95163","post","type-post","status-publish","format-standard","has-post-thumbnail","hentry","category-flamengo"],"yoast_head":"<!-- This site is optimized with the Yoast SEO Premium plugin v24.2 (Yoast SEO v26.9) - https:\/\/yoast.com\/product\/yoast-seo-premium-wordpress\/ -->\n<title>V\u00edtor Pereira \u00e9 alvo de fritura no Flamengo; entenda<\/title>\n<meta name=\"robots\" content=\"index, follow, max-snippet:-1, max-image-preview:large, max-video-preview:-1\" \/>\n<link rel=\"canonical\" href=\"https:\/\/www.gaveanews.com\/index.php\/2023\/03\/09\/vitor-pereira-e-alvo-de-fritura-no-flamengo-entenda\/\" \/>\n<meta property=\"og:locale\" content=\"pt_BR\" \/>\n<meta property=\"og:type\" content=\"article\" \/>\n<meta property=\"og:title\" content=\"V\u00edtor Pereira \u00e9 alvo de fritura no Flamengo; entenda\" \/>\n<meta property=\"og:description\" content=\"A segunda derrota seguida em cl\u00e1ssicos e a sequ\u00eancia de quatro jogos decisivos sem a conquista de t\u00edtulos pressionam como nunca o trabalho do t\u00e9cnico V\u00edtor Pereira no Flamengo. A ponto de as escolhas antes, durante e depois do jogo com o Fluminense terem iniciado um processo de fritura. Desde os gritos de &#8220;burro&#8221; vindos [&hellip;]\" \/>\n<meta property=\"og:url\" content=\"https:\/\/www.gaveanews.com\/index.php\/2023\/03\/09\/vitor-pereira-e-alvo-de-fritura-no-flamengo-entenda\/\" \/>\n<meta property=\"og:site_name\" content=\"G\u00e1vea News\" \/>\n<meta property=\"article:publisher\" content=\"https:\/\/facebook.com\/gaveaNews\/\" \/>\n<meta property=\"article:published_time\" content=\"2023-03-09T20:16:28+00:00\" \/>\n<meta property=\"article:modified_time\" content=\"2023-03-09T20:16:30+00:00\" \/>\n<meta property=\"og:image\" content=\"https:\/\/www.gaveanews.com\/wp-content\/uploads\/vitor-pereira-flamengo.webp\" \/>\n\t<meta property=\"og:image:width\" content=\"696\" \/>\n\t<meta property=\"og:image:height\" content=\"463\" \/>\n\t<meta property=\"og:image:type\" content=\"image\/webp\" \/>\n<meta name=\"author\" content=\"Equipe G\u00e1vea News\" \/>\n<meta name=\"twitter:card\" content=\"summary_large_image\" \/>\n<meta name=\"twitter:label1\" content=\"Escrito por\" \/>\n\t<meta name=\"twitter:data1\" content=\"Equipe G\u00e1vea News\" \/>\n\t<meta name=\"twitter:label2\" content=\"Est. tempo de leitura\" \/>\n\t<meta name=\"twitter:data2\" content=\"4 minutos\" \/>\n<script type=\"application\/ld+json\" class=\"yoast-schema-graph\">{\"@context\":\"https:\/\/schema.org\",\"@graph\":[{\"@type\":\"NewsArticle\",\"@id\":\"https:\/\/www.gaveanews.com\/index.php\/2023\/03\/09\/vitor-pereira-e-alvo-de-fritura-no-flamengo-entenda\/#article\",\"isPartOf\":{\"@id\":\"https:\/\/www.gaveanews.com\/index.php\/2023\/03\/09\/vitor-pereira-e-alvo-de-fritura-no-flamengo-entenda\/\"},\"author\":{\"name\":\"Equipe G\u00e1vea News\",\"@id\":\"https:\/\/www.gaveanews.com\/#\/schema\/person\/2ec14f73fb96be2caf28f91afb14749d\"},\"headline\":\"V\u00edtor Pereira \u00e9 alvo de fritura no Flamengo; entenda\",\"datePublished\":\"2023-03-09T20:16:28+00:00\",\"dateModified\":\"2023-03-09T20:16:30+00:00\",\"mainEntityOfPage\":{\"@id\":\"https:\/\/www.gaveanews.com\/index.php\/2023\/03\/09\/vitor-pereira-e-alvo-de-fritura-no-flamengo-entenda\/\"},\"wordCount\":803,\"commentCount\":0,\"image\":{\"@id\":\"https:\/\/www.gaveanews.com\/index.php\/2023\/03\/09\/vitor-pereira-e-alvo-de-fritura-no-flamengo-entenda\/#primaryimage\"},\"thumbnailUrl\":\"https:\/\/www.gaveanews.com\/wp-content\/uploads\/vitor-pereira-flamengo.webp\",\"articleSection\":[\"Flamengo\"],\"inLanguage\":\"pt-BR\",\"potentialAction\":[{\"@type\":\"CommentAction\",\"name\":\"Comment\",\"target\":[\"https:\/\/www.gaveanews.com\/index.php\/2023\/03\/09\/vitor-pereira-e-alvo-de-fritura-no-flamengo-entenda\/#respond\"]}],\"copyrightYear\":\"2023\",\"copyrightHolder\":{\"@id\":\"https:\/\/www.gaveanews.com\/#organization\"}},{\"@type\":\"WebPage\",\"@id\":\"https:\/\/www.gaveanews.com\/index.php\/2023\/03\/09\/vitor-pereira-e-alvo-de-fritura-no-flamengo-entenda\/\",\"url\":\"https:\/\/www.gaveanews.com\/index.php\/2023\/03\/09\/vitor-pereira-e-alvo-de-fritura-no-flamengo-entenda\/\",\"name\":\"V\u00edtor Pereira \u00e9 alvo de fritura no Flamengo; entenda\",\"isPartOf\":{\"@id\":\"https:\/\/www.gaveanews.com\/#website\"},\"primaryImageOfPage\":{\"@id\":\"https:\/\/www.gaveanews.com\/index.php\/2023\/03\/09\/vitor-pereira-e-alvo-de-fritura-no-flamengo-entenda\/#primaryimage\"},\"image\":{\"@id\":\"https:\/\/www.gaveanews.com\/index.php\/2023\/03\/09\/vitor-pereira-e-alvo-de-fritura-no-flamengo-entenda\/#primaryimage\"},\"thumbnailUrl\":\"https:\/\/www.gaveanews.com\/wp-content\/uploads\/vitor-pereira-flamengo.webp\",\"datePublished\":\"2023-03-09T20:16:28+00:00\",\"dateModified\":\"2023-03-09T20:16:30+00:00\",\"author\":{\"@id\":\"https:\/\/www.gaveanews.com\/#\/schema\/person\/2ec14f73fb96be2caf28f91afb14749d\"},\"breadcrumb\":{\"@id\":\"https:\/\/www.gaveanews.com\/index.php\/2023\/03\/09\/vitor-pereira-e-alvo-de-fritura-no-flamengo-entenda\/#breadcrumb\"},\"inLanguage\":\"pt-BR\",\"potentialAction\":[{\"@type\":\"ReadAction\",\"target\":[\"https:\/\/www.gaveanews.com\/index.php\/2023\/03\/09\/vitor-pereira-e-alvo-de-fritura-no-flamengo-entenda\/\"]}]},{\"@type\":\"ImageObject\",\"inLanguage\":\"pt-BR\",\"@id\":\"https:\/\/www.gaveanews.com\/index.php\/2023\/03\/09\/vitor-pereira-e-alvo-de-fritura-no-flamengo-entenda\/#primaryimage\",\"url\":\"https:\/\/www.gaveanews.com\/wp-content\/uploads\/vitor-pereira-flamengo.webp\",\"contentUrl\":\"https:\/\/www.gaveanews.com\/wp-content\/uploads\/vitor-pereira-flamengo.webp\",\"width\":696,\"height\":463,\"caption\":\"V\u00edtor Pereira comanda o Flamengo em treinamento (Foto: Marcelo Cortes\/Flamengo)\"},{\"@type\":\"BreadcrumbList\",\"@id\":\"https:\/\/www.gaveanews.com\/index.php\/2023\/03\/09\/vitor-pereira-e-alvo-de-fritura-no-flamengo-entenda\/#breadcrumb\",\"itemListElement\":[{\"@type\":\"ListItem\",\"position\":1,\"name\":\"Home\",\"item\":\"https:\/\/www.gaveanews.com\/\"},{\"@type\":\"ListItem\",\"position\":2,\"name\":\"V\u00edtor Pereira \u00e9 alvo de fritura no Flamengo; entenda\"}]},{\"@type\":\"WebSite\",\"@id\":\"https:\/\/www.gaveanews.com\/#website\",\"url\":\"https:\/\/www.gaveanews.com\/\",\"name\":\"G\u00e1vea News\",\"description\":\"Veja todas as not\u00edcias sobre o Flamengo: Contrata\u00e7\u00f5es, categorias de base, resultados das partidas, tabela de classifica\u00e7\u00e3o, pr\u00f3ximos jogos!\",\"potentialAction\":[{\"@type\":\"SearchAction\",\"target\":{\"@type\":\"EntryPoint\",\"urlTemplate\":\"https:\/\/www.gaveanews.com\/?s={search_term_string}\"},\"query-input\":{\"@type\":\"PropertyValueSpecification\",\"valueRequired\":true,\"valueName\":\"search_term_string\"}}],\"inLanguage\":\"pt-BR\"},{\"@type\":\"Person\",\"@id\":\"https:\/\/www.gaveanews.com\/#\/schema\/person\/2ec14f73fb96be2caf28f91afb14749d\",\"name\":\"Equipe G\u00e1vea News\",\"image\":{\"@type\":\"ImageObject\",\"inLanguage\":\"pt-BR\",\"@id\":\"https:\/\/www.gaveanews.com\/#\/schema\/person\/image\/\",\"url\":\"https:\/\/secure.gravatar.com\/avatar\/1e1956f1facbffd3f8fa53a326721950116b3b9dc9bd44939c01180fd4a745a9?s=96&d=mm&r=g\",\"contentUrl\":\"https:\/\/secure.gravatar.com\/avatar\/1e1956f1facbffd3f8fa53a326721950116b3b9dc9bd44939c01180fd4a745a9?s=96&d=mm&r=g\",\"caption\":\"Equipe G\u00e1vea News\"}}]}<\/script>\n<!-- \/ Yoast SEO Premium plugin. -->","yoast_head_json":{"title":"V\u00edtor Pereira \u00e9 alvo de fritura no Flamengo; entenda","robots":{"index":"index","follow":"follow","max-snippet":"max-snippet:-1","max-image-preview":"max-image-preview:large","max-video-preview":"max-video-preview:-1"},"canonical":"https:\/\/www.gaveanews.com\/index.php\/2023\/03\/09\/vitor-pereira-e-alvo-de-fritura-no-flamengo-entenda\/","og_locale":"pt_BR","og_type":"article","og_title":"V\u00edtor Pereira \u00e9 alvo de fritura no Flamengo; entenda","og_description":"A segunda derrota seguida em cl\u00e1ssicos e a sequ\u00eancia de quatro jogos decisivos sem a conquista de t\u00edtulos pressionam como nunca o trabalho do t\u00e9cnico V\u00edtor Pereira no Flamengo. A ponto de as escolhas antes, durante e depois do jogo com o Fluminense terem iniciado um processo de fritura. Desde os gritos de &#8220;burro&#8221; vindos [&hellip;]","og_url":"https:\/\/www.gaveanews.com\/index.php\/2023\/03\/09\/vitor-pereira-e-alvo-de-fritura-no-flamengo-entenda\/","og_site_name":"G\u00e1vea News","article_publisher":"https:\/\/facebook.com\/gaveaNews\/","article_published_time":"2023-03-09T20:16:28+00:00","article_modified_time":"2023-03-09T20:16:30+00:00","og_image":[{"width":696,"height":463,"url":"https:\/\/www.gaveanews.com\/wp-content\/uploads\/vitor-pereira-flamengo.webp","type":"image\/webp"}],"author":"Equipe G\u00e1vea News","twitter_card":"summary_large_image","twitter_misc":{"Escrito por":"Equipe G\u00e1vea News","Est. tempo de leitura":"4 minutos"},"schema":{"@context":"https:\/\/schema.org","@graph":[{"@type":"NewsArticle","@id":"https:\/\/www.gaveanews.com\/index.php\/2023\/03\/09\/vitor-pereira-e-alvo-de-fritura-no-flamengo-entenda\/#article","isPartOf":{"@id":"https:\/\/www.gaveanews.com\/index.php\/2023\/03\/09\/vitor-pereira-e-alvo-de-fritura-no-flamengo-entenda\/"},"author":{"name":"Equipe G\u00e1vea News","@id":"https:\/\/www.gaveanews.com\/#\/schema\/person\/2ec14f73fb96be2caf28f91afb14749d"},"headline":"V\u00edtor Pereira \u00e9 alvo de fritura no Flamengo; entenda","datePublished":"2023-03-09T20:16:28+00:00","dateModified":"2023-03-09T20:16:30+00:00","mainEntityOfPage":{"@id":"https:\/\/www.gaveanews.com\/index.php\/2023\/03\/09\/vitor-pereira-e-alvo-de-fritura-no-flamengo-entenda\/"},"wordCount":803,"commentCount":0,"image":{"@id":"https:\/\/www.gaveanews.com\/index.php\/2023\/03\/09\/vitor-pereira-e-alvo-de-fritura-no-flamengo-entenda\/#primaryimage"},"thumbnailUrl":"https:\/\/www.gaveanews.com\/wp-content\/uploads\/vitor-pereira-flamengo.webp","articleSection":["Flamengo"],"inLanguage":"pt-BR","potentialAction":[{"@type":"CommentAction","name":"Comment","target":["https:\/\/www.gaveanews.com\/index.php\/2023\/03\/09\/vitor-pereira-e-alvo-de-fritura-no-flamengo-entenda\/#respond"]}],"copyrightYear":"2023","copyrightHolder":{"@id":"https:\/\/www.gaveanews.com\/#organization"}},{"@type":"WebPage","@id":"https:\/\/www.gaveanews.com\/index.php\/2023\/03\/09\/vitor-pereira-e-alvo-de-fritura-no-flamengo-entenda\/","url":"https:\/\/www.gaveanews.com\/index.php\/2023\/03\/09\/vitor-pereira-e-alvo-de-fritura-no-flamengo-entenda\/","name":"V\u00edtor Pereira \u00e9 alvo de fritura no Flamengo; entenda","isPartOf":{"@id":"https:\/\/www.gaveanews.com\/#website"},"primaryImageOfPage":{"@id":"https:\/\/www.gaveanews.com\/index.php\/2023\/03\/09\/vitor-pereira-e-alvo-de-fritura-no-flamengo-entenda\/#primaryimage"},"image":{"@id":"https:\/\/www.gaveanews.com\/index.php\/2023\/03\/09\/vitor-pereira-e-alvo-de-fritura-no-flamengo-entenda\/#primaryimage"},"thumbnailUrl":"https:\/\/www.gaveanews.com\/wp-content\/uploads\/vitor-pereira-flamengo.webp","datePublished":"2023-03-09T20:16:28+00:00","dateModified":"2023-03-09T20:16:30+00:00","author":{"@id":"https:\/\/www.gaveanews.com\/#\/schema\/person\/2ec14f73fb96be2caf28f91afb14749d"},"breadcrumb":{"@id":"https:\/\/www.gaveanews.com\/index.php\/2023\/03\/09\/vitor-pereira-e-alvo-de-fritura-no-flamengo-entenda\/#breadcrumb"},"inLanguage":"pt-BR","potentialAction":[{"@type":"ReadAction","target":["https:\/\/www.gaveanews.com\/index.php\/2023\/03\/09\/vitor-pereira-e-alvo-de-fritura-no-flamengo-entenda\/"]}]},{"@type":"ImageObject","inLanguage":"pt-BR","@id":"https:\/\/www.gaveanews.com\/index.php\/2023\/03\/09\/vitor-pereira-e-alvo-de-fritura-no-flamengo-entenda\/#primaryimage","url":"https:\/\/www.gaveanews.com\/wp-content\/uploads\/vitor-pereira-flamengo.webp","contentUrl":"https:\/\/www.gaveanews.com\/wp-content\/uploads\/vitor-pereira-flamengo.webp","width":696,"height":463,"caption":"V\u00edtor Pereira comanda o Flamengo em treinamento (Foto: Marcelo Cortes\/Flamengo)"},{"@type":"BreadcrumbList","@id":"https:\/\/www.gaveanews.com\/index.php\/2023\/03\/09\/vitor-pereira-e-alvo-de-fritura-no-flamengo-entenda\/#breadcrumb","itemListElement":[{"@type":"ListItem","position":1,"name":"Home","item":"https:\/\/www.gaveanews.com\/"},{"@type":"ListItem","position":2,"name":"V\u00edtor Pereira \u00e9 alvo de fritura no Flamengo; entenda"}]},{"@type":"WebSite","@id":"https:\/\/www.gaveanews.com\/#website","url":"https:\/\/www.gaveanews.com\/","name":"G\u00e1vea News","description":"Veja todas as not\u00edcias sobre o Flamengo: Contrata\u00e7\u00f5es, categorias de base, resultados das partidas, tabela de classifica\u00e7\u00e3o, pr\u00f3ximos jogos!","potentialAction":[{"@type":"SearchAction","target":{"@type":"EntryPoint","urlTemplate":"https:\/\/www.gaveanews.com\/?s={search_term_string}"},"query-input":{"@type":"PropertyValueSpecification","valueRequired":true,"valueName":"search_term_string"}}],"inLanguage":"pt-BR"},{"@type":"Person","@id":"https:\/\/www.gaveanews.com\/#\/schema\/person\/2ec14f73fb96be2caf28f91afb14749d","name":"Equipe G\u00e1vea News","image":{"@type":"ImageObject","inLanguage":"pt-BR","@id":"https:\/\/www.gaveanews.com\/#\/schema\/person\/image\/","url":"https:\/\/secure.gravatar.com\/avatar\/1e1956f1facbffd3f8fa53a326721950116b3b9dc9bd44939c01180fd4a745a9?s=96&d=mm&r=g","contentUrl":"https:\/\/secure.gravatar.com\/avatar\/1e1956f1facbffd3f8fa53a326721950116b3b9dc9bd44939c01180fd4a745a9?s=96&d=mm&r=g","caption":"Equipe G\u00e1vea News"}}]}},"_links":{"self":[{"href":"https:\/\/www.gaveanews.com\/index.php\/wp-json\/wp\/v2\/posts\/95163","targetHints":{"allow":["GET"]}}],"collection":[{"href":"https:\/\/www.gaveanews.com\/index.php\/wp-json\/wp\/v2\/posts"}],"about":[{"href":"https:\/\/www.gaveanews.com\/index.php\/wp-json\/wp\/v2\/types\/post"}],"author":[{"embeddable":true,"href":"https:\/\/www.gaveanews.com\/index.php\/wp-json\/wp\/v2\/users\/1"}],"replies":[{"embeddable":true,"href":"https:\/\/www.gaveanews.com\/index.php\/wp-json\/wp\/v2\/comments?post=95163"}],"version-history":[{"count":0,"href":"https:\/\/www.gaveanews.com\/index.php\/wp-json\/wp\/v2\/posts\/95163\/revisions"}],"wp:featuredmedia":[{"embeddable":true,"href":"https:\/\/www.gaveanews.com\/index.php\/wp-json\/wp\/v2\/media\/94483"}],"wp:attachment":[{"href":"https:\/\/www.gaveanews.com\/index.php\/wp-json\/wp\/v2\/media?parent=95163"}],"wp:term":[{"taxonomy":"category","embeddable":true,"href":"https:\/\/www.gaveanews.com\/index.php\/wp-json\/wp\/v2\/categories?post=95163"},{"taxonomy":"post_tag","embeddable":true,"href":"https:\/\/www.gaveanews.com\/index.php\/wp-json\/wp\/v2\/tags?post=95163"}],"curies":[{"name":"wp","href":"https:\/\/api.w.org\/{rel}","templated":true}]}}