{"id":95165,"date":"2023-03-09T18:35:32","date_gmt":"2023-03-09T21:35:32","guid":{"rendered":"https:\/\/www.gaveanews.com\/?p=95165"},"modified":"2023-03-09T18:35:35","modified_gmt":"2023-03-09T21:35:35","slug":"flamengo-oferece-salario-maior-e-avanca-pela-contratacao-de-mateus-uribe","status":"publish","type":"post","link":"https:\/\/www.gaveanews.com\/index.php\/2023\/03\/09\/flamengo-oferece-salario-maior-e-avanca-pela-contratacao-de-mateus-uribe\/","title":{"rendered":"Flamengo oferece sal\u00e1rio maior e avan\u00e7a pela contrata\u00e7\u00e3o de Mateus Uribe"},"content":{"rendered":"\n<p>As principais demandas do t\u00e9cnico V\u00edtor Pereira aos dirigentes do Flamengo s\u00e3o um volante e um ponta direita. Negociando com \u00c2ngelo nos \u00faltimos dias para refor\u00e7ar o ataque, o Rubro-Negro agora mira em Matheus Uribe para fortalecer o meio-campo.<\/p>\n\n\n\n<p>De acordo com o jornalista Bruno Andrade, o clube carioca tomou conhecimento dos valores necess\u00e1rios para avan\u00e7ar na negocia\u00e7\u00e3o pelo colombiano e, a princ\u00edpio, est\u00e1 disposto a pagar um sal\u00e1rio maior do que Uribe recebe no Porto.<\/p>\n\n\n\n<p>O contrato do volante com os portugueses se encerra em junho, ent\u00e3o o jogador est\u00e1 liberado para assinar um pr\u00e9-contrato com qualquer equipe. Por sua vez, o Porto insiste na renova\u00e7\u00e3o, mas a demanda salarial de Uribe aos Drag\u00f5es \u00e9 alta. O Flamengo deve formalizar uma proposta nos pr\u00f3ximos dias.<\/p>\n\n\n\n<p>Uribe tem uma proposta em m\u00e3os para renovar com o clube portugu\u00eas, mas ainda n\u00e3o respondeu. Al\u00e9m do Flamengo, o jogador tamb\u00e9m tem propostas do M\u00e9xico. A situa\u00e7\u00e3o poder\u00e1 caminhar a partir da recusa do colombiano ao Porto. O clube carioca busca acordo para logo em seguida negociar libera\u00e7\u00e3o imediata.<\/p>\n\n\n\n<p>Retirado de: Mercado do Futebol<\/p>\n","protected":false},"excerpt":{"rendered":"<p>As principais demandas do t\u00e9cnico V\u00edtor Pereira aos dirigentes do Flamengo s\u00e3o um volante e um ponta direita. Negociando com \u00c2ngelo nos \u00faltimos dias para refor\u00e7ar o ataque, o Rubro-Negro agora mira em Matheus Uribe para fortalecer o meio-campo. De acordo com o jornalista Bruno Andrade, o clube carioca tomou conhecimento dos valores necess\u00e1rios para [&hellip;]<\/p>\n","protected":false},"author":1,"featured_media":23694,"comment_status":"open","ping_status":"closed","sticky":false,"template":"","format":"standard","meta":{"footnotes":""},"categories":[1],"tags":[],"class_list":["post-95165","post","type-post","status-publish","format-standard","has-post-thumbnail","hentry","category-flamengo"],"yoast_head":"<!-- This site is optimized with the Yoast SEO Premium plugin v24.2 (Yoast SEO v26.9) - https:\/\/yoast.com\/product\/yoast-seo-premium-wordpress\/ -->\n<title>Flamengo oferece sal\u00e1rio maior e avan\u00e7a pela contrata\u00e7\u00e3o de Mateus Uribe<\/title>\n<meta name=\"robots\" content=\"index, follow, max-snippet:-1, max-image-preview:large, max-video-preview:-1\" \/>\n<link rel=\"canonical\" href=\"https:\/\/www.gaveanews.com\/index.php\/2023\/03\/09\/flamengo-oferece-salario-maior-e-avanca-pela-contratacao-de-mateus-uribe\/\" \/>\n<meta property=\"og:locale\" content=\"pt_BR\" \/>\n<meta property=\"og:type\" content=\"article\" \/>\n<meta property=\"og:title\" content=\"Flamengo oferece sal\u00e1rio maior e avan\u00e7a pela contrata\u00e7\u00e3o de Mateus Uribe\" \/>\n<meta property=\"og:description\" content=\"As principais demandas do t\u00e9cnico V\u00edtor Pereira aos dirigentes do Flamengo s\u00e3o um volante e um ponta direita. Negociando com \u00c2ngelo nos \u00faltimos dias para refor\u00e7ar o ataque, o Rubro-Negro agora mira em Matheus Uribe para fortalecer o meio-campo. De acordo com o jornalista Bruno Andrade, o clube carioca tomou conhecimento dos valores necess\u00e1rios para [&hellip;]\" \/>\n<meta property=\"og:url\" content=\"https:\/\/www.gaveanews.com\/index.php\/2023\/03\/09\/flamengo-oferece-salario-maior-e-avanca-pela-contratacao-de-mateus-uribe\/\" \/>\n<meta property=\"og:site_name\" content=\"G\u00e1vea News\" \/>\n<meta property=\"article:publisher\" content=\"https:\/\/facebook.com\/gaveaNews\/\" \/>\n<meta property=\"article:published_time\" content=\"2023-03-09T21:35:32+00:00\" \/>\n<meta property=\"article:modified_time\" content=\"2023-03-09T21:35:35+00:00\" \/>\n<meta property=\"og:image\" content=\"https:\/\/www.gaveanews.com\/wp-content\/uploads\/2019\/07\/Marcos-Braz-durante-coletiva-de-imprensa-no-Ninho-do-Urubu.webp\" \/>\n\t<meta property=\"og:image:width\" content=\"846\" \/>\n\t<meta property=\"og:image:height\" content=\"563\" \/>\n\t<meta property=\"og:image:type\" content=\"image\/jpeg\" \/>\n<meta name=\"author\" content=\"Equipe G\u00e1vea News\" \/>\n<meta name=\"twitter:card\" content=\"summary_large_image\" \/>\n<meta name=\"twitter:label1\" content=\"Escrito por\" \/>\n\t<meta name=\"twitter:data1\" content=\"Equipe G\u00e1vea News\" \/>\n\t<meta name=\"twitter:label2\" content=\"Est. tempo de leitura\" \/>\n\t<meta name=\"twitter:data2\" content=\"1 minuto\" \/>\n<script type=\"application\/ld+json\" class=\"yoast-schema-graph\">{\"@context\":\"https:\/\/schema.org\",\"@graph\":[{\"@type\":\"NewsArticle\",\"@id\":\"https:\/\/www.gaveanews.com\/index.php\/2023\/03\/09\/flamengo-oferece-salario-maior-e-avanca-pela-contratacao-de-mateus-uribe\/#article\",\"isPartOf\":{\"@id\":\"https:\/\/www.gaveanews.com\/index.php\/2023\/03\/09\/flamengo-oferece-salario-maior-e-avanca-pela-contratacao-de-mateus-uribe\/\"},\"author\":{\"name\":\"Equipe G\u00e1vea News\",\"@id\":\"https:\/\/www.gaveanews.com\/#\/schema\/person\/2ec14f73fb96be2caf28f91afb14749d\"},\"headline\":\"Flamengo oferece sal\u00e1rio maior e avan\u00e7a pela contrata\u00e7\u00e3o de Mateus Uribe\",\"datePublished\":\"2023-03-09T21:35:32+00:00\",\"dateModified\":\"2023-03-09T21:35:35+00:00\",\"mainEntityOfPage\":{\"@id\":\"https:\/\/www.gaveanews.com\/index.php\/2023\/03\/09\/flamengo-oferece-salario-maior-e-avanca-pela-contratacao-de-mateus-uribe\/\"},\"wordCount\":216,\"commentCount\":0,\"image\":{\"@id\":\"https:\/\/www.gaveanews.com\/index.php\/2023\/03\/09\/flamengo-oferece-salario-maior-e-avanca-pela-contratacao-de-mateus-uribe\/#primaryimage\"},\"thumbnailUrl\":\"https:\/\/www.gaveanews.com\/wp-content\/uploads\/2019\/07\/Marcos-Braz-durante-coletiva-de-imprensa-no-Ninho-do-Urubu.webp\",\"articleSection\":[\"Flamengo\"],\"inLanguage\":\"pt-BR\",\"potentialAction\":[{\"@type\":\"CommentAction\",\"name\":\"Comment\",\"target\":[\"https:\/\/www.gaveanews.com\/index.php\/2023\/03\/09\/flamengo-oferece-salario-maior-e-avanca-pela-contratacao-de-mateus-uribe\/#respond\"]}],\"copyrightYear\":\"2023\",\"copyrightHolder\":{\"@id\":\"https:\/\/www.gaveanews.com\/#organization\"}},{\"@type\":\"WebPage\",\"@id\":\"https:\/\/www.gaveanews.com\/index.php\/2023\/03\/09\/flamengo-oferece-salario-maior-e-avanca-pela-contratacao-de-mateus-uribe\/\",\"url\":\"https:\/\/www.gaveanews.com\/index.php\/2023\/03\/09\/flamengo-oferece-salario-maior-e-avanca-pela-contratacao-de-mateus-uribe\/\",\"name\":\"Flamengo oferece sal\u00e1rio maior e avan\u00e7a pela contrata\u00e7\u00e3o de Mateus Uribe\",\"isPartOf\":{\"@id\":\"https:\/\/www.gaveanews.com\/#website\"},\"primaryImageOfPage\":{\"@id\":\"https:\/\/www.gaveanews.com\/index.php\/2023\/03\/09\/flamengo-oferece-salario-maior-e-avanca-pela-contratacao-de-mateus-uribe\/#primaryimage\"},\"image\":{\"@id\":\"https:\/\/www.gaveanews.com\/index.php\/2023\/03\/09\/flamengo-oferece-salario-maior-e-avanca-pela-contratacao-de-mateus-uribe\/#primaryimage\"},\"thumbnailUrl\":\"https:\/\/www.gaveanews.com\/wp-content\/uploads\/2019\/07\/Marcos-Braz-durante-coletiva-de-imprensa-no-Ninho-do-Urubu.webp\",\"datePublished\":\"2023-03-09T21:35:32+00:00\",\"dateModified\":\"2023-03-09T21:35:35+00:00\",\"author\":{\"@id\":\"https:\/\/www.gaveanews.com\/#\/schema\/person\/2ec14f73fb96be2caf28f91afb14749d\"},\"breadcrumb\":{\"@id\":\"https:\/\/www.gaveanews.com\/index.php\/2023\/03\/09\/flamengo-oferece-salario-maior-e-avanca-pela-contratacao-de-mateus-uribe\/#breadcrumb\"},\"inLanguage\":\"pt-BR\",\"potentialAction\":[{\"@type\":\"ReadAction\",\"target\":[\"https:\/\/www.gaveanews.com\/index.php\/2023\/03\/09\/flamengo-oferece-salario-maior-e-avanca-pela-contratacao-de-mateus-uribe\/\"]}]},{\"@type\":\"ImageObject\",\"inLanguage\":\"pt-BR\",\"@id\":\"https:\/\/www.gaveanews.com\/index.php\/2023\/03\/09\/flamengo-oferece-salario-maior-e-avanca-pela-contratacao-de-mateus-uribe\/#primaryimage\",\"url\":\"https:\/\/www.gaveanews.com\/wp-content\/uploads\/2019\/07\/Marcos-Braz-durante-coletiva-de-imprensa-no-Ninho-do-Urubu.webp\",\"contentUrl\":\"https:\/\/www.gaveanews.com\/wp-content\/uploads\/2019\/07\/Marcos-Braz-durante-coletiva-de-imprensa-no-Ninho-do-Urubu.webp\",\"width\":846,\"height\":563,\"caption\":\"Marcos Braz durante coletiva de imprensa no Ninho do Urubu (Foto: Alexandre Vidal\/Flamengo)\"},{\"@type\":\"BreadcrumbList\",\"@id\":\"https:\/\/www.gaveanews.com\/index.php\/2023\/03\/09\/flamengo-oferece-salario-maior-e-avanca-pela-contratacao-de-mateus-uribe\/#breadcrumb\",\"itemListElement\":[{\"@type\":\"ListItem\",\"position\":1,\"name\":\"Home\",\"item\":\"https:\/\/www.gaveanews.com\/\"},{\"@type\":\"ListItem\",\"position\":2,\"name\":\"Flamengo oferece sal\u00e1rio maior e avan\u00e7a pela contrata\u00e7\u00e3o de Mateus Uribe\"}]},{\"@type\":\"WebSite\",\"@id\":\"https:\/\/www.gaveanews.com\/#website\",\"url\":\"https:\/\/www.gaveanews.com\/\",\"name\":\"G\u00e1vea News\",\"description\":\"Veja todas as not\u00edcias sobre o Flamengo: Contrata\u00e7\u00f5es, categorias de base, resultados das partidas, tabela de classifica\u00e7\u00e3o, pr\u00f3ximos jogos!\",\"potentialAction\":[{\"@type\":\"SearchAction\",\"target\":{\"@type\":\"EntryPoint\",\"urlTemplate\":\"https:\/\/www.gaveanews.com\/?s={search_term_string}\"},\"query-input\":{\"@type\":\"PropertyValueSpecification\",\"valueRequired\":true,\"valueName\":\"search_term_string\"}}],\"inLanguage\":\"pt-BR\"},{\"@type\":\"Person\",\"@id\":\"https:\/\/www.gaveanews.com\/#\/schema\/person\/2ec14f73fb96be2caf28f91afb14749d\",\"name\":\"Equipe G\u00e1vea News\",\"image\":{\"@type\":\"ImageObject\",\"inLanguage\":\"pt-BR\",\"@id\":\"https:\/\/www.gaveanews.com\/#\/schema\/person\/image\/\",\"url\":\"https:\/\/secure.gravatar.com\/avatar\/1e1956f1facbffd3f8fa53a326721950116b3b9dc9bd44939c01180fd4a745a9?s=96&d=mm&r=g\",\"contentUrl\":\"https:\/\/secure.gravatar.com\/avatar\/1e1956f1facbffd3f8fa53a326721950116b3b9dc9bd44939c01180fd4a745a9?s=96&d=mm&r=g\",\"caption\":\"Equipe G\u00e1vea News\"}}]}<\/script>\n<!-- \/ Yoast SEO Premium plugin. -->","yoast_head_json":{"title":"Flamengo oferece sal\u00e1rio maior e avan\u00e7a pela contrata\u00e7\u00e3o de Mateus Uribe","robots":{"index":"index","follow":"follow","max-snippet":"max-snippet:-1","max-image-preview":"max-image-preview:large","max-video-preview":"max-video-preview:-1"},"canonical":"https:\/\/www.gaveanews.com\/index.php\/2023\/03\/09\/flamengo-oferece-salario-maior-e-avanca-pela-contratacao-de-mateus-uribe\/","og_locale":"pt_BR","og_type":"article","og_title":"Flamengo oferece sal\u00e1rio maior e avan\u00e7a pela contrata\u00e7\u00e3o de Mateus Uribe","og_description":"As principais demandas do t\u00e9cnico V\u00edtor Pereira aos dirigentes do Flamengo s\u00e3o um volante e um ponta direita. Negociando com \u00c2ngelo nos \u00faltimos dias para refor\u00e7ar o ataque, o Rubro-Negro agora mira em Matheus Uribe para fortalecer o meio-campo. De acordo com o jornalista Bruno Andrade, o clube carioca tomou conhecimento dos valores necess\u00e1rios para [&hellip;]","og_url":"https:\/\/www.gaveanews.com\/index.php\/2023\/03\/09\/flamengo-oferece-salario-maior-e-avanca-pela-contratacao-de-mateus-uribe\/","og_site_name":"G\u00e1vea News","article_publisher":"https:\/\/facebook.com\/gaveaNews\/","article_published_time":"2023-03-09T21:35:32+00:00","article_modified_time":"2023-03-09T21:35:35+00:00","og_image":[{"width":846,"height":563,"url":"https:\/\/www.gaveanews.com\/wp-content\/uploads\/2019\/07\/Marcos-Braz-durante-coletiva-de-imprensa-no-Ninho-do-Urubu.webp","type":"image\/jpeg"}],"author":"Equipe G\u00e1vea News","twitter_card":"summary_large_image","twitter_misc":{"Escrito por":"Equipe G\u00e1vea News","Est. tempo de leitura":"1 minuto"},"schema":{"@context":"https:\/\/schema.org","@graph":[{"@type":"NewsArticle","@id":"https:\/\/www.gaveanews.com\/index.php\/2023\/03\/09\/flamengo-oferece-salario-maior-e-avanca-pela-contratacao-de-mateus-uribe\/#article","isPartOf":{"@id":"https:\/\/www.gaveanews.com\/index.php\/2023\/03\/09\/flamengo-oferece-salario-maior-e-avanca-pela-contratacao-de-mateus-uribe\/"},"author":{"name":"Equipe G\u00e1vea News","@id":"https:\/\/www.gaveanews.com\/#\/schema\/person\/2ec14f73fb96be2caf28f91afb14749d"},"headline":"Flamengo oferece sal\u00e1rio maior e avan\u00e7a pela contrata\u00e7\u00e3o de Mateus Uribe","datePublished":"2023-03-09T21:35:32+00:00","dateModified":"2023-03-09T21:35:35+00:00","mainEntityOfPage":{"@id":"https:\/\/www.gaveanews.com\/index.php\/2023\/03\/09\/flamengo-oferece-salario-maior-e-avanca-pela-contratacao-de-mateus-uribe\/"},"wordCount":216,"commentCount":0,"image":{"@id":"https:\/\/www.gaveanews.com\/index.php\/2023\/03\/09\/flamengo-oferece-salario-maior-e-avanca-pela-contratacao-de-mateus-uribe\/#primaryimage"},"thumbnailUrl":"https:\/\/www.gaveanews.com\/wp-content\/uploads\/2019\/07\/Marcos-Braz-durante-coletiva-de-imprensa-no-Ninho-do-Urubu.webp","articleSection":["Flamengo"],"inLanguage":"pt-BR","potentialAction":[{"@type":"CommentAction","name":"Comment","target":["https:\/\/www.gaveanews.com\/index.php\/2023\/03\/09\/flamengo-oferece-salario-maior-e-avanca-pela-contratacao-de-mateus-uribe\/#respond"]}],"copyrightYear":"2023","copyrightHolder":{"@id":"https:\/\/www.gaveanews.com\/#organization"}},{"@type":"WebPage","@id":"https:\/\/www.gaveanews.com\/index.php\/2023\/03\/09\/flamengo-oferece-salario-maior-e-avanca-pela-contratacao-de-mateus-uribe\/","url":"https:\/\/www.gaveanews.com\/index.php\/2023\/03\/09\/flamengo-oferece-salario-maior-e-avanca-pela-contratacao-de-mateus-uribe\/","name":"Flamengo oferece sal\u00e1rio maior e avan\u00e7a pela contrata\u00e7\u00e3o de Mateus Uribe","isPartOf":{"@id":"https:\/\/www.gaveanews.com\/#website"},"primaryImageOfPage":{"@id":"https:\/\/www.gaveanews.com\/index.php\/2023\/03\/09\/flamengo-oferece-salario-maior-e-avanca-pela-contratacao-de-mateus-uribe\/#primaryimage"},"image":{"@id":"https:\/\/www.gaveanews.com\/index.php\/2023\/03\/09\/flamengo-oferece-salario-maior-e-avanca-pela-contratacao-de-mateus-uribe\/#primaryimage"},"thumbnailUrl":"https:\/\/www.gaveanews.com\/wp-content\/uploads\/2019\/07\/Marcos-Braz-durante-coletiva-de-imprensa-no-Ninho-do-Urubu.webp","datePublished":"2023-03-09T21:35:32+00:00","dateModified":"2023-03-09T21:35:35+00:00","author":{"@id":"https:\/\/www.gaveanews.com\/#\/schema\/person\/2ec14f73fb96be2caf28f91afb14749d"},"breadcrumb":{"@id":"https:\/\/www.gaveanews.com\/index.php\/2023\/03\/09\/flamengo-oferece-salario-maior-e-avanca-pela-contratacao-de-mateus-uribe\/#breadcrumb"},"inLanguage":"pt-BR","potentialAction":[{"@type":"ReadAction","target":["https:\/\/www.gaveanews.com\/index.php\/2023\/03\/09\/flamengo-oferece-salario-maior-e-avanca-pela-contratacao-de-mateus-uribe\/"]}]},{"@type":"ImageObject","inLanguage":"pt-BR","@id":"https:\/\/www.gaveanews.com\/index.php\/2023\/03\/09\/flamengo-oferece-salario-maior-e-avanca-pela-contratacao-de-mateus-uribe\/#primaryimage","url":"https:\/\/www.gaveanews.com\/wp-content\/uploads\/2019\/07\/Marcos-Braz-durante-coletiva-de-imprensa-no-Ninho-do-Urubu.webp","contentUrl":"https:\/\/www.gaveanews.com\/wp-content\/uploads\/2019\/07\/Marcos-Braz-durante-coletiva-de-imprensa-no-Ninho-do-Urubu.webp","width":846,"height":563,"caption":"Marcos Braz durante coletiva de imprensa no Ninho do Urubu (Foto: Alexandre Vidal\/Flamengo)"},{"@type":"BreadcrumbList","@id":"https:\/\/www.gaveanews.com\/index.php\/2023\/03\/09\/flamengo-oferece-salario-maior-e-avanca-pela-contratacao-de-mateus-uribe\/#breadcrumb","itemListElement":[{"@type":"ListItem","position":1,"name":"Home","item":"https:\/\/www.gaveanews.com\/"},{"@type":"ListItem","position":2,"name":"Flamengo oferece sal\u00e1rio maior e avan\u00e7a pela contrata\u00e7\u00e3o de Mateus Uribe"}]},{"@type":"WebSite","@id":"https:\/\/www.gaveanews.com\/#website","url":"https:\/\/www.gaveanews.com\/","name":"G\u00e1vea News","description":"Veja todas as not\u00edcias sobre o Flamengo: Contrata\u00e7\u00f5es, categorias de base, resultados das partidas, tabela de classifica\u00e7\u00e3o, pr\u00f3ximos jogos!","potentialAction":[{"@type":"SearchAction","target":{"@type":"EntryPoint","urlTemplate":"https:\/\/www.gaveanews.com\/?s={search_term_string}"},"query-input":{"@type":"PropertyValueSpecification","valueRequired":true,"valueName":"search_term_string"}}],"inLanguage":"pt-BR"},{"@type":"Person","@id":"https:\/\/www.gaveanews.com\/#\/schema\/person\/2ec14f73fb96be2caf28f91afb14749d","name":"Equipe G\u00e1vea News","image":{"@type":"ImageObject","inLanguage":"pt-BR","@id":"https:\/\/www.gaveanews.com\/#\/schema\/person\/image\/","url":"https:\/\/secure.gravatar.com\/avatar\/1e1956f1facbffd3f8fa53a326721950116b3b9dc9bd44939c01180fd4a745a9?s=96&d=mm&r=g","contentUrl":"https:\/\/secure.gravatar.com\/avatar\/1e1956f1facbffd3f8fa53a326721950116b3b9dc9bd44939c01180fd4a745a9?s=96&d=mm&r=g","caption":"Equipe G\u00e1vea News"}}]}},"_links":{"self":[{"href":"https:\/\/www.gaveanews.com\/index.php\/wp-json\/wp\/v2\/posts\/95165","targetHints":{"allow":["GET"]}}],"collection":[{"href":"https:\/\/www.gaveanews.com\/index.php\/wp-json\/wp\/v2\/posts"}],"about":[{"href":"https:\/\/www.gaveanews.com\/index.php\/wp-json\/wp\/v2\/types\/post"}],"author":[{"embeddable":true,"href":"https:\/\/www.gaveanews.com\/index.php\/wp-json\/wp\/v2\/users\/1"}],"replies":[{"embeddable":true,"href":"https:\/\/www.gaveanews.com\/index.php\/wp-json\/wp\/v2\/comments?post=95165"}],"version-history":[{"count":0,"href":"https:\/\/www.gaveanews.com\/index.php\/wp-json\/wp\/v2\/posts\/95165\/revisions"}],"wp:featuredmedia":[{"embeddable":true,"href":"https:\/\/www.gaveanews.com\/index.php\/wp-json\/wp\/v2\/media\/23694"}],"wp:attachment":[{"href":"https:\/\/www.gaveanews.com\/index.php\/wp-json\/wp\/v2\/media?parent=95165"}],"wp:term":[{"taxonomy":"category","embeddable":true,"href":"https:\/\/www.gaveanews.com\/index.php\/wp-json\/wp\/v2\/categories?post=95165"},{"taxonomy":"post_tag","embeddable":true,"href":"https:\/\/www.gaveanews.com\/index.php\/wp-json\/wp\/v2\/tags?post=95165"}],"curies":[{"name":"wp","href":"https:\/\/api.w.org\/{rel}","templated":true}]}}