{"id":95171,"date":"2023-03-09T22:45:56","date_gmt":"2023-03-10T01:45:56","guid":{"rendered":"https:\/\/www.gaveanews.com\/?p=95171"},"modified":"2024-04-06T23:03:47","modified_gmt":"2024-04-07T02:03:47","slug":"mauro-cezar-pereira-sai-em-defesa-de-vp-e-faz-projecao-para-o-flamengo","status":"publish","type":"post","link":"https:\/\/www.gaveanews.com\/index.php\/2023\/03\/09\/mauro-cezar-pereira-sai-em-defesa-de-vp-e-faz-projecao-para-o-flamengo\/","title":{"rendered":"Mauro Cezar Pereira sai em defesa de VP e faz proje\u00e7\u00e3o para o Flamengo"},"content":{"rendered":"\n<p>A press\u00e3o sobre o t\u00e9cnico Vitor Pereira aumenta a cada dia. Depois de perder para o Fluminense na final da Ta\u00e7a Guanabara, o treinador recebeu uma s\u00e9rie de criticas de torcedores e da imprensa. Mauro Cezar, jornalista da Jovem Pam saiu em defesa do treinador do Flamengo, para ele o portugu\u00eas, que vem tendo um in\u00edcio muito ruim, ainda pode fazer um bom trabalho no clube.<\/p>\n\n\n\n<h2 class=\"wp-block-heading\" id=\"h-mauro-cezar-critica-imediatismo-do-futebol-brasileiro\">Mauro Cezar critica imediatismo do futebol brasileiro<\/h2>\n\n\n\n<p>Para o jornalista, as pessoas est\u00e3o sando muita import\u00e2ncia para competi\u00e7\u00f5es pequenas e que serve como pr\u00e9-temporada no Brasil.<\/p>\n\n\n\n<p>\u201cNo Brasil a gente supervaloriza as competi\u00e7\u00f5es de menor import\u00e2ncia e esquece que o \u2018fil\u00e9 mignon\u2019 ainda vem por a\u00ed. Ainda estamos na \u2018carne de terceira\u2019 agora. Ta\u00e7a Guanabara, Campeonato Carioca\u2026 Isso s\u00f3 vale porque s\u00e3o as competi\u00e7\u00f5es que est\u00e3o acontecendo, pela rivalidade hist\u00f3rica e porque os times est\u00e3o ali se enfrentando, s\u00f3 tem isso\u201d, disse.<\/p>\n\n\n\n<p>Para Mauro Cezar tem que dar a continuidade no trabalho para o clube almejar coisas maiores na temporada, como aconteceu na temporada passada quando o clube conquistou a\u00a0Libertadores\u00a0e a\u00a0Copa do Brasil.<\/p>\n\n\n\n<p>\u201cO que importa mesmo vem l\u00e1 na frente. Pergunta ao torcedor do Fluminense se ele quer trocar o Campeonato Carioca que ele ganhou em cima do Flamengo pela\u00a0Copa do Brasil?\u201d, questionou.<\/p>\n\n\n\n<p>Por fim, criticou o imediatismo e a falta de paci\u00eancia dos brasileiros com os trabalhos dos treinadores. Mauro Cezar tamb\u00e9m comentou sobre a demiss\u00e3o de Dorival J\u00fanior no Flamengo.<\/p>\n\n\n\n<p>\u201cAs pessoas n\u00e3o tem paci\u00eancia, tudo \u00e9 para ontem, mas ai \u00e9 a postura de cada um. Acho que o Dorival J\u00fanior merecia continuar pelos t\u00edtulos que conquistou, mas o trabalho dele no final do ano passado n\u00e3o era bom\u2026\u201d, afirmou.<\/p>\n\n\n\n<p>Retirado de: Torcedores<\/p>\n","protected":false},"excerpt":{"rendered":"<p>A press\u00e3o sobre o t\u00e9cnico Vitor Pereira aumenta a cada dia. Depois de perder para o Fluminense na final da Ta\u00e7a Guanabara, o treinador recebeu uma s\u00e9rie de criticas de torcedores e da imprensa. Mauro Cezar, jornalista da Jovem Pam saiu em defesa do treinador do Flamengo, para ele o portugu\u00eas, que vem tendo um [&hellip;]<\/p>\n","protected":false},"author":1,"featured_media":56367,"comment_status":"open","ping_status":"closed","sticky":false,"template":"","format":"standard","meta":{"footnotes":""},"categories":[1],"tags":[170],"class_list":["post-95171","post","type-post","status-publish","format-standard","has-post-thumbnail","hentry","category-flamengo","tag-mauro-cezar-pereira"],"yoast_head":"<!-- This site is optimized with the Yoast SEO Premium plugin v24.2 (Yoast SEO v26.9) - https:\/\/yoast.com\/product\/yoast-seo-premium-wordpress\/ -->\n<title>Mauro Cezar Pereira sai em defesa de VP e faz proje\u00e7\u00e3o para o Flamengo<\/title>\n<meta name=\"robots\" content=\"index, follow, max-snippet:-1, max-image-preview:large, max-video-preview:-1\" \/>\n<link rel=\"canonical\" href=\"https:\/\/www.gaveanews.com\/index.php\/2023\/03\/09\/mauro-cezar-pereira-sai-em-defesa-de-vp-e-faz-projecao-para-o-flamengo\/\" \/>\n<meta property=\"og:locale\" content=\"pt_BR\" \/>\n<meta property=\"og:type\" content=\"article\" \/>\n<meta property=\"og:title\" content=\"Mauro Cezar Pereira sai em defesa de VP e faz proje\u00e7\u00e3o para o Flamengo\" \/>\n<meta property=\"og:description\" content=\"A press\u00e3o sobre o t\u00e9cnico Vitor Pereira aumenta a cada dia. Depois de perder para o Fluminense na final da Ta\u00e7a Guanabara, o treinador recebeu uma s\u00e9rie de criticas de torcedores e da imprensa. Mauro Cezar, jornalista da Jovem Pam saiu em defesa do treinador do Flamengo, para ele o portugu\u00eas, que vem tendo um [&hellip;]\" \/>\n<meta property=\"og:url\" content=\"https:\/\/www.gaveanews.com\/index.php\/2023\/03\/09\/mauro-cezar-pereira-sai-em-defesa-de-vp-e-faz-projecao-para-o-flamengo\/\" \/>\n<meta property=\"og:site_name\" content=\"G\u00e1vea News\" \/>\n<meta property=\"article:publisher\" content=\"https:\/\/facebook.com\/gaveaNews\/\" \/>\n<meta property=\"article:published_time\" content=\"2023-03-10T01:45:56+00:00\" \/>\n<meta property=\"article:modified_time\" content=\"2024-04-07T02:03:47+00:00\" \/>\n<meta property=\"og:image\" content=\"https:\/\/www.gaveanews.com\/wp-content\/uploads\/Mauro-Cezar-em-participacao-na-Uol-Esporte.webp\" \/>\n\t<meta property=\"og:image:width\" content=\"900\" \/>\n\t<meta property=\"og:image:height\" content=\"506\" \/>\n\t<meta property=\"og:image:type\" content=\"image\/png\" \/>\n<meta name=\"author\" content=\"Equipe G\u00e1vea News\" \/>\n<meta name=\"twitter:card\" content=\"summary_large_image\" \/>\n<meta name=\"twitter:label1\" content=\"Escrito por\" \/>\n\t<meta name=\"twitter:data1\" content=\"Equipe G\u00e1vea News\" \/>\n\t<meta name=\"twitter:label2\" content=\"Est. tempo de leitura\" \/>\n\t<meta name=\"twitter:data2\" content=\"2 minutos\" \/>\n<script type=\"application\/ld+json\" class=\"yoast-schema-graph\">{\"@context\":\"https:\/\/schema.org\",\"@graph\":[{\"@type\":\"NewsArticle\",\"@id\":\"https:\/\/www.gaveanews.com\/index.php\/2023\/03\/09\/mauro-cezar-pereira-sai-em-defesa-de-vp-e-faz-projecao-para-o-flamengo\/#article\",\"isPartOf\":{\"@id\":\"https:\/\/www.gaveanews.com\/index.php\/2023\/03\/09\/mauro-cezar-pereira-sai-em-defesa-de-vp-e-faz-projecao-para-o-flamengo\/\"},\"author\":{\"name\":\"Equipe G\u00e1vea News\",\"@id\":\"https:\/\/www.gaveanews.com\/#\/schema\/person\/2ec14f73fb96be2caf28f91afb14749d\"},\"headline\":\"Mauro Cezar Pereira sai em defesa de VP e faz proje\u00e7\u00e3o para o Flamengo\",\"datePublished\":\"2023-03-10T01:45:56+00:00\",\"dateModified\":\"2024-04-07T02:03:47+00:00\",\"mainEntityOfPage\":{\"@id\":\"https:\/\/www.gaveanews.com\/index.php\/2023\/03\/09\/mauro-cezar-pereira-sai-em-defesa-de-vp-e-faz-projecao-para-o-flamengo\/\"},\"wordCount\":327,\"commentCount\":0,\"image\":{\"@id\":\"https:\/\/www.gaveanews.com\/index.php\/2023\/03\/09\/mauro-cezar-pereira-sai-em-defesa-de-vp-e-faz-projecao-para-o-flamengo\/#primaryimage\"},\"thumbnailUrl\":\"https:\/\/www.gaveanews.com\/wp-content\/uploads\/Mauro-Cezar-em-participacao-na-Uol-Esporte.webp\",\"keywords\":[\"Mauro Cezar Pereira\"],\"articleSection\":[\"Flamengo\"],\"inLanguage\":\"pt-BR\",\"potentialAction\":[{\"@type\":\"CommentAction\",\"name\":\"Comment\",\"target\":[\"https:\/\/www.gaveanews.com\/index.php\/2023\/03\/09\/mauro-cezar-pereira-sai-em-defesa-de-vp-e-faz-projecao-para-o-flamengo\/#respond\"]}],\"copyrightYear\":\"2023\",\"copyrightHolder\":{\"@id\":\"https:\/\/www.gaveanews.com\/#organization\"}},{\"@type\":\"WebPage\",\"@id\":\"https:\/\/www.gaveanews.com\/index.php\/2023\/03\/09\/mauro-cezar-pereira-sai-em-defesa-de-vp-e-faz-projecao-para-o-flamengo\/\",\"url\":\"https:\/\/www.gaveanews.com\/index.php\/2023\/03\/09\/mauro-cezar-pereira-sai-em-defesa-de-vp-e-faz-projecao-para-o-flamengo\/\",\"name\":\"Mauro Cezar Pereira sai em defesa de VP e faz proje\u00e7\u00e3o para o Flamengo\",\"isPartOf\":{\"@id\":\"https:\/\/www.gaveanews.com\/#website\"},\"primaryImageOfPage\":{\"@id\":\"https:\/\/www.gaveanews.com\/index.php\/2023\/03\/09\/mauro-cezar-pereira-sai-em-defesa-de-vp-e-faz-projecao-para-o-flamengo\/#primaryimage\"},\"image\":{\"@id\":\"https:\/\/www.gaveanews.com\/index.php\/2023\/03\/09\/mauro-cezar-pereira-sai-em-defesa-de-vp-e-faz-projecao-para-o-flamengo\/#primaryimage\"},\"thumbnailUrl\":\"https:\/\/www.gaveanews.com\/wp-content\/uploads\/Mauro-Cezar-em-participacao-na-Uol-Esporte.webp\",\"datePublished\":\"2023-03-10T01:45:56+00:00\",\"dateModified\":\"2024-04-07T02:03:47+00:00\",\"author\":{\"@id\":\"https:\/\/www.gaveanews.com\/#\/schema\/person\/2ec14f73fb96be2caf28f91afb14749d\"},\"breadcrumb\":{\"@id\":\"https:\/\/www.gaveanews.com\/index.php\/2023\/03\/09\/mauro-cezar-pereira-sai-em-defesa-de-vp-e-faz-projecao-para-o-flamengo\/#breadcrumb\"},\"inLanguage\":\"pt-BR\",\"potentialAction\":[{\"@type\":\"ReadAction\",\"target\":[\"https:\/\/www.gaveanews.com\/index.php\/2023\/03\/09\/mauro-cezar-pereira-sai-em-defesa-de-vp-e-faz-projecao-para-o-flamengo\/\"]}]},{\"@type\":\"ImageObject\",\"inLanguage\":\"pt-BR\",\"@id\":\"https:\/\/www.gaveanews.com\/index.php\/2023\/03\/09\/mauro-cezar-pereira-sai-em-defesa-de-vp-e-faz-projecao-para-o-flamengo\/#primaryimage\",\"url\":\"https:\/\/www.gaveanews.com\/wp-content\/uploads\/Mauro-Cezar-em-participacao-na-Uol-Esporte.webp\",\"contentUrl\":\"https:\/\/www.gaveanews.com\/wp-content\/uploads\/Mauro-Cezar-em-participacao-na-Uol-Esporte.webp\",\"width\":900,\"height\":506,\"caption\":\"Mauro Cezar, comentarista da UOL Esporte (Foto: Reprodu\u00e7\u00e3o\/UOL Esporte)\"},{\"@type\":\"BreadcrumbList\",\"@id\":\"https:\/\/www.gaveanews.com\/index.php\/2023\/03\/09\/mauro-cezar-pereira-sai-em-defesa-de-vp-e-faz-projecao-para-o-flamengo\/#breadcrumb\",\"itemListElement\":[{\"@type\":\"ListItem\",\"position\":1,\"name\":\"Home\",\"item\":\"https:\/\/www.gaveanews.com\/\"},{\"@type\":\"ListItem\",\"position\":2,\"name\":\"Mauro Cezar Pereira sai em defesa de VP e faz proje\u00e7\u00e3o para o Flamengo\"}]},{\"@type\":\"WebSite\",\"@id\":\"https:\/\/www.gaveanews.com\/#website\",\"url\":\"https:\/\/www.gaveanews.com\/\",\"name\":\"G\u00e1vea News\",\"description\":\"Veja todas as not\u00edcias sobre o Flamengo: Contrata\u00e7\u00f5es, categorias de base, resultados das partidas, tabela de classifica\u00e7\u00e3o, pr\u00f3ximos jogos!\",\"potentialAction\":[{\"@type\":\"SearchAction\",\"target\":{\"@type\":\"EntryPoint\",\"urlTemplate\":\"https:\/\/www.gaveanews.com\/?s={search_term_string}\"},\"query-input\":{\"@type\":\"PropertyValueSpecification\",\"valueRequired\":true,\"valueName\":\"search_term_string\"}}],\"inLanguage\":\"pt-BR\"},{\"@type\":\"Person\",\"@id\":\"https:\/\/www.gaveanews.com\/#\/schema\/person\/2ec14f73fb96be2caf28f91afb14749d\",\"name\":\"Equipe G\u00e1vea News\",\"image\":{\"@type\":\"ImageObject\",\"inLanguage\":\"pt-BR\",\"@id\":\"https:\/\/www.gaveanews.com\/#\/schema\/person\/image\/\",\"url\":\"https:\/\/secure.gravatar.com\/avatar\/1e1956f1facbffd3f8fa53a326721950116b3b9dc9bd44939c01180fd4a745a9?s=96&d=mm&r=g\",\"contentUrl\":\"https:\/\/secure.gravatar.com\/avatar\/1e1956f1facbffd3f8fa53a326721950116b3b9dc9bd44939c01180fd4a745a9?s=96&d=mm&r=g\",\"caption\":\"Equipe G\u00e1vea News\"}}]}<\/script>\n<!-- \/ Yoast SEO Premium plugin. -->","yoast_head_json":{"title":"Mauro Cezar Pereira sai em defesa de VP e faz proje\u00e7\u00e3o para o Flamengo","robots":{"index":"index","follow":"follow","max-snippet":"max-snippet:-1","max-image-preview":"max-image-preview:large","max-video-preview":"max-video-preview:-1"},"canonical":"https:\/\/www.gaveanews.com\/index.php\/2023\/03\/09\/mauro-cezar-pereira-sai-em-defesa-de-vp-e-faz-projecao-para-o-flamengo\/","og_locale":"pt_BR","og_type":"article","og_title":"Mauro Cezar Pereira sai em defesa de VP e faz proje\u00e7\u00e3o para o Flamengo","og_description":"A press\u00e3o sobre o t\u00e9cnico Vitor Pereira aumenta a cada dia. Depois de perder para o Fluminense na final da Ta\u00e7a Guanabara, o treinador recebeu uma s\u00e9rie de criticas de torcedores e da imprensa. Mauro Cezar, jornalista da Jovem Pam saiu em defesa do treinador do Flamengo, para ele o portugu\u00eas, que vem tendo um [&hellip;]","og_url":"https:\/\/www.gaveanews.com\/index.php\/2023\/03\/09\/mauro-cezar-pereira-sai-em-defesa-de-vp-e-faz-projecao-para-o-flamengo\/","og_site_name":"G\u00e1vea News","article_publisher":"https:\/\/facebook.com\/gaveaNews\/","article_published_time":"2023-03-10T01:45:56+00:00","article_modified_time":"2024-04-07T02:03:47+00:00","og_image":[{"width":900,"height":506,"url":"https:\/\/www.gaveanews.com\/wp-content\/uploads\/Mauro-Cezar-em-participacao-na-Uol-Esporte.webp","type":"image\/png"}],"author":"Equipe G\u00e1vea News","twitter_card":"summary_large_image","twitter_misc":{"Escrito por":"Equipe G\u00e1vea News","Est. tempo de leitura":"2 minutos"},"schema":{"@context":"https:\/\/schema.org","@graph":[{"@type":"NewsArticle","@id":"https:\/\/www.gaveanews.com\/index.php\/2023\/03\/09\/mauro-cezar-pereira-sai-em-defesa-de-vp-e-faz-projecao-para-o-flamengo\/#article","isPartOf":{"@id":"https:\/\/www.gaveanews.com\/index.php\/2023\/03\/09\/mauro-cezar-pereira-sai-em-defesa-de-vp-e-faz-projecao-para-o-flamengo\/"},"author":{"name":"Equipe G\u00e1vea News","@id":"https:\/\/www.gaveanews.com\/#\/schema\/person\/2ec14f73fb96be2caf28f91afb14749d"},"headline":"Mauro Cezar Pereira sai em defesa de VP e faz proje\u00e7\u00e3o para o Flamengo","datePublished":"2023-03-10T01:45:56+00:00","dateModified":"2024-04-07T02:03:47+00:00","mainEntityOfPage":{"@id":"https:\/\/www.gaveanews.com\/index.php\/2023\/03\/09\/mauro-cezar-pereira-sai-em-defesa-de-vp-e-faz-projecao-para-o-flamengo\/"},"wordCount":327,"commentCount":0,"image":{"@id":"https:\/\/www.gaveanews.com\/index.php\/2023\/03\/09\/mauro-cezar-pereira-sai-em-defesa-de-vp-e-faz-projecao-para-o-flamengo\/#primaryimage"},"thumbnailUrl":"https:\/\/www.gaveanews.com\/wp-content\/uploads\/Mauro-Cezar-em-participacao-na-Uol-Esporte.webp","keywords":["Mauro Cezar Pereira"],"articleSection":["Flamengo"],"inLanguage":"pt-BR","potentialAction":[{"@type":"CommentAction","name":"Comment","target":["https:\/\/www.gaveanews.com\/index.php\/2023\/03\/09\/mauro-cezar-pereira-sai-em-defesa-de-vp-e-faz-projecao-para-o-flamengo\/#respond"]}],"copyrightYear":"2023","copyrightHolder":{"@id":"https:\/\/www.gaveanews.com\/#organization"}},{"@type":"WebPage","@id":"https:\/\/www.gaveanews.com\/index.php\/2023\/03\/09\/mauro-cezar-pereira-sai-em-defesa-de-vp-e-faz-projecao-para-o-flamengo\/","url":"https:\/\/www.gaveanews.com\/index.php\/2023\/03\/09\/mauro-cezar-pereira-sai-em-defesa-de-vp-e-faz-projecao-para-o-flamengo\/","name":"Mauro Cezar Pereira sai em defesa de VP e faz proje\u00e7\u00e3o para o Flamengo","isPartOf":{"@id":"https:\/\/www.gaveanews.com\/#website"},"primaryImageOfPage":{"@id":"https:\/\/www.gaveanews.com\/index.php\/2023\/03\/09\/mauro-cezar-pereira-sai-em-defesa-de-vp-e-faz-projecao-para-o-flamengo\/#primaryimage"},"image":{"@id":"https:\/\/www.gaveanews.com\/index.php\/2023\/03\/09\/mauro-cezar-pereira-sai-em-defesa-de-vp-e-faz-projecao-para-o-flamengo\/#primaryimage"},"thumbnailUrl":"https:\/\/www.gaveanews.com\/wp-content\/uploads\/Mauro-Cezar-em-participacao-na-Uol-Esporte.webp","datePublished":"2023-03-10T01:45:56+00:00","dateModified":"2024-04-07T02:03:47+00:00","author":{"@id":"https:\/\/www.gaveanews.com\/#\/schema\/person\/2ec14f73fb96be2caf28f91afb14749d"},"breadcrumb":{"@id":"https:\/\/www.gaveanews.com\/index.php\/2023\/03\/09\/mauro-cezar-pereira-sai-em-defesa-de-vp-e-faz-projecao-para-o-flamengo\/#breadcrumb"},"inLanguage":"pt-BR","potentialAction":[{"@type":"ReadAction","target":["https:\/\/www.gaveanews.com\/index.php\/2023\/03\/09\/mauro-cezar-pereira-sai-em-defesa-de-vp-e-faz-projecao-para-o-flamengo\/"]}]},{"@type":"ImageObject","inLanguage":"pt-BR","@id":"https:\/\/www.gaveanews.com\/index.php\/2023\/03\/09\/mauro-cezar-pereira-sai-em-defesa-de-vp-e-faz-projecao-para-o-flamengo\/#primaryimage","url":"https:\/\/www.gaveanews.com\/wp-content\/uploads\/Mauro-Cezar-em-participacao-na-Uol-Esporte.webp","contentUrl":"https:\/\/www.gaveanews.com\/wp-content\/uploads\/Mauro-Cezar-em-participacao-na-Uol-Esporte.webp","width":900,"height":506,"caption":"Mauro Cezar, comentarista da UOL Esporte (Foto: Reprodu\u00e7\u00e3o\/UOL Esporte)"},{"@type":"BreadcrumbList","@id":"https:\/\/www.gaveanews.com\/index.php\/2023\/03\/09\/mauro-cezar-pereira-sai-em-defesa-de-vp-e-faz-projecao-para-o-flamengo\/#breadcrumb","itemListElement":[{"@type":"ListItem","position":1,"name":"Home","item":"https:\/\/www.gaveanews.com\/"},{"@type":"ListItem","position":2,"name":"Mauro Cezar Pereira sai em defesa de VP e faz proje\u00e7\u00e3o para o Flamengo"}]},{"@type":"WebSite","@id":"https:\/\/www.gaveanews.com\/#website","url":"https:\/\/www.gaveanews.com\/","name":"G\u00e1vea News","description":"Veja todas as not\u00edcias sobre o Flamengo: Contrata\u00e7\u00f5es, categorias de base, resultados das partidas, tabela de classifica\u00e7\u00e3o, pr\u00f3ximos jogos!","potentialAction":[{"@type":"SearchAction","target":{"@type":"EntryPoint","urlTemplate":"https:\/\/www.gaveanews.com\/?s={search_term_string}"},"query-input":{"@type":"PropertyValueSpecification","valueRequired":true,"valueName":"search_term_string"}}],"inLanguage":"pt-BR"},{"@type":"Person","@id":"https:\/\/www.gaveanews.com\/#\/schema\/person\/2ec14f73fb96be2caf28f91afb14749d","name":"Equipe G\u00e1vea News","image":{"@type":"ImageObject","inLanguage":"pt-BR","@id":"https:\/\/www.gaveanews.com\/#\/schema\/person\/image\/","url":"https:\/\/secure.gravatar.com\/avatar\/1e1956f1facbffd3f8fa53a326721950116b3b9dc9bd44939c01180fd4a745a9?s=96&d=mm&r=g","contentUrl":"https:\/\/secure.gravatar.com\/avatar\/1e1956f1facbffd3f8fa53a326721950116b3b9dc9bd44939c01180fd4a745a9?s=96&d=mm&r=g","caption":"Equipe G\u00e1vea News"}}]}},"_links":{"self":[{"href":"https:\/\/www.gaveanews.com\/index.php\/wp-json\/wp\/v2\/posts\/95171","targetHints":{"allow":["GET"]}}],"collection":[{"href":"https:\/\/www.gaveanews.com\/index.php\/wp-json\/wp\/v2\/posts"}],"about":[{"href":"https:\/\/www.gaveanews.com\/index.php\/wp-json\/wp\/v2\/types\/post"}],"author":[{"embeddable":true,"href":"https:\/\/www.gaveanews.com\/index.php\/wp-json\/wp\/v2\/users\/1"}],"replies":[{"embeddable":true,"href":"https:\/\/www.gaveanews.com\/index.php\/wp-json\/wp\/v2\/comments?post=95171"}],"version-history":[{"count":1,"href":"https:\/\/www.gaveanews.com\/index.php\/wp-json\/wp\/v2\/posts\/95171\/revisions"}],"predecessor-version":[{"id":134454,"href":"https:\/\/www.gaveanews.com\/index.php\/wp-json\/wp\/v2\/posts\/95171\/revisions\/134454"}],"wp:featuredmedia":[{"embeddable":true,"href":"https:\/\/www.gaveanews.com\/index.php\/wp-json\/wp\/v2\/media\/56367"}],"wp:attachment":[{"href":"https:\/\/www.gaveanews.com\/index.php\/wp-json\/wp\/v2\/media?parent=95171"}],"wp:term":[{"taxonomy":"category","embeddable":true,"href":"https:\/\/www.gaveanews.com\/index.php\/wp-json\/wp\/v2\/categories?post=95171"},{"taxonomy":"post_tag","embeddable":true,"href":"https:\/\/www.gaveanews.com\/index.php\/wp-json\/wp\/v2\/tags?post=95171"}],"curies":[{"name":"wp","href":"https:\/\/api.w.org\/{rel}","templated":true}]}}