{"id":95180,"date":"2023-03-10T01:16:33","date_gmt":"2023-03-10T04:16:33","guid":{"rendered":"https:\/\/www.gaveanews.com\/?p=95180"},"modified":"2023-03-10T01:16:33","modified_gmt":"2023-03-10T04:16:33","slug":"santos-volta-a-tentar-contratacao-de-volante-ex-flamengo","status":"publish","type":"post","link":"https:\/\/www.gaveanews.com\/index.php\/2023\/03\/10\/santos-volta-a-tentar-contratacao-de-volante-ex-flamengo\/","title":{"rendered":"Santos volta a tentar contrata\u00e7\u00e3o de volante ex-Flamengo"},"content":{"rendered":"\n<p>No mercado em busca de refor\u00e7os para o Brasileir\u00e3o, o Santos voltou a ter interesse na contrata\u00e7\u00e3o do volante Jean Lucas, revelado pelo Flamengo, e que j\u00e1 passou pelo Peixe.<\/p>\n\n\n\n<p>Segundo o UOL Esporte, \u00e9 a terceira vez que o clube praiano vai em busca do meio-campista, que defendeu o clube em 2019 por empr\u00e9stimo do Rubro-Negro. Jean Lucas est\u00e1 no Monaco, que disputa o Campeonato Franc\u00eas, onde tem v\u00ednculo at\u00e9 2026.<\/p>\n\n\n\n<h2 class=\"wp-block-heading\" id=\"h-as-outras-duas-tentativas-do-santos-por-jean-lucas\">As outras duas tentativas do Santos por Jean Lucas<\/h2>\n\n\n\n<p>As duas outras tentativas do Santos pela contrata\u00e7\u00e3o do volante foram nos \u00faltimos meses. Nas duas oportunidades, o Peixe n\u00e3o conseguiu viabilizar financeiramente o neg\u00f3cio. A terceira busca do Santos por Jean Lucas mostra que ele est\u00e1 na lista de prioridades do departamento de futebol.<\/p>\n\n\n\n<p>O volante de 24 anos foi revelado pelo Flamengo, onde foi integrado ao time principal em 2017, mas s\u00f3 estreou no time principal em 2018. Em 2019 come\u00e7ou a temporada no clube, mas logo chamou a aten\u00e7\u00e3o do Santos, que fechou a contrata\u00e7\u00e3o ainda no primeiro semestre por empr\u00e9stimo. Foram 25 jogos pelo Flamengo at\u00e9 sair para o Peixe.<\/p>\n\n\n\n<p>No Santos, Jean Lucas se destacou e foi titular. Foram 20 jogos disputados, chamando a aten\u00e7\u00e3o do Lyon, que o contratou em definitivo. Ficou um ano e meio no clube franc\u00eas, tendo disputado 25 jogos, com tr\u00eas gols marcados, saindo em 2020 para o Brest por empr\u00e9stimo. Em 2021, assinou em definitivo com o Monaco. S\u00e3o 50 jogos pela atual equipe, com dois gols marcados, ambos na temporada passada. O meio-campista perdeu espa\u00e7o no plantel. Segundo o site O Gol, Jean Lucas n\u00e3o entra em campo pelo Monaco desde outubro do ano passado. O Peixe segue tentando a contrata\u00e7\u00e3o do meio-campista para a temporada.<\/p>\n\n\n\n<p>Retirado de: Torcedores<\/p>\n","protected":false},"excerpt":{"rendered":"<p>No mercado em busca de refor\u00e7os para o Brasileir\u00e3o, o Santos voltou a ter interesse na contrata\u00e7\u00e3o do volante Jean Lucas, revelado pelo Flamengo, e que j\u00e1 passou pelo Peixe. Segundo o UOL Esporte, \u00e9 a terceira vez que o clube praiano vai em busca do meio-campista, que defendeu o clube em 2019 por empr\u00e9stimo [&hellip;]<\/p>\n","protected":false},"author":1,"featured_media":14545,"comment_status":"open","ping_status":"","sticky":false,"template":"","format":"standard","meta":{"footnotes":""},"categories":[1],"tags":[],"class_list":["post-95180","post","type-post","status-publish","format-standard","has-post-thumbnail","hentry","category-flamengo"],"yoast_head":"<!-- This site is optimized with the Yoast SEO Premium plugin v24.2 (Yoast SEO v26.9) - https:\/\/yoast.com\/product\/yoast-seo-premium-wordpress\/ -->\n<title>Santos volta a tentar contrata\u00e7\u00e3o de volante ex-Flamengo<\/title>\n<meta name=\"robots\" content=\"index, follow, max-snippet:-1, max-image-preview:large, max-video-preview:-1\" \/>\n<link rel=\"canonical\" href=\"https:\/\/www.gaveanews.com\/index.php\/2023\/03\/10\/santos-volta-a-tentar-contratacao-de-volante-ex-flamengo\/\" \/>\n<meta property=\"og:locale\" content=\"pt_BR\" \/>\n<meta property=\"og:type\" content=\"article\" \/>\n<meta property=\"og:title\" content=\"Santos volta a tentar contrata\u00e7\u00e3o de volante ex-Flamengo\" \/>\n<meta property=\"og:description\" content=\"No mercado em busca de refor\u00e7os para o Brasileir\u00e3o, o Santos voltou a ter interesse na contrata\u00e7\u00e3o do volante Jean Lucas, revelado pelo Flamengo, e que j\u00e1 passou pelo Peixe. Segundo o UOL Esporte, \u00e9 a terceira vez que o clube praiano vai em busca do meio-campista, que defendeu o clube em 2019 por empr\u00e9stimo [&hellip;]\" \/>\n<meta property=\"og:url\" content=\"https:\/\/www.gaveanews.com\/index.php\/2023\/03\/10\/santos-volta-a-tentar-contratacao-de-volante-ex-flamengo\/\" \/>\n<meta property=\"og:site_name\" content=\"G\u00e1vea News\" \/>\n<meta property=\"article:publisher\" content=\"https:\/\/facebook.com\/gaveaNews\/\" \/>\n<meta property=\"article:published_time\" content=\"2023-03-10T04:16:33+00:00\" \/>\n<meta property=\"og:image\" content=\"https:\/\/www.gaveanews.com\/wp-content\/uploads\/2019\/03\/Jean-Lucas-durante-treinamento-no-Ninho-do-Urubu.webp\" \/>\n\t<meta property=\"og:image:width\" content=\"880\" \/>\n\t<meta property=\"og:image:height\" content=\"586\" \/>\n\t<meta property=\"og:image:type\" content=\"image\/jpeg\" \/>\n<meta name=\"author\" content=\"Equipe G\u00e1vea News\" \/>\n<meta name=\"twitter:card\" content=\"summary_large_image\" \/>\n<meta name=\"twitter:label1\" content=\"Escrito por\" \/>\n\t<meta name=\"twitter:data1\" content=\"Equipe G\u00e1vea News\" \/>\n\t<meta name=\"twitter:label2\" content=\"Est. tempo de leitura\" \/>\n\t<meta name=\"twitter:data2\" content=\"2 minutos\" \/>\n<script type=\"application\/ld+json\" class=\"yoast-schema-graph\">{\"@context\":\"https:\/\/schema.org\",\"@graph\":[{\"@type\":\"NewsArticle\",\"@id\":\"https:\/\/www.gaveanews.com\/index.php\/2023\/03\/10\/santos-volta-a-tentar-contratacao-de-volante-ex-flamengo\/#article\",\"isPartOf\":{\"@id\":\"https:\/\/www.gaveanews.com\/index.php\/2023\/03\/10\/santos-volta-a-tentar-contratacao-de-volante-ex-flamengo\/\"},\"author\":{\"name\":\"Equipe G\u00e1vea News\",\"@id\":\"https:\/\/www.gaveanews.com\/#\/schema\/person\/2ec14f73fb96be2caf28f91afb14749d\"},\"headline\":\"Santos volta a tentar contrata\u00e7\u00e3o de volante ex-Flamengo\",\"datePublished\":\"2023-03-10T04:16:33+00:00\",\"mainEntityOfPage\":{\"@id\":\"https:\/\/www.gaveanews.com\/index.php\/2023\/03\/10\/santos-volta-a-tentar-contratacao-de-volante-ex-flamengo\/\"},\"wordCount\":309,\"commentCount\":0,\"image\":{\"@id\":\"https:\/\/www.gaveanews.com\/index.php\/2023\/03\/10\/santos-volta-a-tentar-contratacao-de-volante-ex-flamengo\/#primaryimage\"},\"thumbnailUrl\":\"https:\/\/www.gaveanews.com\/wp-content\/uploads\/2019\/03\/Jean-Lucas-durante-treinamento-no-Ninho-do-Urubu.webp\",\"articleSection\":[\"Flamengo\"],\"inLanguage\":\"pt-BR\",\"potentialAction\":[{\"@type\":\"CommentAction\",\"name\":\"Comment\",\"target\":[\"https:\/\/www.gaveanews.com\/index.php\/2023\/03\/10\/santos-volta-a-tentar-contratacao-de-volante-ex-flamengo\/#respond\"]}],\"copyrightYear\":\"2023\",\"copyrightHolder\":{\"@id\":\"https:\/\/www.gaveanews.com\/#organization\"}},{\"@type\":\"WebPage\",\"@id\":\"https:\/\/www.gaveanews.com\/index.php\/2023\/03\/10\/santos-volta-a-tentar-contratacao-de-volante-ex-flamengo\/\",\"url\":\"https:\/\/www.gaveanews.com\/index.php\/2023\/03\/10\/santos-volta-a-tentar-contratacao-de-volante-ex-flamengo\/\",\"name\":\"Santos volta a tentar contrata\u00e7\u00e3o de volante ex-Flamengo\",\"isPartOf\":{\"@id\":\"https:\/\/www.gaveanews.com\/#website\"},\"primaryImageOfPage\":{\"@id\":\"https:\/\/www.gaveanews.com\/index.php\/2023\/03\/10\/santos-volta-a-tentar-contratacao-de-volante-ex-flamengo\/#primaryimage\"},\"image\":{\"@id\":\"https:\/\/www.gaveanews.com\/index.php\/2023\/03\/10\/santos-volta-a-tentar-contratacao-de-volante-ex-flamengo\/#primaryimage\"},\"thumbnailUrl\":\"https:\/\/www.gaveanews.com\/wp-content\/uploads\/2019\/03\/Jean-Lucas-durante-treinamento-no-Ninho-do-Urubu.webp\",\"datePublished\":\"2023-03-10T04:16:33+00:00\",\"author\":{\"@id\":\"https:\/\/www.gaveanews.com\/#\/schema\/person\/2ec14f73fb96be2caf28f91afb14749d\"},\"breadcrumb\":{\"@id\":\"https:\/\/www.gaveanews.com\/index.php\/2023\/03\/10\/santos-volta-a-tentar-contratacao-de-volante-ex-flamengo\/#breadcrumb\"},\"inLanguage\":\"pt-BR\",\"potentialAction\":[{\"@type\":\"ReadAction\",\"target\":[\"https:\/\/www.gaveanews.com\/index.php\/2023\/03\/10\/santos-volta-a-tentar-contratacao-de-volante-ex-flamengo\/\"]}]},{\"@type\":\"ImageObject\",\"inLanguage\":\"pt-BR\",\"@id\":\"https:\/\/www.gaveanews.com\/index.php\/2023\/03\/10\/santos-volta-a-tentar-contratacao-de-volante-ex-flamengo\/#primaryimage\",\"url\":\"https:\/\/www.gaveanews.com\/wp-content\/uploads\/2019\/03\/Jean-Lucas-durante-treinamento-no-Ninho-do-Urubu.webp\",\"contentUrl\":\"https:\/\/www.gaveanews.com\/wp-content\/uploads\/2019\/03\/Jean-Lucas-durante-treinamento-no-Ninho-do-Urubu.webp\",\"width\":880,\"height\":586,\"caption\":\"Jean Lucas durante treinamento no Ninho do Urubu (Foto: Gilvan de Souza\/Flamengo)\"},{\"@type\":\"BreadcrumbList\",\"@id\":\"https:\/\/www.gaveanews.com\/index.php\/2023\/03\/10\/santos-volta-a-tentar-contratacao-de-volante-ex-flamengo\/#breadcrumb\",\"itemListElement\":[{\"@type\":\"ListItem\",\"position\":1,\"name\":\"Home\",\"item\":\"https:\/\/www.gaveanews.com\/\"},{\"@type\":\"ListItem\",\"position\":2,\"name\":\"Santos volta a tentar contrata\u00e7\u00e3o de volante ex-Flamengo\"}]},{\"@type\":\"WebSite\",\"@id\":\"https:\/\/www.gaveanews.com\/#website\",\"url\":\"https:\/\/www.gaveanews.com\/\",\"name\":\"G\u00e1vea News\",\"description\":\"Veja todas as not\u00edcias sobre o Flamengo: Contrata\u00e7\u00f5es, categorias de base, resultados das partidas, tabela de classifica\u00e7\u00e3o, pr\u00f3ximos jogos!\",\"potentialAction\":[{\"@type\":\"SearchAction\",\"target\":{\"@type\":\"EntryPoint\",\"urlTemplate\":\"https:\/\/www.gaveanews.com\/?s={search_term_string}\"},\"query-input\":{\"@type\":\"PropertyValueSpecification\",\"valueRequired\":true,\"valueName\":\"search_term_string\"}}],\"inLanguage\":\"pt-BR\"},{\"@type\":\"Person\",\"@id\":\"https:\/\/www.gaveanews.com\/#\/schema\/person\/2ec14f73fb96be2caf28f91afb14749d\",\"name\":\"Equipe G\u00e1vea News\",\"image\":{\"@type\":\"ImageObject\",\"inLanguage\":\"pt-BR\",\"@id\":\"https:\/\/www.gaveanews.com\/#\/schema\/person\/image\/\",\"url\":\"https:\/\/secure.gravatar.com\/avatar\/1e1956f1facbffd3f8fa53a326721950116b3b9dc9bd44939c01180fd4a745a9?s=96&d=mm&r=g\",\"contentUrl\":\"https:\/\/secure.gravatar.com\/avatar\/1e1956f1facbffd3f8fa53a326721950116b3b9dc9bd44939c01180fd4a745a9?s=96&d=mm&r=g\",\"caption\":\"Equipe G\u00e1vea News\"}}]}<\/script>\n<!-- \/ Yoast SEO Premium plugin. -->","yoast_head_json":{"title":"Santos volta a tentar contrata\u00e7\u00e3o de volante ex-Flamengo","robots":{"index":"index","follow":"follow","max-snippet":"max-snippet:-1","max-image-preview":"max-image-preview:large","max-video-preview":"max-video-preview:-1"},"canonical":"https:\/\/www.gaveanews.com\/index.php\/2023\/03\/10\/santos-volta-a-tentar-contratacao-de-volante-ex-flamengo\/","og_locale":"pt_BR","og_type":"article","og_title":"Santos volta a tentar contrata\u00e7\u00e3o de volante ex-Flamengo","og_description":"No mercado em busca de refor\u00e7os para o Brasileir\u00e3o, o Santos voltou a ter interesse na contrata\u00e7\u00e3o do volante Jean Lucas, revelado pelo Flamengo, e que j\u00e1 passou pelo Peixe. Segundo o UOL Esporte, \u00e9 a terceira vez que o clube praiano vai em busca do meio-campista, que defendeu o clube em 2019 por empr\u00e9stimo [&hellip;]","og_url":"https:\/\/www.gaveanews.com\/index.php\/2023\/03\/10\/santos-volta-a-tentar-contratacao-de-volante-ex-flamengo\/","og_site_name":"G\u00e1vea News","article_publisher":"https:\/\/facebook.com\/gaveaNews\/","article_published_time":"2023-03-10T04:16:33+00:00","og_image":[{"width":880,"height":586,"url":"https:\/\/www.gaveanews.com\/wp-content\/uploads\/2019\/03\/Jean-Lucas-durante-treinamento-no-Ninho-do-Urubu.webp","type":"image\/jpeg"}],"author":"Equipe G\u00e1vea News","twitter_card":"summary_large_image","twitter_misc":{"Escrito por":"Equipe G\u00e1vea News","Est. tempo de leitura":"2 minutos"},"schema":{"@context":"https:\/\/schema.org","@graph":[{"@type":"NewsArticle","@id":"https:\/\/www.gaveanews.com\/index.php\/2023\/03\/10\/santos-volta-a-tentar-contratacao-de-volante-ex-flamengo\/#article","isPartOf":{"@id":"https:\/\/www.gaveanews.com\/index.php\/2023\/03\/10\/santos-volta-a-tentar-contratacao-de-volante-ex-flamengo\/"},"author":{"name":"Equipe G\u00e1vea News","@id":"https:\/\/www.gaveanews.com\/#\/schema\/person\/2ec14f73fb96be2caf28f91afb14749d"},"headline":"Santos volta a tentar contrata\u00e7\u00e3o de volante ex-Flamengo","datePublished":"2023-03-10T04:16:33+00:00","mainEntityOfPage":{"@id":"https:\/\/www.gaveanews.com\/index.php\/2023\/03\/10\/santos-volta-a-tentar-contratacao-de-volante-ex-flamengo\/"},"wordCount":309,"commentCount":0,"image":{"@id":"https:\/\/www.gaveanews.com\/index.php\/2023\/03\/10\/santos-volta-a-tentar-contratacao-de-volante-ex-flamengo\/#primaryimage"},"thumbnailUrl":"https:\/\/www.gaveanews.com\/wp-content\/uploads\/2019\/03\/Jean-Lucas-durante-treinamento-no-Ninho-do-Urubu.webp","articleSection":["Flamengo"],"inLanguage":"pt-BR","potentialAction":[{"@type":"CommentAction","name":"Comment","target":["https:\/\/www.gaveanews.com\/index.php\/2023\/03\/10\/santos-volta-a-tentar-contratacao-de-volante-ex-flamengo\/#respond"]}],"copyrightYear":"2023","copyrightHolder":{"@id":"https:\/\/www.gaveanews.com\/#organization"}},{"@type":"WebPage","@id":"https:\/\/www.gaveanews.com\/index.php\/2023\/03\/10\/santos-volta-a-tentar-contratacao-de-volante-ex-flamengo\/","url":"https:\/\/www.gaveanews.com\/index.php\/2023\/03\/10\/santos-volta-a-tentar-contratacao-de-volante-ex-flamengo\/","name":"Santos volta a tentar contrata\u00e7\u00e3o de volante ex-Flamengo","isPartOf":{"@id":"https:\/\/www.gaveanews.com\/#website"},"primaryImageOfPage":{"@id":"https:\/\/www.gaveanews.com\/index.php\/2023\/03\/10\/santos-volta-a-tentar-contratacao-de-volante-ex-flamengo\/#primaryimage"},"image":{"@id":"https:\/\/www.gaveanews.com\/index.php\/2023\/03\/10\/santos-volta-a-tentar-contratacao-de-volante-ex-flamengo\/#primaryimage"},"thumbnailUrl":"https:\/\/www.gaveanews.com\/wp-content\/uploads\/2019\/03\/Jean-Lucas-durante-treinamento-no-Ninho-do-Urubu.webp","datePublished":"2023-03-10T04:16:33+00:00","author":{"@id":"https:\/\/www.gaveanews.com\/#\/schema\/person\/2ec14f73fb96be2caf28f91afb14749d"},"breadcrumb":{"@id":"https:\/\/www.gaveanews.com\/index.php\/2023\/03\/10\/santos-volta-a-tentar-contratacao-de-volante-ex-flamengo\/#breadcrumb"},"inLanguage":"pt-BR","potentialAction":[{"@type":"ReadAction","target":["https:\/\/www.gaveanews.com\/index.php\/2023\/03\/10\/santos-volta-a-tentar-contratacao-de-volante-ex-flamengo\/"]}]},{"@type":"ImageObject","inLanguage":"pt-BR","@id":"https:\/\/www.gaveanews.com\/index.php\/2023\/03\/10\/santos-volta-a-tentar-contratacao-de-volante-ex-flamengo\/#primaryimage","url":"https:\/\/www.gaveanews.com\/wp-content\/uploads\/2019\/03\/Jean-Lucas-durante-treinamento-no-Ninho-do-Urubu.webp","contentUrl":"https:\/\/www.gaveanews.com\/wp-content\/uploads\/2019\/03\/Jean-Lucas-durante-treinamento-no-Ninho-do-Urubu.webp","width":880,"height":586,"caption":"Jean Lucas durante treinamento no Ninho do Urubu (Foto: Gilvan de Souza\/Flamengo)"},{"@type":"BreadcrumbList","@id":"https:\/\/www.gaveanews.com\/index.php\/2023\/03\/10\/santos-volta-a-tentar-contratacao-de-volante-ex-flamengo\/#breadcrumb","itemListElement":[{"@type":"ListItem","position":1,"name":"Home","item":"https:\/\/www.gaveanews.com\/"},{"@type":"ListItem","position":2,"name":"Santos volta a tentar contrata\u00e7\u00e3o de volante ex-Flamengo"}]},{"@type":"WebSite","@id":"https:\/\/www.gaveanews.com\/#website","url":"https:\/\/www.gaveanews.com\/","name":"G\u00e1vea News","description":"Veja todas as not\u00edcias sobre o Flamengo: Contrata\u00e7\u00f5es, categorias de base, resultados das partidas, tabela de classifica\u00e7\u00e3o, pr\u00f3ximos jogos!","potentialAction":[{"@type":"SearchAction","target":{"@type":"EntryPoint","urlTemplate":"https:\/\/www.gaveanews.com\/?s={search_term_string}"},"query-input":{"@type":"PropertyValueSpecification","valueRequired":true,"valueName":"search_term_string"}}],"inLanguage":"pt-BR"},{"@type":"Person","@id":"https:\/\/www.gaveanews.com\/#\/schema\/person\/2ec14f73fb96be2caf28f91afb14749d","name":"Equipe G\u00e1vea News","image":{"@type":"ImageObject","inLanguage":"pt-BR","@id":"https:\/\/www.gaveanews.com\/#\/schema\/person\/image\/","url":"https:\/\/secure.gravatar.com\/avatar\/1e1956f1facbffd3f8fa53a326721950116b3b9dc9bd44939c01180fd4a745a9?s=96&d=mm&r=g","contentUrl":"https:\/\/secure.gravatar.com\/avatar\/1e1956f1facbffd3f8fa53a326721950116b3b9dc9bd44939c01180fd4a745a9?s=96&d=mm&r=g","caption":"Equipe G\u00e1vea News"}}]}},"_links":{"self":[{"href":"https:\/\/www.gaveanews.com\/index.php\/wp-json\/wp\/v2\/posts\/95180","targetHints":{"allow":["GET"]}}],"collection":[{"href":"https:\/\/www.gaveanews.com\/index.php\/wp-json\/wp\/v2\/posts"}],"about":[{"href":"https:\/\/www.gaveanews.com\/index.php\/wp-json\/wp\/v2\/types\/post"}],"author":[{"embeddable":true,"href":"https:\/\/www.gaveanews.com\/index.php\/wp-json\/wp\/v2\/users\/1"}],"replies":[{"embeddable":true,"href":"https:\/\/www.gaveanews.com\/index.php\/wp-json\/wp\/v2\/comments?post=95180"}],"version-history":[{"count":0,"href":"https:\/\/www.gaveanews.com\/index.php\/wp-json\/wp\/v2\/posts\/95180\/revisions"}],"wp:featuredmedia":[{"embeddable":true,"href":"https:\/\/www.gaveanews.com\/index.php\/wp-json\/wp\/v2\/media\/14545"}],"wp:attachment":[{"href":"https:\/\/www.gaveanews.com\/index.php\/wp-json\/wp\/v2\/media?parent=95180"}],"wp:term":[{"taxonomy":"category","embeddable":true,"href":"https:\/\/www.gaveanews.com\/index.php\/wp-json\/wp\/v2\/categories?post=95180"},{"taxonomy":"post_tag","embeddable":true,"href":"https:\/\/www.gaveanews.com\/index.php\/wp-json\/wp\/v2\/tags?post=95180"}],"curies":[{"name":"wp","href":"https:\/\/api.w.org\/{rel}","templated":true}]}}