{"id":95182,"date":"2023-03-10T06:59:28","date_gmt":"2023-03-10T09:59:28","guid":{"rendered":"https:\/\/www.gaveanews.com\/?p=95182"},"modified":"2023-03-10T07:32:10","modified_gmt":"2023-03-10T10:32:10","slug":"fim-da-linha-vitor-pereira-balanca-no-flamengofim-da-linha","status":"publish","type":"post","link":"https:\/\/www.gaveanews.com\/index.php\/2023\/03\/10\/fim-da-linha-vitor-pereira-balanca-no-flamengofim-da-linha\/","title":{"rendered":"Fim da linha? V\u00edtor Pereira balan\u00e7a no Flamengo"},"content":{"rendered":"\n<p>V\u00edtor Pereira j\u00e1 n\u00e3o tem mais a mesma estabilidade como treinador do Flamengo. O vice da Recopa Sul-Americana, as derrotas em cl\u00e1ssicos para Vasco e Fluminense e a dificuldade de apresentar evolu\u00e7\u00e3o consistente fizeram a press\u00e3o pela demiss\u00e3o do portugu\u00eas, especialmente vinda da G\u00e1vea, crescer bastante. H\u00e1 semanas tida como uma certeza, a sequ\u00eancia de VP est\u00e1 de fato amea\u00e7ada.<\/p>\n\n\n\n<h2 class=\"wp-block-heading\" id=\"h-decisoes-no-fla-flu-e-discurso-aumentam-pressao-por-demissao\">Decis\u00f5es no Fla-Flu e discurso aumentam press\u00e3o por demiss\u00e3o<\/h2>\n\n\n\n<p>A surpreendente escala\u00e7\u00e3o utilizada para o Fla-Flu, com a sa\u00edda de seis pe\u00e7as, e mais as question\u00e1veis substitui\u00e7\u00f5es no segundo tempo puseram mais gasolina na fogueira em que V\u00edtor se encontra no momento.<\/p>\n\n\n\n<p>Correntes pol\u00edticas que cobram a demiss\u00e3o de VP entendem o discurso de que o time estaria no &#8220;caminho certo&#8221;, adotado pelo treinador especialmente ap\u00f3s os jogos contra o Independiente Del Valle e Vasco, n\u00e3o cola e nem tampouco se justificou em campo.<\/p>\n\n\n\n<p>Fez bons primeiros tempos nessas duas partidas e mais o de quarta, diante do Fluminense, contudo em todos caiu demais na etapa final. Perdeu bastante ofensivamente tamb\u00e9m. Nos \u00faltimos cinco jogos, perdeu tr\u00eas e fez apenas tr\u00eas gols. Por isso, figuras importantes da G\u00e1vea n\u00e3o aceitam o argumento de que o Flamengo teria evolu\u00eddo.<\/p>\n\n\n\n<h2 class=\"wp-block-heading\">Futebol segue ao lado de VP<\/h2>\n\n\n\n<p>O comando do futebol sabe que \u00e9 preciso de resultados para segurar VP, mas defende a continuidade. Quer quebrar o paradigma de constantes mudan\u00e7as de treinadores, confia em V\u00edtor e deseja mant\u00ea-lo por convic\u00e7\u00e3o. Marcos Braz tem a convic\u00e7\u00e3o de que V\u00edtor Pereira n\u00e3o vai confiar. Acredita no trabalho, nos treinos e num cen\u00e1rio de reviravolta r\u00e1pido. Bruno Spindel faz coro \u00e0 firmeza de Braz, e esse respaldo ganha eco no elenco.<\/p>\n\n\n\n<p>Os jogadores se surpreenderam ao serem informados, em v\u00eddeo, da mudan\u00e7a radical de escala\u00e7\u00e3o do jogo com o Vasco para o contra o Fluminense. Alguns n\u00e3o entenderam, mas as primeiras rea\u00e7\u00f5es n\u00e3o apontaram insatisfa\u00e7\u00e3o. Gabigol \u00e9 um exemplo disso. Ao ser substitu\u00eddo, contestou vaias a VP e pediu aplausos. Realmente n\u00e3o h\u00e1 problema de relacionamento.<\/p>\n\n\n\n<p>Membro de corrente que defende V\u00edtor Pereira lembra que o t\u00e9cnico colocou em pr\u00e1tica o que planejara com a mudan\u00e7a em massa no primeiro tempo. Disse que ia marcar alto o Fluminense e o fez, mas n\u00e3o sustentou fisicamente. H\u00e1 tamb\u00e9m o entendimento de que os jogadores escolhidos para o segundo tempo n\u00e3o mantiveram o n\u00edvel.<\/p>\n\n\n\n<p>Pessoas do dia a dia no Ninho do Urubu garantem que o panorama \u00e9 totalmente diferente do observado nos tempos de Paulo Sousa. PS fechava-se muito com as pr\u00f3prias ideias e de sua comiss\u00e3o. V\u00edtor \u00e9 visto como um profissional que escuta mais os membros da comiss\u00e3o t\u00e9cnica que j\u00e1 estavam no clube e \u00e9 menos teimoso do que o compatriota.<\/p>\n\n\n\n<h2 class=\"wp-block-heading\">G\u00e1vea questiona condu\u00e7\u00e3o do futebol<\/h2>\n\n\n\n<p>Com a sequ\u00eancia de insucessos, o presidente Rodolfo Landim v\u00ea cobran\u00e7as pela &#8220;profissionaliza\u00e7\u00e3o&#8221; do departamento de futebol voltarem \u00e0 tona e com bastante for\u00e7a. E essa press\u00e3o vem especialmente de importantes correntes pol\u00edticas na G\u00e1vea.<\/p>\n\n\n\n<p>Na internet, associados e torcedores v\u00eam repostando um v\u00eddeo de Rodolfo Landim nos \u00faltimos dias. Nele, o presidente diz que o futebol passaria a ter mais &#8220;cobran\u00e7a&#8221; e que eventualmente &#8220;mudaria pessoas ou processos&#8221; em caso de os resultados n\u00e3o aparecerem.<\/p>\n\n\n\n<p>Usam as palavras do presidente para cobrar provid\u00eancias. Figuras que pressionam Rodolfo Landim por mudan\u00e7as n\u00e3o personificam suas cr\u00edticas na pessoa f\u00edsica de Marcos Braz, mas sim no fato de um vice-presidente amador, que n\u00e3o \u00e9 remunerado, ser o principal respons\u00e1vel pelo futebol.<\/p>\n\n\n\n<p>Os mesmos tamb\u00e9m pedem mais pulso firme com os atletas e identificam cen\u00e1rio de acomoda\u00e7\u00e3o especialmente ap\u00f3s as conquistas do ano passado, apontando as longas f\u00e9rias como um reflexo de tal comportamento.<\/p>\n\n\n\n<p>Outra cr\u00edtica feita por esses grupos pol\u00edticos que cobram mudan\u00e7as estruturais \u00e9 em rela\u00e7\u00e3o a contrata\u00e7\u00e3o de jogadores. Acreditam que o Flamengo n\u00e3o equilibra o elenco e que dificilmente mira no meio-termo. Na vis\u00e3o deles, a aposta \u00e9 feita majoritariamente em jogadores de n\u00edvel europeu, e o elenco acaba composto por duas categorias: medalh\u00f5es e jovens promissores. O entendimento \u00e9 de que o &#8220;scouting&#8221; n\u00e3o vem sendo feito com a mesma efici\u00eancia do que em outras temporadas.<\/p>\n\n\n\n<h2 class=\"wp-block-heading\">Preocupa\u00e7\u00e3o com moderniza\u00e7\u00e3o dos rivais<\/h2>\n\n\n\n<p>O organograma do futebol do&nbsp;Flamengo&nbsp;no momento tem Marcos Braz, o vice da pasta, como l\u00edder. Com ele est\u00e3o Bruno Spindel, diretor executivo, Juan, gerente t\u00e9cnico, e Fabinho Soldado, gerente de futebol e ex-gerente de scout &#8211; o departamento agora tem Renan Bloise como coordenador. Esses est\u00e3o no dia a dia do Ninho.<\/p>\n\n\n\n<p>H\u00e1 tamb\u00e9m o Conselho de Futebol, formado por Braz, o CEO Reinaldo Belotti, e Diogo Lemos, Bernardo Amaral do Amaral e Felipe Bueno.<\/p>\n\n\n\n<p>O organograma do Fluminense, que venceu o Flamengo na quarta-feira, tem diferen\u00e7as. O futebol do Flu \u00e9 dividido da seguinte forma: M\u00e1rio Bittencourt (presidente), Matheus Montenegro (vice-geral), Paulo Angioni (diretor de futebol), Fred (diretor de planejamento esportivo) e Ricardo Correia (chefe do scout).<\/p>\n\n\n\n<p>O exemplo tricolor \u00e9 citado por correntes pol\u00edticas como um exemplo de que \u00e9 poss\u00edvel ser eficiente tamb\u00e9m contratar com or\u00e7amento mais baixo. Em contrapartida, entendem tamb\u00e9m que n\u00e3o se trata de uma ruptura total com o atual modelo, at\u00e9 porque o trabalho liderado por Braz e Spindel soma duas Libertadores, dois Brasileiros, Copa do Brasil, duas Supercopas do Brasil, Recopa Sul-Americana e tr\u00eas estaduais.<\/p>\n\n\n\n<h2 class=\"wp-block-heading\">Protesto marcado para a G\u00e1vea<\/h2>\n\n\n\n<p>Mais uma prova de que as cr\u00edticas n\u00e3o se restringem a V\u00edtor Pereira \u00e9 o protesto que torcedores marcaram para o pr\u00f3ximo s\u00e1bado. Desta vez n\u00e3o ser\u00e1 no Ninho do Urubu, como aconteceu na \u00faltima ter\u00e7a-feira, mas sim na G\u00e1vea, cora\u00e7\u00e3o do clube e onde acontecem as decis\u00f5es pol\u00edticas. Vale lembrar que a pr\u00f3xima elei\u00e7\u00e3o j\u00e1 come\u00e7ou a ser discutida com 21 meses de anteced\u00eancia.<\/p>\n\n\n\n<p>Que V\u00edtor Pereira balan\u00e7a \u00e9 fato. Os resultados s\u00e3o ruins, a esperada evolu\u00e7\u00e3o n\u00e3o aconteceu, e o Flamengo n\u00e3o sai do lugar no momento. Mas a insatisfa\u00e7\u00e3o ultrapassa o limite das quatro linhas.<\/p>\n\n\n\n<p>O Flamengo que, mesmo com mudan\u00e7as aos montes desde a sa\u00edda de Jorge Jesus conseguiu muitos t\u00edtulos, tenta uma nova reconstru\u00e7\u00e3o dentro de uma temporada. O futebol luta por continuidade e contra o fim de uma rotina de mudan\u00e7as de treinador &#8211; foram oito t\u00e9cnicos na atual gest\u00e3o. J\u00e1 outros atores pol\u00edticos pedem altera\u00e7\u00f5es mais abrangentes.<\/p>\n\n\n\n<p>A decis\u00e3o, mais uma vez, ficar\u00e1 para o campo, e o primeiro advers\u00e1rio \u00e9 o Vasco, que tem a vantagem do empate em pontos ganhos e saldo de gols. Somente vit\u00f3rias com futebol convincente na semifinal do Carioca e numa eventual decis\u00e3o dar\u00e3o paz para V\u00edtor Pereira e o comando do futebol planejarem a sequ\u00eancia da temporada.<\/p>\n\n\n\n<p>Retirado de: Globo Esporte<\/p>\n","protected":false},"excerpt":{"rendered":"<p>V\u00edtor Pereira j\u00e1 n\u00e3o tem mais a mesma estabilidade como treinador do Flamengo. O vice da Recopa Sul-Americana, as derrotas em cl\u00e1ssicos para Vasco e Fluminense e a dificuldade de apresentar evolu\u00e7\u00e3o consistente fizeram a press\u00e3o pela demiss\u00e3o do portugu\u00eas, especialmente vinda da G\u00e1vea, crescer bastante. H\u00e1 semanas tida como uma certeza, a sequ\u00eancia de [&hellip;]<\/p>\n","protected":false},"author":1,"featured_media":93332,"comment_status":"open","ping_status":"closed","sticky":false,"template":"","format":"standard","meta":{"footnotes":""},"categories":[1],"tags":[],"class_list":["post-95182","post","type-post","status-publish","format-standard","has-post-thumbnail","hentry","category-flamengo"],"yoast_head":"<!-- This site is optimized with the Yoast SEO Premium plugin v24.2 (Yoast SEO v26.9) - https:\/\/yoast.com\/product\/yoast-seo-premium-wordpress\/ -->\n<title>Fim da linha? V\u00edtor Pereira balan\u00e7a no Flamengo<\/title>\n<meta name=\"robots\" content=\"index, follow, max-snippet:-1, max-image-preview:large, max-video-preview:-1\" \/>\n<link rel=\"canonical\" href=\"https:\/\/www.gaveanews.com\/index.php\/2023\/03\/10\/fim-da-linha-vitor-pereira-balanca-no-flamengofim-da-linha\/\" \/>\n<meta property=\"og:locale\" content=\"pt_BR\" \/>\n<meta property=\"og:type\" content=\"article\" \/>\n<meta property=\"og:title\" content=\"Fim da linha? V\u00edtor Pereira balan\u00e7a no Flamengo\" \/>\n<meta property=\"og:description\" content=\"V\u00edtor Pereira j\u00e1 n\u00e3o tem mais a mesma estabilidade como treinador do Flamengo. O vice da Recopa Sul-Americana, as derrotas em cl\u00e1ssicos para Vasco e Fluminense e a dificuldade de apresentar evolu\u00e7\u00e3o consistente fizeram a press\u00e3o pela demiss\u00e3o do portugu\u00eas, especialmente vinda da G\u00e1vea, crescer bastante. H\u00e1 semanas tida como uma certeza, a sequ\u00eancia de [&hellip;]\" \/>\n<meta property=\"og:url\" content=\"https:\/\/www.gaveanews.com\/index.php\/2023\/03\/10\/fim-da-linha-vitor-pereira-balanca-no-flamengofim-da-linha\/\" \/>\n<meta property=\"og:site_name\" content=\"G\u00e1vea News\" \/>\n<meta property=\"article:publisher\" content=\"https:\/\/facebook.com\/gaveaNews\/\" \/>\n<meta property=\"article:published_time\" content=\"2023-03-10T09:59:28+00:00\" \/>\n<meta property=\"article:modified_time\" content=\"2023-03-10T10:32:10+00:00\" \/>\n<meta property=\"og:image\" content=\"https:\/\/www.gaveanews.com\/wp-content\/uploads\/vitor-pereira-flamengo.webp\" \/>\n\t<meta property=\"og:image:width\" content=\"1024\" \/>\n\t<meta property=\"og:image:height\" content=\"682\" \/>\n\t<meta property=\"og:image:type\" content=\"image\/jpeg\" \/>\n<meta name=\"author\" content=\"Equipe G\u00e1vea News\" \/>\n<meta name=\"twitter:card\" content=\"summary_large_image\" \/>\n<meta name=\"twitter:label1\" content=\"Escrito por\" \/>\n\t<meta name=\"twitter:data1\" content=\"Equipe G\u00e1vea News\" \/>\n\t<meta name=\"twitter:label2\" content=\"Est. tempo de leitura\" \/>\n\t<meta name=\"twitter:data2\" content=\"7 minutos\" \/>\n<script type=\"application\/ld+json\" class=\"yoast-schema-graph\">{\"@context\":\"https:\/\/schema.org\",\"@graph\":[{\"@type\":\"NewsArticle\",\"@id\":\"https:\/\/www.gaveanews.com\/index.php\/2023\/03\/10\/fim-da-linha-vitor-pereira-balanca-no-flamengofim-da-linha\/#article\",\"isPartOf\":{\"@id\":\"https:\/\/www.gaveanews.com\/index.php\/2023\/03\/10\/fim-da-linha-vitor-pereira-balanca-no-flamengofim-da-linha\/\"},\"author\":{\"name\":\"Equipe G\u00e1vea News\",\"@id\":\"https:\/\/www.gaveanews.com\/#\/schema\/person\/2ec14f73fb96be2caf28f91afb14749d\"},\"headline\":\"Fim da linha? V\u00edtor Pereira balan\u00e7a no Flamengo\",\"datePublished\":\"2023-03-10T09:59:28+00:00\",\"dateModified\":\"2023-03-10T10:32:10+00:00\",\"mainEntityOfPage\":{\"@id\":\"https:\/\/www.gaveanews.com\/index.php\/2023\/03\/10\/fim-da-linha-vitor-pereira-balanca-no-flamengofim-da-linha\/\"},\"wordCount\":1236,\"commentCount\":0,\"image\":{\"@id\":\"https:\/\/www.gaveanews.com\/index.php\/2023\/03\/10\/fim-da-linha-vitor-pereira-balanca-no-flamengofim-da-linha\/#primaryimage\"},\"thumbnailUrl\":\"https:\/\/www.gaveanews.com\/wp-content\/uploads\/vitor-pereira-flamengo.webp\",\"articleSection\":[\"Flamengo\"],\"inLanguage\":\"pt-BR\",\"potentialAction\":[{\"@type\":\"CommentAction\",\"name\":\"Comment\",\"target\":[\"https:\/\/www.gaveanews.com\/index.php\/2023\/03\/10\/fim-da-linha-vitor-pereira-balanca-no-flamengofim-da-linha\/#respond\"]}],\"copyrightYear\":\"2023\",\"copyrightHolder\":{\"@id\":\"https:\/\/www.gaveanews.com\/#organization\"}},{\"@type\":\"WebPage\",\"@id\":\"https:\/\/www.gaveanews.com\/index.php\/2023\/03\/10\/fim-da-linha-vitor-pereira-balanca-no-flamengofim-da-linha\/\",\"url\":\"https:\/\/www.gaveanews.com\/index.php\/2023\/03\/10\/fim-da-linha-vitor-pereira-balanca-no-flamengofim-da-linha\/\",\"name\":\"Fim da linha? V\u00edtor Pereira balan\u00e7a no Flamengo\",\"isPartOf\":{\"@id\":\"https:\/\/www.gaveanews.com\/#website\"},\"primaryImageOfPage\":{\"@id\":\"https:\/\/www.gaveanews.com\/index.php\/2023\/03\/10\/fim-da-linha-vitor-pereira-balanca-no-flamengofim-da-linha\/#primaryimage\"},\"image\":{\"@id\":\"https:\/\/www.gaveanews.com\/index.php\/2023\/03\/10\/fim-da-linha-vitor-pereira-balanca-no-flamengofim-da-linha\/#primaryimage\"},\"thumbnailUrl\":\"https:\/\/www.gaveanews.com\/wp-content\/uploads\/vitor-pereira-flamengo.webp\",\"datePublished\":\"2023-03-10T09:59:28+00:00\",\"dateModified\":\"2023-03-10T10:32:10+00:00\",\"author\":{\"@id\":\"https:\/\/www.gaveanews.com\/#\/schema\/person\/2ec14f73fb96be2caf28f91afb14749d\"},\"breadcrumb\":{\"@id\":\"https:\/\/www.gaveanews.com\/index.php\/2023\/03\/10\/fim-da-linha-vitor-pereira-balanca-no-flamengofim-da-linha\/#breadcrumb\"},\"inLanguage\":\"pt-BR\",\"potentialAction\":[{\"@type\":\"ReadAction\",\"target\":[\"https:\/\/www.gaveanews.com\/index.php\/2023\/03\/10\/fim-da-linha-vitor-pereira-balanca-no-flamengofim-da-linha\/\"]}]},{\"@type\":\"ImageObject\",\"inLanguage\":\"pt-BR\",\"@id\":\"https:\/\/www.gaveanews.com\/index.php\/2023\/03\/10\/fim-da-linha-vitor-pereira-balanca-no-flamengofim-da-linha\/#primaryimage\",\"url\":\"https:\/\/www.gaveanews.com\/wp-content\/uploads\/vitor-pereira-flamengo.webp\",\"contentUrl\":\"https:\/\/www.gaveanews.com\/wp-content\/uploads\/vitor-pereira-flamengo.webp\",\"width\":1024,\"height\":682,\"caption\":\"V\u00edtor Pereira em treino do Flamengo no Ninho do Urubu (Foto: Marcelo Cortes\/Flamengo)\"},{\"@type\":\"BreadcrumbList\",\"@id\":\"https:\/\/www.gaveanews.com\/index.php\/2023\/03\/10\/fim-da-linha-vitor-pereira-balanca-no-flamengofim-da-linha\/#breadcrumb\",\"itemListElement\":[{\"@type\":\"ListItem\",\"position\":1,\"name\":\"Home\",\"item\":\"https:\/\/www.gaveanews.com\/\"},{\"@type\":\"ListItem\",\"position\":2,\"name\":\"Fim da linha? V\u00edtor Pereira balan\u00e7a no Flamengo\"}]},{\"@type\":\"WebSite\",\"@id\":\"https:\/\/www.gaveanews.com\/#website\",\"url\":\"https:\/\/www.gaveanews.com\/\",\"name\":\"G\u00e1vea News\",\"description\":\"Veja todas as not\u00edcias sobre o Flamengo: Contrata\u00e7\u00f5es, categorias de base, resultados das partidas, tabela de classifica\u00e7\u00e3o, pr\u00f3ximos jogos!\",\"potentialAction\":[{\"@type\":\"SearchAction\",\"target\":{\"@type\":\"EntryPoint\",\"urlTemplate\":\"https:\/\/www.gaveanews.com\/?s={search_term_string}\"},\"query-input\":{\"@type\":\"PropertyValueSpecification\",\"valueRequired\":true,\"valueName\":\"search_term_string\"}}],\"inLanguage\":\"pt-BR\"},{\"@type\":\"Person\",\"@id\":\"https:\/\/www.gaveanews.com\/#\/schema\/person\/2ec14f73fb96be2caf28f91afb14749d\",\"name\":\"Equipe G\u00e1vea News\",\"image\":{\"@type\":\"ImageObject\",\"inLanguage\":\"pt-BR\",\"@id\":\"https:\/\/www.gaveanews.com\/#\/schema\/person\/image\/\",\"url\":\"https:\/\/secure.gravatar.com\/avatar\/1e1956f1facbffd3f8fa53a326721950116b3b9dc9bd44939c01180fd4a745a9?s=96&d=mm&r=g\",\"contentUrl\":\"https:\/\/secure.gravatar.com\/avatar\/1e1956f1facbffd3f8fa53a326721950116b3b9dc9bd44939c01180fd4a745a9?s=96&d=mm&r=g\",\"caption\":\"Equipe G\u00e1vea News\"}}]}<\/script>\n<!-- \/ Yoast SEO Premium plugin. -->","yoast_head_json":{"title":"Fim da linha? V\u00edtor Pereira balan\u00e7a no Flamengo","robots":{"index":"index","follow":"follow","max-snippet":"max-snippet:-1","max-image-preview":"max-image-preview:large","max-video-preview":"max-video-preview:-1"},"canonical":"https:\/\/www.gaveanews.com\/index.php\/2023\/03\/10\/fim-da-linha-vitor-pereira-balanca-no-flamengofim-da-linha\/","og_locale":"pt_BR","og_type":"article","og_title":"Fim da linha? V\u00edtor Pereira balan\u00e7a no Flamengo","og_description":"V\u00edtor Pereira j\u00e1 n\u00e3o tem mais a mesma estabilidade como treinador do Flamengo. O vice da Recopa Sul-Americana, as derrotas em cl\u00e1ssicos para Vasco e Fluminense e a dificuldade de apresentar evolu\u00e7\u00e3o consistente fizeram a press\u00e3o pela demiss\u00e3o do portugu\u00eas, especialmente vinda da G\u00e1vea, crescer bastante. H\u00e1 semanas tida como uma certeza, a sequ\u00eancia de [&hellip;]","og_url":"https:\/\/www.gaveanews.com\/index.php\/2023\/03\/10\/fim-da-linha-vitor-pereira-balanca-no-flamengofim-da-linha\/","og_site_name":"G\u00e1vea News","article_publisher":"https:\/\/facebook.com\/gaveaNews\/","article_published_time":"2023-03-10T09:59:28+00:00","article_modified_time":"2023-03-10T10:32:10+00:00","og_image":[{"width":1024,"height":682,"url":"https:\/\/www.gaveanews.com\/wp-content\/uploads\/vitor-pereira-flamengo.webp","type":"image\/jpeg"}],"author":"Equipe G\u00e1vea News","twitter_card":"summary_large_image","twitter_misc":{"Escrito por":"Equipe G\u00e1vea News","Est. tempo de leitura":"7 minutos"},"schema":{"@context":"https:\/\/schema.org","@graph":[{"@type":"NewsArticle","@id":"https:\/\/www.gaveanews.com\/index.php\/2023\/03\/10\/fim-da-linha-vitor-pereira-balanca-no-flamengofim-da-linha\/#article","isPartOf":{"@id":"https:\/\/www.gaveanews.com\/index.php\/2023\/03\/10\/fim-da-linha-vitor-pereira-balanca-no-flamengofim-da-linha\/"},"author":{"name":"Equipe G\u00e1vea News","@id":"https:\/\/www.gaveanews.com\/#\/schema\/person\/2ec14f73fb96be2caf28f91afb14749d"},"headline":"Fim da linha? V\u00edtor Pereira balan\u00e7a no Flamengo","datePublished":"2023-03-10T09:59:28+00:00","dateModified":"2023-03-10T10:32:10+00:00","mainEntityOfPage":{"@id":"https:\/\/www.gaveanews.com\/index.php\/2023\/03\/10\/fim-da-linha-vitor-pereira-balanca-no-flamengofim-da-linha\/"},"wordCount":1236,"commentCount":0,"image":{"@id":"https:\/\/www.gaveanews.com\/index.php\/2023\/03\/10\/fim-da-linha-vitor-pereira-balanca-no-flamengofim-da-linha\/#primaryimage"},"thumbnailUrl":"https:\/\/www.gaveanews.com\/wp-content\/uploads\/vitor-pereira-flamengo.webp","articleSection":["Flamengo"],"inLanguage":"pt-BR","potentialAction":[{"@type":"CommentAction","name":"Comment","target":["https:\/\/www.gaveanews.com\/index.php\/2023\/03\/10\/fim-da-linha-vitor-pereira-balanca-no-flamengofim-da-linha\/#respond"]}],"copyrightYear":"2023","copyrightHolder":{"@id":"https:\/\/www.gaveanews.com\/#organization"}},{"@type":"WebPage","@id":"https:\/\/www.gaveanews.com\/index.php\/2023\/03\/10\/fim-da-linha-vitor-pereira-balanca-no-flamengofim-da-linha\/","url":"https:\/\/www.gaveanews.com\/index.php\/2023\/03\/10\/fim-da-linha-vitor-pereira-balanca-no-flamengofim-da-linha\/","name":"Fim da linha? V\u00edtor Pereira balan\u00e7a no Flamengo","isPartOf":{"@id":"https:\/\/www.gaveanews.com\/#website"},"primaryImageOfPage":{"@id":"https:\/\/www.gaveanews.com\/index.php\/2023\/03\/10\/fim-da-linha-vitor-pereira-balanca-no-flamengofim-da-linha\/#primaryimage"},"image":{"@id":"https:\/\/www.gaveanews.com\/index.php\/2023\/03\/10\/fim-da-linha-vitor-pereira-balanca-no-flamengofim-da-linha\/#primaryimage"},"thumbnailUrl":"https:\/\/www.gaveanews.com\/wp-content\/uploads\/vitor-pereira-flamengo.webp","datePublished":"2023-03-10T09:59:28+00:00","dateModified":"2023-03-10T10:32:10+00:00","author":{"@id":"https:\/\/www.gaveanews.com\/#\/schema\/person\/2ec14f73fb96be2caf28f91afb14749d"},"breadcrumb":{"@id":"https:\/\/www.gaveanews.com\/index.php\/2023\/03\/10\/fim-da-linha-vitor-pereira-balanca-no-flamengofim-da-linha\/#breadcrumb"},"inLanguage":"pt-BR","potentialAction":[{"@type":"ReadAction","target":["https:\/\/www.gaveanews.com\/index.php\/2023\/03\/10\/fim-da-linha-vitor-pereira-balanca-no-flamengofim-da-linha\/"]}]},{"@type":"ImageObject","inLanguage":"pt-BR","@id":"https:\/\/www.gaveanews.com\/index.php\/2023\/03\/10\/fim-da-linha-vitor-pereira-balanca-no-flamengofim-da-linha\/#primaryimage","url":"https:\/\/www.gaveanews.com\/wp-content\/uploads\/vitor-pereira-flamengo.webp","contentUrl":"https:\/\/www.gaveanews.com\/wp-content\/uploads\/vitor-pereira-flamengo.webp","width":1024,"height":682,"caption":"V\u00edtor Pereira em treino do Flamengo no Ninho do Urubu (Foto: Marcelo Cortes\/Flamengo)"},{"@type":"BreadcrumbList","@id":"https:\/\/www.gaveanews.com\/index.php\/2023\/03\/10\/fim-da-linha-vitor-pereira-balanca-no-flamengofim-da-linha\/#breadcrumb","itemListElement":[{"@type":"ListItem","position":1,"name":"Home","item":"https:\/\/www.gaveanews.com\/"},{"@type":"ListItem","position":2,"name":"Fim da linha? V\u00edtor Pereira balan\u00e7a no Flamengo"}]},{"@type":"WebSite","@id":"https:\/\/www.gaveanews.com\/#website","url":"https:\/\/www.gaveanews.com\/","name":"G\u00e1vea News","description":"Veja todas as not\u00edcias sobre o Flamengo: Contrata\u00e7\u00f5es, categorias de base, resultados das partidas, tabela de classifica\u00e7\u00e3o, pr\u00f3ximos jogos!","potentialAction":[{"@type":"SearchAction","target":{"@type":"EntryPoint","urlTemplate":"https:\/\/www.gaveanews.com\/?s={search_term_string}"},"query-input":{"@type":"PropertyValueSpecification","valueRequired":true,"valueName":"search_term_string"}}],"inLanguage":"pt-BR"},{"@type":"Person","@id":"https:\/\/www.gaveanews.com\/#\/schema\/person\/2ec14f73fb96be2caf28f91afb14749d","name":"Equipe G\u00e1vea News","image":{"@type":"ImageObject","inLanguage":"pt-BR","@id":"https:\/\/www.gaveanews.com\/#\/schema\/person\/image\/","url":"https:\/\/secure.gravatar.com\/avatar\/1e1956f1facbffd3f8fa53a326721950116b3b9dc9bd44939c01180fd4a745a9?s=96&d=mm&r=g","contentUrl":"https:\/\/secure.gravatar.com\/avatar\/1e1956f1facbffd3f8fa53a326721950116b3b9dc9bd44939c01180fd4a745a9?s=96&d=mm&r=g","caption":"Equipe G\u00e1vea News"}}]}},"_links":{"self":[{"href":"https:\/\/www.gaveanews.com\/index.php\/wp-json\/wp\/v2\/posts\/95182","targetHints":{"allow":["GET"]}}],"collection":[{"href":"https:\/\/www.gaveanews.com\/index.php\/wp-json\/wp\/v2\/posts"}],"about":[{"href":"https:\/\/www.gaveanews.com\/index.php\/wp-json\/wp\/v2\/types\/post"}],"author":[{"embeddable":true,"href":"https:\/\/www.gaveanews.com\/index.php\/wp-json\/wp\/v2\/users\/1"}],"replies":[{"embeddable":true,"href":"https:\/\/www.gaveanews.com\/index.php\/wp-json\/wp\/v2\/comments?post=95182"}],"version-history":[{"count":0,"href":"https:\/\/www.gaveanews.com\/index.php\/wp-json\/wp\/v2\/posts\/95182\/revisions"}],"wp:featuredmedia":[{"embeddable":true,"href":"https:\/\/www.gaveanews.com\/index.php\/wp-json\/wp\/v2\/media\/93332"}],"wp:attachment":[{"href":"https:\/\/www.gaveanews.com\/index.php\/wp-json\/wp\/v2\/media?parent=95182"}],"wp:term":[{"taxonomy":"category","embeddable":true,"href":"https:\/\/www.gaveanews.com\/index.php\/wp-json\/wp\/v2\/categories?post=95182"},{"taxonomy":"post_tag","embeddable":true,"href":"https:\/\/www.gaveanews.com\/index.php\/wp-json\/wp\/v2\/tags?post=95182"}],"curies":[{"name":"wp","href":"https:\/\/api.w.org\/{rel}","templated":true}]}}