{"id":95197,"date":"2023-03-10T10:10:43","date_gmt":"2023-03-10T13:10:43","guid":{"rendered":"https:\/\/www.gaveanews.com\/?p=95197"},"modified":"2023-03-10T10:10:45","modified_gmt":"2023-03-10T13:10:45","slug":"adeus-vitor-pereira-torcida-do-flamengo-sugere-tecnicos-para-a-diretoria","status":"publish","type":"post","link":"https:\/\/www.gaveanews.com\/index.php\/2023\/03\/10\/adeus-vitor-pereira-torcida-do-flamengo-sugere-tecnicos-para-a-diretoria\/","title":{"rendered":"Adeus, V\u00edtor Pereira: torcida do Flamengo sugere t\u00e9cnicos para a diretoria"},"content":{"rendered":"\n<p>O momento n\u00e3o \u00e9 bom para o t\u00e9cnico rubro-negro. Ap\u00f3s uma sequ\u00eancia de derrotas em jogos decisivos, a torcida perdeu a paci\u00eancia e pede por mudan\u00e7as no clube da G\u00e1vea.<\/p>\n\n\n\n<p>Uma das altera\u00e7\u00f5es exigidas \u00e9 no comando do elenco. V\u00edtor Pereira \u00e9 visto pelos rubro-negros como um dos culpados pelo come\u00e7o de ano ruim da equipe da G\u00e1vea e se tornou <a href=\"https:\/\/www.gaveanews.com\/index.php\/2023\/03\/09\/torcedores-do-flamengo-protestam-em-frente-a-casa-de-vitor-pereira\/\">alvo de muitos protestos.<\/a> Nas redes sociais, diversos flamenguistas, al\u00e9m de pedir pela sa\u00edda de VP, tamb\u00e9m sugerem nomes para assumir o Flamengo na sequ\u00eancia.<\/p>\n\n\n\n<p>Atualmente, tr\u00eas t\u00e9cnicos s\u00e3o os mais pedidos pelos torcedores. O primeiro deles e \u00fanico brasileiro da lista \u00e9 <strong>Tite<\/strong>, que deixou a Sele\u00e7\u00e3o Brasileira no final do ano passado. Adenor, no entanto, aproveita f\u00e9rias ap\u00f3s a sa\u00edda da Sele\u00e7\u00e3o e est\u00e1 mais inclinado a comandar um clube europeu.<\/p>\n\n\n\n<p><strong>Jorge Sampaoli<\/strong>, atualmente no Sevilla, \u00e9 outro bem avaliado pelos flamenguistas. O caso dele \u00e9 mais complicado, uma vez que te contrato com o clube espanhol at\u00e9 junho de 2024. O treinador, no entanto, balan\u00e7a no cargo e pode ser desligado do clube devido ao risco de rebaixamento e ao descontentamento do pr\u00f3prio elenco. <\/p>\n\n\n\n<p>De acordo com o As, da Espanha, a alta multa rescis\u00f3ria faz a diretoria espanhola repensar o caso. Os valores fixados no contrato n\u00e3o foram divulgados.<\/p>\n\n\n\n<p>Por fim, aquele que sempre \u00e9 pedido pelos torcedores em momentos como este n\u00e3o ficou de fora da lista. <strong>Jorge Jesus<\/strong>, atualmente no comando do Fenerbah\u00e7e, tem contrato com os turcos at\u00e9 junho deste ano. O portugu\u00eas ainda n\u00e3o revelou seus planos para a sequ\u00eancia.<\/p>\n","protected":false},"excerpt":{"rendered":"<p>O momento n\u00e3o \u00e9 bom para o t\u00e9cnico rubro-negro. Ap\u00f3s uma sequ\u00eancia de derrotas em jogos decisivos, a torcida perdeu a paci\u00eancia e pede por mudan\u00e7as no clube da G\u00e1vea. Uma das altera\u00e7\u00f5es exigidas \u00e9 no comando do elenco. V\u00edtor Pereira \u00e9 visto pelos rubro-negros como um dos culpados pelo come\u00e7o de ano ruim da [&hellip;]<\/p>\n","protected":false},"author":4,"featured_media":95155,"comment_status":"open","ping_status":"closed","sticky":false,"template":"","format":"standard","meta":{"footnotes":""},"categories":[1],"tags":[],"class_list":["post-95197","post","type-post","status-publish","format-standard","has-post-thumbnail","hentry","category-flamengo"],"yoast_head":"<!-- This site is optimized with the Yoast SEO Premium plugin v24.2 (Yoast SEO v26.9) - https:\/\/yoast.com\/product\/yoast-seo-premium-wordpress\/ -->\n<title>Adeus, V\u00edtor Pereira: torcida do Flamengo sugere t\u00e9cnicos para a diretoria<\/title>\n<meta name=\"robots\" content=\"index, follow, max-snippet:-1, max-image-preview:large, max-video-preview:-1\" \/>\n<link rel=\"canonical\" href=\"https:\/\/www.gaveanews.com\/index.php\/2023\/03\/10\/adeus-vitor-pereira-torcida-do-flamengo-sugere-tecnicos-para-a-diretoria\/\" \/>\n<meta property=\"og:locale\" content=\"pt_BR\" \/>\n<meta property=\"og:type\" content=\"article\" \/>\n<meta property=\"og:title\" content=\"Adeus, V\u00edtor Pereira: torcida do Flamengo sugere t\u00e9cnicos para a diretoria\" \/>\n<meta property=\"og:description\" content=\"O momento n\u00e3o \u00e9 bom para o t\u00e9cnico rubro-negro. Ap\u00f3s uma sequ\u00eancia de derrotas em jogos decisivos, a torcida perdeu a paci\u00eancia e pede por mudan\u00e7as no clube da G\u00e1vea. Uma das altera\u00e7\u00f5es exigidas \u00e9 no comando do elenco. V\u00edtor Pereira \u00e9 visto pelos rubro-negros como um dos culpados pelo come\u00e7o de ano ruim da [&hellip;]\" \/>\n<meta property=\"og:url\" content=\"https:\/\/www.gaveanews.com\/index.php\/2023\/03\/10\/adeus-vitor-pereira-torcida-do-flamengo-sugere-tecnicos-para-a-diretoria\/\" \/>\n<meta property=\"og:site_name\" content=\"G\u00e1vea News\" \/>\n<meta property=\"article:publisher\" content=\"https:\/\/facebook.com\/gaveaNews\/\" \/>\n<meta property=\"article:published_time\" content=\"2023-03-10T13:10:43+00:00\" \/>\n<meta property=\"article:modified_time\" content=\"2023-03-10T13:10:45+00:00\" \/>\n<meta property=\"og:image\" content=\"https:\/\/www.gaveanews.com\/wp-content\/uploads\/vitor-pereira-flamengo.webp\" \/>\n\t<meta property=\"og:image:width\" content=\"615\" \/>\n\t<meta property=\"og:image:height\" content=\"300\" \/>\n\t<meta property=\"og:image:type\" content=\"image\/jpeg\" \/>\n<meta name=\"author\" content=\"Let\u00edcia Gerheim\" \/>\n<meta name=\"twitter:card\" content=\"summary_large_image\" \/>\n<meta name=\"twitter:label1\" content=\"Escrito por\" \/>\n\t<meta name=\"twitter:data1\" content=\"Let\u00edcia Gerheim\" \/>\n\t<meta name=\"twitter:label2\" content=\"Est. tempo de leitura\" \/>\n\t<meta name=\"twitter:data2\" content=\"2 minutos\" \/>\n<script type=\"application\/ld+json\" class=\"yoast-schema-graph\">{\"@context\":\"https:\/\/schema.org\",\"@graph\":[{\"@type\":\"NewsArticle\",\"@id\":\"https:\/\/www.gaveanews.com\/index.php\/2023\/03\/10\/adeus-vitor-pereira-torcida-do-flamengo-sugere-tecnicos-para-a-diretoria\/#article\",\"isPartOf\":{\"@id\":\"https:\/\/www.gaveanews.com\/index.php\/2023\/03\/10\/adeus-vitor-pereira-torcida-do-flamengo-sugere-tecnicos-para-a-diretoria\/\"},\"author\":{\"name\":\"Let\u00edcia Gerheim\",\"@id\":\"https:\/\/www.gaveanews.com\/#\/schema\/person\/714c67050b836198af2450ba1c142a67\"},\"headline\":\"Adeus, V\u00edtor Pereira: torcida do Flamengo sugere t\u00e9cnicos para a diretoria\",\"datePublished\":\"2023-03-10T13:10:43+00:00\",\"dateModified\":\"2023-03-10T13:10:45+00:00\",\"mainEntityOfPage\":{\"@id\":\"https:\/\/www.gaveanews.com\/index.php\/2023\/03\/10\/adeus-vitor-pereira-torcida-do-flamengo-sugere-tecnicos-para-a-diretoria\/\"},\"wordCount\":296,\"commentCount\":0,\"image\":{\"@id\":\"https:\/\/www.gaveanews.com\/index.php\/2023\/03\/10\/adeus-vitor-pereira-torcida-do-flamengo-sugere-tecnicos-para-a-diretoria\/#primaryimage\"},\"thumbnailUrl\":\"https:\/\/www.gaveanews.com\/wp-content\/uploads\/vitor-pereira-flamengo.webp\",\"articleSection\":[\"Flamengo\"],\"inLanguage\":\"pt-BR\",\"potentialAction\":[{\"@type\":\"CommentAction\",\"name\":\"Comment\",\"target\":[\"https:\/\/www.gaveanews.com\/index.php\/2023\/03\/10\/adeus-vitor-pereira-torcida-do-flamengo-sugere-tecnicos-para-a-diretoria\/#respond\"]}],\"copyrightYear\":\"2023\",\"copyrightHolder\":{\"@id\":\"https:\/\/www.gaveanews.com\/#organization\"}},{\"@type\":\"WebPage\",\"@id\":\"https:\/\/www.gaveanews.com\/index.php\/2023\/03\/10\/adeus-vitor-pereira-torcida-do-flamengo-sugere-tecnicos-para-a-diretoria\/\",\"url\":\"https:\/\/www.gaveanews.com\/index.php\/2023\/03\/10\/adeus-vitor-pereira-torcida-do-flamengo-sugere-tecnicos-para-a-diretoria\/\",\"name\":\"Adeus, V\u00edtor Pereira: torcida do Flamengo sugere t\u00e9cnicos para a diretoria\",\"isPartOf\":{\"@id\":\"https:\/\/www.gaveanews.com\/#website\"},\"primaryImageOfPage\":{\"@id\":\"https:\/\/www.gaveanews.com\/index.php\/2023\/03\/10\/adeus-vitor-pereira-torcida-do-flamengo-sugere-tecnicos-para-a-diretoria\/#primaryimage\"},\"image\":{\"@id\":\"https:\/\/www.gaveanews.com\/index.php\/2023\/03\/10\/adeus-vitor-pereira-torcida-do-flamengo-sugere-tecnicos-para-a-diretoria\/#primaryimage\"},\"thumbnailUrl\":\"https:\/\/www.gaveanews.com\/wp-content\/uploads\/vitor-pereira-flamengo.webp\",\"datePublished\":\"2023-03-10T13:10:43+00:00\",\"dateModified\":\"2023-03-10T13:10:45+00:00\",\"author\":{\"@id\":\"https:\/\/www.gaveanews.com\/#\/schema\/person\/714c67050b836198af2450ba1c142a67\"},\"breadcrumb\":{\"@id\":\"https:\/\/www.gaveanews.com\/index.php\/2023\/03\/10\/adeus-vitor-pereira-torcida-do-flamengo-sugere-tecnicos-para-a-diretoria\/#breadcrumb\"},\"inLanguage\":\"pt-BR\",\"potentialAction\":[{\"@type\":\"ReadAction\",\"target\":[\"https:\/\/www.gaveanews.com\/index.php\/2023\/03\/10\/adeus-vitor-pereira-torcida-do-flamengo-sugere-tecnicos-para-a-diretoria\/\"]}]},{\"@type\":\"ImageObject\",\"inLanguage\":\"pt-BR\",\"@id\":\"https:\/\/www.gaveanews.com\/index.php\/2023\/03\/10\/adeus-vitor-pereira-torcida-do-flamengo-sugere-tecnicos-para-a-diretoria\/#primaryimage\",\"url\":\"https:\/\/www.gaveanews.com\/wp-content\/uploads\/vitor-pereira-flamengo.webp\",\"contentUrl\":\"https:\/\/www.gaveanews.com\/wp-content\/uploads\/vitor-pereira-flamengo.webp\",\"width\":615,\"height\":300,\"caption\":\"V\u00edtor Pereira comanda o Flamengo no Maracan\u00e3 (Foto: Thiago Ribeiro\/AGIF)\"},{\"@type\":\"BreadcrumbList\",\"@id\":\"https:\/\/www.gaveanews.com\/index.php\/2023\/03\/10\/adeus-vitor-pereira-torcida-do-flamengo-sugere-tecnicos-para-a-diretoria\/#breadcrumb\",\"itemListElement\":[{\"@type\":\"ListItem\",\"position\":1,\"name\":\"Home\",\"item\":\"https:\/\/www.gaveanews.com\/\"},{\"@type\":\"ListItem\",\"position\":2,\"name\":\"Adeus, V\u00edtor Pereira: torcida do Flamengo sugere t\u00e9cnicos para a diretoria\"}]},{\"@type\":\"WebSite\",\"@id\":\"https:\/\/www.gaveanews.com\/#website\",\"url\":\"https:\/\/www.gaveanews.com\/\",\"name\":\"G\u00e1vea News\",\"description\":\"Veja todas as not\u00edcias sobre o Flamengo: Contrata\u00e7\u00f5es, categorias de base, resultados das partidas, tabela de classifica\u00e7\u00e3o, pr\u00f3ximos jogos!\",\"potentialAction\":[{\"@type\":\"SearchAction\",\"target\":{\"@type\":\"EntryPoint\",\"urlTemplate\":\"https:\/\/www.gaveanews.com\/?s={search_term_string}\"},\"query-input\":{\"@type\":\"PropertyValueSpecification\",\"valueRequired\":true,\"valueName\":\"search_term_string\"}}],\"inLanguage\":\"pt-BR\"},{\"@type\":\"Person\",\"@id\":\"https:\/\/www.gaveanews.com\/#\/schema\/person\/714c67050b836198af2450ba1c142a67\",\"name\":\"Let\u00edcia Gerheim\",\"image\":{\"@type\":\"ImageObject\",\"inLanguage\":\"pt-BR\",\"@id\":\"https:\/\/www.gaveanews.com\/#\/schema\/person\/image\/\",\"url\":\"https:\/\/secure.gravatar.com\/avatar\/60734739c50fcebfbac509e2a826ccd0ff405c019bc73aab9354f19ecad1dcb4?s=96&d=mm&r=g\",\"contentUrl\":\"https:\/\/secure.gravatar.com\/avatar\/60734739c50fcebfbac509e2a826ccd0ff405c019bc73aab9354f19ecad1dcb4?s=96&d=mm&r=g\",\"caption\":\"Let\u00edcia Gerheim\"}}]}<\/script>\n<!-- \/ Yoast SEO Premium plugin. -->","yoast_head_json":{"title":"Adeus, V\u00edtor Pereira: torcida do Flamengo sugere t\u00e9cnicos para a diretoria","robots":{"index":"index","follow":"follow","max-snippet":"max-snippet:-1","max-image-preview":"max-image-preview:large","max-video-preview":"max-video-preview:-1"},"canonical":"https:\/\/www.gaveanews.com\/index.php\/2023\/03\/10\/adeus-vitor-pereira-torcida-do-flamengo-sugere-tecnicos-para-a-diretoria\/","og_locale":"pt_BR","og_type":"article","og_title":"Adeus, V\u00edtor Pereira: torcida do Flamengo sugere t\u00e9cnicos para a diretoria","og_description":"O momento n\u00e3o \u00e9 bom para o t\u00e9cnico rubro-negro. Ap\u00f3s uma sequ\u00eancia de derrotas em jogos decisivos, a torcida perdeu a paci\u00eancia e pede por mudan\u00e7as no clube da G\u00e1vea. Uma das altera\u00e7\u00f5es exigidas \u00e9 no comando do elenco. V\u00edtor Pereira \u00e9 visto pelos rubro-negros como um dos culpados pelo come\u00e7o de ano ruim da [&hellip;]","og_url":"https:\/\/www.gaveanews.com\/index.php\/2023\/03\/10\/adeus-vitor-pereira-torcida-do-flamengo-sugere-tecnicos-para-a-diretoria\/","og_site_name":"G\u00e1vea News","article_publisher":"https:\/\/facebook.com\/gaveaNews\/","article_published_time":"2023-03-10T13:10:43+00:00","article_modified_time":"2023-03-10T13:10:45+00:00","og_image":[{"width":615,"height":300,"url":"https:\/\/www.gaveanews.com\/wp-content\/uploads\/vitor-pereira-flamengo.webp","type":"image\/jpeg"}],"author":"Let\u00edcia Gerheim","twitter_card":"summary_large_image","twitter_misc":{"Escrito por":"Let\u00edcia Gerheim","Est. tempo de leitura":"2 minutos"},"schema":{"@context":"https:\/\/schema.org","@graph":[{"@type":"NewsArticle","@id":"https:\/\/www.gaveanews.com\/index.php\/2023\/03\/10\/adeus-vitor-pereira-torcida-do-flamengo-sugere-tecnicos-para-a-diretoria\/#article","isPartOf":{"@id":"https:\/\/www.gaveanews.com\/index.php\/2023\/03\/10\/adeus-vitor-pereira-torcida-do-flamengo-sugere-tecnicos-para-a-diretoria\/"},"author":{"name":"Let\u00edcia Gerheim","@id":"https:\/\/www.gaveanews.com\/#\/schema\/person\/714c67050b836198af2450ba1c142a67"},"headline":"Adeus, V\u00edtor Pereira: torcida do Flamengo sugere t\u00e9cnicos para a diretoria","datePublished":"2023-03-10T13:10:43+00:00","dateModified":"2023-03-10T13:10:45+00:00","mainEntityOfPage":{"@id":"https:\/\/www.gaveanews.com\/index.php\/2023\/03\/10\/adeus-vitor-pereira-torcida-do-flamengo-sugere-tecnicos-para-a-diretoria\/"},"wordCount":296,"commentCount":0,"image":{"@id":"https:\/\/www.gaveanews.com\/index.php\/2023\/03\/10\/adeus-vitor-pereira-torcida-do-flamengo-sugere-tecnicos-para-a-diretoria\/#primaryimage"},"thumbnailUrl":"https:\/\/www.gaveanews.com\/wp-content\/uploads\/vitor-pereira-flamengo.webp","articleSection":["Flamengo"],"inLanguage":"pt-BR","potentialAction":[{"@type":"CommentAction","name":"Comment","target":["https:\/\/www.gaveanews.com\/index.php\/2023\/03\/10\/adeus-vitor-pereira-torcida-do-flamengo-sugere-tecnicos-para-a-diretoria\/#respond"]}],"copyrightYear":"2023","copyrightHolder":{"@id":"https:\/\/www.gaveanews.com\/#organization"}},{"@type":"WebPage","@id":"https:\/\/www.gaveanews.com\/index.php\/2023\/03\/10\/adeus-vitor-pereira-torcida-do-flamengo-sugere-tecnicos-para-a-diretoria\/","url":"https:\/\/www.gaveanews.com\/index.php\/2023\/03\/10\/adeus-vitor-pereira-torcida-do-flamengo-sugere-tecnicos-para-a-diretoria\/","name":"Adeus, V\u00edtor Pereira: torcida do Flamengo sugere t\u00e9cnicos para a diretoria","isPartOf":{"@id":"https:\/\/www.gaveanews.com\/#website"},"primaryImageOfPage":{"@id":"https:\/\/www.gaveanews.com\/index.php\/2023\/03\/10\/adeus-vitor-pereira-torcida-do-flamengo-sugere-tecnicos-para-a-diretoria\/#primaryimage"},"image":{"@id":"https:\/\/www.gaveanews.com\/index.php\/2023\/03\/10\/adeus-vitor-pereira-torcida-do-flamengo-sugere-tecnicos-para-a-diretoria\/#primaryimage"},"thumbnailUrl":"https:\/\/www.gaveanews.com\/wp-content\/uploads\/vitor-pereira-flamengo.webp","datePublished":"2023-03-10T13:10:43+00:00","dateModified":"2023-03-10T13:10:45+00:00","author":{"@id":"https:\/\/www.gaveanews.com\/#\/schema\/person\/714c67050b836198af2450ba1c142a67"},"breadcrumb":{"@id":"https:\/\/www.gaveanews.com\/index.php\/2023\/03\/10\/adeus-vitor-pereira-torcida-do-flamengo-sugere-tecnicos-para-a-diretoria\/#breadcrumb"},"inLanguage":"pt-BR","potentialAction":[{"@type":"ReadAction","target":["https:\/\/www.gaveanews.com\/index.php\/2023\/03\/10\/adeus-vitor-pereira-torcida-do-flamengo-sugere-tecnicos-para-a-diretoria\/"]}]},{"@type":"ImageObject","inLanguage":"pt-BR","@id":"https:\/\/www.gaveanews.com\/index.php\/2023\/03\/10\/adeus-vitor-pereira-torcida-do-flamengo-sugere-tecnicos-para-a-diretoria\/#primaryimage","url":"https:\/\/www.gaveanews.com\/wp-content\/uploads\/vitor-pereira-flamengo.webp","contentUrl":"https:\/\/www.gaveanews.com\/wp-content\/uploads\/vitor-pereira-flamengo.webp","width":615,"height":300,"caption":"V\u00edtor Pereira comanda o Flamengo no Maracan\u00e3 (Foto: Thiago Ribeiro\/AGIF)"},{"@type":"BreadcrumbList","@id":"https:\/\/www.gaveanews.com\/index.php\/2023\/03\/10\/adeus-vitor-pereira-torcida-do-flamengo-sugere-tecnicos-para-a-diretoria\/#breadcrumb","itemListElement":[{"@type":"ListItem","position":1,"name":"Home","item":"https:\/\/www.gaveanews.com\/"},{"@type":"ListItem","position":2,"name":"Adeus, V\u00edtor Pereira: torcida do Flamengo sugere t\u00e9cnicos para a diretoria"}]},{"@type":"WebSite","@id":"https:\/\/www.gaveanews.com\/#website","url":"https:\/\/www.gaveanews.com\/","name":"G\u00e1vea News","description":"Veja todas as not\u00edcias sobre o Flamengo: Contrata\u00e7\u00f5es, categorias de base, resultados das partidas, tabela de classifica\u00e7\u00e3o, pr\u00f3ximos jogos!","potentialAction":[{"@type":"SearchAction","target":{"@type":"EntryPoint","urlTemplate":"https:\/\/www.gaveanews.com\/?s={search_term_string}"},"query-input":{"@type":"PropertyValueSpecification","valueRequired":true,"valueName":"search_term_string"}}],"inLanguage":"pt-BR"},{"@type":"Person","@id":"https:\/\/www.gaveanews.com\/#\/schema\/person\/714c67050b836198af2450ba1c142a67","name":"Let\u00edcia Gerheim","image":{"@type":"ImageObject","inLanguage":"pt-BR","@id":"https:\/\/www.gaveanews.com\/#\/schema\/person\/image\/","url":"https:\/\/secure.gravatar.com\/avatar\/60734739c50fcebfbac509e2a826ccd0ff405c019bc73aab9354f19ecad1dcb4?s=96&d=mm&r=g","contentUrl":"https:\/\/secure.gravatar.com\/avatar\/60734739c50fcebfbac509e2a826ccd0ff405c019bc73aab9354f19ecad1dcb4?s=96&d=mm&r=g","caption":"Let\u00edcia Gerheim"}}]}},"_links":{"self":[{"href":"https:\/\/www.gaveanews.com\/index.php\/wp-json\/wp\/v2\/posts\/95197","targetHints":{"allow":["GET"]}}],"collection":[{"href":"https:\/\/www.gaveanews.com\/index.php\/wp-json\/wp\/v2\/posts"}],"about":[{"href":"https:\/\/www.gaveanews.com\/index.php\/wp-json\/wp\/v2\/types\/post"}],"author":[{"embeddable":true,"href":"https:\/\/www.gaveanews.com\/index.php\/wp-json\/wp\/v2\/users\/4"}],"replies":[{"embeddable":true,"href":"https:\/\/www.gaveanews.com\/index.php\/wp-json\/wp\/v2\/comments?post=95197"}],"version-history":[{"count":0,"href":"https:\/\/www.gaveanews.com\/index.php\/wp-json\/wp\/v2\/posts\/95197\/revisions"}],"wp:featuredmedia":[{"embeddable":true,"href":"https:\/\/www.gaveanews.com\/index.php\/wp-json\/wp\/v2\/media\/95155"}],"wp:attachment":[{"href":"https:\/\/www.gaveanews.com\/index.php\/wp-json\/wp\/v2\/media?parent=95197"}],"wp:term":[{"taxonomy":"category","embeddable":true,"href":"https:\/\/www.gaveanews.com\/index.php\/wp-json\/wp\/v2\/categories?post=95197"},{"taxonomy":"post_tag","embeddable":true,"href":"https:\/\/www.gaveanews.com\/index.php\/wp-json\/wp\/v2\/tags?post=95197"}],"curies":[{"name":"wp","href":"https:\/\/api.w.org\/{rel}","templated":true}]}}