{"id":95211,"date":"2023-03-10T14:08:11","date_gmt":"2023-03-10T17:08:11","guid":{"rendered":"https:\/\/www.gaveanews.com\/?p=95211"},"modified":"2023-03-10T14:08:18","modified_gmt":"2023-03-10T17:08:18","slug":"pvc-da-rede-globo-manda-recado-sobre-flamengo-e-jorge-jesus","status":"publish","type":"post","link":"https:\/\/www.gaveanews.com\/index.php\/2023\/03\/10\/pvc-da-rede-globo-manda-recado-sobre-flamengo-e-jorge-jesus\/","title":{"rendered":"PVC, da Rede Globo, manda recado sobre Flamengo e Jorge Jesus"},"content":{"rendered":"\n<p>Passando por um momento delicado na temporada, onde amarga sucessivas derrocadas, o Flamengo chega para o confronto de semifinal do Carioca sob forte press\u00e3o. No programa \u201cPosse de Bola\u201d, do UOL Esporte, o jornalista Paulo Vin\u00edcius Coelho, o PVC, analisou a situa\u00e7\u00e3o de VP no comando t\u00e9cnico, e destacou que ter Jorge Jesus ainda em mente, e relembrar o passado, \u00e9 prejudicial para o clube.<\/p>\n\n\n\n<p>\u201cVoc\u00ea demite t\u00e9cnico quando voc\u00ea percebe que n\u00e3o vai cumprir os objetivos da temporada. Ta\u00e7a Guanabara \u00e9 objetivo do Flamengo na temporada? N\u00e3o \u00e9! Ent\u00e3o n\u00e3o \u00e9 agora que voc\u00ea tem que olhar\u201d, disse PVC.<\/p>\n\n\n\n<p>\u201cO Flamengo n\u00e3o tem que ser ref\u00e9m o resto da vida do Jorge Jesus. O Jorge Jesus saiu do Flamengo e n\u00e3o aconteceu nada na vida dele. Perdeu ontem por 2 a 0 para o Sampaoli e o Sevilla, que est\u00e1 caindo nas tabelas pelo Campeonato Espanhol. N\u00e3o se trata disso. Trata-se de um clube que n\u00e3o sabe criar processo para contratar e demitir t\u00e9cnico. Contrata e demite pela press\u00e3o da G\u00e1vea\u201d, refor\u00e7ou o colunista.<\/p>\n\n\n\n<h2 class=\"wp-block-heading\" id=\"h-problema-no-flamengo\">Problema no Flamengo<\/h2>\n\n\n\n<p>No mesmo programa, PVC apontou que os constantes vazamentos de informa\u00e7\u00f5es de bastidores sobre press\u00e3o e eventuais tomadas de decis\u00e3o da diretoria \u00e9 outro ponto que impactar diretamente o clube carioca.<\/p>\n\n\n\n<p>\u201cO clube tem que mudar sua cultura interna. Mas isso \u00e9 problema do Rodolfo Landim, do Marcos Braz, do BAP e de quem dirige o clube. Se est\u00e1 vazando l\u00e1 dentro e j\u00e1 mudou comiss\u00f5es t\u00e9cnicas. Do tempo que estava o Jorge Jesus l\u00e1 em 2019, mudou praticamente todo mundo\u201d, afirmou o jornalista.<\/p>\n\n\n\n<p>Na manh\u00e3 desta sexta-feira (10), torcedores de organizadas do Flamengo compareceram ao Ninho do Urubu para manifesta\u00e7\u00f5es contra diretoria, jogadores e o t\u00e9cnico V\u00edtor Pereira. Apesar da tens\u00e3o, n\u00e3o houve conflitos mais intensos.<\/p>\n\n\n\n<p>Retirado de: Torcedores<\/p>\n","protected":false},"excerpt":{"rendered":"<p>Passando por um momento delicado na temporada, onde amarga sucessivas derrocadas, o Flamengo chega para o confronto de semifinal do Carioca sob forte press\u00e3o. No programa \u201cPosse de Bola\u201d, do UOL Esporte, o jornalista Paulo Vin\u00edcius Coelho, o PVC, analisou a situa\u00e7\u00e3o de VP no comando t\u00e9cnico, e destacou que ter Jorge Jesus ainda em [&hellip;]<\/p>\n","protected":false},"author":1,"featured_media":28883,"comment_status":"open","ping_status":"closed","sticky":false,"template":"","format":"standard","meta":{"footnotes":""},"categories":[1],"tags":[],"class_list":["post-95211","post","type-post","status-publish","format-standard","has-post-thumbnail","hentry","category-flamengo"],"yoast_head":"<!-- This site is optimized with the Yoast SEO Premium plugin v24.2 (Yoast SEO v26.9) - https:\/\/yoast.com\/product\/yoast-seo-premium-wordpress\/ -->\n<title>PVC, da Rede Globo, manda recado sobre Flamengo e Jorge Jesus<\/title>\n<meta name=\"robots\" content=\"index, follow, max-snippet:-1, max-image-preview:large, max-video-preview:-1\" \/>\n<link rel=\"canonical\" href=\"https:\/\/www.gaveanews.com\/index.php\/2023\/03\/10\/pvc-da-rede-globo-manda-recado-sobre-flamengo-e-jorge-jesus\/\" \/>\n<meta property=\"og:locale\" content=\"pt_BR\" \/>\n<meta property=\"og:type\" content=\"article\" \/>\n<meta property=\"og:title\" content=\"PVC, da Rede Globo, manda recado sobre Flamengo e Jorge Jesus\" \/>\n<meta property=\"og:description\" content=\"Passando por um momento delicado na temporada, onde amarga sucessivas derrocadas, o Flamengo chega para o confronto de semifinal do Carioca sob forte press\u00e3o. No programa \u201cPosse de Bola\u201d, do UOL Esporte, o jornalista Paulo Vin\u00edcius Coelho, o PVC, analisou a situa\u00e7\u00e3o de VP no comando t\u00e9cnico, e destacou que ter Jorge Jesus ainda em [&hellip;]\" \/>\n<meta property=\"og:url\" content=\"https:\/\/www.gaveanews.com\/index.php\/2023\/03\/10\/pvc-da-rede-globo-manda-recado-sobre-flamengo-e-jorge-jesus\/\" \/>\n<meta property=\"og:site_name\" content=\"G\u00e1vea News\" \/>\n<meta property=\"article:publisher\" content=\"https:\/\/facebook.com\/gaveaNews\/\" \/>\n<meta property=\"article:published_time\" content=\"2023-03-10T17:08:11+00:00\" \/>\n<meta property=\"article:modified_time\" content=\"2023-03-10T17:08:18+00:00\" \/>\n<meta property=\"og:image\" content=\"https:\/\/www.gaveanews.com\/wp-content\/uploads\/Tecnico-Jorge-Jesus-durante-uma-partida-do-Flamengo.webp\" \/>\n\t<meta property=\"og:image:width\" content=\"1\" \/>\n\t<meta property=\"og:image:height\" content=\"1\" \/>\n\t<meta property=\"og:image:type\" content=\"image\/jpeg\" \/>\n<meta name=\"author\" content=\"Equipe G\u00e1vea News\" \/>\n<meta name=\"twitter:card\" content=\"summary_large_image\" \/>\n<meta name=\"twitter:label1\" content=\"Escrito por\" \/>\n\t<meta name=\"twitter:data1\" content=\"Equipe G\u00e1vea News\" \/>\n\t<meta name=\"twitter:label2\" content=\"Est. tempo de leitura\" \/>\n\t<meta name=\"twitter:data2\" content=\"2 minutos\" \/>\n<script type=\"application\/ld+json\" class=\"yoast-schema-graph\">{\"@context\":\"https:\/\/schema.org\",\"@graph\":[{\"@type\":\"NewsArticle\",\"@id\":\"https:\/\/www.gaveanews.com\/index.php\/2023\/03\/10\/pvc-da-rede-globo-manda-recado-sobre-flamengo-e-jorge-jesus\/#article\",\"isPartOf\":{\"@id\":\"https:\/\/www.gaveanews.com\/index.php\/2023\/03\/10\/pvc-da-rede-globo-manda-recado-sobre-flamengo-e-jorge-jesus\/\"},\"author\":{\"name\":\"Equipe G\u00e1vea News\",\"@id\":\"https:\/\/www.gaveanews.com\/#\/schema\/person\/2ec14f73fb96be2caf28f91afb14749d\"},\"headline\":\"PVC, da Rede Globo, manda recado sobre Flamengo e Jorge Jesus\",\"datePublished\":\"2023-03-10T17:08:11+00:00\",\"dateModified\":\"2023-03-10T17:08:18+00:00\",\"mainEntityOfPage\":{\"@id\":\"https:\/\/www.gaveanews.com\/index.php\/2023\/03\/10\/pvc-da-rede-globo-manda-recado-sobre-flamengo-e-jorge-jesus\/\"},\"wordCount\":328,\"commentCount\":0,\"image\":{\"@id\":\"https:\/\/www.gaveanews.com\/index.php\/2023\/03\/10\/pvc-da-rede-globo-manda-recado-sobre-flamengo-e-jorge-jesus\/#primaryimage\"},\"thumbnailUrl\":\"https:\/\/www.gaveanews.com\/wp-content\/uploads\/Tecnico-Jorge-Jesus-durante-uma-partida-do-Flamengo.webp\",\"articleSection\":[\"Flamengo\"],\"inLanguage\":\"pt-BR\",\"potentialAction\":[{\"@type\":\"CommentAction\",\"name\":\"Comment\",\"target\":[\"https:\/\/www.gaveanews.com\/index.php\/2023\/03\/10\/pvc-da-rede-globo-manda-recado-sobre-flamengo-e-jorge-jesus\/#respond\"]}],\"copyrightYear\":\"2023\",\"copyrightHolder\":{\"@id\":\"https:\/\/www.gaveanews.com\/#organization\"}},{\"@type\":\"WebPage\",\"@id\":\"https:\/\/www.gaveanews.com\/index.php\/2023\/03\/10\/pvc-da-rede-globo-manda-recado-sobre-flamengo-e-jorge-jesus\/\",\"url\":\"https:\/\/www.gaveanews.com\/index.php\/2023\/03\/10\/pvc-da-rede-globo-manda-recado-sobre-flamengo-e-jorge-jesus\/\",\"name\":\"PVC, da Rede Globo, manda recado sobre Flamengo e Jorge Jesus\",\"isPartOf\":{\"@id\":\"https:\/\/www.gaveanews.com\/#website\"},\"primaryImageOfPage\":{\"@id\":\"https:\/\/www.gaveanews.com\/index.php\/2023\/03\/10\/pvc-da-rede-globo-manda-recado-sobre-flamengo-e-jorge-jesus\/#primaryimage\"},\"image\":{\"@id\":\"https:\/\/www.gaveanews.com\/index.php\/2023\/03\/10\/pvc-da-rede-globo-manda-recado-sobre-flamengo-e-jorge-jesus\/#primaryimage\"},\"thumbnailUrl\":\"https:\/\/www.gaveanews.com\/wp-content\/uploads\/Tecnico-Jorge-Jesus-durante-uma-partida-do-Flamengo.webp\",\"datePublished\":\"2023-03-10T17:08:11+00:00\",\"dateModified\":\"2023-03-10T17:08:18+00:00\",\"author\":{\"@id\":\"https:\/\/www.gaveanews.com\/#\/schema\/person\/2ec14f73fb96be2caf28f91afb14749d\"},\"breadcrumb\":{\"@id\":\"https:\/\/www.gaveanews.com\/index.php\/2023\/03\/10\/pvc-da-rede-globo-manda-recado-sobre-flamengo-e-jorge-jesus\/#breadcrumb\"},\"inLanguage\":\"pt-BR\",\"potentialAction\":[{\"@type\":\"ReadAction\",\"target\":[\"https:\/\/www.gaveanews.com\/index.php\/2023\/03\/10\/pvc-da-rede-globo-manda-recado-sobre-flamengo-e-jorge-jesus\/\"]}]},{\"@type\":\"ImageObject\",\"inLanguage\":\"pt-BR\",\"@id\":\"https:\/\/www.gaveanews.com\/index.php\/2023\/03\/10\/pvc-da-rede-globo-manda-recado-sobre-flamengo-e-jorge-jesus\/#primaryimage\",\"url\":\"https:\/\/www.gaveanews.com\/wp-content\/uploads\/Tecnico-Jorge-Jesus-durante-uma-partida-do-Flamengo.webp\",\"contentUrl\":\"https:\/\/www.gaveanews.com\/wp-content\/uploads\/Tecnico-Jorge-Jesus-durante-uma-partida-do-Flamengo.webp\",\"width\":900,\"height\":600,\"caption\":\"T\u00e9cnico Jorge Jesus durante uma partida do Flamengo (Foto: Reprodu\u00e7\u00e3o\/Flamengo)\"},{\"@type\":\"BreadcrumbList\",\"@id\":\"https:\/\/www.gaveanews.com\/index.php\/2023\/03\/10\/pvc-da-rede-globo-manda-recado-sobre-flamengo-e-jorge-jesus\/#breadcrumb\",\"itemListElement\":[{\"@type\":\"ListItem\",\"position\":1,\"name\":\"Home\",\"item\":\"https:\/\/www.gaveanews.com\/\"},{\"@type\":\"ListItem\",\"position\":2,\"name\":\"PVC, da Rede Globo, manda recado sobre Flamengo e Jorge Jesus\"}]},{\"@type\":\"WebSite\",\"@id\":\"https:\/\/www.gaveanews.com\/#website\",\"url\":\"https:\/\/www.gaveanews.com\/\",\"name\":\"G\u00e1vea News\",\"description\":\"Veja todas as not\u00edcias sobre o Flamengo: Contrata\u00e7\u00f5es, categorias de base, resultados das partidas, tabela de classifica\u00e7\u00e3o, pr\u00f3ximos jogos!\",\"potentialAction\":[{\"@type\":\"SearchAction\",\"target\":{\"@type\":\"EntryPoint\",\"urlTemplate\":\"https:\/\/www.gaveanews.com\/?s={search_term_string}\"},\"query-input\":{\"@type\":\"PropertyValueSpecification\",\"valueRequired\":true,\"valueName\":\"search_term_string\"}}],\"inLanguage\":\"pt-BR\"},{\"@type\":\"Person\",\"@id\":\"https:\/\/www.gaveanews.com\/#\/schema\/person\/2ec14f73fb96be2caf28f91afb14749d\",\"name\":\"Equipe G\u00e1vea News\",\"image\":{\"@type\":\"ImageObject\",\"inLanguage\":\"pt-BR\",\"@id\":\"https:\/\/www.gaveanews.com\/#\/schema\/person\/image\/\",\"url\":\"https:\/\/secure.gravatar.com\/avatar\/1e1956f1facbffd3f8fa53a326721950116b3b9dc9bd44939c01180fd4a745a9?s=96&d=mm&r=g\",\"contentUrl\":\"https:\/\/secure.gravatar.com\/avatar\/1e1956f1facbffd3f8fa53a326721950116b3b9dc9bd44939c01180fd4a745a9?s=96&d=mm&r=g\",\"caption\":\"Equipe G\u00e1vea News\"}}]}<\/script>\n<!-- \/ Yoast SEO Premium plugin. -->","yoast_head_json":{"title":"PVC, da Rede Globo, manda recado sobre Flamengo e Jorge Jesus","robots":{"index":"index","follow":"follow","max-snippet":"max-snippet:-1","max-image-preview":"max-image-preview:large","max-video-preview":"max-video-preview:-1"},"canonical":"https:\/\/www.gaveanews.com\/index.php\/2023\/03\/10\/pvc-da-rede-globo-manda-recado-sobre-flamengo-e-jorge-jesus\/","og_locale":"pt_BR","og_type":"article","og_title":"PVC, da Rede Globo, manda recado sobre Flamengo e Jorge Jesus","og_description":"Passando por um momento delicado na temporada, onde amarga sucessivas derrocadas, o Flamengo chega para o confronto de semifinal do Carioca sob forte press\u00e3o. No programa \u201cPosse de Bola\u201d, do UOL Esporte, o jornalista Paulo Vin\u00edcius Coelho, o PVC, analisou a situa\u00e7\u00e3o de VP no comando t\u00e9cnico, e destacou que ter Jorge Jesus ainda em [&hellip;]","og_url":"https:\/\/www.gaveanews.com\/index.php\/2023\/03\/10\/pvc-da-rede-globo-manda-recado-sobre-flamengo-e-jorge-jesus\/","og_site_name":"G\u00e1vea News","article_publisher":"https:\/\/facebook.com\/gaveaNews\/","article_published_time":"2023-03-10T17:08:11+00:00","article_modified_time":"2023-03-10T17:08:18+00:00","og_image":[{"url":"https:\/\/www.gaveanews.com\/wp-content\/uploads\/Tecnico-Jorge-Jesus-durante-uma-partida-do-Flamengo.webp","width":1,"height":1,"type":"image\/jpeg"}],"author":"Equipe G\u00e1vea News","twitter_card":"summary_large_image","twitter_misc":{"Escrito por":"Equipe G\u00e1vea News","Est. tempo de leitura":"2 minutos"},"schema":{"@context":"https:\/\/schema.org","@graph":[{"@type":"NewsArticle","@id":"https:\/\/www.gaveanews.com\/index.php\/2023\/03\/10\/pvc-da-rede-globo-manda-recado-sobre-flamengo-e-jorge-jesus\/#article","isPartOf":{"@id":"https:\/\/www.gaveanews.com\/index.php\/2023\/03\/10\/pvc-da-rede-globo-manda-recado-sobre-flamengo-e-jorge-jesus\/"},"author":{"name":"Equipe G\u00e1vea News","@id":"https:\/\/www.gaveanews.com\/#\/schema\/person\/2ec14f73fb96be2caf28f91afb14749d"},"headline":"PVC, da Rede Globo, manda recado sobre Flamengo e Jorge Jesus","datePublished":"2023-03-10T17:08:11+00:00","dateModified":"2023-03-10T17:08:18+00:00","mainEntityOfPage":{"@id":"https:\/\/www.gaveanews.com\/index.php\/2023\/03\/10\/pvc-da-rede-globo-manda-recado-sobre-flamengo-e-jorge-jesus\/"},"wordCount":328,"commentCount":0,"image":{"@id":"https:\/\/www.gaveanews.com\/index.php\/2023\/03\/10\/pvc-da-rede-globo-manda-recado-sobre-flamengo-e-jorge-jesus\/#primaryimage"},"thumbnailUrl":"https:\/\/www.gaveanews.com\/wp-content\/uploads\/Tecnico-Jorge-Jesus-durante-uma-partida-do-Flamengo.webp","articleSection":["Flamengo"],"inLanguage":"pt-BR","potentialAction":[{"@type":"CommentAction","name":"Comment","target":["https:\/\/www.gaveanews.com\/index.php\/2023\/03\/10\/pvc-da-rede-globo-manda-recado-sobre-flamengo-e-jorge-jesus\/#respond"]}],"copyrightYear":"2023","copyrightHolder":{"@id":"https:\/\/www.gaveanews.com\/#organization"}},{"@type":"WebPage","@id":"https:\/\/www.gaveanews.com\/index.php\/2023\/03\/10\/pvc-da-rede-globo-manda-recado-sobre-flamengo-e-jorge-jesus\/","url":"https:\/\/www.gaveanews.com\/index.php\/2023\/03\/10\/pvc-da-rede-globo-manda-recado-sobre-flamengo-e-jorge-jesus\/","name":"PVC, da Rede Globo, manda recado sobre Flamengo e Jorge Jesus","isPartOf":{"@id":"https:\/\/www.gaveanews.com\/#website"},"primaryImageOfPage":{"@id":"https:\/\/www.gaveanews.com\/index.php\/2023\/03\/10\/pvc-da-rede-globo-manda-recado-sobre-flamengo-e-jorge-jesus\/#primaryimage"},"image":{"@id":"https:\/\/www.gaveanews.com\/index.php\/2023\/03\/10\/pvc-da-rede-globo-manda-recado-sobre-flamengo-e-jorge-jesus\/#primaryimage"},"thumbnailUrl":"https:\/\/www.gaveanews.com\/wp-content\/uploads\/Tecnico-Jorge-Jesus-durante-uma-partida-do-Flamengo.webp","datePublished":"2023-03-10T17:08:11+00:00","dateModified":"2023-03-10T17:08:18+00:00","author":{"@id":"https:\/\/www.gaveanews.com\/#\/schema\/person\/2ec14f73fb96be2caf28f91afb14749d"},"breadcrumb":{"@id":"https:\/\/www.gaveanews.com\/index.php\/2023\/03\/10\/pvc-da-rede-globo-manda-recado-sobre-flamengo-e-jorge-jesus\/#breadcrumb"},"inLanguage":"pt-BR","potentialAction":[{"@type":"ReadAction","target":["https:\/\/www.gaveanews.com\/index.php\/2023\/03\/10\/pvc-da-rede-globo-manda-recado-sobre-flamengo-e-jorge-jesus\/"]}]},{"@type":"ImageObject","inLanguage":"pt-BR","@id":"https:\/\/www.gaveanews.com\/index.php\/2023\/03\/10\/pvc-da-rede-globo-manda-recado-sobre-flamengo-e-jorge-jesus\/#primaryimage","url":"https:\/\/www.gaveanews.com\/wp-content\/uploads\/Tecnico-Jorge-Jesus-durante-uma-partida-do-Flamengo.webp","contentUrl":"https:\/\/www.gaveanews.com\/wp-content\/uploads\/Tecnico-Jorge-Jesus-durante-uma-partida-do-Flamengo.webp","width":900,"height":600,"caption":"T\u00e9cnico Jorge Jesus durante uma partida do Flamengo (Foto: Reprodu\u00e7\u00e3o\/Flamengo)"},{"@type":"BreadcrumbList","@id":"https:\/\/www.gaveanews.com\/index.php\/2023\/03\/10\/pvc-da-rede-globo-manda-recado-sobre-flamengo-e-jorge-jesus\/#breadcrumb","itemListElement":[{"@type":"ListItem","position":1,"name":"Home","item":"https:\/\/www.gaveanews.com\/"},{"@type":"ListItem","position":2,"name":"PVC, da Rede Globo, manda recado sobre Flamengo e Jorge Jesus"}]},{"@type":"WebSite","@id":"https:\/\/www.gaveanews.com\/#website","url":"https:\/\/www.gaveanews.com\/","name":"G\u00e1vea News","description":"Veja todas as not\u00edcias sobre o Flamengo: Contrata\u00e7\u00f5es, categorias de base, resultados das partidas, tabela de classifica\u00e7\u00e3o, pr\u00f3ximos jogos!","potentialAction":[{"@type":"SearchAction","target":{"@type":"EntryPoint","urlTemplate":"https:\/\/www.gaveanews.com\/?s={search_term_string}"},"query-input":{"@type":"PropertyValueSpecification","valueRequired":true,"valueName":"search_term_string"}}],"inLanguage":"pt-BR"},{"@type":"Person","@id":"https:\/\/www.gaveanews.com\/#\/schema\/person\/2ec14f73fb96be2caf28f91afb14749d","name":"Equipe G\u00e1vea News","image":{"@type":"ImageObject","inLanguage":"pt-BR","@id":"https:\/\/www.gaveanews.com\/#\/schema\/person\/image\/","url":"https:\/\/secure.gravatar.com\/avatar\/1e1956f1facbffd3f8fa53a326721950116b3b9dc9bd44939c01180fd4a745a9?s=96&d=mm&r=g","contentUrl":"https:\/\/secure.gravatar.com\/avatar\/1e1956f1facbffd3f8fa53a326721950116b3b9dc9bd44939c01180fd4a745a9?s=96&d=mm&r=g","caption":"Equipe G\u00e1vea News"}}]}},"_links":{"self":[{"href":"https:\/\/www.gaveanews.com\/index.php\/wp-json\/wp\/v2\/posts\/95211","targetHints":{"allow":["GET"]}}],"collection":[{"href":"https:\/\/www.gaveanews.com\/index.php\/wp-json\/wp\/v2\/posts"}],"about":[{"href":"https:\/\/www.gaveanews.com\/index.php\/wp-json\/wp\/v2\/types\/post"}],"author":[{"embeddable":true,"href":"https:\/\/www.gaveanews.com\/index.php\/wp-json\/wp\/v2\/users\/1"}],"replies":[{"embeddable":true,"href":"https:\/\/www.gaveanews.com\/index.php\/wp-json\/wp\/v2\/comments?post=95211"}],"version-history":[{"count":0,"href":"https:\/\/www.gaveanews.com\/index.php\/wp-json\/wp\/v2\/posts\/95211\/revisions"}],"wp:featuredmedia":[{"embeddable":true,"href":"https:\/\/www.gaveanews.com\/index.php\/wp-json\/wp\/v2\/media\/28883"}],"wp:attachment":[{"href":"https:\/\/www.gaveanews.com\/index.php\/wp-json\/wp\/v2\/media?parent=95211"}],"wp:term":[{"taxonomy":"category","embeddable":true,"href":"https:\/\/www.gaveanews.com\/index.php\/wp-json\/wp\/v2\/categories?post=95211"},{"taxonomy":"post_tag","embeddable":true,"href":"https:\/\/www.gaveanews.com\/index.php\/wp-json\/wp\/v2\/tags?post=95211"}],"curies":[{"name":"wp","href":"https:\/\/api.w.org\/{rel}","templated":true}]}}