{"id":95250,"date":"2023-03-11T18:10:24","date_gmt":"2023-03-11T21:10:24","guid":{"rendered":"https:\/\/www.gaveanews.com\/?p=95250"},"modified":"2023-03-11T18:10:29","modified_gmt":"2023-03-11T21:10:29","slug":"torcedores-do-flamengo-reagem-a-possivel-substituto-de-vitor-pereira","status":"publish","type":"post","link":"https:\/\/www.gaveanews.com\/index.php\/2023\/03\/11\/torcedores-do-flamengo-reagem-a-possivel-substituto-de-vitor-pereira\/","title":{"rendered":"Torcedores do Flamengo reagem a poss\u00edvel substituto de V\u00edtor Pereira"},"content":{"rendered":"\n<p>Com uma forte rejei\u00e7\u00e3o da torcida da Flamengo, V\u00edtor Pereira corre riscos de ser demitido. Ainda que a dire\u00e7\u00e3o banque o trabalho do treinador, a press\u00e3o externa \u00e9 cada vez maior e o time n\u00e3o reage em campo. As derrotas para Vasco e Fluminense deixaram o flamenguista irritado. Sendo assim, um novo resultado negativo para o Cruzmaltino pode determinar a sa\u00edda do Meng\u00e3o.<\/p>\n\n\n\n<p>Segundo o dir\u00e1rio Ol\u00e9, da Argentina, o Flamengo debate nos bastidores poss\u00edveis nomes para o lugar de VP. Um destes que agrada o presidente Rodolfo Landim \u00e9 Juan Pablo Vojvoda. Atualmente no Fortaleza, ele tem contrato vigente at\u00e9 o fim de 2024. Portanto, tir\u00e1-lo do Le\u00e3o do Pici seria necess\u00e1rio pagar aos cearenses uma multa rescis\u00f3ria.<\/p>\n\n\n\n<p>No fim da temporada passada, Vojvoda foi alvo de muitos clubes da S\u00e9rie A. Atl\u00e9tico-MG, Corinthians, Santos, Vasco e outros demonstraram interesse no t\u00e9cnico argentino. Ap\u00f3s uma longa novela, o cora\u00e7\u00e3o falou mais alto e ele decidiu renovar o contrato.<\/p>\n\n\n\n<p>Nas redes sociais, torcedores apoiam Vojvoda no Flamengo. Por outro lado, n\u00e3o acreditam que o treinador largaria o Le\u00e3o neste momento em meio a bagunca que se apresenta o clube carioca.<\/p>\n\n\n\n<h2 class=\"wp-block-heading\" id=\"h-joao-guilherme-sugere-tecnico-ao-flamengo\">Jo\u00e3o Guilherme sugere t\u00e9cnico ao Flamengo<\/h2>\n\n\n\n<p>Narrador da Paramount, Jo\u00e3o Guilherme acredita que VP n\u00e3o durar\u00e1 muito tempo no Flamengo. Para o seu lugar, indica uma alternativa caseira. Na sua vis\u00e3o, uma alternativa imediata seria Filipe Lu\u00eds, lateral que j\u00e1 declarou que pretende futuramente desempenhar a fun\u00e7\u00e3o de t\u00e9cnico.<\/p>\n\n\n\n<p>\u201cEu sou contra esse neg\u00f3cio de ficar trocando de treinador toda hora. Caso o V\u00edtor Pereira seja mandado bora e eu acho o mais pr\u00f3v\u00e1vel, pois eu s\u00f3 vejo uma salva\u00e7\u00e3o para ele no clube. Se ele vencer o Carioca \u00e9 a \u00fanica possibilidade. Se isso n\u00e3o acontecer ele vai sair e o Flamengo pagar\u00e1 R$ 15 milh\u00f5es a ele. E a\u00ed quem assume?\u201d, questiona Jo\u00e3o Guilherme.<\/p>\n\n\n\n<p>\u201cEu n\u00e3o sei se ele pode, pois ele ainda \u00e9 um jogador. Acho que ainda n\u00e3o fez os cursos, mas se o VP cair e precise ali de uma situa\u00e7\u00e3o de emerg\u00eancia, o Filipe Lu\u00eds pode ser uma solu\u00e7\u00e3o. Ele n\u00e3o \u00e9 o cara que tem vontade de ser treinador? Pode come\u00e7ar sua carreira como t\u00e9cnico tamp\u00e3o do Flamengo. Jogadores adoram o Filipe Lu\u00eds. Coloca como t\u00e9cnico interino, se der certo continua. \u00c9 uma sugest\u00e3o que eu dou. Pode virar um Carpegiani\u201d, completa.<\/p>\n\n\n\n<p>Retirado de: Torcedores <\/p>\n","protected":false},"excerpt":{"rendered":"<p>Com uma forte rejei\u00e7\u00e3o da torcida da Flamengo, V\u00edtor Pereira corre riscos de ser demitido. Ainda que a dire\u00e7\u00e3o banque o trabalho do treinador, a press\u00e3o externa \u00e9 cada vez maior e o time n\u00e3o reage em campo. As derrotas para Vasco e Fluminense deixaram o flamenguista irritado. Sendo assim, um novo resultado negativo para [&hellip;]<\/p>\n","protected":false},"author":1,"featured_media":94483,"comment_status":"open","ping_status":"closed","sticky":false,"template":"","format":"standard","meta":{"footnotes":""},"categories":[1],"tags":[],"class_list":["post-95250","post","type-post","status-publish","format-standard","has-post-thumbnail","hentry","category-flamengo"],"yoast_head":"<!-- This site is optimized with the Yoast SEO Premium plugin v24.2 (Yoast SEO v26.9) - https:\/\/yoast.com\/product\/yoast-seo-premium-wordpress\/ -->\n<title>Torcedores do Flamengo reagem a poss\u00edvel substituto de V\u00edtor Pereira<\/title>\n<meta name=\"robots\" content=\"index, follow, max-snippet:-1, max-image-preview:large, max-video-preview:-1\" \/>\n<link rel=\"canonical\" href=\"https:\/\/www.gaveanews.com\/index.php\/2023\/03\/11\/torcedores-do-flamengo-reagem-a-possivel-substituto-de-vitor-pereira\/\" \/>\n<meta property=\"og:locale\" content=\"pt_BR\" \/>\n<meta property=\"og:type\" content=\"article\" \/>\n<meta property=\"og:title\" content=\"Torcedores do Flamengo reagem a poss\u00edvel substituto de V\u00edtor Pereira\" \/>\n<meta property=\"og:description\" content=\"Com uma forte rejei\u00e7\u00e3o da torcida da Flamengo, V\u00edtor Pereira corre riscos de ser demitido. Ainda que a dire\u00e7\u00e3o banque o trabalho do treinador, a press\u00e3o externa \u00e9 cada vez maior e o time n\u00e3o reage em campo. As derrotas para Vasco e Fluminense deixaram o flamenguista irritado. Sendo assim, um novo resultado negativo para [&hellip;]\" \/>\n<meta property=\"og:url\" content=\"https:\/\/www.gaveanews.com\/index.php\/2023\/03\/11\/torcedores-do-flamengo-reagem-a-possivel-substituto-de-vitor-pereira\/\" \/>\n<meta property=\"og:site_name\" content=\"G\u00e1vea News\" \/>\n<meta property=\"article:publisher\" content=\"https:\/\/facebook.com\/gaveaNews\/\" \/>\n<meta property=\"article:published_time\" content=\"2023-03-11T21:10:24+00:00\" \/>\n<meta property=\"article:modified_time\" content=\"2023-03-11T21:10:29+00:00\" \/>\n<meta property=\"og:image\" content=\"https:\/\/www.gaveanews.com\/wp-content\/uploads\/vitor-pereira-flamengo.webp\" \/>\n\t<meta property=\"og:image:width\" content=\"696\" \/>\n\t<meta property=\"og:image:height\" content=\"463\" \/>\n\t<meta property=\"og:image:type\" content=\"image\/webp\" \/>\n<meta name=\"author\" content=\"Equipe G\u00e1vea News\" \/>\n<meta name=\"twitter:card\" content=\"summary_large_image\" \/>\n<meta name=\"twitter:label1\" content=\"Escrito por\" \/>\n\t<meta name=\"twitter:data1\" content=\"Equipe G\u00e1vea News\" \/>\n\t<meta name=\"twitter:label2\" content=\"Est. tempo de leitura\" \/>\n\t<meta name=\"twitter:data2\" content=\"3 minutos\" \/>\n<script type=\"application\/ld+json\" class=\"yoast-schema-graph\">{\"@context\":\"https:\/\/schema.org\",\"@graph\":[{\"@type\":\"NewsArticle\",\"@id\":\"https:\/\/www.gaveanews.com\/index.php\/2023\/03\/11\/torcedores-do-flamengo-reagem-a-possivel-substituto-de-vitor-pereira\/#article\",\"isPartOf\":{\"@id\":\"https:\/\/www.gaveanews.com\/index.php\/2023\/03\/11\/torcedores-do-flamengo-reagem-a-possivel-substituto-de-vitor-pereira\/\"},\"author\":{\"name\":\"Equipe G\u00e1vea News\",\"@id\":\"https:\/\/www.gaveanews.com\/#\/schema\/person\/2ec14f73fb96be2caf28f91afb14749d\"},\"headline\":\"Torcedores do Flamengo reagem a poss\u00edvel substituto de V\u00edtor Pereira\",\"datePublished\":\"2023-03-11T21:10:24+00:00\",\"dateModified\":\"2023-03-11T21:10:29+00:00\",\"mainEntityOfPage\":{\"@id\":\"https:\/\/www.gaveanews.com\/index.php\/2023\/03\/11\/torcedores-do-flamengo-reagem-a-possivel-substituto-de-vitor-pereira\/\"},\"wordCount\":445,\"commentCount\":0,\"image\":{\"@id\":\"https:\/\/www.gaveanews.com\/index.php\/2023\/03\/11\/torcedores-do-flamengo-reagem-a-possivel-substituto-de-vitor-pereira\/#primaryimage\"},\"thumbnailUrl\":\"https:\/\/www.gaveanews.com\/wp-content\/uploads\/vitor-pereira-flamengo.webp\",\"articleSection\":[\"Flamengo\"],\"inLanguage\":\"pt-BR\",\"potentialAction\":[{\"@type\":\"CommentAction\",\"name\":\"Comment\",\"target\":[\"https:\/\/www.gaveanews.com\/index.php\/2023\/03\/11\/torcedores-do-flamengo-reagem-a-possivel-substituto-de-vitor-pereira\/#respond\"]}],\"copyrightYear\":\"2023\",\"copyrightHolder\":{\"@id\":\"https:\/\/www.gaveanews.com\/#organization\"}},{\"@type\":\"WebPage\",\"@id\":\"https:\/\/www.gaveanews.com\/index.php\/2023\/03\/11\/torcedores-do-flamengo-reagem-a-possivel-substituto-de-vitor-pereira\/\",\"url\":\"https:\/\/www.gaveanews.com\/index.php\/2023\/03\/11\/torcedores-do-flamengo-reagem-a-possivel-substituto-de-vitor-pereira\/\",\"name\":\"Torcedores do Flamengo reagem a poss\u00edvel substituto de V\u00edtor Pereira\",\"isPartOf\":{\"@id\":\"https:\/\/www.gaveanews.com\/#website\"},\"primaryImageOfPage\":{\"@id\":\"https:\/\/www.gaveanews.com\/index.php\/2023\/03\/11\/torcedores-do-flamengo-reagem-a-possivel-substituto-de-vitor-pereira\/#primaryimage\"},\"image\":{\"@id\":\"https:\/\/www.gaveanews.com\/index.php\/2023\/03\/11\/torcedores-do-flamengo-reagem-a-possivel-substituto-de-vitor-pereira\/#primaryimage\"},\"thumbnailUrl\":\"https:\/\/www.gaveanews.com\/wp-content\/uploads\/vitor-pereira-flamengo.webp\",\"datePublished\":\"2023-03-11T21:10:24+00:00\",\"dateModified\":\"2023-03-11T21:10:29+00:00\",\"author\":{\"@id\":\"https:\/\/www.gaveanews.com\/#\/schema\/person\/2ec14f73fb96be2caf28f91afb14749d\"},\"breadcrumb\":{\"@id\":\"https:\/\/www.gaveanews.com\/index.php\/2023\/03\/11\/torcedores-do-flamengo-reagem-a-possivel-substituto-de-vitor-pereira\/#breadcrumb\"},\"inLanguage\":\"pt-BR\",\"potentialAction\":[{\"@type\":\"ReadAction\",\"target\":[\"https:\/\/www.gaveanews.com\/index.php\/2023\/03\/11\/torcedores-do-flamengo-reagem-a-possivel-substituto-de-vitor-pereira\/\"]}]},{\"@type\":\"ImageObject\",\"inLanguage\":\"pt-BR\",\"@id\":\"https:\/\/www.gaveanews.com\/index.php\/2023\/03\/11\/torcedores-do-flamengo-reagem-a-possivel-substituto-de-vitor-pereira\/#primaryimage\",\"url\":\"https:\/\/www.gaveanews.com\/wp-content\/uploads\/vitor-pereira-flamengo.webp\",\"contentUrl\":\"https:\/\/www.gaveanews.com\/wp-content\/uploads\/vitor-pereira-flamengo.webp\",\"width\":696,\"height\":463,\"caption\":\"V\u00edtor Pereira comanda o Flamengo em treinamento (Foto: Marcelo Cortes\/Flamengo)\"},{\"@type\":\"BreadcrumbList\",\"@id\":\"https:\/\/www.gaveanews.com\/index.php\/2023\/03\/11\/torcedores-do-flamengo-reagem-a-possivel-substituto-de-vitor-pereira\/#breadcrumb\",\"itemListElement\":[{\"@type\":\"ListItem\",\"position\":1,\"name\":\"Home\",\"item\":\"https:\/\/www.gaveanews.com\/\"},{\"@type\":\"ListItem\",\"position\":2,\"name\":\"Torcedores do Flamengo reagem a poss\u00edvel substituto de V\u00edtor Pereira\"}]},{\"@type\":\"WebSite\",\"@id\":\"https:\/\/www.gaveanews.com\/#website\",\"url\":\"https:\/\/www.gaveanews.com\/\",\"name\":\"G\u00e1vea News\",\"description\":\"Veja todas as not\u00edcias sobre o Flamengo: Contrata\u00e7\u00f5es, categorias de base, resultados das partidas, tabela de classifica\u00e7\u00e3o, pr\u00f3ximos jogos!\",\"potentialAction\":[{\"@type\":\"SearchAction\",\"target\":{\"@type\":\"EntryPoint\",\"urlTemplate\":\"https:\/\/www.gaveanews.com\/?s={search_term_string}\"},\"query-input\":{\"@type\":\"PropertyValueSpecification\",\"valueRequired\":true,\"valueName\":\"search_term_string\"}}],\"inLanguage\":\"pt-BR\"},{\"@type\":\"Person\",\"@id\":\"https:\/\/www.gaveanews.com\/#\/schema\/person\/2ec14f73fb96be2caf28f91afb14749d\",\"name\":\"Equipe G\u00e1vea News\",\"image\":{\"@type\":\"ImageObject\",\"inLanguage\":\"pt-BR\",\"@id\":\"https:\/\/www.gaveanews.com\/#\/schema\/person\/image\/\",\"url\":\"https:\/\/secure.gravatar.com\/avatar\/1e1956f1facbffd3f8fa53a326721950116b3b9dc9bd44939c01180fd4a745a9?s=96&d=mm&r=g\",\"contentUrl\":\"https:\/\/secure.gravatar.com\/avatar\/1e1956f1facbffd3f8fa53a326721950116b3b9dc9bd44939c01180fd4a745a9?s=96&d=mm&r=g\",\"caption\":\"Equipe G\u00e1vea News\"}}]}<\/script>\n<!-- \/ Yoast SEO Premium plugin. -->","yoast_head_json":{"title":"Torcedores do Flamengo reagem a poss\u00edvel substituto de V\u00edtor Pereira","robots":{"index":"index","follow":"follow","max-snippet":"max-snippet:-1","max-image-preview":"max-image-preview:large","max-video-preview":"max-video-preview:-1"},"canonical":"https:\/\/www.gaveanews.com\/index.php\/2023\/03\/11\/torcedores-do-flamengo-reagem-a-possivel-substituto-de-vitor-pereira\/","og_locale":"pt_BR","og_type":"article","og_title":"Torcedores do Flamengo reagem a poss\u00edvel substituto de V\u00edtor Pereira","og_description":"Com uma forte rejei\u00e7\u00e3o da torcida da Flamengo, V\u00edtor Pereira corre riscos de ser demitido. Ainda que a dire\u00e7\u00e3o banque o trabalho do treinador, a press\u00e3o externa \u00e9 cada vez maior e o time n\u00e3o reage em campo. As derrotas para Vasco e Fluminense deixaram o flamenguista irritado. Sendo assim, um novo resultado negativo para [&hellip;]","og_url":"https:\/\/www.gaveanews.com\/index.php\/2023\/03\/11\/torcedores-do-flamengo-reagem-a-possivel-substituto-de-vitor-pereira\/","og_site_name":"G\u00e1vea News","article_publisher":"https:\/\/facebook.com\/gaveaNews\/","article_published_time":"2023-03-11T21:10:24+00:00","article_modified_time":"2023-03-11T21:10:29+00:00","og_image":[{"width":696,"height":463,"url":"https:\/\/www.gaveanews.com\/wp-content\/uploads\/vitor-pereira-flamengo.webp","type":"image\/webp"}],"author":"Equipe G\u00e1vea News","twitter_card":"summary_large_image","twitter_misc":{"Escrito por":"Equipe G\u00e1vea News","Est. tempo de leitura":"3 minutos"},"schema":{"@context":"https:\/\/schema.org","@graph":[{"@type":"NewsArticle","@id":"https:\/\/www.gaveanews.com\/index.php\/2023\/03\/11\/torcedores-do-flamengo-reagem-a-possivel-substituto-de-vitor-pereira\/#article","isPartOf":{"@id":"https:\/\/www.gaveanews.com\/index.php\/2023\/03\/11\/torcedores-do-flamengo-reagem-a-possivel-substituto-de-vitor-pereira\/"},"author":{"name":"Equipe G\u00e1vea News","@id":"https:\/\/www.gaveanews.com\/#\/schema\/person\/2ec14f73fb96be2caf28f91afb14749d"},"headline":"Torcedores do Flamengo reagem a poss\u00edvel substituto de V\u00edtor Pereira","datePublished":"2023-03-11T21:10:24+00:00","dateModified":"2023-03-11T21:10:29+00:00","mainEntityOfPage":{"@id":"https:\/\/www.gaveanews.com\/index.php\/2023\/03\/11\/torcedores-do-flamengo-reagem-a-possivel-substituto-de-vitor-pereira\/"},"wordCount":445,"commentCount":0,"image":{"@id":"https:\/\/www.gaveanews.com\/index.php\/2023\/03\/11\/torcedores-do-flamengo-reagem-a-possivel-substituto-de-vitor-pereira\/#primaryimage"},"thumbnailUrl":"https:\/\/www.gaveanews.com\/wp-content\/uploads\/vitor-pereira-flamengo.webp","articleSection":["Flamengo"],"inLanguage":"pt-BR","potentialAction":[{"@type":"CommentAction","name":"Comment","target":["https:\/\/www.gaveanews.com\/index.php\/2023\/03\/11\/torcedores-do-flamengo-reagem-a-possivel-substituto-de-vitor-pereira\/#respond"]}],"copyrightYear":"2023","copyrightHolder":{"@id":"https:\/\/www.gaveanews.com\/#organization"}},{"@type":"WebPage","@id":"https:\/\/www.gaveanews.com\/index.php\/2023\/03\/11\/torcedores-do-flamengo-reagem-a-possivel-substituto-de-vitor-pereira\/","url":"https:\/\/www.gaveanews.com\/index.php\/2023\/03\/11\/torcedores-do-flamengo-reagem-a-possivel-substituto-de-vitor-pereira\/","name":"Torcedores do Flamengo reagem a poss\u00edvel substituto de V\u00edtor Pereira","isPartOf":{"@id":"https:\/\/www.gaveanews.com\/#website"},"primaryImageOfPage":{"@id":"https:\/\/www.gaveanews.com\/index.php\/2023\/03\/11\/torcedores-do-flamengo-reagem-a-possivel-substituto-de-vitor-pereira\/#primaryimage"},"image":{"@id":"https:\/\/www.gaveanews.com\/index.php\/2023\/03\/11\/torcedores-do-flamengo-reagem-a-possivel-substituto-de-vitor-pereira\/#primaryimage"},"thumbnailUrl":"https:\/\/www.gaveanews.com\/wp-content\/uploads\/vitor-pereira-flamengo.webp","datePublished":"2023-03-11T21:10:24+00:00","dateModified":"2023-03-11T21:10:29+00:00","author":{"@id":"https:\/\/www.gaveanews.com\/#\/schema\/person\/2ec14f73fb96be2caf28f91afb14749d"},"breadcrumb":{"@id":"https:\/\/www.gaveanews.com\/index.php\/2023\/03\/11\/torcedores-do-flamengo-reagem-a-possivel-substituto-de-vitor-pereira\/#breadcrumb"},"inLanguage":"pt-BR","potentialAction":[{"@type":"ReadAction","target":["https:\/\/www.gaveanews.com\/index.php\/2023\/03\/11\/torcedores-do-flamengo-reagem-a-possivel-substituto-de-vitor-pereira\/"]}]},{"@type":"ImageObject","inLanguage":"pt-BR","@id":"https:\/\/www.gaveanews.com\/index.php\/2023\/03\/11\/torcedores-do-flamengo-reagem-a-possivel-substituto-de-vitor-pereira\/#primaryimage","url":"https:\/\/www.gaveanews.com\/wp-content\/uploads\/vitor-pereira-flamengo.webp","contentUrl":"https:\/\/www.gaveanews.com\/wp-content\/uploads\/vitor-pereira-flamengo.webp","width":696,"height":463,"caption":"V\u00edtor Pereira comanda o Flamengo em treinamento (Foto: Marcelo Cortes\/Flamengo)"},{"@type":"BreadcrumbList","@id":"https:\/\/www.gaveanews.com\/index.php\/2023\/03\/11\/torcedores-do-flamengo-reagem-a-possivel-substituto-de-vitor-pereira\/#breadcrumb","itemListElement":[{"@type":"ListItem","position":1,"name":"Home","item":"https:\/\/www.gaveanews.com\/"},{"@type":"ListItem","position":2,"name":"Torcedores do Flamengo reagem a poss\u00edvel substituto de V\u00edtor Pereira"}]},{"@type":"WebSite","@id":"https:\/\/www.gaveanews.com\/#website","url":"https:\/\/www.gaveanews.com\/","name":"G\u00e1vea News","description":"Veja todas as not\u00edcias sobre o Flamengo: Contrata\u00e7\u00f5es, categorias de base, resultados das partidas, tabela de classifica\u00e7\u00e3o, pr\u00f3ximos jogos!","potentialAction":[{"@type":"SearchAction","target":{"@type":"EntryPoint","urlTemplate":"https:\/\/www.gaveanews.com\/?s={search_term_string}"},"query-input":{"@type":"PropertyValueSpecification","valueRequired":true,"valueName":"search_term_string"}}],"inLanguage":"pt-BR"},{"@type":"Person","@id":"https:\/\/www.gaveanews.com\/#\/schema\/person\/2ec14f73fb96be2caf28f91afb14749d","name":"Equipe G\u00e1vea News","image":{"@type":"ImageObject","inLanguage":"pt-BR","@id":"https:\/\/www.gaveanews.com\/#\/schema\/person\/image\/","url":"https:\/\/secure.gravatar.com\/avatar\/1e1956f1facbffd3f8fa53a326721950116b3b9dc9bd44939c01180fd4a745a9?s=96&d=mm&r=g","contentUrl":"https:\/\/secure.gravatar.com\/avatar\/1e1956f1facbffd3f8fa53a326721950116b3b9dc9bd44939c01180fd4a745a9?s=96&d=mm&r=g","caption":"Equipe G\u00e1vea News"}}]}},"_links":{"self":[{"href":"https:\/\/www.gaveanews.com\/index.php\/wp-json\/wp\/v2\/posts\/95250","targetHints":{"allow":["GET"]}}],"collection":[{"href":"https:\/\/www.gaveanews.com\/index.php\/wp-json\/wp\/v2\/posts"}],"about":[{"href":"https:\/\/www.gaveanews.com\/index.php\/wp-json\/wp\/v2\/types\/post"}],"author":[{"embeddable":true,"href":"https:\/\/www.gaveanews.com\/index.php\/wp-json\/wp\/v2\/users\/1"}],"replies":[{"embeddable":true,"href":"https:\/\/www.gaveanews.com\/index.php\/wp-json\/wp\/v2\/comments?post=95250"}],"version-history":[{"count":0,"href":"https:\/\/www.gaveanews.com\/index.php\/wp-json\/wp\/v2\/posts\/95250\/revisions"}],"wp:featuredmedia":[{"embeddable":true,"href":"https:\/\/www.gaveanews.com\/index.php\/wp-json\/wp\/v2\/media\/94483"}],"wp:attachment":[{"href":"https:\/\/www.gaveanews.com\/index.php\/wp-json\/wp\/v2\/media?parent=95250"}],"wp:term":[{"taxonomy":"category","embeddable":true,"href":"https:\/\/www.gaveanews.com\/index.php\/wp-json\/wp\/v2\/categories?post=95250"},{"taxonomy":"post_tag","embeddable":true,"href":"https:\/\/www.gaveanews.com\/index.php\/wp-json\/wp\/v2\/tags?post=95250"}],"curies":[{"name":"wp","href":"https:\/\/api.w.org\/{rel}","templated":true}]}}